{"id":109496,"date":"2023-12-20T18:09:13","date_gmt":"2023-12-20T16:09:13","guid":{"rendered":"http:\/\/www.reunion68.se\/?p=109496"},"modified":"2023-12-20T15:21:36","modified_gmt":"2023-12-20T13:21:36","slug":"26-05-93","status":"publish","type":"post","link":"https:\/\/www.reunion68.se\/?p=109496","title":{"rendered":"Hamas tworzy now\u0105 grup\u0119 terrorystyczn\u0105, \u017ceby zniszczy\u0107 Liban"},"content":{"rendered":"<p style=\"text-align: center;\"><img decoding=\"async\" class=\"aligncenter\" src=\"https:\/\/www.gatestoneinstitute.org\/pics\/4863.jpg\" width=\"100%\" \/><span style=\"color: #808080;\"><em>Wielu Liba\u0144czyk\u00f3w obawia si\u0119, \u017ce palesty\u0144ska grupa terrorystyczna Hamas i jej patroni w Teheranie pr\u00f3buj\u0105 wci\u0105gn\u0105\u0107 Liban w wyniszczaj\u0105c\u0105 wojn\u0119 z Izraelem. Liba\u0144czycy widz\u0105, jak Hamas spowodowa\u0142 zniszczenia w\u015br\u00f3d Palesty\u0144czyk\u00f3w w Strefie Gazy w wyniku ich ataku na Izrael. Obawiaj\u0105 si\u0119 tych samych konsekwencji w Libanie. Na zdj\u0119ciu: k\u0142\u0119by dymu z miejsc w pobli\u017cu wioski Aita al-Shaab w Libanie, trafionej izraelskim nalotem w odwecie za salw\u0119 rakiet wystrzelonych przez Hezbollah w kierunku Izraela chwil\u0119 wcze\u015bniej, 8 grudnia 2023 r. (Zdj\u0119cie: Jalaa Marey\/AFP via Getty Images)<\/em><\/span><\/p>\n<hr \/>\n<h5 style=\"text-align: center;\"><a href=\"https:\/\/pl.gatestoneinstitute.org\/\" target=\"_blank\" rel=\"noopener noreferrer\"><img decoding=\"async\" class=\"center alignleft\" src=\"https:\/\/pl.gatestoneinstitute.org\/images\/gatestone-logo-1000.gif\" alt=\"\" width=\"50%\" \/><\/a><span style=\"text-decoration: underline; color: #000080;\"><span><strong><a style=\"color: #000080; text-decoration: underline;\" href=\"https:\/\/pl.gatestoneinstitute.org\/20233\/hamas-tworzy-grupe-terrorystyczna-liban\" target=\"_blank\" rel=\"noopener noreferrer\">Hamas tworzy now\u0105 grup\u0119 terrorystyczn\u0105, \u017ceby zniszczy\u0107 Liban<\/a><\/strong><\/span><\/span><\/h5>\n<p style=\"text-align: center;\"><span style=\"color: #000000;\"><strong> Khaled Abu Toameh<br \/>\n<\/strong><em><span style=\"color: #808080;\">T\u0142umaczenie:<\/span> <\/em><strong>Ma\u0142gorzata Koraszewska<\/strong><\/span><\/p>\n<hr style=\"height: 15px; background: #d0e6fa; width: 100%;\" \/>\n<p style=\"text-align: left;\"><span style=\"color: #000080;\">Czwartego grudnia wspierana przez Iran palesty\u0144ska grupa terrorystyczna Hamas\u00a0<a style=\"color: #000080;\" href=\"https:\/\/www.aljazeera.net\/news\/2023\/12\/4\/%D8%AD%D9%85%D8%A7%D8%B3-%D8%AA%D8%A4%D8%B3%D8%B3-%D8%B7%D9%84%D8%A7%D8%A6%D8%B9-%D8%B7%D9%88%D9%81%D8%A7%D9%86-%D8%A7%D9%84%D8%A3%D9%82%D8%B5%D9%89-%D9%81%D9%8A-%D9%84%D8%A8%D9%86%D8%A7%D9%86\" target=\"_blank\" rel=\"noopener noreferrer\">og\u0142osi\u0142a<\/a>\u00a0utworzenie nowej grupy terrorystycznej w Libanie, kt\u00f3rej celem jest &#8220;wyzwolenie Jerozolimy i meczetu Al-Aksa&#8221;. W ci\u0105gu ostatnich dw\u00f3ch miesi\u0119cy terrory\u015bci Hamasu w Libanie przeprowadzali ataki\u00a0<a style=\"color: #000080;\" href=\"https:\/\/www.aa.com.tr\/en\/middle-east\/hamas-armed-wing-in-lebanon-claims-responsibility-for-rocket-attacks-on-northern-israel\/3051961\" target=\"_blank\" rel=\"noopener noreferrer\">rakietowe<\/a>\u00a0na izraelskich \u017co\u0142nierzy i ludno\u015b\u0107 cywiln\u0105 w p\u00f3\u0142nocnym Izraelu.<\/span><\/p>\n<p style=\"text-align: left;\"><span style=\"color: #000080;\">Hamas\u00a0<a style=\"color: #000080;\" href=\"https:\/\/www.aljazeera.net\/news\/2023\/12\/4\/%D8%AD%D9%85%D8%A7%D8%B3-%D8%AA%D8%A4%D8%B3%D8%B3-%D8%B7%D9%84%D8%A7%D8%A6%D8%B9-%D8%B7%D9%88%D9%81%D8%A7%D9%86-%D8%A7%D9%84%D8%A3%D9%82%D8%B5%D9%89-%D9%81%D9%8A-%D9%84%D8%A8%D9%86%D8%A7%D9%86\" target=\"_blank\" rel=\"noopener noreferrer\">wezwa\u0142<\/a>\u00a0Palesty\u0144czyk\u00f3w mieszkaj\u0105cych w Libanie, by przy\u0142\u0105czyli si\u0119 do grupy &#8220;Awangarda potopu Al-Aksa&#8221;, kt\u00f3r\u0105 wybra\u0142 ze wzgl\u0119du na barbarzy\u0144sk\u0105 inwazj\u0119 na spo\u0142eczno\u015bci izraelskie w pobli\u017cu granicy ze Stref\u0105 Gazy 7 pa\u017adziernika, kiedy to dokona\u0142 masakry 1200 Izraelczyk\u00f3w i uprowadzi\u0142 240 innych do Strefy Gazy.<\/span><\/p>\n<p style=\"text-align: left;\"><span style=\"color: #000080;\">Kr\u00f3tko m\u00f3wi\u0105c, Hamas m\u00f3wi, \u017ce planuje podobn\u0105 inwazj\u0119 na Izrael, ale tym razem z Libanu.<\/span><\/p>\n<p style=\"text-align: left;\"><span style=\"color: #000080;\">O\u015bwiadczenie spotka\u0142o si\u0119 z ostr\u0105\u00a0<a style=\"color: #000080;\" href=\"https:\/\/www.nidaalwatan.com\/article\/231254-%D8%AC%D8%B9%D8%AC%D8%B9-%D8%A8%D9%8A%D8%A7%D9%86-%D8%AA%D8%B4%D9%83%D9%8A%D9%84-%D8%B7%D9%84%D8%A7%D8%A6%D8%B9-%D8%B7%D9%88%D9%81%D8%A7%D9%86-%D8%A7%D9%84%D8%A3%D9%82%D8%B5%D9%89-%D8%BA%D9%8A%D8%B1-%D9%85%D9%82%D8%A8%D9%88%D9%84-%D9%84%D8%A7-%D8%A8%D8%A7%D9%84%D8%B4%D9%83%D9%84-%D9%88%D9%84%D8%A7-%D8%A8%D8%A7%D9%84%D9%85%D8%B6%D9%85%D9%88%D9%86\" target=\"_blank\" rel=\"noopener noreferrer\">krytyk\u0105<\/a>\u00a0ze strony wielu Liba\u0144czyk\u00f3w, kt\u00f3rzy obawiaj\u0105 si\u0119, \u017ce palesty\u0144ska grupa terrorystyczna i jej patroni w Teheranie pr\u00f3buj\u0105 wci\u0105gn\u0105\u0107 Liban w wyniszczaj\u0105c\u0105 wojn\u0119 z Izraelem. Liba\u0144czycy widz\u0105, jak Hamas spowodowa\u0142 zniszczenia w\u015br\u00f3d Palesty\u0144czyk\u00f3w w Strefie Gazy w wyniku ich ataku na Izrael. Obawiaj\u0105 si\u0119 tych samych konsekwencji w Libanie.<\/span><\/p>\n<p style=\"text-align: left;\"><span style=\"color: #000080;\">&#8220;To o\u015bwiadczenie [Hamasu] jest nie do przyj\u0119cia ani pod wzgl\u0119dem formy, ani tre\u015bci \u2013 powiedzia\u0142 Samir Geagea, szef Partii Si\u0142 Liba\u0144skich. &#8211; To szkodzi suwerenno\u015bci Libanu i ponownie pr\u00f3buje zaszkodzi\u0107 stosunkom mi\u0119dzy Liba\u0144czykami i Palesty\u0144czykami&#8221;.<\/span><\/p>\n<p style=\"text-align: left;\"><span style=\"color: #000080;\">Geagea wskaza\u0142, \u017ce decyzja Hamasu o utworzeniu nowej grupy terrorystycznej w Libanie nie mog\u0142a zosta\u0107 podj\u0119ta bez zgody liba\u0144skiego pe\u0142nomocnika Iranu, Hezbollahu. &#8220;Powszechnie wiadomo, \u017ce Hamas i inne organizacje w Libanie podlegaj\u0105 dow\u00f3dztwu i decyzjom Hezbollahu \u2013 powiedzia\u0142. &#8211; Przeprowadzenie przez nich jakiejkolwiek akcji wojskowej bez wiedzy i zgody [Hezbollahu] jest prawie niemo\u017cliwe. Hamas nie ma mo\u017cliwo\u015bci wydania takiego o\u015bwiadczenia, gdyby nie faktyczny podpis pod nim Hezbollahu&#8221;.<\/span><\/p>\n<p style=\"text-align: left;\"><span style=\"color: #000080;\">Cz\u0142onek parlamentu liba\u0144skiego Aszraf Rifi, by\u0142y dyrektor generalny liba\u0144skich si\u0142 bezpiecze\u0144stwa wewn\u0119trznego, pot\u0119pi\u0142 decyzj\u0119 Hamasu jako &#8220;powa\u017cny b\u0142\u0105d&#8221; i wezwa\u0142 do jej cofni\u0119cia. &#8220;Liban nie jest aren\u0105 oporu [przeciwko Izraelowi] ani tym, kt\u00f3rzy zostali oszukani \u2013 ostrzeg\u0142 Rifi. &#8211; Odrzucamy to o\u015bwiadczenie. Moja rada [dla Hamasu]: &#8216;Nie zanurzaj si\u0119 w ruchomych piaskach Libanu, w przeciwnym razie straty b\u0119d\u0105 ogromne'&#8221;.<\/span><\/p>\n<p style=\"text-align: left;\"><span style=\"color: #000080;\">By\u0142y minister spraw zagranicznych Libanu Gibran Bassil, kt\u00f3ry jest tak\u017ce przewodnicz\u0105cym Wolnego Ruchu Patriotycznego, napisa\u0142: &#8220;Kategorycznie odrzucamy o\u015bwiadczenie ruchu Hamasu w Libanie. Uwa\u017camy r\u00f3wnie\u017c, \u017ce jakakolwiek akcja zbrojna z terytorium Libanu [przeciwko Izraelowi] jest atakiem na nasz\u0105 suwerenno\u015b\u0107 narodow\u0105&#8221;.<\/span><\/p>\n<p style=\"text-align: left;\"><span style=\"color: #000080;\">Liba\u0144ski biznesmen i polityk Fouad Machzoumi r\u00f3wnie\u017c odrzuci\u0142 o\u015bwiadczenie Hamasu: &#8220;Wzywam ruch Hamasu do zaprzestania snucia marnych plan\u00f3w. Pytam rz\u0105d [liba\u0144ski] o jego rol\u0119 w tym kontek\u015bcie i \u017c\u0105dam, by jego prezydent natychmiast podj\u0105\u0142 dzia\u0142ania i podj\u0105\u0142 niezb\u0119dne \u015brodki, poniewa\u017c ta sprawa szkodzi suwerenno\u015bci i bezpiecze\u0144stwu Libanu&#8221;.<\/span><\/p>\n<p style=\"text-align: left;\"><span style=\"color: #000080;\">Liba\u0144ski dziennikarz Tony Bouloss ostrzeg\u0142, \u017ce zamiarem Hamasu jest utworzenie w Libanie nowej grupy terrorystycznej, kt\u00f3ra mog\u0142aby pogr\u0105\u017cy\u0107 kraj w wojnie domowej i przekszta\u0142ci\u0107 go w &#8220;Ziemi\u0119 Hamasu&#8221;.<\/span><\/p>\n<p style=\"text-align: left;\"><span style=\"color: #000080;\">Bouloss wezwa\u0142 w\u0142adze liba\u0144skie do wydalenia przyw\u00f3dc\u00f3w Hamasu z Libanu &#8220;i ochrony narodu liba\u0144skiego przed sprowadzeniem izraelskiego zniszczenia na nasz kraj&#8221;. Doda\u0142: &#8220;Hezbollah chce zamieni\u0107 Liban w nowy Afganistan, przyci\u0105gaj\u0105c wszystkie organizacje terrorystyczne na \u015bwiecie, tak by Liban sta\u0142 si\u0119 alternatywn\u0105 ojczyzn\u0105 dla grup zb\u00f3jeckich&#8221;\u00a0<a style=\"color: #000080;\" href=\"blank\" target=\"_blank\" rel=\"noopener noreferrer\">.<\/a><\/span><\/p>\n<p style=\"text-align: left;\"><span style=\"color: #000080;\">To nie pierwszy raz, kiedy nar\u00f3d liba\u0144ski wyra\u017ca zaniepokojenie planami Iranu i jego pe\u0142nomocnik\u00f3w maj\u0105cymi na celu przekszta\u0142cenie Libanu w platform\u0119 startow\u0105 do ataku na Izrael. Przez dziesi\u0119ciolecia Hezbollah zgromadzi\u0142 oko\u0142o\u00a0<a style=\"color: #000080;\" href=\"https:\/\/www.haaretz.com\/israel-news\/security-aviation\/2023-10-23\/ty-article-magazine\/150-000-rockets-and-missiles-the-weapons-israel-would-encounter-in-a-war-with-hezbollah\/0000018b-573d-d2b2-addf-777df6210000\" target=\"_blank\" rel=\"noopener noreferrer\">150 tysi\u0119cy rakiet i pocisk\u00f3w<\/a>, wiele z nich precyzyjnie naprowadzanych, ukrytych w\u015br\u00f3d dom\u00f3w ludno\u015bci cywilnej wzd\u0142u\u017c licz\u0105cej 120 km granicy z Izraelem.<\/span><\/p>\n<p style=\"text-align: left;\"><span style=\"color: #000080;\">Sonda\u017c przeprowadzony w Libanie w dniach 13\u201317 pa\u017adziernika wykaza\u0142, \u017ce 73% Liba\u0144czyk\u00f3w sprzeciwia si\u0119 przyst\u0105pieniu Libanu do trwaj\u0105cej wojny mi\u0119dzy Izraelem a Hamasem<a style=\"color: #000080;\" href=\"blank\" target=\"_blank\" rel=\"noopener noreferrer\">.<\/a><\/span><\/p>\n<p style=\"text-align: left;\"><span style=\"color: #000080;\">Od czasu inwazji Hamasu na Izrael 7 pa\u017adziernika wielu Liba\u0144czyk\u00f3w apeluje do Hezbollahu, aby nie anga\u017cowa\u0142 Libanu w walki w obawie, \u017ce Izrael zniszczy ich kraj. &#8220;Ludzie s\u0105 wyczerpani \u2013 nie mog\u0105 ju\u017c wiele znie\u015b\u0107&#8221; \u2013 powiedzia\u0142 Politico Ramad Boukallil, liba\u0144ski biznesmen. &#8220;Liban si\u0119 chwieje \u2013 mieli\u015bmy cztery trudne lata z kryzysem gospodarczym, ludzie rezygnuj\u0105 z posi\u0142k\u00f3w i ledwo mog\u0105 przetrwa\u0107. Bo\u017ce, prosz\u0119, by nie dotkn\u0119\u0142a nas kolejna wojna&#8221;.<\/span><\/p>\n<p style=\"text-align: left;\"><span style=\"color: #000080;\">Warto zauwa\u017cy\u0107, \u017ce w ostatnich latach kilku wysokich rang\u0105 przyw\u00f3dc\u00f3w Hamasu, w tym Saleh al-Arouri, przenios\u0142o si\u0119 do Libanu. Al-Arouri i jego przyjaciele odpowiadaj\u0105 za koordynacj\u0119 dzia\u0142a\u0144 Hamasu i Hezbollahu. Wed\u0142ug niekt\u00f3rych doniesie\u0144 Hezbollah zezwoli\u0142 niedawno na rozmieszczenie 400 Palesty\u0144czyk\u00f3w powi\u0105zanych z Hamasem wzd\u0142u\u017c granicy z Izraelem. Koordynacja pomi\u0119dzy obiema grupami terrorystycznymi odbywa si\u0119 pod bezpo\u015brednim nadzorem ich pan\u00f3w w Iranie, kt\u00f3rego przyw\u00f3dcy chc\u0105 zniszczy\u0107 Izrael i uwa\u017caj\u0105 USA za &#8220;Wielkiego Szatana&#8221;.<\/span><\/p>\n<p style=\"text-align: left;\"><span style=\"color: #000080;\">Liba\u0144ski sprzeciw wobec pr\u00f3b Hamasu i Hezbollahu wci\u0105gni\u0119cia Libanu w katastrofaln\u0105 wojn\u0119 z Izraelem przypomina, \u017ce na Bliskim Wschodzie s\u0105 Arabowie, kt\u00f3rzy obawiaj\u0105 si\u0119 zamiar\u00f3w Iranu wykorzystania ich jako mi\u0119sa armatniego w D\u017cihadzie (\u015bwi\u0119tej wojnie) przeciwko Izraelowi. Ten sprzeciw jest tak\u017ce sygna\u0142em, \u017ce rosn\u0105ca liczba Arab\u00f3w (w tym Palesty\u0144czyk\u00f3w) jest ca\u0142kowicie przeciwna anga\u017cowaniu si\u0119 w wojn\u0119 z Izraelem.<\/span><\/p>\n<p style=\"text-align: left;\"><span style=\"color: #000080;\">Liba\u0144czycy i Arabowie m\u00f3wi\u0105, \u017ce nie pozwol\u0105 Hamasowi i reszcie Palesty\u0144czyk\u00f3w wci\u0105gn\u0105\u0107 ich w wojn\u0119 z Izraelem. To od\u015bwie\u017caj\u0105ce podej\u015bcie jest w du\u017cej mierze powodem, dla kt\u00f3rego pa\u0144stwa arabskie na og\u00f3\u0142 powstrzyma\u0142y si\u0119 przed przy\u0142\u0105czeniem do prowadzonej przez Iran wojny z Izraelem. Kiedy Hamas zostanie odsuni\u0119ty od w\u0142adzy, a jego zdolno\u015bci militarne zniszczone, prawdopodobnie zobaczymy wi\u0119cej Arab\u00f3w wyst\u0119puj\u0105cych przeciwko Iranowi i jego pe\u0142nomocnikom.<\/span><\/p>\n<p style=\"text-align: left;\"><span style=\"color: #000080;\">Ostatecznie wojna, kt\u00f3r\u0105 Izrael prowadzi obecnie przeciwko Hamasowi, os\u0142abi dowodzon\u0105 przez Iran o\u015b z\u0142a na Bliskim Wschodzie; o\u015bmieli Arab\u00f3w do wypowiadania si\u0119 przeciwko Hamasowi, Hezbollahowi i innym grupom terrorystycznym i wreszcie ogromnie poprawi \u017cycie wszystkich Arab\u00f3w i Palesty\u0144czyk\u00f3w w regionie przez prac\u0119 na rzecz pokoju z Izraelem.<\/span><\/p>\n<hr style=\"height: 15px; background: #d0e6fa; width: 100%;\" \/>\n<div id=\"content\" class=\"content-alignment\">\n<div id=\"watch-description\" class=\"yt-uix-button-panel\">\n<div id=\"watch-description-text\" style=\"text-align: center;\">\n<p><em>Zawarto\u015b\u0107 publikowanych artyku\u0142\u00f3w i materia\u0142\u00f3w nie reprezentuje pogl\u0105d\u00f3w ani opinii Reunion&#8217;68,<\/em><em><br \/>\nani te\u017c webmastera Blogu Reunion&#8217;68, chyba ze jest to wyra\u017anie zaznaczone.<br \/>\nTwoje uwagi, linki, w\u0142asne artyku\u0142y lub wiadomo\u015bci prze\u015blij na adres:<br \/>\n<\/em><span style=\"color: #000080;\"><strong><em><a style=\"color: #000080;\" href=\"mailto:webmaster@reunion68.com\"><span style=\"text-decoration: underline;\">webmaster@reunion68.com<\/span><\/a><\/em><\/strong><\/span><\/p>\n<\/div>\n<\/div>\n<\/div>\n<hr style=\"width: 100%;\" \/>\n","protected":false},"excerpt":{"rendered":"<p>Wielu Liba\u0144czyk\u00f3w obawia si\u0119, \u017ce palesty\u0144ska grupa terrorystyczna Hamas i jej patroni w Teheranie pr\u00f3buj\u0105 wci\u0105gn\u0105\u0107 Liban w wyniszczaj\u0105c\u0105 wojn\u0119 z Izraelem. Liba\u0144czycy widz\u0105, jak Hamas spowodowa\u0142 zniszczenia w\u015br\u00f3d Palesty\u0144czyk\u00f3w w Strefie Gazy w wyniku ich ataku na Izrael. Obawiaj\u0105 si\u0119 tych samych konsekwencji w Libanie. Na zdj\u0119ciu: k\u0142\u0119by dymu z miejsc w pobli\u017cu wioski [&hellip;]<\/p>\n","protected":false},"author":1,"featured_media":0,"comment_status":"closed","ping_status":"closed","sticky":false,"template":"","format":"standard","meta":[],"categories":[6],"tags":[26,24],"_links":{"self":[{"href":"https:\/\/www.reunion68.se\/index.php?rest_route=\/wp\/v2\/posts\/109496"}],"collection":[{"href":"https:\/\/www.reunion68.se\/index.php?rest_route=\/wp\/v2\/posts"}],"about":[{"href":"https:\/\/www.reunion68.se\/index.php?rest_route=\/wp\/v2\/types\/post"}],"author":[{"embeddable":true,"href":"https:\/\/www.reunion68.se\/index.php?rest_route=\/wp\/v2\/users\/1"}],"replies":[{"embeddable":true,"href":"https:\/\/www.reunion68.se\/index.php?rest_route=%2Fwp%2Fv2%2Fcomments&post=109496"}],"version-history":[{"count":4,"href":"https:\/\/www.reunion68.se\/index.php?rest_route=\/wp\/v2\/posts\/109496\/revisions"}],"predecessor-version":[{"id":109509,"href":"https:\/\/www.reunion68.se\/index.php?rest_route=\/wp\/v2\/posts\/109496\/revisions\/109509"}],"wp:attachment":[{"href":"https:\/\/www.reunion68.se\/index.php?rest_route=%2Fwp%2Fv2%2Fmedia&parent=109496"}],"wp:term":[{"taxonomy":"category","embeddable":true,"href":"https:\/\/www.reunion68.se\/index.php?rest_route=%2Fwp%2Fv2%2Fcategories&post=109496"},{"taxonomy":"post_tag","embeddable":true,"href":"https:\/\/www.reunion68.se\/index.php?rest_route=%2Fwp%2Fv2%2Ftags&post=109496"}],"curies":[{"name":"wp","href":"https:\/\/api.w.org\/{rel}","templated":true}]}}