{"id":109621,"date":"2023-12-26T18:09:21","date_gmt":"2023-12-26T16:09:21","guid":{"rendered":"http:\/\/www.reunion68.se\/?p=109621"},"modified":"2023-12-26T14:20:23","modified_gmt":"2023-12-26T12:20:23","slug":"02-09-90","status":"publish","type":"post","link":"https:\/\/www.reunion68.se\/?p=109621","title":{"rendered":"Kr\u00f3tka historia d\u0142ugiej odpowiedzialno\u015bci zbiorowej"},"content":{"rendered":"<p><img decoding=\"async\" src=\"https:\/\/pbs.twimg.com\/media\/F8jz2HhWgAA-czr?format=jpg&amp;name=small\"><\/p>\n<hr>\n<h5 style=\"text-align: center;\"><a href=\"https:\/\/studioopinii.pl\/\" target=\"_blank\" rel=\"noopener noreferrer\"><img decoding=\"async\" class=\"center alignleft\" src=\"http:\/\/www.reunion68.com\/Biuletyn\/img\/studio-op.png\" alt=\"\" width=\"35%\"><\/a><span style=\"text-decoration: underline; color: #000080;\"><strong><a style=\"color: #000080; text-decoration: underline;\" href=\"https:\/\/studioopinii.pl\/archiwa\/239345\" target=\"_blank\" rel=\"noopener noreferrer\">Kr\u00f3tka historia d\u0142ugiej odpowiedzialno\u015bci zbiorowej<\/a><\/strong><\/span><\/h5>\n<p style=\"text-align: center;\"><span style=\"color: #000000;\"><strong>Andrzej Koraszewski<\/strong><\/span><\/p>\n<hr style=\"height: 15px; background: #d0e6fa; width: 100%;\">\n<p style=\"text-align: left;\"><span style=\"color: #000080;\">Siedmiodniowa przerwa w&nbsp;walkach armii izraelskiej z&nbsp;Hamasem w&nbsp;Gazie zako\u0144czy\u0142a si\u0119 w&nbsp;pi\u0105tek (pierwszego grudnia) o&nbsp;\u015bwicie, kiedy z&nbsp;Gazy wystrzelono salw\u0119 rakiet na&nbsp;Izrael. Poprzedniego dnia ameryka\u0144ski Sekretarz Stanu poinformowa\u0142 w\u0142adze w&nbsp;Jerozolimie, \u017ce&nbsp;musz\u0105 rozprawi\u0107 si\u0119 z&nbsp;tym Hamasem szybko, poniewa\u017c przed\u0142u\u017caj\u0105ca si\u0119 wojna Izraela z&nbsp;t\u0105&nbsp;ludob\u00f3jcz\u0105 organizacj\u0105 szkodzi kampanii prezydenckiej w&nbsp;Ameryce. (Nie&nbsp;ca\u0142kiem tak&nbsp;to&nbsp;sformu\u0142owa\u0142, ale&nbsp;wymowa by\u0142a jednoznaczna.) Antony Blinken, uzupe\u0142ni\u0142 swoje \u017c\u0105dnie dodatkowymi warunkami. Szybka rozprawa z&nbsp;Hamasem nie&nbsp;mo\u017ce poci\u0105ga\u0107 za&nbsp;sob\u0105 zwi\u0119kszonej ilo\u015bci ofiar cywilnych, nie&nbsp;mo\u017ce ogranicza\u0107 pomocy humanitarnej dla Gazy, ani prowadzi\u0107 do&nbsp;\u201ewysiedle\u0144\u201d, ponadto Izrael musi ju\u017c teraz powiedzie\u0107, co&nbsp;planuje po&nbsp;zako\u0144czeniu wojny.<\/span><\/p>\n<p style=\"text-align: left;\"><span style=\"color: #000080;\">Blinken raz jeszcze da\u0142 do&nbsp;zrozumienia, \u017ce&nbsp;Ameryka oczekuje, \u017ce&nbsp;po&nbsp;likwidacji Hamasu Izrael przeka\u017ce w\u0142adz\u0119 nad&nbsp;Gaz\u0105 Autonomii Palesty\u0144skiej.<\/span><\/p>\n<p style=\"text-align: left;\"><span style=\"color: #000080;\">Jest wiele powod\u00f3w dla kt\u00f3rych&nbsp;Jerozolima musi cierpliwie s\u0142ucha\u0107 oratorskich popis\u00f3w ameryka\u0144skich polityk\u00f3w, jednak ta&nbsp; ostatnia propozycja wyczerpa\u0142a zdolno\u015b\u0107 izraelskiego premiera do&nbsp;reagowania pob\u0142a\u017cliwymi u\u015bmiechami i&nbsp;odpowiedzia\u0142 stanowczo, \u017ce&nbsp;jak d\u0142ugo on&nbsp;siedzi na&nbsp;krze\u015ble premiera, Autonomia Palesty\u0144ska, kt\u00f3ra&nbsp;pod\u017cega do&nbsp;terroru, wychowuje m\u0142odzie\u017c do&nbsp;terroru i&nbsp;finansuje terror, nie&nbsp;zacznie rz\u0105dzi\u0107 Gaz\u0105 w&nbsp;dzie\u0144 po&nbsp;obaleniu Hamasu.<\/span><\/p>\n<p style=\"text-align: left;\"><span style=\"color: #000080;\">Sekretarz Stanu nie&nbsp;wspomnia\u0142, \u017ce&nbsp;doskonale wie, co&nbsp;planuje Hamas i&nbsp;jego mocodawcy w&nbsp;Teheranie. Prawdopodobnie wiedzia\u0142, \u017ce&nbsp;dzie\u0144 wcze\u015bniej przyw\u00f3dca Hamasu w&nbsp;Gazie Jahja Sinwar, powiedzia\u0142, \u017ce&nbsp;7 pa\u017adziernika by\u0142 tylko&nbsp;pr\u00f3b\u0105 generaln\u0105. Blinken stwierdzi\u0142 jednak, \u017ce&nbsp;armia izraelska jest tak&nbsp;wspania\u0142a, \u017ce&nbsp;mo\u017ce dostosowa\u0107 si\u0119 do&nbsp;wszystkich \u017c\u0105da\u0144. (Tego rodzaju \u017c\u0105dania w&nbsp;stosunku do&nbsp;armii ameryka\u0144skiej by\u0142yby zdecydowanie zbyt wyg\u00f3rowane.)<\/span><\/p>\n<p style=\"text-align: left;\"><span style=\"color: #000080;\">Ameryka\u0144ski Sekretarz Stanu uda\u0142 si\u0119 tego samego dnia do&nbsp;Ramallah, gdzie spotka\u0142 si\u0119 z&nbsp;Mahmoudem Abbasem, kt\u00f3ry&nbsp;przekaza\u0142 mu&nbsp;\u201eobszerne akta dokumentuj\u0105ce izraelskie zbrodnie w&nbsp;Gazie i&nbsp;na&nbsp;Zachodnim Brzegu\u201d, za\u015b Blinken pot\u0119pi\u0142 przemoc ze&nbsp;strony \u201eosadnik\u00f3w\u201d i&nbsp;nie&nbsp;wspominaj\u0105c, \u017ce&nbsp;co\u015b wie o&nbsp;wzro\u015bcie terroru ze&nbsp;strony mieszka\u0144c\u00f3w Autonomii, ani o&nbsp;tym, \u017ce&nbsp;zna wypowiedzi najbli\u017cszych wsp\u00f3\u0142pracownik\u00f3w Abbasa, i\u017c&nbsp;Hamas jest niezbywaln\u0105 cz\u0119\u015bci\u0105 palesty\u0144skiego spo\u0142ecze\u0144stwa. Blinken zapewni\u0142 palesty\u0144skiego dyktatora, \u017ce&nbsp;Stany Zjednoczone b\u0119d\u0105 nalega\u0107 na&nbsp;poci\u0105gni\u0119cie do&nbsp;odpowiedzialno\u015bci os\u00f3b, kt\u00f3re dopu\u015bci\u0142y si\u0119 przemocy wobec Palesty\u0144czyk\u00f3w, Abbas domaga\u0142 si\u0119 natychmiastowego i&nbsp;trwa\u0142ego zawieszenia broni w&nbsp;Gazie oraz&nbsp;zmasowanej pomocy humanitarnej Zachodu dla Hamasu.&nbsp;&nbsp; &nbsp;&nbsp;&nbsp;&nbsp;<\/span><\/p>\n<p style=\"text-align: left;\"><span style=\"color: #000080;\">Zm\u0119czony trudami tego dnia Sekretarz Blinken odlecia\u0142 za&nbsp;ocean, a&nbsp;terrory\u015bci Hamasu przygotowali swoje rakiety.&nbsp;&nbsp; &nbsp;<\/span><\/p>\n<p style=\"text-align: left;\"><span style=\"color: #000080;\">Dalszy rozw\u00f3j sytuacji jest nieprzewidywalny, ale&nbsp;stosunek \u015bwiata do&nbsp;tego konfliktu b\u0119dzie z&nbsp;pewno\u015bci\u0105 mia\u0142 wp\u0142yw na&nbsp;jego ostateczny wynik.<\/span><\/p>\n<p style=\"text-align: left;\"><span style=\"color: #000080;\">29 listopada w&nbsp;ONZ uroczy\u015bcie obchodzono Mi\u0119dzynarodowy Dzie\u0144 Solidarno\u015bci z&nbsp;Palesty\u0144skim Narodem, za\u015b Sekretarz Generalny tej&nbsp;organizacji Ant\u00f3nio Manuel de&nbsp;Oliveira Guterres o\u015bwiadczy\u0142, \u017ce&nbsp;ONZ b\u0119dzie niez\u0142omnie popiera\u0107 palesty\u0144ski nar\u00f3d na&nbsp;jego drodze do&nbsp;pokoju, bezpiecze\u0144stwa, sprawiedliwo\u015bci i&nbsp;godno\u015bci.<\/span><\/p>\n<p style=\"text-align: left;\"><span style=\"color: #000080;\">Celebrowanie tego \u015bwi\u0119ta Sekretarz Generalny zacz\u0105\u0142 ju\u017c dzie\u0144 wcze\u015bniej i&nbsp;podczas skromniejszej uroczysto\u015bci powiedzia\u0142, \u017ce&nbsp;\u201ePalesty\u0144czycy przechodz\u0105 przez&nbsp;jeden z&nbsp;najmroczniejszych rozdzia\u0142\u00f3w swojej historii\u201d. Oczywi\u015bcie nikt z&nbsp;obecnych nie&nbsp;mia\u0142 najmniejszych w\u0105tpliwo\u015bci, co&nbsp;Sekretarz mia\u0142 na&nbsp;my\u015bli, wszyscy wiedzieli, \u017ce&nbsp;nie&nbsp;chodzi\u0142o mu&nbsp;o&nbsp;wywo\u0142anie wojny przez&nbsp;Hamas, ani o&nbsp;gn\u0119bienie palesty\u0144skiego narodu przez&nbsp;mordercz\u0105 dyktatur\u0119, ani o&nbsp;wychowywanie m\u0142odego pokolenia na&nbsp;sadystycznych morderc\u00f3w, ani o&nbsp;okradanie swojego spo\u0142ecze\u0144stwa, ani o&nbsp;wykorzystywanie swojej ludno\u015bci cywilnej jako tarczy przeciw armii, kt\u00f3rej&nbsp;Hamas wypowiedzia\u0142 wojn\u0119.<\/span><\/p>\n<p style=\"text-align: left;\"><span style=\"color: #000080;\">Wcze\u015bniej Ant\u00f3nio Guterres wielokrotnie&nbsp;<a class=\"extlink https\" style=\"color: #000080;\" href=\"https:\/\/twitter.com\/antonioguterres\/status\/1717024432655323258\">podkre\u015bla\u0142<\/a>, \u017ce&nbsp;by\u0107 mo\u017ce atak Hamasu 7 pa\u017adziernika wymaga jakiego\u015b pot\u0119pienia, ale&nbsp;nic nie&nbsp;usprawiedliwia zbiorowej kary skierowanej przeciwko palesty\u0144skiemu narodowi. &nbsp;&nbsp;&nbsp;<\/span><\/p>\n<p style=\"text-align: left;\"><span style=\"color: #000080;\">W&nbsp;Polsce poj\u0119cie odpowiedzialno\u015bci zborowej mo\u017ce si\u0119 kojarzy\u0107 z&nbsp;niemieck\u0105 okupacj\u0105, \u0142apankami i&nbsp;rozstrzeliwaniem przypadkowych ludzi na&nbsp;ulicach, z&nbsp;mordowaniem i&nbsp;paleniem ca\u0142ych wsi za&nbsp;pomoc partyzantom, z&nbsp;mordowaniem warszawskiej ludno\u015bci w&nbsp;reakcji na&nbsp;powstanie. (Pewnie tylko&nbsp;bardzo nielicznym kojarzy si\u0119 r\u00f3wnie\u017c z&nbsp;Zag\u0142ad\u0105 \u017byd\u00f3w.)<\/span><\/p>\n<p style=\"text-align: left;\"><span style=\"color: #000080;\">Obecny Sekretarz Generalny ONZ urodzi\u0142 si\u0119 w&nbsp;kwietniu 1949 roku w&nbsp;Portugalii. Na&nbsp;chrzcie \u015bwi\u0119tym otrzyma\u0142 imiona Ant\u00f3nio Manuel de&nbsp;Oliveira, co&nbsp;mo\u017ce si\u0119 kojarzy\u0107 z&nbsp;rz\u0105dz\u0105cym w\u00f3wczas Portugali\u0105 Ant\u00f3nio de&nbsp;Oliveira Salazarem. Salazar podczas wojny wybra\u0142 neutralno\u015b\u0107, wi\u0119c&nbsp;przetrwa\u0142 upadek nazizmu, udzieli\u0142 schronienia wielu zbrodniarzom wojennym, przy\u0142\u0105czy\u0142 Portugali\u0119 do&nbsp;NATO i&nbsp;rz\u0105dzi\u0142 do&nbsp;1968 roku. (Salazar by\u0142 zwolennikiem konserwatywnego modelu spo\u0142ecznego, opartego na&nbsp;katolickiej nauce spo\u0142ecznej. Odrzuca\u0142 liberaln\u0105 demokracj\u0119 parlamentarn\u0105 jako ustr\u00f3j demoralizuj\u0105cy oraz&nbsp;os\u0142abiaj\u0105cy pa\u0144stwo i&nbsp;nar\u00f3d.)<\/span><\/p>\n<p style=\"text-align: left;\"><span style=\"color: #000080;\">Po&nbsp;kim jednak ma\u0142y Guterrres m\u00f3g\u0142 dosta\u0107 imi\u0119 Manuela? Czy\u017cby na&nbsp;pami\u0105tk\u0119 kr\u00f3la Manuela I, kt\u00f3ry&nbsp;5 grudnia&nbsp; 1496 roku wyda\u0142 dekret o&nbsp;wydaleniu z&nbsp;Portugalii w&nbsp;ci\u0105gu jednego roku \u017byd\u00f3w i&nbsp;muzu\u0142man\u00f3w? W&nbsp;kolejnym dekrecie w&nbsp;1497 kr\u00f3l Manuel I&nbsp;oznajmi\u0142, \u017ce&nbsp;\u017bydzi nie&nbsp;mog\u0105 wyjecha\u0107, \u017ce&nbsp;maj\u0105 by\u0107&nbsp; przymusowo nawr\u00f3ceni na&nbsp;katolicyzm. W&nbsp;Lizbonie zamordowano dwa tysi\u0105ce \u017byd\u00f3w, w&nbsp;innych miastach by\u0142y r\u00f3wnie\u017c masowe mordy. Po&nbsp;pogromie w&nbsp;Lizbonie pozwolono nawr\u00f3conym \u017bydom wyjecha\u0107, za\u015b ci, kt\u00f3rzy&nbsp;zdecydowali si\u0119 na&nbsp;pozostanie, byli p\u00f3\u017aniej \u015bcigani i&nbsp;mordowani w&nbsp;majestacie prawa przez&nbsp;Inkwizycj\u0119 pod&nbsp;zarzutem, \u017ce&nbsp;s\u0105&nbsp;fa\u0142szywymi chrze\u015bcijanami.<\/span><\/p>\n<p style=\"text-align: left;\"><span style=\"color: #000080;\">Portugalczycy nigdy nie&nbsp;wybaczyli \u017bydom tego, co&nbsp;im&nbsp;zrobili w&nbsp;XV i&nbsp;w&nbsp;XVI wieku. Jednak w&nbsp;XIX wieku pozwolono \u017bydom ponownie osiedla\u0107 si\u0119 w&nbsp;Portugalii, a&nbsp;podczas drugiej wojny \u015bwiatowej kilkadziesi\u0105t tysi\u0119cy europejskich \u017byd\u00f3w uratowa\u0142o si\u0119 dzi\u0119ki portugalskim wizom, kt\u00f3re pozwala\u0142y uciec za&nbsp;ocean (a&nbsp;kt\u00f3re cichcem wydawa\u0142y niekt\u00f3re konsulaty). Bez&nbsp;w\u0105tpienia Portugalia by\u0142a podczas wojny mniej antysemicka ni\u017c Hiszpania (ale&nbsp;otwarty antysemityzm nikomu nie&nbsp;przeszkadza\u0142, za\u015b \u017cyczliwo\u015b\u0107 wymaga\u0142a dyskrecji, bo&nbsp;nie&nbsp;lubi\u0142y jej ani w\u0142adze, ani s\u0105siedzi).&nbsp;&nbsp;&nbsp;&nbsp;&nbsp;&nbsp;&nbsp; &nbsp;<\/span><\/p>\n<p style=\"text-align: left;\"><span style=\"color: #000080;\">W&nbsp;portugalskiej \u015bwiadomo\u015bci spo\u0142ecznej imi\u0119 Manuela I&nbsp;nie&nbsp;musi si\u0119 kojarzy\u0107 z&nbsp;prze\u015bladowaniami \u017byd\u00f3w. Ten w\u0142adca kojarzy si\u0119 g\u0142\u00f3wnie z&nbsp;zamorskimi podbojami i&nbsp;okresem najwi\u0119kszej \u015bwietno\u015bci Portugalii. Nadawanie imienia Manuel nie&nbsp;musi si\u0119 kojarzy\u0107 z&nbsp;odpowiedzialno\u015bci\u0105 zbiorow\u0105. Natomiast prze\u015bladowania \u017byd\u00f3w powinny. Zbiorowo ukarano \u017cydowski nar\u00f3d za&nbsp;op\u00f3r przeciw rzymskim naje\u017ad\u017acom. Jezus by\u0142 rzeczywi\u015bcie, albo&nbsp;jest tylko&nbsp;legend\u0105, ale&nbsp;w&nbsp;tej&nbsp;legendzie ukrzy\u017cowali go&nbsp;Rzymianie, jednak przez&nbsp;stulecia \u017bydzi s\u0105&nbsp;prze\u015bladowani za&nbsp;rzekome bogob\u00f3jstwo. Muzu\u0142manie nie&nbsp;wierz\u0105 w&nbsp;bosko\u015b\u0107 Jezusa, wi\u0119c&nbsp;oskar\u017caj\u0105 \u017byd\u00f3w o&nbsp;\u201emordowanie prorok\u00f3w\u201d. (Pojawiaj\u0105ce si\u0119 trzykrotnie w&nbsp;Koranie stwierdzenie, \u017ce&nbsp;\u017bydzi pochodz\u0105 od&nbsp;ma\u0142p i&nbsp;\u015bwi\u0144, kt\u00f3re przywo\u0142ywane jest cz\u0119sto we&nbsp;wsp\u00f3\u0142czesnych kazaniach, nie&nbsp;\u015bwiadczy o&nbsp;tym, \u017ce&nbsp;muzu\u0142manie wyprzedzili o&nbsp;ponad tysi\u0105c lat Darwina, ale&nbsp;jest informacj\u0105 o&nbsp;karze zbiorowej za&nbsp;naruszenie s\u0142owa bo\u017cego i&nbsp;zach\u0119t\u0105 do&nbsp;dalszego zbiorowego karania.)<\/span><\/p>\n<p style=\"text-align: left;\"><span style=\"color: #000080;\">Ant\u00f3nio Manuel de&nbsp;Oliveira nigdy by&nbsp;nawet nie&nbsp;pomy\u015bla\u0142, \u017ce&nbsp;obcinanie g\u0142\u00f3w niemowl\u0119tom mo\u017ce by\u0107 form\u0105 kary zbiorowej w&nbsp;duchu tradycji chrze\u015bcija\u0144skiej i&nbsp;muzu\u0142ma\u0144skiej, zgodn\u0105 z&nbsp;tradycj\u0105 jego kraju i&nbsp;niezgodn\u0105 z&nbsp;Kart\u0105 organizacji, w&nbsp;kt\u00f3rej&nbsp;piastuje najwy\u017csz\u0105 funkcj\u0119. &nbsp;&nbsp;<\/span><\/p>\n<p style=\"text-align: left;\"><span style=\"color: #000080;\">Idea kary zbiorowej w&nbsp;\u015bwiadomo\u015bci spo\u0142ecznej dzisiejszych Europejczyk\u00f3w i&nbsp;Amerykan\u00f3w zdumiewaj\u0105co intensywnie kojarzy si\u0119 z&nbsp;\u201esolidarno\u015bci\u0105 z&nbsp;Palesty\u0144czykami\u201d. Nigdy nie&nbsp;jest to&nbsp;solidarno\u015b\u0107 z&nbsp;tymi Palesty\u0144czykami, kt\u00f3rzy&nbsp;chcieliby pokoju z&nbsp;Izraelem, ani z&nbsp;tymi, kt\u00f3rzy&nbsp;nie&nbsp;chc\u0105 ju\u017c by\u0107 uchod\u017acami w&nbsp;krajach, w&nbsp;kt\u00f3rych&nbsp;urodzili si\u0119 ich rodzice, ani z&nbsp;tymi, kt\u00f3rzy&nbsp;nie&nbsp;chc\u0105 \u017cy\u0107 pod&nbsp;w\u0142adz\u0105 Hamasu czy&nbsp;Fatahu, ani nie&nbsp;chcieliby, \u017ceby&nbsp;ich dzieci wychowywano na&nbsp;morderc\u00f3w.<\/span><\/p>\n<p style=\"text-align: left;\"><span style=\"color: #000080;\">Wojna zmierzaj\u0105ca do&nbsp;zlikwidowania ludob\u00f3jczej organizacji mo\u017ce by\u0107 uwa\u017cana za&nbsp;kar\u0119 zbiorow\u0105 tylko&nbsp;przez&nbsp;tych, dla kt\u00f3rych&nbsp;ta&nbsp;organizacja morduje \u017byd\u00f3w w&nbsp;ich imieniu. Jak dot\u0105d \u017caden kraj na&nbsp;\u015bwiecie nie&nbsp;podj\u0105\u0142 tak&nbsp;daleko id\u0105cych wysi\u0142k\u00f3w jak Izrael, aby zminimalizowa\u0107 liczb\u0119 ofiar w\u015br\u00f3d postronnych cywil\u00f3w. Wie o&nbsp;tym doskonale Antony Blinken i&nbsp;wie o&nbsp;tym doskonale Ant\u00f3nio Manuel de&nbsp;Oliveira Guterres. U\u017cywanie tego poj\u0119cia przez&nbsp;tych sekretarzy ma&nbsp;zupe\u0142nie inne znaczenie i&nbsp;inny cel. &nbsp;&nbsp;&nbsp;<\/span><\/p>\n<hr>\n<p><img decoding=\"async\" class=\"alignleft\" src=\"https:\/\/studioopinii.pl\/wp-content\/uploads\/2017\/06\/Koraszewski.jpg\" width=\"15%\"><\/p>\n<p class=\"has-luminous-vivid-amber-background-color has-background wp-block-heading\"><strong>Andrzej Koraszewski<\/strong><br \/>\n<strong style=\"font-size: 16px; color: #191e23; background-color: #ffffff;\">Publicysta i&nbsp;pisarz ekonomiczno-spo\u0142eczny.<\/strong><\/p>\n<p>Ur. 26 marca&nbsp;<strong>1940&nbsp;<\/strong>w&nbsp;Szymbarku, by\u0142y dziennikarz&nbsp;<a class=\"extlink https\" href=\"https:\/\/www.wikiwand.com\/pl\/BBC\">BBC<\/a>, wiceszef polskiej sekcji BBC, i&nbsp;publicysta paryskiej \u201e<a class=\"extlink https\" href=\"https:\/\/www.wikiwand.com\/pl\/Kultura_(miesi%C4%99cznik)\">Kultury<\/a>\u201d.&nbsp;<strong><a class=\"extlink https\" href=\"https:\/\/www.wikiwand.com\/pl\/Andrzej_Koraszewski\" target=\"_blank\" rel=\"noreferrer noopener\">Wi\u0119cej w&nbsp;Wikipedii<\/a><\/strong>. <a class=\"extlink https\" href=\"https:\/\/www.facebook.com\/andrzej.koraszewski\" target=\"_blank\" rel=\"noreferrer noopener\"><strong>Facebook<\/strong><\/a><\/p>\n<hr style=\"height: 15px; background: #d0e6fa; width: 100%;\">\n<div id=\"content\" class=\"content-alignment\">\n<div id=\"watch-description\" class=\"yt-uix-button-panel\">\n<div id=\"watch-description-text\" style=\"text-align: center;\">\n<p><em>Zawarto\u015b\u0107 publikowanych artyku\u0142\u00f3w i materia\u0142\u00f3w nie reprezentuje pogl\u0105d\u00f3w ani opinii Reunion&#8217;68,<\/em><em><br \/>\nani te\u017c webmastera Blogu Reunion&#8217;68, chyba ze jest to wyra\u017anie zaznaczone.<br \/>\nTwoje uwagi, linki, w\u0142asne artyku\u0142y lub wiadomo\u015bci prze\u015blij na adres:<br \/>\n<\/em><span style=\"color: #000080;\"><strong><em><a style=\"color: #000080;\" href=\"mailto:webmaster@reunion68.com\"><span style=\"text-decoration: underline;\">webmaster@reunion68.com<\/span><\/a><\/em><\/strong><\/span><\/p>\n<\/div>\n<\/div>\n<\/div>\n<hr style=\"width: 100%;\">\n","protected":false},"excerpt":{"rendered":"<p>Kr\u00f3tka historia d\u0142ugiej odpowiedzialno\u015bci zbiorowej Andrzej Koraszewski Siedmiodniowa przerwa w&nbsp;walkach armii izraelskiej z&nbsp;Hamasem w&nbsp;Gazie zako\u0144czy\u0142a si\u0119 w&nbsp;pi\u0105tek (pierwszego grudnia) o&nbsp;\u015bwicie, kiedy z&nbsp;Gazy wystrzelono salw\u0119 rakiet na&nbsp;Izrael. Poprzedniego dnia ameryka\u0144ski Sekretarz Stanu poinformowa\u0142 w\u0142adze w&nbsp;Jerozolimie, \u017ce&nbsp;musz\u0105 rozprawi\u0107 si\u0119 z&nbsp;tym Hamasem szybko, poniewa\u017c przed\u0142u\u017caj\u0105ca si\u0119 wojna Izraela z&nbsp;t\u0105&nbsp;ludob\u00f3jcz\u0105 organizacj\u0105 szkodzi kampanii prezydenckiej w&nbsp;Ameryce. (Nie&nbsp;ca\u0142kiem tak&nbsp;to&nbsp;sformu\u0142owa\u0142, ale&nbsp;wymowa by\u0142a [&hellip;]<\/p>\n","protected":false},"author":1,"featured_media":0,"comment_status":"closed","ping_status":"closed","sticky":false,"template":"","format":"standard","meta":[],"categories":[6],"tags":[26,24],"_links":{"self":[{"href":"https:\/\/www.reunion68.se\/index.php?rest_route=\/wp\/v2\/posts\/109621"}],"collection":[{"href":"https:\/\/www.reunion68.se\/index.php?rest_route=\/wp\/v2\/posts"}],"about":[{"href":"https:\/\/www.reunion68.se\/index.php?rest_route=\/wp\/v2\/types\/post"}],"author":[{"embeddable":true,"href":"https:\/\/www.reunion68.se\/index.php?rest_route=\/wp\/v2\/users\/1"}],"replies":[{"embeddable":true,"href":"https:\/\/www.reunion68.se\/index.php?rest_route=%2Fwp%2Fv2%2Fcomments&post=109621"}],"version-history":[{"count":10,"href":"https:\/\/www.reunion68.se\/index.php?rest_route=\/wp\/v2\/posts\/109621\/revisions"}],"predecessor-version":[{"id":109646,"href":"https:\/\/www.reunion68.se\/index.php?rest_route=\/wp\/v2\/posts\/109621\/revisions\/109646"}],"wp:attachment":[{"href":"https:\/\/www.reunion68.se\/index.php?rest_route=%2Fwp%2Fv2%2Fmedia&parent=109621"}],"wp:term":[{"taxonomy":"category","embeddable":true,"href":"https:\/\/www.reunion68.se\/index.php?rest_route=%2Fwp%2Fv2%2Fcategories&post=109621"},{"taxonomy":"post_tag","embeddable":true,"href":"https:\/\/www.reunion68.se\/index.php?rest_route=%2Fwp%2Fv2%2Ftags&post=109621"}],"curies":[{"name":"wp","href":"https:\/\/api.w.org\/{rel}","templated":true}]}}