{"id":10977,"date":"2014-12-17T19:05:59","date_gmt":"2014-12-17T17:05:59","guid":{"rendered":"http:\/\/www.reunion68.se\/?p=10977"},"modified":"2014-12-17T16:50:35","modified_gmt":"2014-12-17T14:50:35","slug":"prezent-od-eu-ue-usunela-hamas-z-listy-organizacji-terrorystycznych","status":"publish","type":"post","link":"https:\/\/www.reunion68.se\/?p=10977","title":{"rendered":"[Prezent od EU] &#8211; UE usun\u0119\u0142a Hamas z listy organizacji terrorystycznych"},"content":{"rendered":"<h5 style=\"text-align: center;\"><a href=\"http:\/\/www.wprost.pl\/\" target=\"_blank\"><img decoding=\"async\" class=\"center alignleft\" src=\"http:\/\/www.reunion68.com\/Biuletyn\/img\/wprost.png\" alt=\"\" \/><\/a><span style=\"text-decoration: underline; color: #000080;\"><span style=\"text-decoration: underline;\"><strong><a style=\"color: #000080; text-decoration: underline;\" href=\"http:\/\/www.wprost.pl\/ar\/485502\/UE-usunela-Hamas-z-listy-organizacji-terrorystycznych\/\" target=\"_blank\">UE usun\u0119\u0142a Hamas z listy organizacji terrorystycznych<\/a><\/strong><\/span><\/span><\/h5>\n<hr style=\"height: 15px; background: #d0e6fa; width: 710px;\" \/>\n<div style=\"width: 360px\" class=\"wp-caption alignright\"><img decoding=\"async\" src=\"http:\/\/www.wprost.pl\/G\/cache\/0\/b\/b\/0bb8629a9b6678f1b04e8322880d9f872ef25834.jpg\" alt=\"UE usun\u0119\u0142a Hamas z listy organizacji terrorystycznych (fot. sxc.hu)\" width=\"350\" \/><p class=\"wp-caption-text\"><span style=\"color: #000080;\"><em>UE usun\u0119\u0142a Hamas z listy organizacji terrorystycznych (fot. sxc.hu)<\/em><\/span><\/p><\/div>\n<p><span style=\"color: #333333;\"><strong>S\u0105d UE w Luksemburgu zadecydowa\u0142 o usuni\u0119ciu z unijnej listy organizacji terrorystycznych palesty\u0144skiej grupy militarnej Hamas. UE umie\u015bci\u0142o Hamas na li\u015bcie organizacji terrorystycznych po serii samob\u00f3jczych zamach\u00f3w bombowych w 2003 roku &#8211; podaje rt.com.<\/strong><\/span><\/p>\n<p style=\"text-align: left;\"><span style=\"color: #000080;\">Hamas odwo\u0142a\u0142 si\u0119 od decyzji w 2010 roku, powo\u0142uj\u0105c si\u0119 na pod\u0142o\u017ce proceduralne. Unia przyj\u0119\u0142a za\u017calenie motywuj\u0105c to tym, \u017ce wcze\u015bniejsza decyzja zapad\u0142a nie na podstawie analizy dzia\u0142a\u0144 organizacji, a wniosk\u00f3w przypisuj\u0105cych jej win\u0119, kt\u00f3re wyci\u0105gni\u0119to na podstawie internetu oraz doniesie\u0144 medialnych. Unia Europejska zdecydowa\u0142a si\u0119 jednak utrzyma\u0107 zamro\u017cenie aktyw\u00f3w Hamasu w UE.<\/span><\/p>\n<p style=\"text-align: left;\"><span style=\"color: #000080;\">Prawniczka Hamasu, Liliane Glock, powiedzia\u0142a, \u017ce jest &#8220;zadowolona z decyzji&#8221;. &#8211; Europejczycy musz\u0105 wierzy\u0107, \u017ce ich krew jest bardziej \u015bwi\u0119ta od krwi \u017byd\u00f3w, kt\u00f3r\u0105 uwa\u017caj\u0105 za nieistotn\u0105 &#8211; skomentowa\u0142 decyzj\u0119 UE Danny Danon, pose\u0142 izraelskiej partii Likud. &#8211; W Europie musieli zapomnie\u0107, \u017ce Hamas porwa\u0142 trzech ch\u0142opc\u00f3w i wystrzeli\u0142 tysi\u0105ce rakiet ostatniego lata w kierunku mieszka\u0144c\u00f3w Izraela &#8211; doda\u0142. Do przywr\u00f3cenia Hamasu na list\u0119 namawia\u0142 te\u017c premier Izraela, Benjamin Netanyahu, okre\u015blaj\u0105c ich &#8220;mordercz\u0105 organizacj\u0105, kt\u00f3rej celem jest zniszczenie Izraela&#8221;.<\/span><\/p>\n<p style=\"text-align: left;\"><span style=\"color: #000080;\">RT.com<\/span><\/p>\n<hr style=\"height: 15px; background: #d0e6fa; width: 710px;\" \/>\n<div id=\"content\" class=\"  content-alignment&lt;br \/&gt;&lt;br \/&gt; \">\n<div id=\"watch-description\" class=\"yt-uix-button-panel\">\n<div id=\"watch-description-text\">\n<p style=\"text-align: center;\"><span style=\"color: #808080;\"> twoje uwagi, linki, wlasne artykuly, lub wiadomosci przeslij do: <strong><span style=\"text-decoration: underline;\"><span style=\"color: #808080; text-decoration: underline;\"><a href=\"mailto:webmaster@reunion68.com\">webmaster@reunion68.com<\/a><\/span><\/span><\/strong><\/span><\/p>\n<\/div>\n<\/div>\n<\/div>\n<p>&nbsp;<\/p>\n<hr style=\"width: 710px;\" \/>\n","protected":false},"excerpt":{"rendered":"<p>UE usun\u0119\u0142a Hamas z listy organizacji terrorystycznych S\u0105d UE w Luksemburgu zadecydowa\u0142 o usuni\u0119ciu z unijnej listy organizacji terrorystycznych palesty\u0144skiej grupy militarnej Hamas. UE umie\u015bci\u0142o Hamas na li\u015bcie organizacji terrorystycznych po serii samob\u00f3jczych zamach\u00f3w bombowych w 2003 roku &#8211; podaje rt.com. Hamas odwo\u0142a\u0142 si\u0119 od decyzji w 2010 roku, powo\u0142uj\u0105c si\u0119 na pod\u0142o\u017ce proceduralne. Unia [&hellip;]<\/p>\n","protected":false},"author":1,"featured_media":0,"comment_status":"closed","ping_status":"closed","sticky":false,"template":"","format":"standard","meta":[],"categories":[6],"tags":[24],"_links":{"self":[{"href":"https:\/\/www.reunion68.se\/index.php?rest_route=\/wp\/v2\/posts\/10977"}],"collection":[{"href":"https:\/\/www.reunion68.se\/index.php?rest_route=\/wp\/v2\/posts"}],"about":[{"href":"https:\/\/www.reunion68.se\/index.php?rest_route=\/wp\/v2\/types\/post"}],"author":[{"embeddable":true,"href":"https:\/\/www.reunion68.se\/index.php?rest_route=\/wp\/v2\/users\/1"}],"replies":[{"embeddable":true,"href":"https:\/\/www.reunion68.se\/index.php?rest_route=%2Fwp%2Fv2%2Fcomments&post=10977"}],"version-history":[{"count":11,"href":"https:\/\/www.reunion68.se\/index.php?rest_route=\/wp\/v2\/posts\/10977\/revisions"}],"predecessor-version":[{"id":10988,"href":"https:\/\/www.reunion68.se\/index.php?rest_route=\/wp\/v2\/posts\/10977\/revisions\/10988"}],"wp:attachment":[{"href":"https:\/\/www.reunion68.se\/index.php?rest_route=%2Fwp%2Fv2%2Fmedia&parent=10977"}],"wp:term":[{"taxonomy":"category","embeddable":true,"href":"https:\/\/www.reunion68.se\/index.php?rest_route=%2Fwp%2Fv2%2Fcategories&post=10977"},{"taxonomy":"post_tag","embeddable":true,"href":"https:\/\/www.reunion68.se\/index.php?rest_route=%2Fwp%2Fv2%2Ftags&post=10977"}],"curies":[{"name":"wp","href":"https:\/\/api.w.org\/{rel}","templated":true}]}}