{"id":109821,"date":"2024-01-03T18:09:21","date_gmt":"2024-01-03T16:09:21","guid":{"rendered":"http:\/\/www.reunion68.se\/?p=109821"},"modified":"2024-01-03T10:29:27","modified_gmt":"2024-01-03T08:29:27","slug":"10-09-89","status":"publish","type":"post","link":"https:\/\/www.reunion68.se\/?p=109821","title":{"rendered":"Dekolonizacja umys\u0142\u00f3w zniewolonych"},"content":{"rendered":"<p style=\"text-align: center;\"><img decoding=\"async\" class=\"aligncenter\" src=\"https:\/\/scontent.fbma6-1.fna.fbcdn.net\/v\/t1.18169-9\/12651054_1690562871156967_631536226212168704_n.jpg?_nc_cat=109&amp;ccb=1-7&amp;_nc_sid=c2f564&amp;_nc_ohc=nSJ-wt7h-6MAX-JUWJ6&amp;_nc_ht=scontent.fbma6-1.fna&amp;oh=00_AfBfIyodsaBTJHprEsEI6G6zV4QoXqH3mogBbChyUEzacQ&amp;oe=65BC82FE\" width=\"100%\" \/><span style=\"color: #808080;\"><em>Izraelski \u017co\u0142nierz id\u0105cy od bramy w Auschwitz.<\/em><\/span><\/p>\n<hr \/>\n<h5 style=\"text-align: center;\"><a href=\"https:\/\/www.listyznaszegosadu.pl\/\" target=\"_blank\" rel=\"noopener noreferrer\"><img decoding=\"async\" class=\"center alignleft\" src=\"http:\/\/www.reunion68.com\/Biuletyn\/img\/z-naszego.jpg\" alt=\"\" width=\"50%\" \/><\/a><span style=\"text-decoration: underline; color: #000080;\"><strong><a style=\"color: #000080; text-decoration: underline;\" href=\"https:\/\/www.listyznaszegosadu.pl\/brunatna-fala\/dekolonizacja-umyslalw-zniewolonych\" target=\"_blank\" rel=\"noopener noreferrer\">Dekolonizacja umys\u0142\u00f3w zniewolonych<\/a><\/strong><\/span><\/h5>\n<p style=\"text-align: center;\"><span style=\"color: #000000;\"><strong>Andrzej Koraszewski<\/strong><\/span><\/p>\n<hr style=\"height: 15px; background: #d0e6fa; width: 100%;\" \/>\n<div class=\"templateArticleIngress\" style=\"text-align: left;\"><span style=\"color: #000080;\">Nigdy nie s\u0142ysza\u0142em, \u017ceby jaki\u015b polityk m\u00f3wi\u0142, \u017ce Ukrai\u0144cy maj\u0105 prawo do obrony. Mo\u017ce nie chc\u0105 nara\u017ca\u0107 si\u0119 na \u015bmieszno\u015b\u0107. Niekt\u00f3rzy m\u00f3wi\u0105 jednak, \u017ce Izrael ma prawo do obrony i jest to dow\u00f3d ich moralno\u015bci i szlachetno\u015bci. W rzeczywisto\u015bci m\u00f3wi\u0105, \u017ce nawet \u017bydzi maj\u0105 prawo do obrony swojego \u017cycia. Co dla jednych mo\u017ce by\u0107 dowodem ich g\u0142\u0119bokiego humanitaryzmu, a dla innych \u0142amaniem praw i obyczaj\u00f3w, bo kto to s\u0142ysza\u0142.<\/span><\/div>\n<div class=\"templateArticleBrodtext\">\n<p style=\"text-align: left;\"><span style=\"color: #000080;\">W moim komputerze jest zdj\u0119cie samotnego izraelskiego \u017co\u0142nierza id\u0105cego z izraelsk\u0105 flag\u0105 od bramy w Auschwitz. Jest dla mnie symboliczne. Warunkiem \u201eNigdy wi\u0119cej\u201d jest zdolno\u015b\u0107 Izraela do obrony \u017cycia swoich obywateli. Wielu kwestionuje ich \u015bwi\u0119te prawo, wymy\u015blaj\u0105c sobie najdziwaczniejsze powody odmawiania \u017bydom prawa do obrony swojego \u017cycia. Nic dziwnego, przez blisko dwa tysi\u0105ce lat nie mieli tego prawa.<\/span><\/p>\n<p style=\"text-align: left;\"><span style=\"color: #000080;\">Dzi\u015b przez \u015bwiat maszeruj\u0105 tysi\u0119czne t\u0142umy z ludob\u00f3jczym wrzaskiem \u201eod rzeki do morza\u201d, oskar\u017caj\u0105 Izrael o ludob\u00f3jstwo i domagaj\u0105 si\u0119 eksterminacji \u017byd\u00f3w. Czy to oskar\u017cenie Izraela jest niesp\u00f3jne z ich wyra\u017anym oczekiwaniem? To zale\u017cy jak na to patrze\u0107. Ten gatunek niesp\u00f3jno\u015bci jest wyj\u0105tkowo cz\u0119sty.<\/span><\/p>\n<p style=\"text-align: left;\"><span style=\"color: #000080;\">Si\u00f3dmego wrze\u015bnia, r\u00f3wno na miesi\u0105c przed najwi\u0119ksz\u0105 rzezi\u0105 \u017byd\u00f3w od czasu II wojny \u015bwiatowej, zachodnie media\u00a0<a style=\"color: #000080;\" href=\"https:\/\/www.bbc.com\/news\/world-middle-east-66741336\">informowa\u0142y<\/a>\u00a0o antysemickich wypowiedziach \u201eprezydenta\u201d Abbasa. (Ten \u201eprezydent\u201d jest faktycznie dyktatorem, kt\u00f3ry od lat odmawia rozpisania wybor\u00f3w.) Abbas zapewnia\u0142 swoj\u0105 publiczno\u015b\u0107, \u017ce \u201eHitler nie zabija\u0142 \u017byd\u00f3w za to, \u017ce byli \u017bydami\u201d, \u017ce \u201eEuropa nie nienawidzi\u0142a ich za to, \u017ce byli \u017bydami\u201d, \u017ce \u201ewalczyli z nimi z powodu ich spo\u0142ecznej roli.\u201d Doda\u0142 r\u00f3wnie\u017c star\u0105 \u015bpiewk\u0119, \u017ce europejscy \u017bydzi nie s\u0105 \u017cadnymi \u017bydami.<\/span><\/p>\n<p style=\"text-align: left;\"><span style=\"color: #000080;\">Oczywi\u015bcie ten palesty\u0144ski intelektualista niczego sam nie wymy\u015bli\u0142, studiowa\u0142 w Moskwie, w swojej pracy doktorskiej cytowa\u0142 obficie radzieck\u0105 antysyjonistyczn\u0105 literatur\u0119, \u0142\u0105czy odwieczny europejski antysemityzm z odwiecznym muzu\u0142ma\u0144skim antyjudaizmem.<\/span><\/p>\n<p style=\"text-align: left;\"><span style=\"color: #000080;\">Opowiadaj\u0105c o europejskiej nienawi\u015bci nie musia\u0142 k\u0142ama\u0107, wiedzia\u0142 r\u00f3wnie\u017c doskonale, \u017ce nawet nazizm nigdy nie wyleczy\u0142 Europy z wielopokoleniowego utrwalania absurdalnych uprzedze\u0144.<\/span><\/p>\n<p style=\"text-align: left;\"><span style=\"color: #000080;\">Urodzony w 1935 roku Abbas, w wyniku wojny o niepodleg\u0142o\u015b\u0107 Izraela znalaz\u0142 si\u0119 wraz z rodzin\u0105 w Syrii, na studia prawnicze wyjecha\u0142 do Egiptu. Czy by\u0142 w m\u0142odo\u015bci pod wp\u0142ywem powi\u0105zanego z nazizmem palesty\u0144skiego ruchu narodowo-wyzwole\u0144czego? To wysoce prawdopodobne, poniewa\u017c by\u0142 to ruch dominuj\u0105cy zar\u00f3wno w Syrii. jak i w Egipcie. Wiemy, \u017ce dorastaj\u0105c postawi\u0142 na Zwi\u0105zek Radziecki i bardziej \u015bwieck\u0105 ideologi\u0119, kt\u00f3ra mia\u0142a prowadzi\u0107 do tego samego celu, kt\u00f3ry sk\u0142oni\u0142 ojca palesty\u0144skiego ruchu narodowego, muftiego\u00a0Amina\u00a0al-Husajniego, do przekonywania o bliskim pokrewie\u0144stwie niemieckiego nazizmu i islamu. W 1965 roku Abbas przyst\u0105pi\u0142 do Fatahu, czyli ju\u017c wtedy s\u0105dzi\u0142, \u017ce lepiej d\u0105\u017cy\u0107 do eksterminacji \u017byd\u00f3w pod sztandarami radzieckiej formu\u0142y walki o wyzwolenie, ni\u017c otwarcie pozostawa\u0107 przy ideach tak niemodnego ju\u017c nazizmu.<\/span><\/p>\n<p style=\"text-align: left;\"><span style=\"color: #000080;\">Zwi\u0105zek Radziecki upad\u0142, chocia\u017c nie w tak dramatyczny spos\u00f3b jak nazizm, Mahmoud Abbas by\u0142 jednym z najbli\u017cszych ludzi Jasera Arafata, kt\u00f3ry doszed\u0142 do wniosku, \u017ce trzeba i\u015b\u0107 dalej pod zachodnim sztandarem walki o pok\u00f3j. On te\u017c wierzy\u0142 (a mo\u017ce nawet wiedzia\u0142), \u017ce Zach\u00f3d nie wyleczy\u0142 si\u0119 ze swoich starych uprzedze\u0144 i \u017ce znajdzie tam wielu sojusznik\u00f3w, wymaga\u0142o to tylko drobnej zmiany retoryki. Stawka na tego konia budzi\u0142a jednak podejrzliwo\u015b\u0107 bardziej konserwatywnych muzu\u0142man\u00f3w, kt\u00f3rzy chcieli otwarcie g\u0142osi\u0107 sw\u00f3j cel, kt\u00f3rym by\u0142 i nadal jest \u015bwiatowy kalifat, czyli podporz\u0105dkowanie \u015bwiata jednemu bogu i jednej my\u015bli.<\/span><\/p>\n<p style=\"text-align: left;\"><span style=\"color: #000080;\"><em><br \/>\n<\/em>Jak idee kolonizuj\u0105 umys\u0142y? Wiek XX przyni\u00f3s\u0142 dwie umys\u0142owe zarazy, kt\u00f3re porwa\u0142y miliony umys\u0142\u00f3w i poch\u0142on\u0119\u0142y setki milion\u00f3w ludzkich istnie\u0144. Obydwie te idee fascynowa\u0142y, budzi\u0142y nadzieje, dawa\u0142y poczucie wsp\u00f3lnoty, sk\u0142ania\u0142y do po\u015bwi\u0119ce\u0144, w\u0142\u0105cznie z gotowo\u015bci\u0105 oddania za nie \u017cycia.<\/span><\/p>\n<p style=\"text-align: left;\"><span style=\"color: #000080;\">Ponad rok temu ukaza\u0142a si\u0119 ksi\u0105\u017cka ameryka\u0144skiego historyka, Richarda Landesa, pod\u00a0<a style=\"color: #000080;\" href=\"https:\/\/www.listyznaszegosadu.pl\/brunatna-fala\/ostrzezenie-dla-czytelnika-ksiazki\">znamiennym tytu\u0142em<\/a>\u00a0<em>Czy ca\u0142y \u015bwiat mo\u017ce by\u0107 w b\u0142\u0119dzie<\/em>. Parafrazuj\u0105c Manifest komunistyczny mogliby\u015bmy powiedzie\u0107, \u017ce widmo kr\u0105\u017cy po \u015bwiecie, widmo zbiorowych uroje\u0144. Data i miejsce urodzenia decyduj\u0105 o tym, na jakie zbiorowe urojenia b\u0119dziemy nara\u017ceni. M\u00f3j ojciec, pr\u00f3buj\u0105c mnie uodporni\u0107 na zbyt pochopne dawanie wiary, temu co w\u0142a\u015bnie wydaje mi si\u0119 oczywiste, powtarza\u0142 cz\u0119sto, \u017ce historia z ka\u017cdego robi durnia. Richard Landes jest mediewist\u0105, jego specjalno\u015bci\u0105 s\u0105 ruchy milenijne, czyli szerz\u0105ca si\u0119 jak ogie\u0144 po prerii zbiorowa psychoza, po\u0142\u0105czona z jednej strony z l\u0119kiem przed apokaliptyczn\u0105 katastrof\u0105, z drugiej z potrzeb\u0105 zbawienia \u015bwiata. Czy ma racj\u0119 przek\u0142adaj\u0105c swoj\u0105 wiedz\u0119 o \u015bredniowieczu na nasz\u0105 wsp\u00f3\u0142czesno\u015b\u0107? Rozmawia\u0142em z wieloma by\u0142ymi komunistami, pr\u00f3buj\u0105c zrozumie\u0107 mechanizm zauroczenia. Ani lektury ksi\u0105\u017cek, ani dziesi\u0105tki rozm\u00f3w nie daj\u0105 tu pe\u0142nej jasno\u015bci. Jednak data i miejsce urodzenia, w po\u0142\u0105czeniu ze \u015brodowiskiem, w kt\u00f3rym cz\u0142owiek dorasta, wydaj\u0105 si\u0119 by\u0107 tym, co najsilniej determinuje gotowo\u015b\u0107 po\u0142kni\u0119cia tabletki Murti Binga. Kiedy j\u0105 po\u0142kniesz, wiec staje si\u0119 imprez\u0105 towarzysk\u0105, a wrzask narkotykiem. Kolonizacja umys\u0142\u00f3w jest jednak zjawiskiem starym jak \u015bwiat.\u00a0\u00a0 \u00a0\u00a0\u00a0\u00a0\u00a0\u00a0\u00a0\u00a0\u00a0\u00a0\u00a0<strong>\u00a0\u00a0\u00a0<\/strong><\/span><\/p>\n<p style=\"text-align: left;\"><span style=\"color: #000080;\">Landes pisze:<\/span><\/p>\n<blockquote><p><strong>W dwudziestym pierwszym wieku jeste\u015bmy \u015bwiadkami wielu zdumiewaj\u0105cych zjawisk. Sp\u00f3jrzmy na niekt\u00f3re z nich:<\/strong><\/p>\n<p><strong>\u2022 Od ataku pobo\u017cnych muzu\u0142man\u00f3w 11 wrze\u015bnia 2001 roku znacznie wi\u0119cej muzu\u0142manek dumnie nosi hid\u017caby na Zachodzie i znacznie mniej \u017byd\u00f3w (ze strachu) nosi jarmu\u0142ki w miejscach publicznych.<\/strong><\/p>\n<p><strong>\u2022 Nar\u00f3d \u017cydowski jest jedynym narodem, kt\u00f3ry jest celem usankcjonowanego przez pa\u0144stwa pod\u017cegania do nienawi\u015bci i ludob\u00f3jstwa, ale tak\u017ce jedynym narodem, kt\u00f3ry sam jest oskar\u017cony o to, \u017ce jest ludob\u00f3jczy.<\/strong><br \/>\n<strong>\u2022 Ci sami ludzie, kt\u00f3rzy dokonuj\u0105 heroicznych wysi\u0142k\u00f3w, by zakaza\u0107 mow\u0119 nienawi\u015bci, kt\u00f3ra mo\u017ce obrazi\u0107 innych, okazuj\u0105 olbrzymi\u0105 tolerancj\u0119 wobec mowy nienawi\u015bci skierowanej na nich samych lub na ich \u017cydowskich wsp\u00f3\u0142obywateli.<\/strong><\/p>\n<p><strong>\u2022 Postmoderni\u015bci, kt\u00f3rych filozofi\u0105 by\u0142o odrzucenie zar\u00f3wno iluzji obiektywno\u015bci, jak i metanarracji, stworzyli ruch polityczny, kt\u00f3ry w imi\u0119 post\u0119powych warto\u015bci i pokoju przyj\u0105\u0142 pod\u017cegaj\u0105c\u0105 do wojny, przedmodernistyczn\u0105 metanarracj\u0119 i u\u017cywa \u201cnauki\u201d i \u201cfakt\u00f3w\u201d do promowania swojej Sprawy.<\/strong><\/p>\n<p><strong>\u2022 Olbrzymie masy ludzi na ca\u0142ym \u015bwiecie chc\u0105 emigrowa\u0107 do spo\u0142ecze\u0144stw, kt\u00f3re ich w\u0142asne elity uwa\u017caj\u0105 za uciele\u015bnienie z\u0142a.<\/strong><\/p>\n<p><strong>\u2022 Zachodnie demokracje, kt\u00f3re przekona\u0142y same siebie i swoich \u017byd\u00f3w, \u017ce wyrzek\u0142y si\u0119 nienawi\u015bci do \u017byd\u00f3w po Holocau\u015bcie, mog\u0105 zosta\u0107 zniszczone przez \u015bredniowieczny ruch apokaliptyczny, kt\u00f3ry wykorzystuje ich (maskowan\u0105) nienawi\u015b\u0107 do \u017byd\u00f3w.<\/strong><\/p><\/blockquote>\n<p style=\"text-align: left;\"><span style=\"color: #000080;\">Czy ta nienawi\u015b\u0107 do \u017byd\u00f3w jest czym\u015b wi\u0119cej ni\u017c tylko ludob\u00f3jcz\u0105 nienawi\u015bci\u0105 do jednego ma\u0142ego narodu, czy jest umys\u0142ow\u0105 zaraz\u0105 gro\u017an\u0105 dla ludzkiego gatunku jako ca\u0142o\u015bci? Jak ten wirus si\u0119 szerzy? Czy ma racj\u0119 ameryka\u0144ski historyk twierdz\u0105c, \u017ce wirus atakuje g\u0142\u00f3wnie ludzi nienawidz\u0105cych demokracji? W ostrze\u017ceniu dla czytelnik\u00f3w Richard Landes pisze:<\/span><\/p>\n<blockquote>\n<p style=\"text-align: left;\"><strong>Upojeni psychicznie mesjanistycznym marzeniem o\u00a0globalnym kalifacie [tj. islamie od oceanu do oceanu], kt\u00f3ry w ko\u0144cu spe\u0142ni ekspansjonistyczne marzenia najbardziej radykalnych\u00a0muzu\u0142man\u00f3w; zatruci monstrualn\u0105 i zakorzenion\u0105 \u201epewno\u015bci\u0105\u201d, \u017ce w tym katastrofalnym i absurdalnym \u015bwiecie istnieje nar\u00f3d wybrany przez\u00a0Allaha\u00a0i \u017ce w konsekwencji wszystkie dzia\u0142ania obsesyjnego, psychologicznego i patologicznie wykluczaj\u0105cego\u00a0triumfalizmu religijnego\u00a0s\u0105 usprawiedliwione; wykszta\u0142ceni i wyszkoleni w przekonaniu, \u017ce ka\u017cde cierpienie, kt\u00f3re zosta\u0142o lub zostanie zadane wszystkim innym, zw\u0142aszcza\u00a0\u017bydom, zawsze b\u0119dzie mniejsze od tego, kt\u00f3re oni sami wycierpieli w\u00a0Nakbie,\u00a0Palesty\u0144czycy\u00a0bez ko\u0144ca rozdrapuj\u0105 swoj\u0105 ran\u0119, aby zachowa\u0107 j\u0105 krwawi\u0105c\u0105, aby uczyni\u0107 j\u0105 nieuleczaln\u0105, i pokazuj\u0105 j\u0105 \u015bwiatu, jakby to by\u0142 sztandar.\u00a0D\u017cihady\u015bci\u00a0chwytaj\u0105 si\u0119 straszliwych\u00a0s\u0142\u00f3w Allaha w Koranie (8:12): \u201eWrzuc\u0119 przera\u017cenie w serca tych, kt\u00f3rzy nie wierz\u0105. Dlatego odetnijcie im g\u0142owy i odetnijcie wszystkie palce\u201d. Palesty\u0144czycy\u00a0chc\u0105, aby\u015bmy wszyscy czuli si\u0119 winni, bezpo\u015brednio lub po\u015brednio, za okropno\u015bci\u00a0Nakby;\u00a0wielbiciele kalifatu\u00a0chc\u0105, aby\u015bmy wyrzekli si\u0119 najbardziej elementarnego krytycznego os\u0105du i przekszta\u0142cili si\u0119 w potulne echo ich woli;\u00a0wielbiciele kalifatu\u00a0chc\u0105, aby\u015bmy uznali\u00a0<em>de iure<\/em>\u00a0to, co w ich oczach jest rzeczywisto\u015bci\u0105\u00a0<em>de facto<\/em>: absolutn\u0105 bezkarno\u015b\u0107\u00a0muzu\u0142man\u00f3w. Z punktu widzenia muzu\u0142man\u00f3w\u00a0islam\u00a0nie mo\u017ce nigdy zosta\u0107 os\u0105dzony, poniewa\u017c\u00a0niewierni\u00a0go upokorzyli, a Allah jest po ich stronie.<\/strong><\/p>\n<\/blockquote>\n<p style=\"text-align: left;\"><span style=\"color: #000080;\">To poniek\u0105d zabawna sprawa, bo jest to parafraza antysemickiej tyrady zachodniego intelektualisty, w kt\u00f3rej Landes zamieni\u0142 tylko s\u0142owo Izrael, na okre\u015blenie globalny kalifat, wybranych przez Boga na wybranych przez Allaha, Palesty\u0144czyk\u00f3w zast\u0105pi\u0142 \u017bydami, a Holokaust Nakb\u0105. Ten cytat pokazuje jak wirus umys\u0142u dzia\u0142a przez inwersj\u0119 prawdy. Czy \u201eca\u0142y \u015bwiat\u201d mo\u017ce tak\u0105 inwersj\u0119 kupi\u0107? Je\u015bli nie ca\u0142y \u015bwiat, to wystarczaj\u0105co wielu, \u017ceby publiczna opinia by\u0142a nieustannie karmiona podr\u00f3bk\u0105 prawdy. W \u015bredniowieczu takie podr\u00f3bki prawdy by\u0142y rozprowadzane za pomoc\u0105 ambon, co by\u0142o wystarczaj\u0105co skuteczne, \u017ceby nak\u0142oni\u0107 ludzi do masowych mord\u00f3w. Dzi\u015b mamy lepsz\u0105 technologi\u0119. M\u0119skie i damskie intelektualne dziewice trafiaj\u0105 do szacownych redakcji, sk\u0105d przekazuj\u0105 publiczno\u015bci swoje zachwyty dla postaci takich jak Lenin, Hitler, Mao, Chomejni, czy Abbas.<\/span><\/p>\n<p style=\"text-align: left;\"><span style=\"color: #000080;\">Gazeta \u201eNew York Times\u201d o Adolfie Hitlerze, w pierwszych miesi\u0105cach jego w\u0142adzy pisa\u0142a:<\/span><\/p>\n<blockquote>\n<p style=\"text-align: left;\"><strong>\u201eZaczyna m\u00f3wi\u0107 powoli i uroczy\u015bcie, ale kiedy si\u0119 u\u015bmiecha \u2013 a u\u015bmiecha\u0142 si\u0119 cz\u0119sto w trakcie wywiadu \u2013 a zw\u0142aszcza kiedy zatraca si\u0119 i zapomina o s\u0142uchaczu w powodzi mowy, \u0142atwo zobaczy\u0107, jak wywiera wp\u0142yw na t\u0142umy.\u00a0Potem m\u00f3wi jak op\u0119tany, niew\u0105tpliwie szczerze.\u00a0Co wi\u0119cej, \u201eHerr Hitler ma wra\u017cliw\u0105 r\u0119k\u0119 artysty\u201d.<\/strong><\/p>\n<\/blockquote>\n<p style=\"text-align: left;\"><span style=\"color: #000080;\">Ta gazeta (prawdopodobnie najwa\u017cniejsza gazeta \u015bwiata) staranie ukrywa\u0142a zbrodnie Stalina, wielki g\u0142\u00f3d na Ukrainie, eksterminacj\u0119 \u017byd\u00f3w przez nazist\u00f3w, zbrodnie Mao, a dzi\u015b, w 90 lat po tamtym wywiadzie z urzekaj\u0105cym panem Hitlerem,\u00a0<a style=\"color: #000080;\" href=\"https:\/\/www.nytimes.com\/2023\/12\/24\/opinion\/gaza-city-palestine-war.html\">publikuje<\/a>\u00a0wywiad z burmistrzem Gazy, kt\u00f3ry opowiada nam o niezmierzonych zbrodniach Izraela.<\/span><\/p>\n<p style=\"text-align: left;\"><span style=\"color: #000080;\">Oczywi\u015bcie gazeta nie wspomina, \u017ce burmistrz Gazy piastuje sw\u00f3j urz\u0105d z ramienia ludob\u00f3jczej w\u0142adzy, kt\u00f3rej ideologia jest od zarania powi\u0105zana z nazizmem i kt\u00f3rej bojownicy ch\u0119tnie pos\u0142uguj\u0105 si\u0119 nazistowskim salutem. Wirusy umys\u0142u musz\u0105 by\u0107 dostarczane \u0142agodnie i niezauwa\u017calnie, najlepiej pod os\u0142on\u0105 szlachetno\u015bci, wsp\u00f3\u0142czucia dla s\u0142abych, najlepiej z pomoc\u0105 zdj\u0119\u0107 dzieci, bo to pozwala wirusowi prze\u0142ama\u0107 barier\u0119 immunologiczn\u0105.<\/span><\/p>\n<p style=\"text-align: left;\"><span style=\"color: #000080;\">Mo\u017cemy zapyta\u0107, dlaczego ludob\u00f3jcze ideologie tak cz\u0119sto wykorzystuj\u0105 w\u0142a\u015bnie antyjudaizm jako narz\u0119dzie pozwalaj\u0105ce na przekre\u015blenie zakazu zabijania? Stereotyp \u017byda jako antybli\u017aniego jest najmocniej zakorzenionym obrazem odcz\u0142owieczonej postaci ludzkiej. Zaczynanie masowych mord\u00f3w od \u017byd\u00f3w u\u0142atwia dalsz\u0105 drog\u0119 do mordowania innych. W tym miejscu naj\u0142atwiej prze\u0142ama\u0107 granic\u0119 i rozpocz\u0105\u0107 mordercz\u0105 orgi\u0119. Nie zawsze od tego si\u0119 zaczyna, ale wystarczaj\u0105co cz\u0119sto, \u017ceby otwarty lub zamaskowany antysemityzm by\u0142 nieustaj\u0105c\u0105 pokus\u0105 dla patologicznych przyw\u00f3dc\u00f3w.<\/span><\/p>\n<p style=\"text-align: left;\"><span style=\"color: #000080;\">Kim s\u0105 patologiczni przyw\u00f3dcy? Niedawno ameryka\u0144ski autor\u00a0<a style=\"color: #000080;\" href=\"https:\/\/www.listyznaszegosadu.pl\/brunatna-fala\/globalne-imperium-palestyny\">wspomnia\u0142 o ksi\u0105\u017cce polskiego psychiatry<\/a>\u00a0Andrzeja \u0141obaczewskiego, kt\u00f3ry w 1984 wyda\u0142 na Zachodzie\u00a0<em>Ponerologi\u0119 polityczn\u0105.\u00a0<\/em>Urodzony w 1921 roku autor, na marginesie praktyki psychiatrycznej w szpitalu, analizowa\u0142 jak dyktatury wsparte na ludob\u00f3jczej ideologii kooptuj\u0105 psychopatyczne jednostki do swoich w\u0142adz. Pierwszy r\u0119kopis tej pracy (napisany w pocz\u0105tkach lat 70. ubieg\u0142ego wieku), spali\u0142 na kilka minut przed rewizj\u0105 bezpieki. Kolejna pr\u00f3ba przes\u0142ania odtworzonego manuskryptu do Watykanu sko\u0144czy\u0142a si\u0119 donosem rzymskiego korespondenta PRL w Stolicy Apostolskiej i autor otrzyma\u0142 propozycj\u0119 opuszczenia kraju (trac\u0105c wszystkie zebrane materia\u0142y i zapiski). W USA ponownie odtworzy\u0142 swoj\u0105 prac\u0119, ale nie znalaz\u0142 wydawcy. Ostatecznie ksi\u0105\u017cka zosta\u0142a powielona w ma\u0142ym nak\u0142adzie i rozes\u0142ana tylko do grupy naukowc\u00f3w.<\/span><\/p>\n<p style=\"text-align: left;\"><span style=\"color: #000080;\">\u0141obaczewski studiowa\u0142 bezpo\u015brednio po wojnie, w najgorszych stalinowskich latach i patrzy\u0142 ze zdumieniem jak rodz\u0105 si\u0119 tzw. \u201epryszczaci\u201d, m\u0142odzi, fanatyczni zwolennicy morderczego systemu. Jednych porywa\u0142a fa\u0142szywa obietnica czynienia dobra i ci stosunkowo szybko orientowali si\u0119, \u017ce dali si\u0119 oszuka\u0107, inni, wr\u0119cz przeciwnie, zafascynowani byli mo\u017cliwo\u015bci\u0105 czynienia z\u0142a w ramach systemu. Zdaniem \u0141obaczewskiego ten podzia\u0142 wynika\u0142 g\u0142\u00f3wnie z r\u00f3\u017cnic osobowo\u015bci, z wrodzonych sk\u0142onno\u015bci. Zdajemy sobie spraw\u0119 z faktu, \u017ce wielu ludzi rodzi si\u0119 z psychopatologicznymi sk\u0142onno\u015bciami. W normalnych warunkach nie mamy poj\u0119cia jak wielu z naszych s\u0105siad\u00f3w si\u0119gn\u0119\u0142oby po siekier\u0119 na okrzyk \u201edzi\u015b wolno zabija\u0107\u201d. Czy ta liczba jest sta\u0142a, czy te\u017c r\u00f3\u017cna w r\u00f3\u017cnych spo\u0142ecze\u0144stwach, na ile wp\u0142yw ma tu genetyka, a jak silny jest wp\u0142yw religii, ideologii i kultury?<\/span><\/p>\n<p style=\"text-align: left;\"><span style=\"color: #000080;\">7 pa\u017adziernika ujawni\u0142 w zachodnich spo\u0142ecze\u0144stwach miliony ch\u0119tnych do si\u0119gni\u0119cia po siekier\u0119. Obserwujemy r\u00f3wnie\u017c bardzo silne wzmocnienie morderczych instynkt\u00f3w w spo\u0142ecze\u0144stwach muzu\u0142ma\u0144skich.<\/span><\/p>\n<p style=\"text-align: left;\"><span style=\"color: #000080;\">Je\u015bli idzie o jednostki z wrodzonymi sk\u0142onno\u015bciami psychopatologicznymi, opcje s\u0105 ograniczone \u2013 fizyczna eliminacja, kiedy morduj\u0105, izolacja od spo\u0142ecze\u0144stwa, kiedy ich pr\u00f3by ko\u0144cz\u0105 si\u0119 obezw\u0142adnieniem. Pytanie jak cz\u0119sto umys\u0142y dobrych ludzi zostaj\u0105 skolonizowane przez mordercze idee?<\/span><\/p>\n<p style=\"text-align: left;\"><span style=\"color: #000080;\">Prawdopodobnie nikt nie zna odpowiedzi na to pytanie. Wiemy, \u017ce wzbudzanie odrazy do odwiecznego antybli\u017aniego otwiera drog\u0119 do rezygnacji z zasady \u201enie zabijaj\u201d i \u017ce t\u0119 odraz\u0119 budzi si\u0119 \u0142agodnie, nie przerywaj\u0105c snu o w\u0142asnej szlachetno\u015bci.<\/span><\/p>\n<p style=\"text-align: left;\"><span style=\"color: #000080;\">Patrz\u0119 na wynotowane na ostatnich stronach podr\u0119cznego zeszytu tytu\u0142y doniesie\u0144 z \u201emojej\u201d gazety:<\/span><\/p>\n<blockquote>\n<p style=\"text-align: left;\"><span style=\"color: #000080;\">Stop masakrze w Gazie. Wielotysi\u0119czne demonstracje wsparcia dla Palesty\u0144czyk\u00f3w.<\/span><\/p>\n<p style=\"text-align: left;\"><span style=\"color: #000080;\">Dzieci identyfikuj\u0105 zw\u0142oki matek i ojc\u00f3w. Raport ze Strefy Gazy.<\/span><\/p>\n<p style=\"text-align: left;\"><span style=\"color: #000080;\">Lekarze ze szpitala w Gazie: W \u017cyciu nie widzia\u0142em takich ran, a widzia\u0142em wiele.<\/span><\/p>\n<p style=\"text-align: left;\"><span style=\"color: #000080;\">Kolejna trudna noc w Strefie Gazy. Izrael bombarduje i ostrzeliwuje Palesty\u0144czyk\u00f3w, przybywa ofiar.<\/span><\/p>\n<p style=\"text-align: left;\"><span style=\"color: #000080;\">Zachodni Brzeg \u017cyje strachem przed armi\u0105 Izraela i osadnikami.<\/span><\/p>\n<p style=\"text-align: left;\"><span style=\"color: #000080;\">Kolejny dzie\u0144 bombardowa\u0144 w Strefie Gazy. Setki ofiar zerwanego rozejmu.<\/span><\/p>\n<p style=\"text-align: left;\"><span style=\"color: #000080;\">Kolejne starcie na Zachodnim Brzegu. Zabitych sze\u015bciu Palesty\u0144czyk\u00f3w.<\/span><\/p>\n<\/blockquote>\n<p style=\"text-align: left;\"><span style=\"color: #000080;\">To si\u0119 ci\u0105gnie strona za stron\u0105, na dziesi\u0119\u0107 tytu\u0142\u00f3w jeden jest wzgl\u0119dnie neutralny. Nie wygl\u0105da to inaczej, kiedy czytam wiadomo\u015bci Hamasu przekazywane przez BBC, Reutersa, czy \u201eGuardiana\u201d. Uczciwego pokazania straszliwej i niemal beznadziejnej walki Izraela o przetrwanie ani \u015bladu. Oczywi\u015bcie \u017cadnej informacji o ideologii zmierzaj\u0105cej do zwyci\u0119stwa \u015bwiatowego kalifatu by\u0107 nie mo\u017ce, bo by\u0142aby to islamofobia. Psychopaci otrzymuj\u0105 karm\u0119 najwy\u017cszej jako\u015bci. Dobry cz\u0142owiek ma nik\u0142e szanse na uodpornienie si\u0119 przed zaraz\u0105. Zniewolenie umys\u0142\u00f3w post\u0119puje krok za krokiem.<\/span><\/p>\n<p style=\"text-align: left;\"><span style=\"color: #000080;\">Czy jest jakakolwiek szansa \u00a0na dekolonizacj\u0119 umys\u0142\u00f3w zniewolonych? W miejscach takich jak Gaza wymaga to totalnej kl\u0119ski organizacji wychowuj\u0105cej sadystycznych morderc\u00f3w. Na demokratycznym Zachodzie chwilowo nie wida\u0107 \u017cadnej nadziei.<\/span><\/p>\n<p style=\"text-align: left;\"><span style=\"color: #000080;\">Luai Ahmed mieszkaj\u0105cy w Szwecji Jeme\u0144czyk, kt\u00f3ry zdo\u0142a\u0142 wyzwoli\u0107 si\u0119 z dziedzictwa swojej religii i swojego kraju pisze, \u017ce dostaje ostrze\u017cenia, i\u017c mo\u017ce by\u0107 celem najbardziej niebezpiecznych islamist\u00f3w na Zachodzie. Odpowiada, \u017ce najbardziej niebezpiecznymi zachodnimi islamistami s\u0105 dzi\u015b zagubieni zachodni intelektuali\u015bci, profesorowie i dziennikarze, \u017cyj\u0105cy w swoich wie\u017cach z ko\u015bci s\u0142oniowej. \u201eNie boj\u0119 si\u0119 gro\u017c\u0105cych mi islamist\u00f3w. Jestem tylko jednostk\u0105, kt\u00f3ra chce prze\u017cy\u0107 swoje kr\u00f3tkie \u017cycie, jak ka\u017cdy inny. Obawiam si\u0119 islamizacji Zachodu, kt\u00f3ra b\u0119dzie prowadzi\u0107 do zniewolenia miliard\u00f3w ludzi w nadchodz\u0105cych stuleciach.\u201d<\/span><br \/>\n<span style=\"color: #000080;\">Ta groza mo\u017ce sta\u0107 si\u0119 realna w zale\u017cno\u015bci od stopnia kolonizacji umys\u0142\u00f3w. Chwilowo widzimy marsze tysi\u0119cy, kt\u00f3re popieraj\u0105 nazistowski Hamas, widzimy dobrych ludzi, kt\u00f3rzy \u015bledz\u0105 doniesienia medi\u00f3w i s\u0105 gotowi wierzy\u0107 tym, kt\u00f3rzy ich informuj\u0105, pozostaj\u0105c bez szans na dotarcie do rzetelnej wiedzy.<\/span><\/p>\n<\/div>\n<p><img decoding=\"async\" src=\"http:\/\/www.listyznaszegosadu.pl\/upload\/article\/bild\/1029\/1003937\/gebert__2__s.jpg\" width=\"100%\" \/><\/p>\n<hr style=\"height: 15px; background: #d0e6fa; width: 100%;\" \/>\n<div id=\"content\" class=\"content-alignment\">\n<div id=\"watch-description\" class=\"yt-uix-button-panel\">\n<div id=\"watch-description-text\" style=\"text-align: center;\">\n<p><em>Zawarto\u015b\u0107 publikowanych artyku\u0142\u00f3w i materia\u0142\u00f3w nie reprezentuje pogl\u0105d\u00f3w ani opinii Reunion&#8217;68,<\/em><em><br \/>\nani te\u017c webmastera Blogu Reunion&#8217;68, chyba ze jest to wyra\u017anie zaznaczone.<br \/>\nTwoje uwagi, linki, w\u0142asne artyku\u0142y lub wiadomo\u015bci prze\u015blij na adres:<br \/>\n<\/em><span style=\"color: #000080;\"><strong><em><a style=\"color: #000080;\" href=\"mailto:webmaster@reunion68.com\"><span style=\"text-decoration: underline;\">webmaster@reunion68.com<\/span><\/a><\/em><\/strong><\/span><\/p>\n<\/div>\n<\/div>\n<\/div>\n<hr style=\"width: 100%;\" \/>\n","protected":false},"excerpt":{"rendered":"<p>Izraelski \u017co\u0142nierz id\u0105cy od bramy w Auschwitz. Dekolonizacja umys\u0142\u00f3w zniewolonych Andrzej Koraszewski Nigdy nie s\u0142ysza\u0142em, \u017ceby jaki\u015b polityk m\u00f3wi\u0142, \u017ce Ukrai\u0144cy maj\u0105 prawo do obrony. Mo\u017ce nie chc\u0105 nara\u017ca\u0107 si\u0119 na \u015bmieszno\u015b\u0107. Niekt\u00f3rzy m\u00f3wi\u0105 jednak, \u017ce Izrael ma prawo do obrony i jest to dow\u00f3d ich moralno\u015bci i szlachetno\u015bci. W rzeczywisto\u015bci m\u00f3wi\u0105, \u017ce nawet \u017bydzi [&hellip;]<\/p>\n","protected":false},"author":1,"featured_media":0,"comment_status":"closed","ping_status":"closed","sticky":false,"template":"","format":"standard","meta":[],"categories":[6],"tags":[26,24],"_links":{"self":[{"href":"https:\/\/www.reunion68.se\/index.php?rest_route=\/wp\/v2\/posts\/109821"}],"collection":[{"href":"https:\/\/www.reunion68.se\/index.php?rest_route=\/wp\/v2\/posts"}],"about":[{"href":"https:\/\/www.reunion68.se\/index.php?rest_route=\/wp\/v2\/types\/post"}],"author":[{"embeddable":true,"href":"https:\/\/www.reunion68.se\/index.php?rest_route=\/wp\/v2\/users\/1"}],"replies":[{"embeddable":true,"href":"https:\/\/www.reunion68.se\/index.php?rest_route=%2Fwp%2Fv2%2Fcomments&post=109821"}],"version-history":[{"count":6,"href":"https:\/\/www.reunion68.se\/index.php?rest_route=\/wp\/v2\/posts\/109821\/revisions"}],"predecessor-version":[{"id":109831,"href":"https:\/\/www.reunion68.se\/index.php?rest_route=\/wp\/v2\/posts\/109821\/revisions\/109831"}],"wp:attachment":[{"href":"https:\/\/www.reunion68.se\/index.php?rest_route=%2Fwp%2Fv2%2Fmedia&parent=109821"}],"wp:term":[{"taxonomy":"category","embeddable":true,"href":"https:\/\/www.reunion68.se\/index.php?rest_route=%2Fwp%2Fv2%2Fcategories&post=109821"},{"taxonomy":"post_tag","embeddable":true,"href":"https:\/\/www.reunion68.se\/index.php?rest_route=%2Fwp%2Fv2%2Ftags&post=109821"}],"curies":[{"name":"wp","href":"https:\/\/api.w.org\/{rel}","templated":true}]}}