{"id":109869,"date":"2024-01-05T18:05:42","date_gmt":"2024-01-05T16:05:42","guid":{"rendered":"http:\/\/www.reunion68.se\/?p=109869"},"modified":"2024-01-05T14:02:21","modified_gmt":"2024-01-05T12:02:21","slug":"12-09-78","status":"publish","type":"post","link":"https:\/\/www.reunion68.se\/?p=109869","title":{"rendered":"Izrael: Gaza b\u0119dzie palesty\u0144ska. Przynajmniej w kwestiach cywilnych"},"content":{"rendered":"<p style=\"text-align: center;\"><img decoding=\"async\" class=\"aligncenter\" src=\"https:\/\/bi.im-g.pl\/im\/c6\/26\/1d\/z30565318AMP,Palestynczycy-w-Rafah-w-poludniowej-Strefie-Gazy--.jpg\" width=\"100%\"><span style=\"color: #808080;\"><em>Palesty\u0144czycy w Rafah w po\u0142udniowej Strefie Gazy, 1 stycznia 2024 r. (Ibraheem Abu Mustafa)<\/em><\/span><\/p>\n<hr>\n<h5 style=\"text-align: center;\"><a href=\"https:\/\/wyborcza.pl\/\" target=\"_blank\" rel=\"noopener noreferrer\"><img decoding=\"async\" class=\"center alignleft\" src=\"http:\/\/www.reunion68.com\/Biuletyn\/img\/wyborcza.png\" alt=\"\" width=\"35%\"><\/a><span style=\"text-decoration: underline; color: #000080;\"><strong><a style=\"color: #000080; text-decoration: underline;\" href=\"https:\/\/wyborcza.pl\/7,75399,30565149,izrael-gaza-bedzie-palestynska-przynajmniej-w-kwestiach-cywilnych.html\" target=\"_blank\" rel=\"noopener noreferrer\">Izrael: Gaza b\u0119dzie palesty\u0144ska. Przynajmniej w kwestiach cywilnych<\/a><\/strong><\/span><\/h5>\n<p style=\"text-align: center;\"><span style=\"color: #000000;\"><strong>Marta Urz\u0119dowska<\/strong><\/span><\/p>\n<hr style=\"height: 15px; background: #d0e6fa; width: 100%;\">\n<h5 class=\"text--lead \"><strong>Po zako\u0144czeniu dzia\u0142a\u0144 wojennych Stref\u0105 Gazy b\u0119d\u0105 rz\u0105dzi\u0107 Palesty\u0144czycy &#8211; zapewnia izraelski minister obrony, przedstawiaj\u0105c po raz pierwszy izraelski plan na przysz\u0142o\u015b\u0107 enklawy. W regionie przebywa z wizyt\u0105 szef dyplomacji USA Antony Blinken.<\/strong><\/h5>\n<div class=\"column-54\" data-position=\"54,4\">.<\/div>\n<div class=\"article--underlead\" style=\"text-align: left;\"><span style=\"color: #000080;\">\u2013 Hamas nie b\u0119dzie rz\u0105dzi\u0142 Gaz\u0105, a Izrael nie b\u0119dzie sprawowa\u0142 nad ni\u0105 cywilnej kontroli \u2013 przekonywa\u0142 izraelski minister obrony Jo&#8217;aw Gallant na czwartkowym spotkaniu z dziennikarzami. \u2013 Mieszka\u0144cy Gazy to Palesty\u0144czycy, dlatego u w\u0142adzy b\u0119d\u0105 palesty\u0144skie organy, pod warunkiem \u017ce nie b\u0119dzie dochodzi\u0142o do wrogich dzia\u0142a\u0144 czy gr\u00f3\u017ab pod adresem pa\u0144stwa Izraela \u2013 zaznaczy\u0142 szef resortu.<\/span><\/div>\n<div class=\"article--content article--content-free  \">\n<p class=\"text--paragraph\" style=\"text-align: left;\"><span style=\"color: #000080;\">Tym samym po raz pierwszy izraelskie w\u0142adze odnios\u0142y si\u0119 do spekulacji wok\u00f3\u0142 przysz\u0142o\u015bci Strefy Gazy po zako\u0144czeniu obecnej ods\u0142ony wojny. Zacz\u0119\u0142a si\u0119 atakiem terroryst\u00f3w z Hamasu na Izrael 7 pa\u017adziernika, w kt\u00f3rym zgin\u0119\u0142o 1,2 tys. Izraelczyk\u00f3w, a 250 os\u00f3b porwano do Gazy. Izraelczycy odpowiedzieli nalotami i inwazj\u0105 l\u0105dow\u0105, w kt\u00f3rych zgin\u0119\u0142o ponad 22 tys. Palesty\u0144czyk\u00f3w \u2013 terroryst\u00f3w i cywil\u00f3w.<\/span><\/p>\n<h4 class=\"text--title font-head-700\"><strong>Izrael chce inaczej walczy\u0107 w Gazie<\/strong><\/h4>\n<p class=\"text--paragraph\" style=\"text-align: left;\"><span style=\"color: #000080;\">Gallant wyja\u015bni\u0142, \u017ce w ramach nowego planu wojna w Gazie b\u0119dzie trwa\u0142a, dop\u00f3ki nie uda si\u0119 w pe\u0142ni zlikwidowa\u0107 \u201ezdolno\u015bci Hamasu do rz\u0105dzenia i prowadzenia walki&#8221;, a tak\u017ce do czasu, a\u017c uwolnieni zostan\u0105 wszyscy porwani przez palesty\u0144skich terroryst\u00f3w zak\u0142adnicy. Na miejscu nadal pozostaje ich ok. 120. Drugie tyle, g\u0142\u00f3wnie kobiety i dzieci, zwolniono w listopadzie w ramach siedmiodniowego, wynegocjowanego przez Katarczyk\u00f3w i Amerykan\u00f3w zawieszenia broni.<\/span><\/p>\n<p class=\"text--paragraph\" style=\"text-align: left;\"><span style=\"color: #000080;\">Jednocze\u015bnie minister podkre\u015bli\u0142, \u017ce &#8211; zanim b\u0119dzie mo\u017cna wprowadza\u0107 w \u017cycie powojenne plany &#8211; Izrael musi najpierw sko\u0144czy\u0107 wojn\u0119 w Gazie, przy czym w najbli\u017cszym czasie wejdzie w jej now\u0105 faz\u0119. Izraelskie si\u0142y b\u0119d\u0105 stosowa\u0107 \u201enowe podej\u015bcie do prowadzenia walki&#8221; na p\u00f3\u0142nocy Gazy, gdzie mocno ogranicz\u0105 swoje operacje, jednocze\u015bnie kontynuuj\u0105c walk\u0119 z Hamasem na pe\u0142n\u0105 skal\u0119 na po\u0142udniu enklawy \u201etak d\u0142ugo, jak b\u0119dzie to konieczne&#8221;.<\/span><\/p>\n<p class=\"text--paragraph\" style=\"text-align: left;\"><span style=\"color: #000080;\">Nowy spos\u00f3b prowadzenia walk na p\u00f3\u0142nocy zak\u0142ada \u2013 zamiast wielkich atak\u00f3w, w kt\u00f3rych ginie wielu cywil\u00f3w, atakowanie konkretnych kryj\u00f3wek Hamasu, niszczenie tuneli, ale tak\u017ce \u201edzia\u0142ania z powietrza i z ziemi i operacje specjalne&#8221;, kt\u00f3rych celem b\u0119dzie \u201eerozja&#8221; pozosta\u0142ych na miejscu terrorystycznych kom\u00f3rek.<\/span><\/p>\n<p class=\"text--paragraph\" style=\"text-align: left;\"><span style=\"color: #000080;\">Jak wynika z planu przedstawionego przez Gallanta, po zako\u0144czeniu dzia\u0142a\u0144 wojennych w Gazie rozpocznie si\u0119 nowa faza, podczas kt\u00f3rej \u201eHamas nie b\u0119dzie kontrolowa\u0142 Strefy ani nie b\u0119dzie stanowi\u0142 zagro\u017cenia dla bezpiecze\u0144stwa obywateli Izraela&#8221;. Jednocze\u015bnie sprawami cywilnymi enklawy b\u0119d\u0105 zarz\u0105dza\u0107 bli\u017cej nieokre\u015blone na razie palesty\u0144skie w\u0142adze. Izrael zachowa prawo dzia\u0142ania na terenie enklawy, jednak \u201ew Strefie Gazy nie b\u0119dzie cywilnych izraelskich w\u0142adz po tym, jak zostan\u0105 zrealizowane cele wojny&#8221;.<\/span><\/p>\n<h4 class=\"text--title font-head-700\" style=\"text-align: left;\"><strong>Skrajna prawica chce radykalnych rozwi\u0105za\u0144<\/strong><\/h4>\n<p class=\"text--paragraph\" style=\"text-align: left;\"><span style=\"color: #000080;\">Propozycja Gallanta, nazwana \u201ewizj\u0105 dla fazy trzeciej&#8221;, nie jest na razie oficjalnie obowi\u0105zuj\u0105cym planem izraelskich w\u0142adz \u2013 propozycj\u0119 musi najpierw zatwierdzi\u0107 wojenny gabinet Benjamina Netanjahu.<\/span><\/p>\n<\/div>\n<p style=\"text-align: left;\"><span style=\"color: #000080;\">Przed wojn\u0105 Gaz\u0105 rz\u0105dzi\u0142 Hamas, kt\u00f3remu Izrael po atakach z 7 pa\u017adziernika poprzysi\u0105g\u0142 pe\u0142ne unicestwienie. Oznacza to, \u017ce nowy rz\u0105d enklawy, o kt\u00f3rym wspomina Gallant, b\u0119dzie musia\u0142 wywodzi\u0107 si\u0119 z Autonomii Palesty\u0144skiej \u2013 palesty\u0144skich w\u0142adz rz\u0105dz\u0105cych dzi\u015b cz\u0119\u015bciowo i niezbyt udolnie drugim kawa\u0142kiem palesty\u0144skich ziem, czyli Zachodnim Brzegiem Jordanu.<\/span><\/p>\n<p class=\"text--paragraph\" style=\"text-align: left;\"><span style=\"color: #000080;\">Ze s\u0142\u00f3w ministra wynika, \u017ce w Gazie Palesty\u0144czycy b\u0119d\u0105 odpowiada\u0107 jedynie za kwestie czysto cywilne, natomiast Izraelczycy zajm\u0105 si\u0119 sprawami zwi\u0105zanymi z bezpiecze\u0144stwem. Tak\u017ce Waszyngton wcze\u015bniej sugerowa\u0142, \u017ce Gaza powinna by\u0107 rz\u0105dzona przez \u201ezrewitalizowan\u0105&#8221; Autonomi\u0119 Palesty\u0144sk\u0105. Trwaj\u0105ca obecnie wizyta ameryka\u0144skiego sekretarza stanu Antony\u2019ego Blinkena na Bliskim Wschodzie b\u0119dzie zapewne dotyczy\u0142a m.in. w\u0142a\u015bnie przysz\u0142o\u015bci Gazy.<\/span><\/p>\n<p class=\"text--paragraph\" style=\"text-align: left;\"><span style=\"color: #000080;\">Blinken b\u0119dzie te\u017c rozmawia\u0107 z w\u0142adzami kraj\u00f3w regionu o sposobach unikni\u0119cia eskalacji konfliktu na inne pa\u0144stwa, a tak\u017ce dostarczeniu do enklawy wi\u0119kszej ilo\u015bci pomocy humanitarnej.<\/span><\/p>\n<p style=\"text-align: left;\"><span style=\"color: #000080;\">Propozycja Gallanta nie podoba si\u0119 skrajnie prawicowym cz\u0142onkom izraelskiego rz\u0105du, kt\u00f3rzy domagaj\u0105 si\u0119 znacznie bardziej radykalnych rozwi\u0105za\u0144. Minister ds. bezpiecze\u0144stwa narodowego Itamar Ben-Gwir wezwa\u0142 na pocz\u0105tku tygodnia \u017cydowskich osadnik\u00f3w wysiedlonych z Gazy w 2005 r., by wr\u00f3cili na teren enklawy, co by\u0142oby \u201erozwi\u0105zaniem zach\u0119caj\u0105cym do emigracji&#8221; miejscow\u0105 palesty\u0144sk\u0105 ludno\u015b\u0107. Wcze\u015bniej tak\u017ce minister finans\u00f3w&nbsp;Bezalel Smotrich wezwa\u0142 Palesty\u0144czyk\u00f3w z Gazy, by wyjechali i zrobili miejsce dla Izraelczyk\u00f3w, kt\u00f3rzy \u201esprawi\u0105, \u017ce ta pustynia rozkwitnie&#8221;.<\/span><\/p>\n<hr style=\"height: 15px; background: #d0e6fa; width: 100%;\">\n<div id=\"content\" class=\"content-alignment\">\n<div id=\"watch-description\" class=\"yt-uix-button-panel\">\n<div id=\"watch-description-text\" style=\"text-align: center;\">\n<p><em>Zawarto\u015b\u0107 publikowanych artyku\u0142\u00f3w i materia\u0142\u00f3w nie reprezentuje pogl\u0105d\u00f3w ani opinii Reunion&#8217;68,<\/em><em><br \/>\nani te\u017c webmastera Blogu Reunion&#8217;68, chyba ze jest to wyra\u017anie zaznaczone.<br \/>\nTwoje uwagi, linki, w\u0142asne artyku\u0142y lub wiadomo\u015bci prze\u015blij na adres:<br \/>\n<\/em><span style=\"color: #000080;\"><strong><em><a style=\"color: #000080;\" href=\"mailto:webmaster@reunion68.com\"><span style=\"text-decoration: underline;\">webmaster@reunion68.com<\/span><\/a><\/em><\/strong><\/span><\/p>\n<\/div>\n<\/div>\n<\/div>\n<hr style=\"width: 100%;\">\n","protected":false},"excerpt":{"rendered":"<p>Palesty\u0144czycy w Rafah w po\u0142udniowej Strefie Gazy, 1 stycznia 2024 r. (Ibraheem Abu Mustafa) Izrael: Gaza b\u0119dzie palesty\u0144ska. Przynajmniej w kwestiach cywilnych Marta Urz\u0119dowska Po zako\u0144czeniu dzia\u0142a\u0144 wojennych Stref\u0105 Gazy b\u0119d\u0105 rz\u0105dzi\u0107 Palesty\u0144czycy &#8211; zapewnia izraelski minister obrony, przedstawiaj\u0105c po raz pierwszy izraelski plan na przysz\u0142o\u015b\u0107 enklawy. W regionie przebywa z wizyt\u0105 szef dyplomacji USA [&hellip;]<\/p>\n","protected":false},"author":1,"featured_media":0,"comment_status":"closed","ping_status":"closed","sticky":false,"template":"","format":"standard","meta":[],"categories":[6],"tags":[26,24],"_links":{"self":[{"href":"https:\/\/www.reunion68.se\/index.php?rest_route=\/wp\/v2\/posts\/109869"}],"collection":[{"href":"https:\/\/www.reunion68.se\/index.php?rest_route=\/wp\/v2\/posts"}],"about":[{"href":"https:\/\/www.reunion68.se\/index.php?rest_route=\/wp\/v2\/types\/post"}],"author":[{"embeddable":true,"href":"https:\/\/www.reunion68.se\/index.php?rest_route=\/wp\/v2\/users\/1"}],"replies":[{"embeddable":true,"href":"https:\/\/www.reunion68.se\/index.php?rest_route=%2Fwp%2Fv2%2Fcomments&post=109869"}],"version-history":[{"count":8,"href":"https:\/\/www.reunion68.se\/index.php?rest_route=\/wp\/v2\/posts\/109869\/revisions"}],"predecessor-version":[{"id":109882,"href":"https:\/\/www.reunion68.se\/index.php?rest_route=\/wp\/v2\/posts\/109869\/revisions\/109882"}],"wp:attachment":[{"href":"https:\/\/www.reunion68.se\/index.php?rest_route=%2Fwp%2Fv2%2Fmedia&parent=109869"}],"wp:term":[{"taxonomy":"category","embeddable":true,"href":"https:\/\/www.reunion68.se\/index.php?rest_route=%2Fwp%2Fv2%2Fcategories&post=109869"},{"taxonomy":"post_tag","embeddable":true,"href":"https:\/\/www.reunion68.se\/index.php?rest_route=%2Fwp%2Fv2%2Ftags&post=109869"}],"curies":[{"name":"wp","href":"https:\/\/api.w.org\/{rel}","templated":true}]}}