{"id":109894,"date":"2024-01-06T18:05:59","date_gmt":"2024-01-06T16:05:59","guid":{"rendered":"http:\/\/www.reunion68.se\/?p=109894"},"modified":"2024-01-06T16:54:43","modified_gmt":"2024-01-06T14:54:43","slug":"13-09-74","status":"publish","type":"post","link":"https:\/\/www.reunion68.se\/?p=109894","title":{"rendered":"I\u2019m an Israeli Arab. Hamas does not represent me."},"content":{"rendered":"<h5 style=\"text-align: center;\"><a href=\"https:\/\/k-larevue.com\/\" target=\"_blank\" rel=\"noopener noreferrer\"><img decoding=\"async\" class=\"center alignleft\" src=\"http:\/\/www.reunion68.com\/Biuletyn\/img\/k-jews-1.png\" alt=\"\" width=\"20%\" \/><\/a><span style=\"text-decoration: underline; color: #000080;\"><strong><a style=\"color: #000080; text-decoration: underline;\" href=\"https:\/\/k-larevue.com\/en\/im-an-israeli-arab-hamas-does-not-represent-me\/\" target=\"_blank\" rel=\"noopener noreferrer\">I\u2019m an Israeli Arab. Hamas does not represent me.<\/a><\/strong><\/span><\/h5>\n<p style=\"text-align: center;\"><span style=\"color: #000000;\"><strong>Mouna Maroun<\/strong><\/span><\/p>\n<hr style=\"height: 15px; background: #d0e6fa; width: 100%;\" \/>\n<div>\n<h4><span style=\"color: #808080;\"><strong>How do Israeli Arabs experience October 7 and its aftermath? In her testimony, Mouna Maroun, a doctor of neurobiology and vice president of the University of Haifa, provides some answers to this question. Based on her personal experience of harmonious coexistence between Israeli Jews and Arabs and her struggle to deepen it at the university, she examines the difficulties posed to the integration process by the shock experienced by Israeli society as a whole, but also the reasons for hope.<\/strong><\/span><\/h4>\n<\/div>\n<p style=\"text-align: center;\"><img decoding=\"async\" class=\"aligncenter\" src=\"https:\/\/k-larevue.com\/wp-content\/thumbnails\/uploads\/2023\/12\/capture-decran-2023-12-20-a-17-50-49-tt-width-875-height-569-fill-0-crop-0-bgcolor-eeeeee-except_gif-1-post_id-0.png\" width=\"100%\" \/><span style=\"color: #808080;\"><em>Mouna Maroun<\/em><\/span><\/p>\n<p style=\"text-align: left;\"><span style=\"color: #000080;\">What is it like to be an Arab in Israel right now? In a word: horrible.\u00a0<\/span><\/p>\n<p style=\"text-align: left;\"><span style=\"color: #000080;\">I\u2019ve spent the majority of my life in Israel\u2019s north, a beacon of coexistence where Jews and Arabs have lived side by side in harmony. Yet today, for the first time in my life, I understand why Jews are afraid of us.\u00a0<\/span><\/p>\n<p style=\"text-align: left;\"><span style=\"color: #000080;\">Like all Israelis, I was glued to the news on the morning of Oct. 7, when Hamas terrorists infiltrated the country and indiscriminately murdered and kidnapped men, women, children, the elderly, Jews, Arabs and foreign nationals. The staggering numbers are now permanently etched in our minds; over 1,400 murdered and 240 taken hostage. Like all Israelis, I was devastated.\u00a0<\/span><\/p>\n<p style=\"text-align: left;\"><span style=\"color: #000080;\">When I saw an elderly woman being abducted and taken into Gaza, I felt that it could have been my own mother, who is now 95. When I read reports of young children being slaughtered, I thought of ours kids, Arab kids. And when I saw pictures of the Arabs and Bedouins who were killed or taken as hostages, I saw myself. Hamas did not discriminate between Jews and Arabs, for Hamas they were all Israeli.\u00a0<\/span><\/p>\n<p style=\"text-align: left;\"><span style=\"color: #000080;\">Against this backdrop, the paranoia, tension and fear that Jews feel when they encounter Arabs is understandable. As a researcher who studies how the human brain works, I can tell you that when the brain experiences grave stress, it\u2019s natural to generalize your surroundings as a coping mechanism. The suspicious looks that I was accustomed to receiving when traveling in and out of Ben Gurion Airport are now being directed at Israeli Arabs across the country.\u00a0<\/span><\/p>\n<p style=\"text-align: left;\"><span style=\"color: #000080;\">For years we have been working for the integration of the Arab society into the Academia and in the health system. In both systems, we had phenomenal success were Jews and Arabs are together, side by side. After the 7th, we are facing the risk of the collapse of this success. Jews are afraid of me, of us.\u00a0<\/span><\/p>\n<p style=\"text-align: left;\"><span style=\"color: #000080;\">I\u2019m embarrassed. And Hamas is to blame.<\/span><\/p>\n<p style=\"text-align: left;\"><span style=\"color: #000080;\">I\u2019m frequently asked as an Arab, \u201cDo you condemn Hamas?\u201d Asking Israeli Arabs this question misses a fundamental aspect of just how much we\u2019re intertwined with Israeli life. Does it make sense to ask an Israeli Jew if they condemn Hamas? Of course not. This is why the world needs to understand that Israeli Arabs reject Hamas and its ideology just as much as Jews do.<\/span><\/p>\n<blockquote><p><em><span class=\"highlight\"><strong>Hamas did not discriminate between Jews and Arabs, for Hamas they were all Israeli.<\/strong><\/span><\/em><\/p><\/blockquote>\n<p style=\"text-align: left;\"><span style=\"color: #000080;\">Another question I\u2019m asked is, \u201cDon\u2019t you feel bad for the Gazans and what is happening to them?\u201d Certainly, I do. Every day, I think about the many Gazan children crying out for their mothers, just as much as I can\u2019t stop picturing the Jewish children in Hamas captivity. For those captive Israeli and Palestinian children crying similarly out of fear, I ask: Who is feeding them? Who hugs them when they cry? Who is telling them everything will be okay? And in this instance, Hamas is also to blame for cynically weaponizing their fear to further an agenda of terror. Hamas is to blame for making children, women and elderlyas human shields forcing them to stay under the bombings. Hamas is to blame not for terrorizing the Israeli but also for terrorizing their own people and being the direct responsible of relocation of Palestinians from their homes and land.\u00a0<\/span><\/p>\n<p style=\"text-align: left;\"><span style=\"color: #000080;\">I am devastated by the scenes that I saw on the 7th\u00a0and am similarly saddened by what I see on the other side with innocent children being killed or living without hopes for good future. Showing empathy for one side in a conflict does not negate the capacity to have empathy for the other. Rather, it shows that you\u2019re human. Arabs do not need to choose a side in this conflict. For the sake of humanity, I implore the Arab community to move forward and to cleverly and responsibly understand the Jewish narrative, since we for 75 years, have been asking them to understand ours. For the first time, as an Arab minority we are requested to stand with empathy and understand the majority\u2019s narrative.<\/span><\/p>\n<p style=\"text-align: left;\"><span style=\"color: #000080;\">At University of Haifa, we\u2019re preparing to do just that. While the beginning of the school year has been delayed due to the war, the University\u2019s administration is brainstorming ways to turn down the temperature on campus so that our students are reintegrated into a peaceful environment.\u00a0<\/span><\/p>\n<p style=\"text-align: left;\"><span style=\"color: #000080;\">In the city of Haifa, there are mixed neighborhoods and mixed apartment buildings, we live in a true shared society. At the University, Jews and Arabs learn and grow together. This is the paradigm that Israel must replicate in order to move on from the tragedy of Oct. 7. I\u2019m not upset when I see the posters in Hebrew around campus stating, \u201cTogether We Will Win,\u201d because I know that Arabs are included in that fight. Together we can use our voice to speak against rising levels of discrimination we\u2019re seeing.<\/span><\/p>\n<p style=\"text-align: left;\"><span style=\"color: #000080;\">I was also asked recently if I ever see myself leaving Israel, maybe to France where I did my studies and a country that I like so much to visit. My answer is clear: I\u2019m not going anywhere. Israel is my home. For Jews and Arabs alike, this country is special. When each of us sees an olive tree, we\u2019re in awe of this majestic force of nature\u2019s ability to grow out of the arid desert soil. If Jews and Arabs are adamant about not going anywhere, it\u2019s up to both communities to determine what\u2019s next in a healthy and productive way.<\/span><\/p>\n<p style=\"text-align: left;\"><span style=\"color: #000080;\">On Oct. 7, Hamas did far more than kill 1,400 people. It also set back any hope we had for peace, gearing us all up for another generation of nothing but violence. But for every tragedy, there is a silver lining. A recent survey by the Israel Democracy Institute (IDI) indicated that 70% of Arabs in Israel identify with the State of Israel.\u00a0IDI reports the highest percentage of respondents who feel part of the state since they began asking this question in 2003.\u00a0This demonstrates that the Arab community in Israel aspires to further integrating into society and distancing itself from bad faith actors like Hamas.\u00a0<\/span><\/p>\n<p style=\"text-align: left;\"><span style=\"color: #000080;\">Israeli Arabs and Jews are like salt and pepper \u2014 they both belong on the table, and once they\u2019re sprinkled into a dish, it\u2019s almost impossible to distinguish between them. They must embrace and cherish their shared destiny by working with each other, engaging in meaningful dialogue and understanding that when it comes to coexistence and shared life, there\u2019s nothing to fear. Together, we are more powerful because we are determined to live together on this most beautiful spot on earth.<\/span><\/p>\n<hr \/>\n<p style=\"text-align: left;\"><span style=\"color: #808080;\"><em><strong>Mouna Maroun &#8211; <\/strong>Prof. Mouna Maroun is the Vice President and Dean of Research at University of Haifa and the former Head of the Sagol Department of Neurobiology at the school. She is a first-generation university graduate, the first woman from her hometown of Isfiya to earn a PhD and the first Arab woman in Israel to hold a senior faculty position in the natural sciences.<\/em><\/span><\/p>\n<hr style=\"height: 15px; background: #d0e6fa; width: 100%;\" \/>\n<div id=\"content\" class=\"content-alignment\">\n<div id=\"watch-description\" class=\"yt-uix-button-panel\">\n<div id=\"watch-description-text\" style=\"text-align: center;\">\n<p><em>Zawarto\u015b\u0107 publikowanych artyku\u0142\u00f3w i materia\u0142\u00f3w nie reprezentuje pogl\u0105d\u00f3w ani opinii Reunion&#8217;68,<\/em><em><br \/>\nani te\u017c webmastera Blogu Reunion&#8217;68, chyba ze jest to wyra\u017anie zaznaczone.<br \/>\nTwoje uwagi, linki, w\u0142asne artyku\u0142y lub wiadomo\u015bci prze\u015blij na adres:<br \/>\n<\/em><span style=\"color: #000080;\"><strong><em><a style=\"color: #000080;\" href=\"mailto:webmaster@reunion68.com\"><span style=\"text-decoration: underline;\">webmaster@reunion68.com<\/span><\/a><\/em><\/strong><\/span><\/p>\n<\/div>\n<\/div>\n<\/div>\n<hr style=\"width: 100%;\" \/>\n","protected":false},"excerpt":{"rendered":"<p>I\u2019m an Israeli Arab. Hamas does not represent me. Mouna Maroun How do Israeli Arabs experience October 7 and its aftermath? In her testimony, Mouna Maroun, a doctor of neurobiology and vice president of the University of Haifa, provides some answers to this question. Based on her personal experience of harmonious coexistence between Israeli Jews [&hellip;]<\/p>\n","protected":false},"author":1,"featured_media":0,"comment_status":"closed","ping_status":"closed","sticky":false,"template":"","format":"standard","meta":[],"categories":[6],"tags":[26,24],"_links":{"self":[{"href":"https:\/\/www.reunion68.se\/index.php?rest_route=\/wp\/v2\/posts\/109894"}],"collection":[{"href":"https:\/\/www.reunion68.se\/index.php?rest_route=\/wp\/v2\/posts"}],"about":[{"href":"https:\/\/www.reunion68.se\/index.php?rest_route=\/wp\/v2\/types\/post"}],"author":[{"embeddable":true,"href":"https:\/\/www.reunion68.se\/index.php?rest_route=\/wp\/v2\/users\/1"}],"replies":[{"embeddable":true,"href":"https:\/\/www.reunion68.se\/index.php?rest_route=%2Fwp%2Fv2%2Fcomments&post=109894"}],"version-history":[{"count":12,"href":"https:\/\/www.reunion68.se\/index.php?rest_route=\/wp\/v2\/posts\/109894\/revisions"}],"predecessor-version":[{"id":109919,"href":"https:\/\/www.reunion68.se\/index.php?rest_route=\/wp\/v2\/posts\/109894\/revisions\/109919"}],"wp:attachment":[{"href":"https:\/\/www.reunion68.se\/index.php?rest_route=%2Fwp%2Fv2%2Fmedia&parent=109894"}],"wp:term":[{"taxonomy":"category","embeddable":true,"href":"https:\/\/www.reunion68.se\/index.php?rest_route=%2Fwp%2Fv2%2Fcategories&post=109894"},{"taxonomy":"post_tag","embeddable":true,"href":"https:\/\/www.reunion68.se\/index.php?rest_route=%2Fwp%2Fv2%2Ftags&post=109894"}],"curies":[{"name":"wp","href":"https:\/\/api.w.org\/{rel}","templated":true}]}}