{"id":109949,"date":"2024-01-08T18:00:15","date_gmt":"2024-01-08T16:00:15","guid":{"rendered":"http:\/\/www.reunion68.se\/?p=109949"},"modified":"2024-01-08T16:50:39","modified_gmt":"2024-01-08T14:50:39","slug":"15-00-89","status":"publish","type":"post","link":"https:\/\/www.reunion68.se\/?p=109949","title":{"rendered":"Netanyahu taps Aharon Barak to represent Israel in ICJ genocide case"},"content":{"rendered":"<h5 style=\"text-align: center;\"><a href=\"https:\/\/www.jns.org\/\" target=\"_blank\" rel=\"noopener noreferrer\"><img decoding=\"async\" class=\"center alignleft\" src=\"http:\/\/www.reunion68.com\/Biuletyn\/img\/jns-1.png\" alt=\"\" width=\"35%\" \/><\/a><span style=\"text-decoration: underline; color: #000080;\"><span><strong><a style=\"color: #000080; text-decoration: underline;\" href=\"https:\/\/www.jns.org\/netanyahu-taps-aharon-barak-to-represent-israel-in-icj-genocide-case\/\" target=\"_blank\" rel=\"noopener noreferrer\">Netanyahu taps Aharon Barak to represent Israel in ICJ genocide case<\/a><\/strong><\/span><\/span><\/h5>\n<p style=\"text-align: center;\"><span style=\"color: #000000;\"><strong>DAVID ISAAC<\/strong><\/span><\/p>\n<hr style=\"height: 15px; background: #d0e6fa; width: 100%;\" \/>\n<h4 style=\"text-align: center;\"><span style=\"color: #808080;\"><strong>The government&#8217;s choice of one of its biggest opponents has surprised observers and has met with mixed reactions from ministers.<\/strong><\/span><\/h4>\n<p style=\"text-align: center;\">.<br \/>\n<img decoding=\"async\" class=\"aligncenter\" src=\"https:\/\/cdn.jns.org\/uploads\/2024\/01\/F191208YS38-1320x880.jpg\" width=\"100%\" \/><span style=\"color: #808080;\"><em>Former Supreme Court President Aharon Barak. Photo by Yonatan Sindel\/Flash90.<\/em><\/span><\/p>\n<p class=\"wp-block-paragraph\" style=\"text-align: left;\"><span style=\"color: #000080;\">Israel has chosen Aharon Barak, 87, a former president of the Israeli Supreme Court, to sit as its representative on the judges\u2019 panel at the International Court of Justice in the Hague to hear proceedings brought by South Africa against Israel, which the former accuses of violating the Genocide Convention.<\/span><\/p>\n<p class=\"wp-block-paragraph\" style=\"text-align: left;\"><span style=\"color: #000080;\">The hearings are scheduled for Jan. 11-12. The first day South Africa will present its oral argument. Israel will present on the second day.<\/span><\/p>\n<p class=\"wp-block-paragraph\" style=\"text-align: left;\"><span style=\"color: #000080;\">The hearings will be devoted to South Africa\u2019s request for \u201cprovisional measures\u201d to be brought against Israel, meaning an emergency suspension of Israel\u2019s war against Hamas in Gaza while the court decides the case.<\/span><\/p>\n<p class=\"wp-block-paragraph\" style=\"text-align: left;\"><span style=\"color: #000080;\">The 15-judge panel will be expanded by two additional judges, one from each side in the case.<\/span><\/p>\n<p class=\"wp-block-paragraph\" style=\"text-align: left;\"><span style=\"color: #000080;\">The choice of Barak has surprised observers and has been met with mixed reactions from government members as he led Israel\u2019s \u201cconstitutional revolution\u201d in the 1990s\u2014In the eyes of Israel\u2019s political right a power grab which has led to a decades-long expansion of the court\u2019s power.<\/span><\/p>\n<p class=\"wp-block-paragraph\" style=\"text-align: left;\"><span style=\"color: #000080;\">When the Netanyahu coalition introduced its judicial reform plan in January, arguing that it would restore a growing imbalance between the three branches of government, the ensuing battle consumed Israel\u2019s political discourse for the next 10 months, ceasing only with the Hamas attack in October.<\/span><\/p>\n<p class=\"wp-block-paragraph\" style=\"text-align: left;\"><span style=\"color: #000080;\">During the contest, which saw opponents of reform take to the streets in weekly protests, Barak became a bogeyman of the right, as he helped the opposition undermine the government\u2019s efforts by warning that the reform posed a threat to Israel\u2019s democracy.<\/span><\/p>\n<p class=\"wp-block-paragraph\" style=\"text-align: left;\"><span style=\"color: #000080;\">Perhaps the most outspoken critic of the choice of Barak to represent Israel at the ICJ has been Knesset member Tali Gottlieb of the Likud, who tweeted on Sunday, \u201cWith all due respect, I don\u2019t agree that retired [Supreme Court] President Aharon Barak will be the judge on behalf of the State of Israel at the Hague tribunal, even at the request of Prime Minister Netanyahu.\u201d<\/span><\/p>\n<p class=\"wp-block-paragraph\" style=\"text-align: left;\"><span style=\"color: #000080;\">She added: \u201cOne who came out against the government last year and presented it in such a negative light now represents the country? And under the auspices of a right-wing government? Indescribable.\u201d<\/span><\/p>\n<p class=\"wp-block-paragraph\" style=\"text-align: left;\"><span style=\"color: #000080;\">According to\u00a0Kan News, Heritage Minister Amichai Eliyahu of the Otzma Yehudit Party wrote on the government\u2019s WhatsApp group that Netanyahu had asked that Israel\u2019s views be represented at the hearing, but that \u201cI am not sure that the presence of the former president, Aharon Barak, will promote the correct views on the issue.\u201d<\/span><\/p>\n<p class=\"wp-block-paragraph\" style=\"text-align: left;\"><span style=\"color: #000080;\">Transportation Minister Miri Regev told\u00a0Kan News, \u201cI wouldn\u2019t choose [Barak]. He is not in the consensus. \u2026There are other professors, maybe not from the right, who could represent the state.\u201d<\/span><\/p>\n<p class=\"wp-block-paragraph\" style=\"text-align: left;\"><span style=\"color: #000080;\">However, others in the coalition supported the move. Interior Minister Moshe Arbel of the Shas Party, replying to Eliyahu, saying that Barak\u2019s appointment was a lesson that at the moment of truth and despite differences of opinion, Israel stands united.<\/span><\/p>\n<p class=\"wp-block-paragraph\" style=\"text-align: left;\"><span style=\"color: #000080;\">Opposition members, including National Unity Party chairman Benny Gantz and Yesh Atid Party chairman Yair Lapid, also supported Barak\u2019s selection.<\/span><\/p>\n<p class=\"wp-block-paragraph\" style=\"text-align: left;\"><span style=\"color: #000080;\">South Africa filed charges at the ICJ on Dec. 29 that Israel was violating its obligations under the Convention on the Prevention and Punishment of the Crime of Genocide (or \u201cGenocide Convention\u201d), to which it is a signatory.<\/span><\/p>\n<p class=\"wp-block-paragraph\" style=\"text-align: left;\"><span style=\"color: #000080;\">In its application, South Africa said Israel\u2019s acts \u201care genocidal in character, as they are committed with the requisite specific intent\u2026to destroy Palestinians in Gaza as a part of the broader Palestinian national, racial and ethnical group.\u201d<\/span><\/p>\n<p class=\"wp-block-paragraph\" style=\"text-align: left;\"><span style=\"color: #000080;\">Israel\u2019s Foreign Ministry denounced the move, saying, \u201cIsrael rejects with disgust the\u00a0<a style=\"color: #000080;\" href=\"https:\/\/www.jns.org\/jerusalem-accuses-south-africa-of-blood-libel-with-icj-filing\/\">blood libel<\/a>\u00a0spread by South Africa and its application to the International Court of Justice.\u201d<\/span><\/p>\n<p class=\"wp-block-paragraph\" style=\"text-align: left;\"><span style=\"color: #000080;\">Israeli Prime Minister\u2019s Office spokesman Eylon Levy said, \u201cIn giving political and legal cover to the Oct. 7 massacre and the Hamas human-shield strategy, South Africa has made itself\u00a0<a style=\"color: #000080;\" href=\"https:\/\/www.jns.org\/israel-to-fight-pretorias-genocide-blood-libel-at-the-hague\/\">criminally complicit<\/a>\u00a0with Hamas\u2019s campaign of genocide against our people.\u201d<\/span><\/p>\n<p class=\"wp-block-paragraph\" style=\"text-align: left;\"><span style=\"color: #000080;\">The Biden administration also\u00a0<a style=\"color: #000080;\" href=\"https:\/\/www.jns.org\/us-rebukes-south-africa-for-meritless-genocide-suit-against-israel\/\">criticized<\/a>\u00a0South Africa. \u201cWe find this submission meritless, counterproductive, completely without any basis in fact whatsoever,\u201d U.S. National Security Council Spokesperson John Kirby said last week.<\/span><\/p>\n<p class=\"wp-block-paragraph\" style=\"text-align: left;\"><span style=\"color: #000080;\">Legal observers tell JNS that the court\u2019s decisions are legally binding, but that many nations, including the United States, which have run afoul of the court have ignored its rulings.<\/span><\/p>\n<p class=\"wp-block-paragraph\" style=\"text-align: left;\"><span style=\"color: #000080;\">The ICJ is the principal judicial organ of the United Nations. Its seat is at the Peace Palace in The Hague in the Netherlands. It deals with legal disputes between states, whereas the International Criminal Court (ICC) prosecutes individuals.<\/span><\/p>\n<hr style=\"height: 15px; background: #d0e6fa; width: 100%;\" \/>\n<div id=\"content\" class=\"content-alignment\">\n<div id=\"watch-description\" class=\"yt-uix-button-panel\">\n<div id=\"watch-description-text\" style=\"text-align: center;\">\n<p><em>Zawarto\u015b\u0107 publikowanych artyku\u0142\u00f3w i materia\u0142\u00f3w nie reprezentuje pogl\u0105d\u00f3w ani opinii Reunion&#8217;68,<\/em><em><br \/>\nani te\u017c webmastera Blogu Reunion&#8217;68, chyba ze jest to wyra\u017anie zaznaczone.<br \/>\nTwoje uwagi, linki, w\u0142asne artyku\u0142y lub wiadomo\u015bci prze\u015blij na adres:<br \/>\n<\/em><span style=\"color: #000080;\"><strong><em><a style=\"color: #000080;\" href=\"mailto:webmaster@reunion68.com\"><span style=\"text-decoration: underline;\">webmaster@reunion68.com<\/span><\/a><\/em><\/strong><\/span><\/p>\n<\/div>\n<\/div>\n<\/div>\n<hr style=\"width: 100%;\" \/>\n","protected":false},"excerpt":{"rendered":"<p>Netanyahu taps Aharon Barak to represent Israel in ICJ genocide case DAVID ISAAC The government&#8217;s choice of one of its biggest opponents has surprised observers and has met with mixed reactions from ministers. . Former Supreme Court President Aharon Barak. Photo by Yonatan Sindel\/Flash90. Israel has chosen Aharon Barak, 87, a former president of the [&hellip;]<\/p>\n","protected":false},"author":1,"featured_media":0,"comment_status":"closed","ping_status":"closed","sticky":false,"template":"","format":"standard","meta":[],"categories":[3],"tags":[26,24],"_links":{"self":[{"href":"https:\/\/www.reunion68.se\/index.php?rest_route=\/wp\/v2\/posts\/109949"}],"collection":[{"href":"https:\/\/www.reunion68.se\/index.php?rest_route=\/wp\/v2\/posts"}],"about":[{"href":"https:\/\/www.reunion68.se\/index.php?rest_route=\/wp\/v2\/types\/post"}],"author":[{"embeddable":true,"href":"https:\/\/www.reunion68.se\/index.php?rest_route=\/wp\/v2\/users\/1"}],"replies":[{"embeddable":true,"href":"https:\/\/www.reunion68.se\/index.php?rest_route=%2Fwp%2Fv2%2Fcomments&post=109949"}],"version-history":[{"count":5,"href":"https:\/\/www.reunion68.se\/index.php?rest_route=\/wp\/v2\/posts\/109949\/revisions"}],"predecessor-version":[{"id":109965,"href":"https:\/\/www.reunion68.se\/index.php?rest_route=\/wp\/v2\/posts\/109949\/revisions\/109965"}],"wp:attachment":[{"href":"https:\/\/www.reunion68.se\/index.php?rest_route=%2Fwp%2Fv2%2Fmedia&parent=109949"}],"wp:term":[{"taxonomy":"category","embeddable":true,"href":"https:\/\/www.reunion68.se\/index.php?rest_route=%2Fwp%2Fv2%2Fcategories&post=109949"},{"taxonomy":"post_tag","embeddable":true,"href":"https:\/\/www.reunion68.se\/index.php?rest_route=%2Fwp%2Fv2%2Ftags&post=109949"}],"curies":[{"name":"wp","href":"https:\/\/api.w.org\/{rel}","templated":true}]}}