{"id":109966,"date":"2024-01-10T18:05:24","date_gmt":"2024-01-10T16:05:24","guid":{"rendered":"http:\/\/www.reunion68.se\/?p=109966"},"modified":"2024-01-10T16:41:41","modified_gmt":"2024-01-10T14:41:41","slug":"16-09-85","status":"publish","type":"post","link":"https:\/\/www.reunion68.se\/?p=109966","title":{"rendered":"Prezydent Andrzej Duda: Nie spoczn\u0119, dop\u00f3ki minister Kami\u0144ski i jego wsp\u00f3\u0142pracownicy nie zostan\u0105 zwolnieni z wi\u0119zienia"},"content":{"rendered":"<p style=\"text-align: center;\"><img decoding=\"async\" class=\"aligncenter\" src=\"https:\/\/bi.im-g.pl\/im\/9e\/29\/1d\/z30580382AMP,Oswiadczenie-prezydenta-Andrzeja-Dudy-ws--skazanyc.jpg\" width=\"100%\"><span style=\"color: #808080;\"><em>O\u015bwiadczenie prezydenta Andrzeja Dudy ws. skazanych prawomocnym wyrokiem by\u0142ych pos\u0142\u00f3w PiS Mariusza Kami\u0144skiego i Macieja W\u0105sika, 10 stycznia 2024 r. (Fot. S\u0142awomir Kami\u0144ski \/ Agencja Wyborcza.pl)<\/em><\/span><\/p>\n<hr>\n<h5 style=\"text-align: center;\"><a href=\"https:\/\/wyborcza.pl\/\" target=\"_blank\" rel=\"noopener noreferrer\"><img decoding=\"async\" class=\"center alignleft\" src=\"http:\/\/www.reunion68.com\/Biuletyn\/img\/wyborcza.png\" alt=\"\" width=\"35%\"><\/a><span style=\"text-decoration: underline; color: #000080;\"><span><strong><a style=\"color: #000080; text-decoration: underline;\" href=\"https:\/\/wyborcza.pl\/7,75398,30580136,prezydent-andrzej-duda-o-uwiezieniu-kaminskiego-i-wasika.html\" target=\"_blank\" rel=\"noopener noreferrer\">Prezydent Andrzej Duda: Nie spoczn\u0119, dop\u00f3ki minister Kami\u0144ski i jego wsp\u00f3\u0142pracownicy nie zostan\u0105 zwolnieni z wi\u0119zienia<\/a><\/strong><\/span><\/span><\/h5>\n<p style=\"text-align: center;\"><span style=\"color: #000000;\"><strong>Agata Kondzi\u0144ska<\/strong><\/span><\/p>\n<hr style=\"height: 15px; background: #d0e6fa; width: 100%;\">\n<div class=\"text--lead \" style=\"text-align: left;\" data-progress-bar-content=\"\"><span style=\"color: #000080;\">Prezydent Andrzej Duda zaprosi\u0142 dziennikarzy, by wyg\u0142osi\u0107 o\u015bwiadczenie po uwi\u0119zieniu Micha\u0142a Kami\u0144skiego i Macieja W\u0105sika.<\/span><\/div>\n<div class=\"article--content article--content-free  \">\n<p class=\"text--paragraph\" style=\"text-align: left;\"><span style=\"color: #000080;\">&#8211; Nie spoczn\u0119 w walce o uczciwe, sprawiedliwe pa\u0144stwo polskie dla obywateli. Nie spoczn\u0119, dop\u00f3ki minister Kami\u0144ski i jego wsp\u00f3\u0142pracownicy nie zostan\u0105 zwolnieni z wi\u0119zienia. Nie przestrasz\u0119 si\u0119, b\u0119d\u0119 dzia\u0142a\u0142 w spos\u00f3b legalny, zgodny z konstytucj\u0105, jak do tej pory &#8211; m\u00f3wi\u0142 w \u015brod\u0119 w specjalnym o\u015bwiadczeniu prezydent Andrzej Duda.<\/span><\/p>\n<h4 class=\"text--title font-head-700\"><strong>Andrzej Duda: U\u0142askawienie jest w mocy<\/strong><\/h4>\n<p class=\"text--paragraph\" style=\"text-align: left;\"><span style=\"color: #000080;\">Jednocze\u015bnie podtrzyma\u0142 swoje zdanie, \u017ce jego u\u0142askawienie sprzed lat jest w mocy. &#8211; Niestety, moja decyzja od pocz\u0105tku wzbudzi\u0142a \u017carliwy sp\u00f3r, kt\u00f3ry przek\u0142ada\u0142 si\u0119 na r\u00f3\u017cne interpretacje &#8211; wspomina\u0142. M\u00f3wi\u0142, \u017ce &#8220;by\u0142y r\u00f3\u017cne, kontrowersyjne u\u0142askawienia, ale nie u\u0142askawiano tych, co walczyli z korupcj\u0105. Przypomina\u0142, \u017ce s\u0105d okr\u0119gowy potwierdzi\u0142 jego u\u0142askawienie, a potem TK. &#8211; By\u0142o podr\u0119cznikowe, bo ten model by\u0142 opisany w podr\u0119cznikach prawa. Dlatego sta\u0142em i stoj\u0119 na stanowisku, \u017ce panowie W\u0105sik i Kami\u0144ski zostali u\u0142askawieni przez prezydenta skutecznie, zgodnie z konstytucj\u0105, dlatego posiadaj\u0105 swoje mandaty, a pr\u00f3by pozbawienia ich tego s\u0105 nielegalne &#8211; przekonywa\u0142. I m\u00f3wi\u0142: &#8211; Broni\u0142em mandat\u00f3w poselskich, instytucji prezydenckiego u\u0142askawienia, ale od wczoraj sytuacja zmieni\u0142a si\u0119 diametralnie. Ministrowie zostali zatrzymani, s\u0105 w areszcie.<\/span><\/p>\n<p style=\"text-align: left;\"><span style=\"color: #000080;\">Nie &#8220;b\u0119dzie si\u0119 rozwodzi\u0142, jak to si\u0119 odby\u0142o&#8221;. Bo jak s\u0142yszy, \u017ce ta sprawa nie jest polityczna, to ma u\u015bmiech na twarzy. &#8211; Chcia\u0142bym zapyta\u0107 moich rodak\u00f3w, kiedy widzieli tak\u0105 gorliwo\u015b\u0107 s\u0142u\u017cb. Dzia\u0142anie jest b\u0142yskawiczne, natychmiastowe, zw\u0142aszcza niekt\u00f3rych s\u0119dzi\u00f3w z wyra\u017an\u0105 afiliacj\u0105 polityczn\u0105, ale te\u017c w\u0142adzy &#8211; opisywa\u0142.<\/span><\/p>\n<\/div>\n<p class=\"text--paragraph\" style=\"text-align: left;\"><span style=\"color: #000080;\">Duda przekonywa\u0142, \u017ce Kami\u0144ski &#8220;zosta\u0142 skazany na podstawie tych samych dowod\u00f3w, na podstawie kt\u00f3rych skazany za proceder zwi\u0105zany z korupcj\u0105 zosta\u0142 wcze\u015bniej jeden z uczestnik\u00f3w tzw. afery gruntowej&#8221;. Dla niego sprawa by\u0142a od samego pocz\u0105tku &#8220;kontrowersyjna i dla wi\u0119kszo\u015bci opinii publicznej, nie by\u0142o \u017cadnych w\u0105tpliwo\u015bci, \u017ce w istocie jest to sprawa polityczna.&#8221; M\u00f3wi\u0142: &#8211; \u017badne odpowiedzialne w\u0142adze uczciwego, sprawiedliwego pa\u0144stwa nie mog\u0105 dawa\u0107 przyzwolenia na korupcj\u0119, dlatego te\u017c uwa\u017ca\u0142em i uwa\u017cam, \u017ce ci, kt\u00f3rzy prowadz\u0105 walk\u0119 z korupcj\u0105, powinni znajdowa\u0107 si\u0119 pod szczeg\u00f3ln\u0105 opiek\u0105 i szczeg\u00f3ln\u0105 trosk\u0105 ze strony pa\u0144stwa, albowiem wykonuj\u0105 zadanie niezwykle trudne, zw\u0142aszcza je\u015bli dotyczy to korupcji na najwy\u017cszych szczeblach w\u0142adzy.<\/span><\/p>\n<p class=\"text--paragraph\" style=\"text-align: left;\"><span style=\"color: #000080;\">Apelowa\u0142 te\u017c o spok\u00f3j przed demonstracj\u0105&nbsp;<a style=\"color: #000080;\" href=\"https:\/\/wyborcza.pl\/0,128956.html?tag=PiS#anchorLink\">PiS<\/a>&nbsp;planowan\u0105 11 stycznia: &#8211; Wolno w Polsce si\u0119 gromadzi\u0107, jak kto\u015b chce uczestniczy\u0107 w manifestacjach, mo\u017ce, ale niech to b\u0119d\u0105 manifestacje godne i spokojne -prosi\u0142. Przekonywa\u0142: &#8211; Wierz\u0119, \u017ce sprawiedliwymi, uczciwymi metodami, zgodnymi z zasadami demokracji, jeste\u015bmy w stanie przywr\u00f3ci\u0107 uczciwo\u015b\u0107 i sprawiedliwo\u015b\u0107 w pa\u0144stwie.&nbsp;<\/span><\/p>\n<p class=\"text--paragraph\" style=\"text-align: left;\"><span style=\"color: #000080;\">Wydarzeniami w Pa\u0142acu &#8220;jest g\u0142\u0119boko wstrz\u0105\u015bni\u0119ty&#8221;, \u017ce &#8221;&nbsp;zrobiono to z tak\u0105 brutalno\u015bci\u0105 i gorliwo\u015bci\u0105, prawn\u0105, fizyczn\u0105 i medialn\u0105.&#8221;<\/span><\/p>\n<h4 class=\"text--title font-head-700\" style=\"text-align: left;\"><strong>&nbsp;Zatrzymanie Kami\u0144skiego i W\u0105sika<\/strong><\/h4>\n<p class=\"text--paragraph\" style=\"text-align: left;\"><span style=\"color: #000080;\">We wtorek po godz. 19 policja wesz\u0142a do Pa\u0142acu Prezydenckiego i zatrzyma\u0142a przebywaj\u0105cych tam Macieja W\u0105sika i&nbsp;<a style=\"color: #000080;\" href=\"http:\/\/wyborcza.pl\/7,75398,24206233,afera-knf-rzecznik-mariusza-kaminskiego-ujawnia-jak-prokuratura.html#anchorLink\">Mariusza Kami\u0144skiego<\/a>. Politycy PiS zostali przewiezieni do komisariatu przy ul. Grenadier\u00f3w, a p\u00f3\u017aniej do aresztu na Grochowie.<\/span><\/p>\n<p class=\"text--paragraph\" style=\"text-align: left;\"><span style=\"color: #000080;\">Obaj s\u0105 skazani prawomocnym wyrokiem za przekroczenie uprawnie\u0144 i niedope\u0142nienie obowi\u0105zk\u00f3w. Bezprawnie pos\u0142u\u017cyli si\u0119 prowokacj\u0105 przeprowadzon\u0105 z wykorzystaniem sfa\u0142szowanych dokument\u00f3w i dzia\u0142aj\u0105cych pod przykryciem funkcjonariuszy. Naruszyli prawo, zarz\u0105dzaj\u0105c instalacj\u0119 w pokojach hotelowych pods\u0142uch\u00f3w bez zgody prokuratora generalnego oraz s\u0105du.<\/span><\/p>\n<p class=\"text--paragraph\" style=\"text-align: left;\"><span style=\"color: #000080;\">Ani Kami\u0144ski, ani W\u0105sik nie uznaj\u0105 wyroku. Uwa\u017caj\u0105, \u017ce&nbsp;<a id=\"LinkArea:embed_link\" class=\"text--link \" style=\"color: #000080;\" title=\"nadal s\u0105 pos\u0142ami mimo postanowienia marsza\u0142ka Sejmu Szymona Ho\u0142own\" href=\"https:\/\/wyborcza.pl\/7,75398,30524690,jest-decyzja-w-sprawie-kaminskiego-i-wasika.html#S.embed_link-K.C-B.1-L.1.zw\" rel=\"dofollow\" data-bd-viewability=\"1\" data-bd-viewability-id=\"embed_link\" data-bd-viewability-href=\"https:\/\/wyborcza.pl\/7,75398,30524690,jest-decyzja-w-sprawie-kaminskiego-i-wasika.html#S.embed_link-K.C-B.1-L.1.zw\">nadal s\u0105 pos\u0142ami mimo postanowienia marsza\u0142ka Sejmu Szymona Ho\u0142own<\/a>i. W poniedzia\u0142ek s\u0105d rejonowy wyda\u0142 decyzj\u0119 o wykonaniu kary, co by\u0142o sygna\u0142em dla policji, by doprowadzi\u0142a skazanych.<\/span><\/p>\n<p class=\"text--paragraph\" style=\"text-align: left;\"><span style=\"color: #000080;\">We wtorek W\u0105sik i Kami\u0144ski na zaproszenie Andrzeja Dudy przyjechali do Pa\u0142acu Prezydenckiego. Pretekstem by\u0142o powo\u0142anie bliskich wsp\u00f3\u0142pracownik\u00f3w by\u0142ych szef\u00f3w CBA na doradc\u00f3w prezydenta. Uroczysto\u015b\u0107 zaplanowano na 11. Ale mija\u0142y godziny, a W\u0105sik i Kami\u0144ski nadal byli w Pa\u0142acu. Na chwil\u0119 wyszli do dziennikarzy, ale nie za pa\u0142acowe ogrodzenie, lecz na dziedziniec. O\u015bwiadczyli, \u017ce czuj\u0105 si\u0119 wi\u0119\u017aniami politycznymi, zaprosili na manifestacj\u0119 PiS 11 stycznia i zn\u00f3w schronili w Pa\u0142acu.<\/span><\/p>\n<p class=\"text--paragraph\" style=\"text-align: left;\"><span style=\"color: #000080;\">Wieczorem, gdy Andrzej Duda wyjecha\u0142 na spotkanie z bia\u0142orusk\u0105 opozycj\u0105 do Belwederu, po W\u0105sika i Kami\u0144skiego przyszli policjanci. &#8211; Go\u015bci pana prezydenta zatrzymali, zosta\u0142a naruszona godno\u015b\u0107 polskiego pa\u0144stwa, pan\u00f3w ministr\u00f3w i pos\u0142\u00f3w, kt\u00f3rzy s\u0105 niewinni, kt\u00f3rych pan prezydent uniewinni\u0142 &#8211;&nbsp;<a id=\"LinkArea:embed_link\" class=\"text--link \" style=\"color: #000080;\" title=\"m\u00f3wi\u0142a we wtorek wieczorem szefowa Kancelarii Prezydenta Gra\u017cyna Ignaczak-Bandych\" href=\"https:\/\/wyborcza.pl\/7,75398,30578654,telewizja-republika-istnieje-mozliwosc-ze-poslowie-zostali.html#S.embed_link-K.C-B.1-L.2.zw\" rel=\"dofollow\" data-bd-viewability=\"1\" data-bd-viewability-id=\"embed_link\" data-bd-viewability-href=\"https:\/\/wyborcza.pl\/7,75398,30578654,telewizja-republika-istnieje-mozliwosc-ze-poslowie-zostali.html#S.embed_link-K.C-B.1-L.2.zw\">m\u00f3wi\u0142a we wtorek wieczorem szefowa Kancelarii Prezydenta Gra\u017cyna Ignaczak-Bandych<\/a>&nbsp;w TV Republika.&nbsp;<\/span><\/p>\n<p class=\"text--paragraph\" style=\"text-align: left;\"><span style=\"color: #000080;\">Jak podkre\u015bla\u0142a, pracownicy kancelarii nie stawiali oporu, a policjanci byli niegrzeczni, nie chcieli z ni\u0105 rozmawia\u0107, nie dali dokument\u00f3w. Kiedy prezydent zosta\u0142 poinformowany o tym, co si\u0119 dzieje w Pa\u0142acu, chcia\u0142 od razu wraca\u0107. &#8211; Ale jego wyjazd zosta\u0142 zastawiony autobusem komunikacji miejskiej &#8211; doda\u0142a Ignaczak-Bandych.<\/span><\/p>\n<p style=\"text-align: left;\"><span style=\"color: #000080;\">M\u00f3wi\u0142a, \u017ce reakcja prezydenta by\u0142a taka: to dzia\u0142anie bezprawne, b\u0119d\u0105 wi\u0119\u017aniami politycznymi, \u017ce to kara za wykrycie afery na szczytach w\u0142adzy, gdy premierem by\u0142&nbsp;<a style=\"color: #000080;\" href=\"https:\/\/wyborcza.pl\/0,128956.html?tag=Donald+Tusk#anchorLink\">Donald Tusk<\/a>.<\/span><\/p>\n<hr style=\"height: 15px; background: #d0e6fa; width: 100%;\">\n<div id=\"content\" class=\"content-alignment\">\n<div id=\"watch-description\" class=\"yt-uix-button-panel\">\n<div id=\"watch-description-text\" style=\"text-align: center;\">\n<p><em>Zawarto\u015b\u0107 publikowanych artyku\u0142\u00f3w i materia\u0142\u00f3w nie reprezentuje pogl\u0105d\u00f3w ani opinii Reunion&#8217;68,<\/em><em><br \/>\nani te\u017c webmastera Blogu Reunion&#8217;68, chyba ze jest to wyra\u017anie zaznaczone.<br \/>\nTwoje uwagi, linki, w\u0142asne artyku\u0142y lub wiadomo\u015bci prze\u015blij na adres:<br \/>\n<\/em><span style=\"color: #000080;\"><strong><em><a style=\"color: #000080;\" href=\"mailto:webmaster@reunion68.com\"><span style=\"text-decoration: underline;\">webmaster@reunion68.com<\/span><\/a><\/em><\/strong><\/span><\/p>\n<\/div>\n<\/div>\n<\/div>\n<hr style=\"width: 100%;\">\n","protected":false},"excerpt":{"rendered":"<p>O\u015bwiadczenie prezydenta Andrzeja Dudy ws. skazanych prawomocnym wyrokiem by\u0142ych pos\u0142\u00f3w PiS Mariusza Kami\u0144skiego i Macieja W\u0105sika, 10 stycznia 2024 r. (Fot. S\u0142awomir Kami\u0144ski \/ Agencja Wyborcza.pl) Prezydent Andrzej Duda: Nie spoczn\u0119, dop\u00f3ki minister Kami\u0144ski i jego wsp\u00f3\u0142pracownicy nie zostan\u0105 zwolnieni z wi\u0119zienia Agata Kondzi\u0144ska Prezydent Andrzej Duda zaprosi\u0142 dziennikarzy, by wyg\u0142osi\u0107 o\u015bwiadczenie po uwi\u0119zieniu Micha\u0142a [&hellip;]<\/p>\n","protected":false},"author":1,"featured_media":0,"comment_status":"closed","ping_status":"closed","sticky":false,"template":"","format":"standard","meta":[],"categories":[6],"tags":[26,24],"_links":{"self":[{"href":"https:\/\/www.reunion68.se\/index.php?rest_route=\/wp\/v2\/posts\/109966"}],"collection":[{"href":"https:\/\/www.reunion68.se\/index.php?rest_route=\/wp\/v2\/posts"}],"about":[{"href":"https:\/\/www.reunion68.se\/index.php?rest_route=\/wp\/v2\/types\/post"}],"author":[{"embeddable":true,"href":"https:\/\/www.reunion68.se\/index.php?rest_route=\/wp\/v2\/users\/1"}],"replies":[{"embeddable":true,"href":"https:\/\/www.reunion68.se\/index.php?rest_route=%2Fwp%2Fv2%2Fcomments&post=109966"}],"version-history":[{"count":7,"href":"https:\/\/www.reunion68.se\/index.php?rest_route=\/wp\/v2\/posts\/109966\/revisions"}],"predecessor-version":[{"id":109992,"href":"https:\/\/www.reunion68.se\/index.php?rest_route=\/wp\/v2\/posts\/109966\/revisions\/109992"}],"wp:attachment":[{"href":"https:\/\/www.reunion68.se\/index.php?rest_route=%2Fwp%2Fv2%2Fmedia&parent=109966"}],"wp:term":[{"taxonomy":"category","embeddable":true,"href":"https:\/\/www.reunion68.se\/index.php?rest_route=%2Fwp%2Fv2%2Fcategories&post=109966"},{"taxonomy":"post_tag","embeddable":true,"href":"https:\/\/www.reunion68.se\/index.php?rest_route=%2Fwp%2Fv2%2Ftags&post=109966"}],"curies":[{"name":"wp","href":"https:\/\/api.w.org\/{rel}","templated":true}]}}