{"id":109968,"date":"2024-02-15T18:09:58","date_gmt":"2024-02-15T16:09:58","guid":{"rendered":"http:\/\/www.reunion68.se\/?p=109968"},"modified":"2024-02-15T11:14:02","modified_gmt":"2024-02-15T09:14:02","slug":"16-05-93","status":"publish","type":"post","link":"https:\/\/www.reunion68.se\/?p=109968","title":{"rendered":"Ludzie, kto za to p\u0142aci?"},"content":{"rendered":"<p style=\"text-align: center;\"><img decoding=\"async\" class=\"aligncenter\" src=\"https:\/\/media.gettyimages.com\/id\/1537867243\/es\/foto\/this-picture-taken-on-july-17-2023-shows-a-graffito-in-german-and-french-reading-hail-hitler.jpg?s=1024x1024&amp;w=gi&amp;k=20&amp;c=b7n3m2KasURDgRAWfp72cSwB7aUrOFFb2pwYNheqf_U=\" width=\"100%\"><span style=\"color: #808080;\"><em>Francuscy \u017bydzi maj\u0105 coraz wi\u0119cej powod\u00f3w do obaw o swoje \u017cycie.<\/em><\/span><\/p>\n<hr>\n<h5 style=\"text-align: center;\"><a href=\"https:\/\/www.listyznaszegosadu.pl\/\" target=\"_blank\" rel=\"noopener noreferrer\"><img decoding=\"async\" class=\"center alignleft\" src=\"http:\/\/www.reunion68.com\/Biuletyn\/img\/z-naszego.jpg\" alt=\"\" width=\"50%\"><\/a><span style=\"text-decoration: underline; color: #000080;\"><strong><a style=\"color: #000080; text-decoration: underline;\" href=\"https:\/\/www.listyznaszegosadu.pl\/brunatna-fala\/ludzie-kto-za-to-placi-1\" target=\"_blank\" rel=\"noopener noreferrer\">Ludzie, kto za to p\u0142aci?<\/a><\/strong><\/span><\/h5>\n<p style=\"text-align: center;\"><span style=\"color: #000000;\"><strong>Andrzej Koraszewski<\/strong><\/span><\/p>\n<hr style=\"height: 15px; background: #d0e6fa; width: 100%;\">\n<div class=\"templateArticleIngress\">\n<h4 style=\"text-align: center;\"><span style=\"color: #800000;\"><strong>Kiedy odwaga tanieje, z nor wy\u0142a\u017c\u0105 tch\u00f3rzliwe miernoty i pod skradzionymi sztandarami wrzeszcz\u0105 o swojej odwadze.<\/strong><\/span><\/h4>\n<p style=\"text-align: left;\"><span style=\"color: #000080;\">.<\/span><\/p>\n<p style=\"text-align: left;\"><span style=\"color: #000080;\">Emerytowana ameryka\u0144ska psycholog, Phyllis Chesler po\u015bwi\u0119ci\u0142a znaczn\u0105 cz\u0119\u015b\u0107 swojego \u017cycia obronie praw kobiet. Patrzy ze zdumieniem i odraz\u0105 na dzisiejszy ruch feministyczny i prowadzi dalej swoj\u0105 walk\u0119 o prawa kobiet w Afganistanie, Iranie i innych miejscach, gdzie kobiety nadal s\u0105 zabijane, torturowane i zniewalane. Phyllis Chesler doskonale wie, dlaczego dzisiejszy zachodni ruch feministyczny odwraca g\u0142ow\u0119 od miejsc, gdzie \u017cycie kobiet jest piek\u0142em.<\/span><\/p>\n<\/div>\n<div class=\"templateArticleBrodtext\">\n<p style=\"text-align: left;\"><span style=\"color: #000080;\">Czytam w \u201eGazecie Wyborczej\u201d, \u017ce w Sejmie \u201eopad\u0142 kurz\u201d po antysemickim wyczynie Grzegorza Brauna, (okazuje si\u0119, \u017ce chodzi o pozycj\u0119 Krzysztofa Bosaka we w\u0142adzach Sejmu, czyli o p\u00f3\u0142jawnie antysemick\u0105 Konfederacj\u0119). Tymczasem Korwin-Mikke za\u0142o\u017cy\u0142 now\u0105 parti\u0119 polityczn\u0105 pod star\u0105 nazw\u0105 KORWiN, jego wsp\u00f3lnikiem jest stary towarzysz, Stanis\u0142aw Michalkiewicz, prawdopodobnie czo\u0142owy polski \u017cydo\u017cerca (pisz\u0119 \u201eprawdopodobnie\u201d, bo jednak ma konkurent\u00f3w). Po drugiej stronie globu, w Australii,&nbsp;<a style=\"color: #000080;\" href=\"https:\/\/www.timesofisrael.com\/australia-bans-nazi-salute-and-public-display-of-terror-group-symbols\/\">zakazano<\/a>&nbsp;publicznego wykonywania nazistowskiego salutu.<\/span><\/p>\n<p style=\"text-align: left;\"><span style=\"color: #000080;\">Jak czytamy:<\/span><\/p>\n<blockquote>\n<p style=\"text-align: left;\"><strong>Zgodnie z prawem publiczne oddawanie nazistowskiego pozdrowienia lub pokazywanie nazistowskiej swastyki lub podw\u00f3jnego znaku runicznego zwi\u0105zanego z grup\u0105 paramilitarn\u0105 Schutzstaffel (SS) jest przest\u0119pstwem zagro\u017conym kar\u0105 do 12 miesi\u0119cy wi\u0119zienia.<\/strong><\/p>\n<\/blockquote>\n<p style=\"text-align: left;\"><span style=\"color: #000080;\">Nowa ustawa ma \u015bcis\u0142y zwi\u0105zek z wydarzeniami na Bliskim Wschodzie, a konkretnie z wojn\u0105 z Hamasem w Gazie. Zwolennicy Hamasu na ca\u0142ym \u015bwiecie wydaj\u0105 si\u0119 by\u0107 w pe\u0142ni \u015bwiadomi powi\u0105za\u0144 ideologii Hamasu z ideologi\u0105 Hitlera. Dlaczego nie mieliby by\u0107 \u015bwiadomi? Malowanie swastyki na \u017cydowskich grobach jest powszechn\u0105 na ca\u0142ym \u015bwiecie tradycj\u0105, dobrze znan\u0105 r\u00f3wnie\u017c u nas. Pami\u0119tam jak w latach siedemdziesi\u0105tych wysmarowano swastyki na \u017cydowskich grobach na cmentarzu w Szwecji. W\u0142adze postawi\u0142y przy cmentarzu policjanta, kt\u00f3rego dziennikarz zapyta\u0142, czy si\u0119 nie obawia o swoje bezpiecze\u0144stwo. Policjant roze\u015bmia\u0142 si\u0119 i powiedzia\u0142, \u017ce te groby wandalizuj\u0105 tch\u00f3rze, wi\u0119c sama jego obecno\u015b\u0107 w tym miejscu wystarczy. Czasy si\u0119 zmieni\u0142y, dzi\u015b zachodnia policja&nbsp;<a style=\"color: #000080;\" href=\"https:\/\/www.cbc.ca\/news\/canada\/toronto\/police-coffee-protesters-1.7077028\">cz\u0119stuje<\/a>&nbsp;mi\u0142o\u015bnik\u00f3w nazizmu kaw\u0105 i kanapkami. Kiedy w Kanadzie zrobi\u0142a si\u0119 wrzawa wok\u00f3\u0142 tych kordialnych relacji, szef policji przeprosi\u0142, nazywaj\u0105c jednak zwolennik\u00f3w nazizmu \u201esympatykami Palesty\u0144czyk\u00f3w\u201d. (W\u0142a\u015bciwe s\u0142owa pozwalaj\u0105 ukry\u0107 niew\u0142a\u015bciwe powi\u0105zania.) Burza w szklance wody ucich\u0142a, kurz opad\u0142, dalej marudzili ju\u017c tylko \u017bydzi.<\/span><\/p>\n<p style=\"text-align: left;\"><span style=\"color: #000080;\">W doniesieniach medi\u00f3w izraelskich jest zaledwie wzmianka o tym, \u017ce w kryj\u00f3wce Palesty\u0144skiego Islamskiego D\u017cihadu w Gazie 7 stycznia 2024 r. obok broni i amunicji znaleziono egzemplarz&nbsp;<em>Mein Kampf&nbsp;<\/em>po arabsku.<\/span><\/p>\n<\/div>\n<p><img decoding=\"async\" class=\"aligncenter\" src=\"https:\/\/pbs.twimg.com\/media\/GDQlHWMX0AADten?format=jpg&amp;name=medium\" width=\"100%\"><\/p>\n<p style=\"text-align: left;\"><span style=\"color: #000080;\">Nie ma powodu do krzyku. Nic nowego. W 1973 roku w plecakach poleg\u0142ych \u017co\u0142nierzy egipskich cz\u0119sto znajdowano skr\u00f3con\u0105 wersj\u0119&nbsp;<em>Mein Kampf,&nbsp;<\/em>dzi\u015b cz\u0142onk\u00f3w Korpusu Stra\u017cnik\u00f3w Rewolucji Islamskiej (formacji zbudowanej na wz\u00f3r SS i pot\u0119\u017cniejszej ni\u017c ira\u0144ska armia), cz\u0142onk\u00f3w Hezbollahu, Huti, Hamasu i Fatahu, \u0142\u0105czy cz\u0119ste oddawanie nazistowskiego salutu. Co nie znaczy, \u017ce \u0142\u0105czy ich mi\u0142o\u015b\u0107. (Spekulacje, \u017ce Hezbollah czeka a\u017c IDF wyko\u0144czy Hamas, \u017ceby podj\u0105\u0107 pr\u00f3b\u0119 doko\u0144czenia ich dzie\u0142a zmierzaj\u0105cego do zniszczenia Izraela, nie s\u0105 pozbawione podstaw. Islam dzieli nie tylko odwieczny antagonizm mi\u0119dzy sunnitami i szyitami, ale sto innych podzia\u0142\u00f3w sk\u0142aniaj\u0105cych do wzajemnego mordowania si\u0119. Stwierdzenie, \u017ce \u0142\u0105czy ich tylko nienawi\u015b\u0107 do \u017byd\u00f3w, mo\u017ce nie jest w pe\u0142ni prawdziwe, ale jest zbli\u017cone do prawdy. Konflikt Hamasu z Fatahem to tylko jeden z wielu konflikt\u00f3w mi\u0119dzy bojownikami o zwyci\u0119stwo islamu nad niewiernymi.)<\/span><\/p>\n<p style=\"text-align: left;\"><span style=\"color: #000080;\">\u201eSympatyk\u00f3w Palesty\u0144czyk\u00f3w\u201d straszliwie oburza stwierdzenie, \u017ce w rzeczywisto\u015bci popieraj\u0105 nazizm i gardz\u0105 Palesty\u0144czykami. To oburzenie jest szczere, faktycznie, nawet im do g\u0142owy nie przychodzi, \u017ce ta ich sympatia mo\u017ce by\u0107 oparta na samooszustwie, na starannym odwracaniu g\u0142owy od ideologii tych, kt\u00f3rzy rz\u0105dz\u0105 tymi, kt\u00f3rym &nbsp;rzekomo wsp\u00f3\u0142czuj\u0105. &nbsp;IDF niszczy nadziej\u0119 na wzmocnienie otaczaj\u0105cych \u017cydowskie pa\u0144stwo nazistowskich twierdz.<\/span><\/p>\n<p style=\"text-align: left;\"><span style=\"color: #000080;\">Mariusz Zawadzki, by\u0142y korespondent \u201eGazety Wyborczej\u201d w Waszyngtonie przeprowadzi\u0142 dla \u201ePolityki\u201d&nbsp;<a style=\"color: #000080;\" href=\"https:\/\/www.polityka.pl\/tygodnikpolityka\/swiat\/2237958,1,ziemie-nieobiecane-dlaczego-ameryka-tak-bezgranicznie-kocha-izrael.read\">rozmow\u0119<\/a>&nbsp;z ameryka\u0144sk\u0105 ekspertk\u0105 \u201eod roli religii w stosunkach mi\u0119dzynarodowych\u201d.<\/span><\/p>\n<p style=\"text-align: left;\"><span style=\"color: #000080;\">Dziennikarz zacz\u0105\u0142 od pytania:<\/span><br \/>\n<img decoding=\"async\" class=\"alignleft\" src=\"https:\/\/www.listyznaszegosadu.pl\/upload\/article\/bild\/3984\/1039627\/_00aa_2d___1yxb__s.png\" width=\"40%\"><span style=\"color: #000080;\"><strong>Kiedy rz\u0105d Beniamina Netanjahu bombarduje Gaz\u0119, ameryka\u0144scy dyplomaci komentuj\u0105, \u017ce \u201eIzrael ma prawo do obrony\u201d. Krytycy Izraela w USA s\u0105 oskar\u017cani o antysemityzm lub popieranie terroryst\u00f3w. Ale kiedy popatrze\u0107 na sonda\u017ce, obraz nie jest ju\u017c tak jednoznaczny. A m\u0142odzi s\u0105 nawet przeciwko Izraelowi \u2013 w ostatnim badaniu Gallupa dwie trzecie respondent\u00f3w poni\u017cej 35 lat stwierdzi\u0142o, \u017ce nie popiera bombardowa\u0144 Gazy. Najwyra\u017aniej elity s\u0105 du\u017co bardziej proizraelskie ni\u017c reszta spo\u0142ecze\u0144stwa. Dlaczego tak jest?<\/strong><\/span><\/p>\n<p><span style=\"color: #000080;\">Dziennikarz musia\u0142 ju\u017c zna\u0107 opublikowane kilka dni wcze\u015bniej wyniki&nbsp;<a style=\"color: #000080;\" href=\"https:\/\/harvardharrispoll.com\/wp-content\/uploads\/2023\/12\/HHP_Dec23_KeyResults.pdf\">sonda\u017cu<\/a>&nbsp;Harvard\/Harris, z kt\u00f3rych wynika powa\u017cniejsza r\u00f3\u017cnica mi\u0119dzy najm\u0142odszym pokoleniem doros\u0142ych Amerykan\u00f3w a starsz\u0105 generacj\u0105. 60 procent Amerykan\u00f3w w wieku 18-24 stwierdza, \u017ce okrucie\u0144stwa Hamasu z 7 pa\u017adziernika by\u0142y usprawiedliwione \u201eproblemami Palesty\u0144czyk\u00f3w\u201d. Zdecydowana wi\u0119kszo\u015b\u0107 reszty spo\u0142ecze\u0144stwa uwa\u017ca, \u017ce tego barbarzy\u0144stwa nic nie usprawiedliwia. R\u00f3wnie\u017c ponad 60 procent najm\u0142odszych doros\u0142ych uwa\u017ca, \u017ce Izrael pope\u0142nia \u201eludob\u00f3jstwo\u201d w Gazie. R\u00f3wnocze\u015bnie 76 procent tych m\u0142odych ludzi stwierdzi\u0142o, \u017ce Hamas mo\u017ce by\u0107 partnerem w rozmowach pokojowych. \u017beby by\u0142o jeszcze ciekawiej, 54 procent respondent\u00f3w z tej grupy wiekowej stwierdza, \u017ce studenci powinni mie\u0107 prawo opowiadania si\u0119 za ludob\u00f3jstwem wobec \u017byd\u00f3w.<\/span><\/p>\n<p><span style=\"color: #000080;\">Polski dziennikarz wydaje si\u0119 by\u0107 niezadowolony z faktu, \u017ce ameryka\u0144scy dyplomaci przyznaj\u0105 Izraelowi prawo do obrony. Jego starannie dobrana rozm\u00f3wczyni, Lizabeth Shakman Hurd, wyja\u015bnia, \u017ce ta tragedia spowodowana jest tym \u201egdzie te elity by\u0142y kszta\u0142cone i&nbsp;jak si\u0119 socjalizowa\u0142y politycznie. Ameryka\u0144ski system edukacji, od szk\u00f3\u0142 podstawowych do uniwersytet\u00f3w w\u0142\u0105cznie, nie dzia\u0142a w&nbsp;politycznej pr\u00f3\u017cni\u201d.<\/span><\/p>\n<p><span style=\"color: #000080;\">Pani Lizabeth Shakman Hurd kszta\u0142ci nowe elity, robi to na Northwestern University obficie dotowanym przez Katar. Historycznie najwi\u0119kszym zagranicznym dobroczy\u0144c\u0105 ameryka\u0144skiej o\u015bwiaty wy\u017cszej jest Arabia Saudyjska, ale male\u0144ki Katar nie pozostaje daleko w tyle. Macierzysta plac\u00f3wka ameryka\u0144skiej rozm\u00f3wczyni polskiego dziennikarza&nbsp;<a style=\"color: #000080;\" href=\"https:\/\/files.eric.ed.gov\/fulltext\/ED625533.pdf\">otrzyma\u0142a<\/a>&nbsp;z Kataru 700 milion\u00f3w dolar\u00f3w, co mo\u017ce by\u0107 solidn\u0105 zach\u0119t\u0105 do kszta\u0142towania nowych ameryka\u0144skich elit w duchu Al-D\u017caziry.<\/span><\/p>\n<p><span style=\"color: #000080;\">Od dziesi\u0105tk\u00f3w lat ka\u017cde tankowanie samochodu oznacza wp\u0142at\u0119 nie tylko na fundusz zbrojeniowy islamskich terroryst\u00f3w, rosyjskiej armii i wenezuelskiego \u201esocjalizmu\u201d, ale r\u00f3wnie\u017c na fundusz astronomicznych \u0142ap\u00f3wek dla zachodnich nauczycieli akademickich, dziennikarzy i dyplomat\u00f3w.<\/span><\/p>\n<p><span style=\"color: #000080;\">W ostatnich latach kilka ameryka\u0144skich instytucji zbiera i prezentuje dane pokazuj\u0105ce to finansowanie. Twierdzi si\u0119, \u017ce te dane s\u0105 daleko niepe\u0142ne, \u017ce finansuje si\u0119 g\u0142\u00f3wnie polityk\u0119 kadrow\u0105, \u017ce niekt\u00f3re warunki tych dotacji prezentowane s\u0105 tylko ustnie i bez \u015bwiadk\u00f3w, co prowadzi do spekulacji i podejrze\u0144 o teorie spiskowe.<\/span><\/p>\n<p><span style=\"color: #000080;\">Ci z nas, kt\u00f3rzy pami\u0119taj\u0105 sterowanie zachodnich ruch\u00f3w pokojowych z Moskwy, wiedz\u0105, \u017ce wiele fakt\u00f3w wy\u0142azi\u0142o na \u015bwiat\u0142o dzienne dopiero po latach i \u017ce nigdy nie dowiedzieli\u015bmy si\u0119 wszystkiego.<\/span><\/p>\n<p><span style=\"color: #000080;\">To zjawisko jest bardziej z\u0142o\u017cone, dywersyjna dzia\u0142alno\u015b\u0107 z zewn\u0105trz wzmacnia istniej\u0105ce i bez tego tendencje. Ludzi takich jak Robert Malley motywuj\u0105 ich w\u0142asne przekonania, a nie pieni\u0105dze (chocia\u017c nie gardz\u0105 pieni\u0119dzmi potrzebnymi dla realizacji ich cel\u00f3w).<\/span><\/p>\n<p><span style=\"color: #000080;\">Widzimy efekt ko\u0144cowy \u2013 radykalny zwrot m\u0142odego pokolenia w kierunku sympatii nie tylko dla antydemokratycznych ruch\u00f3w, ale wr\u0119cz dla nazizmu.<\/span><\/p>\n<p><span style=\"color: #000080;\">To ostatnie trzeba troch\u0119 tuszowa\u0107. Pragnienie uratowania Hamasu przed upadkiem ukrywamy za \u017c\u0105daniem \u201ezawieszenia broni\u201d, oskar\u017ceniami Izraela o \u201eludob\u00f3jstwo\u201d, zdaniami w stylu \u201erz\u0105d Benjamina Netanjahu bombarduje Gaz\u0119\u201d. Innymi s\u0142owy polski dziennikarz rozpoczyna rozmow\u0119 z ameryka\u0144sk\u0105 ekspertk\u0105, w kt\u00f3rej gniewne pytanie, dlaczego w\u0142a\u015bciwie Ameryka popiera ten straszny Izrael, ma wzmocni\u0107 u czytelnik\u00f3w niech\u0119\u0107 do \u017byd\u00f3w. Przesadzam?<\/span><\/p>\n<p><span style=\"color: #000080;\">Chyba nie. Cz\u0142owiek, kt\u00f3ry nie wspomina 16 lat ci\u0105g\u0142ych atak\u00f3w rakietowych na izraelskie miasta i wioski, codziennych zamach\u00f3w terrorystycznych, podpale\u0144 i ideologii otwarcie g\u0142osz\u0105cej d\u0105\u017cenie do eksterminacji \u017byd\u00f3w na Bliskim Wschodzie i wsz\u0119dzie indziej, kt\u00f3ry udaje sympati\u0119 dla Palesty\u0144czyk\u00f3w, nie wspominaj\u0105c, pod jak\u0105 dyktatur\u0105 \u017cyj\u0105, kt\u00f3ry tuszuje kulminacyjny punkt realizacji tej ideologii i przerzuca win\u0119 na ofiar\u0119, robi t\u0119 sam\u0105 robot\u0119 co Grzegorz Braun, tylko jest lepszym specjalist\u0105.<\/span><\/p>\n<p><span style=\"color: #000080;\">Czy powinna nas dziwi\u0107 eksplozja antysemityzmu w\u015br\u00f3d m\u0142odego (i nie tylko m\u0142odego) pokolenia mieszka\u0144c\u00f3w Zachodu?<\/span><\/p>\n<p><span style=\"color: #000080;\">Nie s\u0105dz\u0119. Gigantyczne antyizraelskie protesty mog\u0105 si\u0119 kojarzy\u0107 z&nbsp;<a style=\"color: #000080;\" href=\"https:\/\/pl.wikipedia.org\/wiki\/Parada_zwyci%C4%99stwa_Wehrmachtu_i_Armii_Czerwonej_w_Brze%C5%9Bciu\">dumn\u0105 defilad\u0105<\/a>&nbsp;wojsk radzieckich i niemieckich w Brze\u015bciu w 1939 roku. (Cz\u0119\u015b\u0107 \u201eprotestuj\u0105cych\u201d mo\u017ce by\u0107 nie\u015bwiadoma immanentnego konfliktu mi\u0119dzy wrogami demokracji.)<\/span><\/p>\n<p style=\"text-align: left;\"><span style=\"color: #000080;\">Kiedy m\u0142ode pokolenie wrzeszczy \u201eod rzeki do morza\u201d, inni, bardziej wyrobieni odbiorcy medi\u00f3w pisz\u0105:<\/span><\/p>\n<blockquote>\n<p style=\"text-align: left;\"><strong>\u201ePremier, kt\u00f3ry chc\u0105c unikn\u0105\u0107 wi\u0119zienia tworzy ochoczo pejza\u017c g\u00f3ry trup\u00f3w, wspierany przez podfarbowanych faszyst\u00f3w, kt\u00f3rzy dos\u0142ownie i bezczelnie wzywaj\u0105 do ludob\u00f3jstwa i czystki etnicznej.\u201d<\/strong><\/p>\n<\/blockquote>\n<p style=\"text-align: left;\"><span style=\"color: #000080;\">To s\u0142owa wysoko wykszta\u0142conego Amerykanina pochodzenia \u017cydowskiego, kt\u00f3re w jednym zdaniu \u015bwietnie prezentuj\u0105 filozofi\u0119, na kt\u00f3rej opiera si\u0119 ca\u0142y spos\u00f3b informowania spo\u0142ecze\u0144stwa ameryka\u0144skiego o konflikcie arabsko\/islamsko-\u017cydowskim na Bliskim Wschodzie.<\/span><\/p>\n<p style=\"text-align: left;\"><span style=\"color: #000080;\">Autor tego zdania wydaje si\u0119 by\u0107 ca\u0142kowicie nie\u015bwiadomy, \u017ce trwaj\u0105cy od wielu lat proces Benjamina Netanjahu nie zdo\u0142a\u0142 doprowadzi\u0107 do przedstawienia jakiegokolwiek dowodu winy w sprawie kt\u00f3regokolwiek z licznych zarzut\u00f3w. Nie zauwa\u017cy\u0142 r\u00f3wnie\u017c, \u017ce proces toczy\u0142 si\u0119, kiedy Netanjahu nie by\u0142 premierem, ani \u017ce toczy si\u0119 nadal, kiedy wyborcy ponownie go wybrali. Dlaczego te oskar\u017cenia uwa\u017ca za punkt wyj\u015bcia do komentarza w sprawie wojny obronnej przeniesionej z terenu Izraela na teren agresora? Jego skr\u00f3t my\u015blowy opowiada znacznie wi\u0119cej o Ameryce i o nim samym ni\u017c o tym konflikcie. Pewnie by\u0142by wzburzony, gdyby mu powiedzie\u0107, \u017ce stanowi male\u0144k\u0105 cz\u0105steczk\u0119 wielkich rzesz odbiorc\u00f3w przek\u0142amanych informacji, kt\u00f3rzy nie zdo\u0142ali si\u0119 wybi\u0107 na samodzielne my\u015blenie.<\/span><\/p>\n<p style=\"text-align: left;\"><span style=\"color: #000080;\">Bezpo\u015brednio po drugiej wojnie \u015bwiatowej Orwell krytykowa\u0142 nadu\u017cywanie poj\u0119cia faszysta. To s\u0142owo nadal cz\u0119\u015bciej jest u\u017cywane jako rodzaj wyzwiska ni\u017c element analizy i faktycznych powi\u0105za\u0144, czy to z ideologi\u0105 w\u0142oskiego faszyzmu, czy niemieckiego nazizmu. Nie bez powodu to zdanie o\u015bwieconego Amerykanina przypomnia\u0142o mi wspania\u0142\u0105 przekupk\u0119, kt\u00f3ra w marcu 1968 roku wysz\u0142a w Warszawie z placu targowego na Polnej na Plac Politechniki i widz\u0105c jak milicjant bije pa\u0142k\u0105 m\u0142od\u0105 dziewczyn\u0119, rzuci\u0142a na ziemi\u0119 dwie pe\u0142ne siatki, podbieg\u0142a i obrzuci\u0142a milicjanta wyzwiskami: \u201ety gnoju, ty gestapowcu, ty \u017bydzie.\u201d<\/span><\/p>\n<p style=\"text-align: left;\"><span style=\"color: #000080;\">Amerykanin \u017cydowskiego pochodzenia, przywo\u0142uje swoj\u0105 \u017cydowsko\u015b\u0107 dla wzmocnienia swojej wiarygodno\u015bci, co raczej os\u0142abi\u0142o jego argumentacj\u0119 ni\u017c wzmocni\u0142o. Po prostu powtarza\u0142 dalej to, co m\u00f3wi\u0105 inni odbiorcy tych samych wiadomo\u015bci: \u201eTen faszysta Netanjahu niszczy nasz\u0105 nazistowsk\u0105 twierdz\u0119, \u017c\u0105damy natychmiastowego zawieszenia broni\u201d. Tak tego nie ujmuj\u0105 z jednego powodu \u2013 autentyczne powi\u0105zania islamskiego ruchu na rzecz globalnego kalifatu z niemieckim nazizmem by\u0142y i s\u0105 starannie zamazywane, \u017ceby czytelnik, s\u0142uchacz czy widz, przypadkiem nie traci\u0142 z oczu \u017cydowskich win.<\/span><\/p>\n<p style=\"text-align: left;\"><span style=\"color: #000080;\">Tak wi\u0119c, w takich wypowiedziach proces izraelskiego premiera jest znacznie wa\u017cniejszy ni\u017c fakt, \u017ce Hamas jest zaledwie drobn\u0105 cz\u0105stk\u0105 wielkiego ruchu, kt\u00f3rego celem jest podb\u00f3j \u015bwiata maj\u0105cy si\u0119 rozpocz\u0105\u0107 od mordowania \u017byd\u00f3w. Otwarcie deklarowana mi\u0142o\u015b\u0107 tego ruchu do nazizmu przetrwa\u0142a drug\u0105 wojn\u0119 \u015bwiatow\u0105, a dzi\u015b jest maskowana, ale nadal jednoznaczna.<\/span><\/p>\n<p style=\"text-align: left;\"><span style=\"color: #000080;\">Nie chodzi tu tylko o sam\u0105 rasistowsk\u0105 nienawi\u015b\u0107 do \u017byd\u00f3w, ale o ca\u0142y zestaw warto\u015bci i cel\u00f3w. Poczynaj\u0105c od ambicji podboju \u015bwiata, poprzez nienawi\u015b\u0107 do demokracji i samego pomys\u0142u tolerancji religijnej, a\u017c do kultu jednostki i marzenia o jednoosobowej dyktaturze i bezwzgl\u0119dnej kontroli my\u015bli ka\u017cdego poddanego.<\/span><\/p>\n<p style=\"text-align: left;\"><span style=\"color: #000080;\">Pytanie \u201ekto za to p\u0142aci?\u201d mo\u017ce wskazywa\u0107 na g\u0142\u0119bokie przekonanie, \u017ce jakie\u015b twierdzenie wydaje si\u0119 tak absurdalne, i\u017c kto\u015b, kto je wyg\u0142asza, robi to prawdopodobnie na zlecenie i za grube pieni\u0105dze. Wiele razy dostawa\u0142em pytanie, \u201ekto mi za to p\u0142aci\u201d, nieodmiennie zwi\u0105zane z pokazywaniem nie\u015bcis\u0142ych informacji w mediach. (Nawiasem m\u00f3wi\u0105c napisa\u0142em trzy ksi\u0105\u017cki, o kt\u00f3rych wielu s\u0105dzi\u0142o, i\u017c traktuj\u0105 o Izraelu, tymczasem wszystkie trzy by\u0142y po\u015bwi\u0119cone etyce dziennikarskiej.)<\/span><\/p>\n<p style=\"text-align: left;\"><span style=\"color: #000080;\">Nie wiem i nie mog\u0119 wiedzie\u0107 jaka jest si\u0142a czarnej propagandy finansowanej przez paliwa kopalne, a jaka jest si\u0142a tradycji, kt\u00f3ra ka\u017ce patrze\u0107 z sympati\u0105 na ka\u017cdego, kto deklaruje i podejmuje praktyczne wysi\u0142ki mordowania \u017byd\u00f3w.<\/span><\/p>\n<p style=\"text-align: left;\"><span style=\"color: #000080;\">Napis na wroc\u0142awskiej synagodze wydaje si\u0119 wskazywa\u0107 raczej na odradzanie si\u0119 tradycji, chocia\u017c nie bez wp\u0142ywu czarnej propagandy.<\/span><\/p>\n<p><img decoding=\"async\" class=\"aligncenter\" src=\"https:\/\/www.listyznaszegosadu.pl\/upload\/article\/bild\/1762\/1039633\/_00aa_2d___1yxc__s.png\" width=\"100%\"><\/p>\n<p style=\"text-align: left;\"><span style=\"color: #000080;\">To jest jeszcze tch\u00f3rzliwy okrzyk wojenny wysmarowany noc\u0105. Nie tak odwa\u017cny jak wyst\u0105pienie Grzegorza Brauna w Sejmie, ani tak odwa\u017cny jak&nbsp;<a style=\"color: #000080;\" href=\"https:\/\/www.jns.org\/dont-look-away-from-the-primary-cause-of-an-epidemic-of-antisemitism\/\">wyst\u0105pienie<\/a>&nbsp;ameryka\u0144skich uczennic przed meczem koszyk\u00f3wki, kt\u00f3ry mia\u0142 by\u0107 rozegrany mi\u0119dzy uczennicami jednej z prywatnych elitarnych szk\u00f3\u0142 nowojorskich, a dru\u017cyn\u0105 uczennic ze szko\u0142y \u017cydowskiej. Nienawistne wrzaski, w\u015br\u00f3d kt\u00f3rych by\u0142 okrzyk \u201ePopieram Hamas, jebana \u017byd\u00f3wko\u201d, sko\u0144czy\u0142y si\u0119 zej\u015bciem dziewcz\u0105t z \u017cydowskiej szko\u0142y z boiska. (Czy wyst\u0119p tych panienek z bardzo dobrych dom\u00f3w by\u0142 r\u00f3wnie symboliczny jak wyst\u0119p Grzegorza Brauna?) Malowid\u0142o na drzwiach synagogi we Wroc\u0142awiu nie by\u0142o oczywi\u015bcie tak dok\u0142adnym wyja\u015bnieniem cel\u00f3w, jak koszmarne gwa\u0142ty hamasowskich zbir\u00f3w, kt\u00f3rym uparcie zaprzeczaj\u0105 post\u0119powe feministki.<\/span><\/p>\n<p style=\"text-align: left;\"><span style=\"color: #000080;\">Odwaga pod\u0142o\u015bci tanieje z ka\u017cdym dniem, wnuki i prawnuki tych, kt\u00f3rych cieszy\u0142 okrzyk \u201ePrecz z \u017bydami, \u017byd\u00f3weczki z nami\u201d stawiaj\u0105 chwilowo na outsourcing.<\/span><\/p>\n<p style=\"text-align: left;\"><span style=\"color: #000080;\">Tymczasem w Gazie ka\u017cdego dnia gin\u0105 izraelscy \u017co\u0142nierze pr\u00f3buj\u0105cy odepchn\u0105\u0107 \u015bwiatowy projekt pod kryptonimem \u201ePotop raz jeszcze\u201d. Na jego finansowanie sk\u0142adamy si\u0119 wszyscy.<\/span><\/p>\n<hr style=\"height: 15px; background: #d0e6fa; width: 100%;\">\n<div id=\"content\" class=\"content-alignment\">\n<div id=\"watch-description\" class=\"yt-uix-button-panel\">\n<div id=\"watch-description-text\" style=\"text-align: center;\">\n<p><em>Zawarto\u015b\u0107 publikowanych artyku\u0142\u00f3w i materia\u0142\u00f3w nie reprezentuje pogl\u0105d\u00f3w ani opinii Reunion&#8217;68,<\/em><em><br \/>\nani te\u017c webmastera Blogu Reunion&#8217;68, chyba ze jest to wyra\u017anie zaznaczone.<br \/>\nTwoje uwagi, linki, w\u0142asne artyku\u0142y lub wiadomo\u015bci prze\u015blij na adres:<br \/>\n<\/em><span style=\"color: #000080;\"><strong><em><a style=\"color: #000080;\" href=\"mailto:webmaster@reunion68.com\"><span style=\"text-decoration: underline;\">webmaster@reunion68.com<\/span><\/a><\/em><\/strong><\/span><\/p>\n<\/div>\n<\/div>\n<\/div>\n<hr style=\"width: 100%;\">\n","protected":false},"excerpt":{"rendered":"<p>Francuscy \u017bydzi maj\u0105 coraz wi\u0119cej powod\u00f3w do obaw o swoje \u017cycie. Ludzie, kto za to p\u0142aci? Andrzej Koraszewski Kiedy odwaga tanieje, z nor wy\u0142a\u017c\u0105 tch\u00f3rzliwe miernoty i pod skradzionymi sztandarami wrzeszcz\u0105 o swojej odwadze. . Emerytowana ameryka\u0144ska psycholog, Phyllis Chesler po\u015bwi\u0119ci\u0142a znaczn\u0105 cz\u0119\u015b\u0107 swojego \u017cycia obronie praw kobiet. Patrzy ze zdumieniem i odraz\u0105 na dzisiejszy [&hellip;]<\/p>\n","protected":false},"author":1,"featured_media":0,"comment_status":"closed","ping_status":"closed","sticky":false,"template":"","format":"standard","meta":[],"categories":[6],"tags":[26,24],"_links":{"self":[{"href":"https:\/\/www.reunion68.se\/index.php?rest_route=\/wp\/v2\/posts\/109968"}],"collection":[{"href":"https:\/\/www.reunion68.se\/index.php?rest_route=\/wp\/v2\/posts"}],"about":[{"href":"https:\/\/www.reunion68.se\/index.php?rest_route=\/wp\/v2\/types\/post"}],"author":[{"embeddable":true,"href":"https:\/\/www.reunion68.se\/index.php?rest_route=\/wp\/v2\/users\/1"}],"replies":[{"embeddable":true,"href":"https:\/\/www.reunion68.se\/index.php?rest_route=%2Fwp%2Fv2%2Fcomments&post=109968"}],"version-history":[{"count":15,"href":"https:\/\/www.reunion68.se\/index.php?rest_route=\/wp\/v2\/posts\/109968\/revisions"}],"predecessor-version":[{"id":110843,"href":"https:\/\/www.reunion68.se\/index.php?rest_route=\/wp\/v2\/posts\/109968\/revisions\/110843"}],"wp:attachment":[{"href":"https:\/\/www.reunion68.se\/index.php?rest_route=%2Fwp%2Fv2%2Fmedia&parent=109968"}],"wp:term":[{"taxonomy":"category","embeddable":true,"href":"https:\/\/www.reunion68.se\/index.php?rest_route=%2Fwp%2Fv2%2Fcategories&post=109968"},{"taxonomy":"post_tag","embeddable":true,"href":"https:\/\/www.reunion68.se\/index.php?rest_route=%2Fwp%2Fv2%2Ftags&post=109968"}],"curies":[{"name":"wp","href":"https:\/\/api.w.org\/{rel}","templated":true}]}}