{"id":109998,"date":"2024-01-12T17:50:18","date_gmt":"2024-01-12T15:50:18","guid":{"rendered":"http:\/\/www.reunion68.se\/?p=109998"},"modified":"2024-01-12T17:58:37","modified_gmt":"2024-01-12T15:58:37","slug":"17-09-81","status":"publish","type":"post","link":"https:\/\/www.reunion68.se\/?p=109998","title":{"rendered":"Eurowizja 2024. Finowie nie chc\u0105 Izraela"},"content":{"rendered":"<p style=\"text-align: center;\"><img decoding=\"async\" class=\"aligncenter\" src=\"https:\/\/bi.im-g.pl\/im\/c2\/2a\/1d\/z30583234AMP,Noa-Kirel-z-Izraela-podczas-Konkursu-Piosenki-Euro.jpg\" width=\"100%\"><span style=\"color: #000080;\"><em>Noa Kirel z Izraela podczas Konkursu Piosenki Eurowizji w Liverpoolu w Anglii,13 maja 2023 r. (Fot. Martin Meissner\/AP\/East News)<\/em><\/span><\/p>\n<hr>\n<h5 style=\"text-align: center;\"><a href=\"https:\/\/wyborcza.pl\/\" target=\"_blank\" rel=\"noopener noreferrer\"><img decoding=\"async\" class=\"center alignleft\" src=\"http:\/\/www.reunion68.com\/Biuletyn\/img\/wyborcza.png\" alt=\"\" width=\"35%\"><\/a><span style=\"text-decoration: underline; color: #000080;\"><strong><a style=\"color: #000080; text-decoration: underline;\" href=\"https:\/\/wyborcza.pl\/7,113768,30583430,finowie-nie-chca-izraela-w-eurowizji.html#commentsAnchor\" target=\"_blank\" rel=\"noopener noreferrer\">Eurowizja 2024. Finowie nie chc\u0105 Izraela<\/a><\/strong><\/span><\/h5>\n<p style=\"text-align: center;\"><span style=\"color: #000000;\"><strong>Maja Staniszewska<\/strong><\/span><\/p>\n<hr style=\"height: 15px; background: #d0e6fa; width: 100%;\">\n<div class=\"container pt+++\">\n<div class=\"grid--r\">\n<div class=\"grid--c-6\">\n<div class=\"text--lead \" style=\"text-align: left;\" data-progress-bar-content=\"\"><span style=\"color: #000080;\">Prawie p\u00f3\u0142tora tysi\u0105ca fi\u0144skich artyst\u00f3w podpisa\u0142o petycj\u0119, by odebra\u0107 Izraelowi mo\u017cliwo\u015b\u0107 udzia\u0142u w konkursie piosenki Eurowizji z powodu &#8220;zbrodni wojennych w Gazie&#8221;.<\/span><\/div>\n<div class=\"article--content article--content-free  \">\n<p class=\"text--paragraph\" style=\"text-align: left;\"><span style=\"color: #000080;\">Europejska Unia Nadawc\u00f3w (EBU), organizatorka&nbsp;<a id=\"LinkArea:embed_link\" class=\"text--link \" style=\"color: #000080;\" title=\"Eurowizji\" href=\"https:\/\/wyborcza.pl\/7,113768,29799195,eurowizja-2024-odbedzie-sie-w-szwecji-w-50-rocznice-waterloo.html#S.embed_link-K.C-B.1-L.1.zw\" rel=\"dofollow\" data-bd-viewability=\"1\" data-bd-viewability-id=\"embed_link\" data-bd-viewability-href=\"https:\/\/wyborcza.pl\/7,113768,29799195,eurowizja-2024-odbedzie-sie-w-szwecji-w-50-rocznice-waterloo.html#S.embed_link-K.C-B.1-L.1.zw\">Eurowizji<\/a>, zapowiedzia\u0142a, \u017ce Izrael we\u017amie udzia\u0142 w tegorocznym konkursie, kt\u00f3ry b\u0119dzie si\u0119 odbywa\u0107 mi\u0119dzy 7 a 11 maja w szwedzkim Malm\u00f6. Wsp\u00f3\u0142organizatorem wydarzenia jest szwedzka telewizja publiczna.<\/span><\/p>\n<p class=\"text--paragraph\" style=\"text-align: left;\"><span style=\"color: #000080;\">Tymczasem, jak podaje BBC News, ponad 1,4 tys. fi\u0144skich artyst\u00f3w i ludzi zwi\u0105zanych z przemys\u0142em muzycznym podpisa\u0142o petycj\u0119 wzywaj\u0105c\u0105 do usuni\u0119cia Izraela z konkursu z powodu, jak zarzucaj\u0105, \u201ezbrodni wojennych&#8221; w Gazie.<\/span><\/p>\n<p class=\"text--paragraph\" style=\"text-align: left;\"><span style=\"color: #000080;\">Je\u015bli Izrael nie zostanie usuni\u0119ty, chc\u0105, by publiczna telewizja Yle wycofa\u0142a fi\u0144skiego reprezentanta. Gdyby tak si\u0119 sta\u0142o by\u0142aby to zapewne strata dla imprezy. Fi\u0144scy arty\u015bci, jak ubieg\u0142oroczny&nbsp;<a id=\"LinkArea:embed_link\" class=\"text--link \" style=\"color: #000080;\" title=\"zdobywca drugiego miejsca raper K\u00e4\u00e4rij\u00e4, \" href=\"https:\/\/wyborcza.pl\/7,113768,29757303,szwedka-laureen-pierwsza-kobieta-w-historii-ktora-dwukrotnie.html#S.embed_link-K.C-B.1-L.2.zw\" rel=\"dofollow\" data-bd-viewability=\"1\" data-bd-viewability-id=\"embed_link\" data-bd-viewability-href=\"https:\/\/wyborcza.pl\/7,113768,29757303,szwedka-laureen-pierwsza-kobieta-w-historii-ktora-dwukrotnie.html#S.embed_link-K.C-B.1-L.2.zw\">zdobywca drugiego miejsca raper K\u00e4\u00e4rij\u00e4,&nbsp;<\/a>dodaj\u0105 konkursowi kolorytu.<\/span><\/p>\n<\/div>\n<\/div>\n<\/div>\n<\/div>\n<p style=\"text-align: center;\"><img decoding=\"async\" class=\"aligncenter\" src=\"https:\/\/bi.im-g.pl\/im\/c1\/2a\/1d\/z30583233IH,Raper-Kaarija-z-Finlandii-wystepuje-w-finale-Konku.jpg\" width=\"100%\"><span style=\"color: #808080;\"><em>Raper Kaarija z Finlandii wyst\u0119puje w finale Konkursu Piosenki Eurowizji 2023 w Liverpoolu w p\u00f3\u0142nocnej Anglii, 13 maja 2023 r. Fot. Paul Ellis\/AFP\/East News<\/em><\/span><\/p>\n<p class=\"text--paragraph\">W ubieg\u0142ym miesi\u0105cu podobn\u0105 petycj\u0119 do swojego publicznego nadawcy, R\u00fav, wys\u0142ali muzycy z Islandii.<\/p>\n<h4 class=\"text--title font-head-700\"><strong>Eurowizja 2024. Finowie: wycofa\u0107 Izrael jak Rosj\u0119 w 2022 roku<\/strong><\/h4>\n<p class=\"text--paragraph\" style=\"text-align: left;\"><span style=\"color: #000080;\">Jeden z autor\u00f3w fi\u0144skiej petycji, Lukas Korpelainen, stwierdzi\u0142 w dzienniku \u201eHufvudstadsbladet&#8221;, \u017ce nie do zaakceptowania jest, by \u201eIzrael wzi\u0105\u0142 udzia\u0142 w konkursie Eurowizji i poprawia\u0142 sobie wizerunek&#8221;. Petycj\u0119 podpisali m.in. Olavi Uusivirta, Paleface i Axel Ehnstr\u00f6m, kt\u00f3ry reprezentowa\u0142 kraj w konkursie w 2011 roku.<\/span><\/p>\n<p class=\"text--paragraph\" style=\"text-align: left;\"><span style=\"color: #000080;\">Arty\u015bci oskar\u017caj\u0105 telewizj\u0119 Yle o podw\u00f3jne standardy, przypominaj\u0105c, \u017ce by\u0142a jedn\u0105 z pierwszych, kt\u00f3re domaga\u0142y si\u0119 usuni\u0119cia Rosji z udzia\u0142u w Eurowizji w 2022 roku, po tym, jak zaatakowa\u0142a Ukrain\u0119. \u2013 Oczekujemy takiej samej obrony naszych warto\u015bci przez Yle \u2013 pisz\u0105.<\/span><\/p>\n<p style=\"text-align: left;\"><span style=\"color: #000080;\">Jak przypomina BBC, w 2022 roku przedstawiciel Yle Ville Vil\u00e9n m\u00f3wi\u0142, \u017ce atak Rosji stoi w sprzeczno\u015bci do wszystkich warto\u015bci, jakie Yle i inni europejscy nadawcy reprezentuj\u0105. A EBU wkr\u00f3tce potem usun\u0119\u0142a Rosj\u0119 z konkursu. Teraz Vil\u00e9n m\u00f3wi, \u017ce sytuacja z konfliktem w Strefie Gazy \u201enie jest do ko\u0144ca taka sama&#8221;. &#8220;Cho\u0107 jest to przera\u017caj\u0105ce, nie jest to wojna mi\u0119dzy pa\u0144stwami jak ta mi\u0119dzy Rosj\u0105 a Ukrain\u0105&#8221; \u2013 cytuje BBC jego wypowied\u017a dla fi\u0144skiego tabloidu z zesz\u0142ego miesi\u0105ca.<\/span><\/p>\n<p style=\"text-align: left;\"><span style=\"color: #000080;\">Rzecznik Yle zapewnia, \u017ce telewizja \u015bledzi sytuacj\u0119 i rozmawia z EBU oraz innymi publicznymi nadawcami w Europie. Planuje r\u00f3wnie\u017c spotka\u0107 si\u0119 z autorami petycji.<\/span><\/p>\n<div class=\"article--content article--content-paid \" data-progress-bar-content=\"\">\n<div class=\"paywall\">\n<p class=\"text--paragraph\" style=\"text-align: left;\"><span style=\"color: #000080;\">EBU w grudniu wyda\u0142a o\u015bwiadczenie, \u017ce konkurs Eurowizji jest \u201edla nadawc\u00f3w, nie dla rz\u0105d\u00f3w&#8221; i \u017ce Izrael bierze w nim udzia\u0142 od 50 lat oraz \u017ce cz\u0142onkowie organizacji zgodzili si\u0119, \u017ce izraelska telewizja publiczna spe\u0142nia wszystkie zasady konkursu, a on sam jest wydarzeniem \u201eapolitycznym&#8221;.<\/span><\/p>\n<p class=\"text--paragraph\" style=\"text-align: left;\"><span style=\"color: #000080;\">Przygotowania do 68. Konkursu Piosenki Eurowizji trwaj\u0105. Fi\u0144skie preselekcje maj\u0105 si\u0119 odby\u0107 10 lutego, we\u017amie w nich udzia\u0142 siedmioro wykonawc\u00f3w wybranych z 419 zg\u0142osze\u0144.<\/span><\/p>\n<p class=\"text--paragraph\" style=\"text-align: left;\"><span style=\"color: #000080;\">Tak\u017ce Telewizja Polska og\u0142osi\u0142a <a id=\"LinkArea:embed_link\" class=\"text--link \" style=\"color: #000080;\" title=\"preselekcje to tegorocznego konkursu\" href=\"https:\/\/wyborcza.pl\/7,75410,30577992,i-ty-mozesz-zostac-abba-zglos-piosenke-na-konkurs-eurowizji.html#S.embed_link-K.C-B.1-L.3.zw\" rel=\"dofollow\" data-bd-viewability=\"1\" data-bd-viewability-id=\"embed_link\" data-bd-viewability-href=\"https:\/\/wyborcza.pl\/7,75410,30577992,i-ty-mozesz-zostac-abba-zglos-piosenke-na-konkurs-eurowizji.html#S.embed_link-K.C-B.1-L.3.zw\">preselekcje to tegorocznego konkursu<\/a>. Zg\u0142oszenia ch\u0119tni mog\u0105 wysy\u0142a\u0107 do pi\u0105tku 2 lutego do godziny 22 na adres: eurowizja@<a style=\"color: #000080;\" href=\"https:\/\/wyborcza.pl\/0,128956.html?tag=TVP#anchorLink\">tvp<\/a>.pl.<\/span><\/p>\n<hr>\n<\/div>\n<\/div>\n<div class=\"article--postcontent\">\n<div class=\"is-initialized\" data-mc-placeholder-id=\"PLDM_NEWSLT1\"><\/div>\n<div class=\"bio--article d-flex mb\">\n<div class=\"bio--article-image-container img--fluid img--round\" style=\"text-align: left;\"><img decoding=\"async\" loading=\"lazy\" class=\"bio--article-image alignleft\" src=\"https:\/\/bi.im-g.pl\/im\/d7\/3a\/1b\/z28549591IAR.jpg\" width=\"139\" height=\"139\"><\/div>\n<div class=\"bio--article-desc-container\" style=\"text-align: left;\"><span style=\"color: #808080;\"><em><a id=\"LinkArea:author_bio\" class=\"bio--article-desc-name bio--article-desc-name-link font-head-300\" style=\"color: #808080;\" href=\"https:\/\/autorzy.wyborcza.pl\/autor\/5e78a18e7da7ab2fc730eaaf\/Maja-Staniszewska#S.author_bio-K.C-B.1-L.1.zw\"><strong>Maja Staniszewska<\/strong><\/a> &#8211; Dziennikarka pisz\u0105ca o filmach, serialach i ludziach, kt\u00f3rzy je tworz\u0105 w dziale kultura &#8220;Gazety Wyborczej&#8221;. Z Agor\u0105 zwi\u0105zana od 2002 roku. Pracowa\u0142a w \u201eGazecie Sto\u0142ecznej\u201d, &#8220;Metrze&#8221; i \u201eWysokie Obcasy Extra\u201d.<\/em><\/span><\/div>\n<\/div>\n<\/div>\n<hr style=\"height: 15px; background: #d0e6fa; width: 100%;\">\n<div id=\"content\" class=\"content-alignment\">\n<div id=\"watch-description\" class=\"yt-uix-button-panel\">\n<div id=\"watch-description-text\" style=\"text-align: center;\">\n<p><em>Zawarto\u015b\u0107 publikowanych artyku\u0142\u00f3w i materia\u0142\u00f3w nie reprezentuje pogl\u0105d\u00f3w ani opinii Reunion&#8217;68,<\/em><em><br \/>\nani te\u017c webmastera Blogu Reunion&#8217;68, chyba ze jest to wyra\u017anie zaznaczone.<br \/>\nTwoje uwagi, linki, w\u0142asne artyku\u0142y lub wiadomo\u015bci prze\u015blij na adres:<br \/>\n<\/em><span style=\"color: #000080;\"><strong><em><a style=\"color: #000080;\" href=\"mailto:webmaster@reunion68.com\"><span style=\"text-decoration: underline;\">webmaster@reunion68.com<\/span><\/a><\/em><\/strong><\/span><\/p>\n<\/div>\n<\/div>\n<\/div>\n<hr style=\"width: 100%;\">\n","protected":false},"excerpt":{"rendered":"<p>Noa Kirel z Izraela podczas Konkursu Piosenki Eurowizji w Liverpoolu w Anglii,13 maja 2023 r. (Fot. Martin Meissner\/AP\/East News) Eurowizja 2024. Finowie nie chc\u0105 Izraela Maja Staniszewska Prawie p\u00f3\u0142tora tysi\u0105ca fi\u0144skich artyst\u00f3w podpisa\u0142o petycj\u0119, by odebra\u0107 Izraelowi mo\u017cliwo\u015b\u0107 udzia\u0142u w konkursie piosenki Eurowizji z powodu &#8220;zbrodni wojennych w Gazie&#8221;. Europejska Unia Nadawc\u00f3w (EBU), organizatorka&nbsp;Eurowizji, zapowiedzia\u0142a, [&hellip;]<\/p>\n","protected":false},"author":1,"featured_media":0,"comment_status":"closed","ping_status":"closed","sticky":false,"template":"","format":"standard","meta":[],"categories":[6],"tags":[26,24],"_links":{"self":[{"href":"https:\/\/www.reunion68.se\/index.php?rest_route=\/wp\/v2\/posts\/109998"}],"collection":[{"href":"https:\/\/www.reunion68.se\/index.php?rest_route=\/wp\/v2\/posts"}],"about":[{"href":"https:\/\/www.reunion68.se\/index.php?rest_route=\/wp\/v2\/types\/post"}],"author":[{"embeddable":true,"href":"https:\/\/www.reunion68.se\/index.php?rest_route=\/wp\/v2\/users\/1"}],"replies":[{"embeddable":true,"href":"https:\/\/www.reunion68.se\/index.php?rest_route=%2Fwp%2Fv2%2Fcomments&post=109998"}],"version-history":[{"count":7,"href":"https:\/\/www.reunion68.se\/index.php?rest_route=\/wp\/v2\/posts\/109998\/revisions"}],"predecessor-version":[{"id":110026,"href":"https:\/\/www.reunion68.se\/index.php?rest_route=\/wp\/v2\/posts\/109998\/revisions\/110026"}],"wp:attachment":[{"href":"https:\/\/www.reunion68.se\/index.php?rest_route=%2Fwp%2Fv2%2Fmedia&parent=109998"}],"wp:term":[{"taxonomy":"category","embeddable":true,"href":"https:\/\/www.reunion68.se\/index.php?rest_route=%2Fwp%2Fv2%2Fcategories&post=109998"},{"taxonomy":"post_tag","embeddable":true,"href":"https:\/\/www.reunion68.se\/index.php?rest_route=%2Fwp%2Fv2%2Ftags&post=109998"}],"curies":[{"name":"wp","href":"https:\/\/api.w.org\/{rel}","templated":true}]}}