{"id":110044,"date":"2024-01-21T18:00:25","date_gmt":"2024-01-21T16:00:25","guid":{"rendered":"http:\/\/www.reunion68.se\/?p=110044"},"modified":"2024-01-20T12:09:35","modified_gmt":"2024-01-20T10:09:35","slug":"19-00-85","status":"publish","type":"post","link":"https:\/\/www.reunion68.se\/?p=110044","title":{"rendered":"Wizz Air wznawia loty z Krakowa do Tel Awiwu"},"content":{"rendered":"<h5 style=\"text-align: center;\"><a href=\"https:\/\/krakow.wyborcza.pl\/\" target=\"_blank\" rel=\"noopener noreferrer\"><img decoding=\"async\" class=\"center alignleft\" src=\"http:\/\/www.reunion68.com\/Biuletyn\/img\/wyborcza.png\" alt=\"\" width=\"35%\"><\/a><span style=\"text-decoration: underline; color: #000080;\"><span><strong><a style=\"color: #000080; text-decoration: underline;\" href=\"https:\/\/krakow.wyborcza.pl\/krakow\/7,44425,30604822,wizz-air-wznawia-loty-z-krakowa-do-tel-awiwu.html\" target=\"_blank\" rel=\"noopener noreferrer\">Wizz Air wznawia loty z Krakowa do Tel Awiwu<\/a><\/strong><\/span><\/span><\/h5>\n<p style=\"text-align: center;\"><span style=\"color: #000000;\"><strong>KRAK\u00d3W AIRPORT<\/strong><\/span><\/p>\n<hr style=\"height: 15px; background: #d0e6fa; width: 100%;\">\n<p style=\"text-align: center;\"><img decoding=\"async\" class=\"aligncenter\" src=\"https:\/\/bi.im-g.pl\/im\/56\/2f\/1d\/z30604886AMP,Samolot-linii-Wizz-Air.jpg\" width=\"100%\"><span style=\"color: #808080;\"><em>Samolot linii Wizz Air (Materia\u0142y prasowe)<\/em><\/span><\/p>\n<div class=\"text--lead \" style=\"text-align: left;\" data-progress-bar-content=\"\"><span style=\"color: #000080;\">Linia lotnicza Wizz Air potwierdzi\u0142a w \u015brod\u0119, \u017ce wznowi loty na trasach z Krakowa do Tel Awiwu.<\/span><\/div>\n<div class=\"column-54\" style=\"text-align: left;\" data-position=\"54,4\"><\/div>\n<div class=\"article--underlead\" style=\"text-align: left;\"><span style=\"color: #000080;\">Loty rozpoczn\u0105 si\u0119 1 marca 2024 roku, b\u0119d\u0105 realizowane trzy razy w tygodniu: we wtorek, w czwartek i niedziel\u0119. Ceny bilet\u00f3w zaczynaj\u0105 si\u0119 od 229,99 z\u0142 (jak zaznacza firma, cena ta dotyczy wy\u0142\u0105cznie rezerwacji dokonanych na wizzair.com i w aplikacji mobilnej WIZZ).<\/span><\/div>\n<div class=\"article--content article--content-free  \">\n<p class=\"text--paragraph\" style=\"text-align: left;\"><span style=\"color: #000080;\">Loty do Tel Awiwu zostan\u0105 r\u00f3wnie\u017c wznowione z pi\u0119ciu innych miejsc w siatce po\u0142\u0105cze\u0144 Wizz Air: z Budapesztu, Bukaresztu, Londynu, Sofii i Rzymu.<\/span><\/p>\n<\/div>\n<hr style=\"height: 15px; background: #d0e6fa; width: 100%;\">\n<div id=\"content\" class=\"content-alignment\">\n<div id=\"watch-description\" class=\"yt-uix-button-panel\">\n<div id=\"watch-description-text\" style=\"text-align: center;\">\n<p><em>Zawarto\u015b\u0107 publikowanych artyku\u0142\u00f3w i materia\u0142\u00f3w nie reprezentuje pogl\u0105d\u00f3w ani opinii Reunion&#8217;68,<\/em><em><br \/>\nani te\u017c webmastera Blogu Reunion&#8217;68, chyba ze jest to wyra\u017anie zaznaczone.<br \/>\nTwoje uwagi, linki, w\u0142asne artyku\u0142y lub wiadomo\u015bci prze\u015blij na adres:<br \/>\n<\/em><span style=\"color: #000080;\"><strong><em><a style=\"color: #000080;\" href=\"mailto:webmaster@reunion68.com\"><span style=\"text-decoration: underline;\">webmaster@reunion68.com<\/span><\/a><\/em><\/strong><\/span><\/p>\n<\/div>\n<\/div>\n<\/div>\n<hr style=\"width: 100%;\">\n","protected":false},"excerpt":{"rendered":"<p>Wizz Air wznawia loty z Krakowa do Tel Awiwu KRAK\u00d3W AIRPORT Samolot linii Wizz Air (Materia\u0142y prasowe) Linia lotnicza Wizz Air potwierdzi\u0142a w \u015brod\u0119, \u017ce wznowi loty na trasach z Krakowa do Tel Awiwu. Loty rozpoczn\u0105 si\u0119 1 marca 2024 roku, b\u0119d\u0105 realizowane trzy razy w tygodniu: we wtorek, w czwartek i niedziel\u0119. Ceny bilet\u00f3w [&hellip;]<\/p>\n","protected":false},"author":1,"featured_media":0,"comment_status":"closed","ping_status":"closed","sticky":false,"template":"","format":"standard","meta":[],"categories":[6],"tags":[26,24],"_links":{"self":[{"href":"https:\/\/www.reunion68.se\/index.php?rest_route=\/wp\/v2\/posts\/110044"}],"collection":[{"href":"https:\/\/www.reunion68.se\/index.php?rest_route=\/wp\/v2\/posts"}],"about":[{"href":"https:\/\/www.reunion68.se\/index.php?rest_route=\/wp\/v2\/types\/post"}],"author":[{"embeddable":true,"href":"https:\/\/www.reunion68.se\/index.php?rest_route=\/wp\/v2\/users\/1"}],"replies":[{"embeddable":true,"href":"https:\/\/www.reunion68.se\/index.php?rest_route=%2Fwp%2Fv2%2Fcomments&post=110044"}],"version-history":[{"count":4,"href":"https:\/\/www.reunion68.se\/index.php?rest_route=\/wp\/v2\/posts\/110044\/revisions"}],"predecessor-version":[{"id":110055,"href":"https:\/\/www.reunion68.se\/index.php?rest_route=\/wp\/v2\/posts\/110044\/revisions\/110055"}],"wp:attachment":[{"href":"https:\/\/www.reunion68.se\/index.php?rest_route=%2Fwp%2Fv2%2Fmedia&parent=110044"}],"wp:term":[{"taxonomy":"category","embeddable":true,"href":"https:\/\/www.reunion68.se\/index.php?rest_route=%2Fwp%2Fv2%2Fcategories&post=110044"},{"taxonomy":"post_tag","embeddable":true,"href":"https:\/\/www.reunion68.se\/index.php?rest_route=%2Fwp%2Fv2%2Ftags&post=110044"}],"curies":[{"name":"wp","href":"https:\/\/api.w.org\/{rel}","templated":true}]}}