{"id":110073,"date":"2024-01-21T18:09:51","date_gmt":"2024-01-21T16:09:51","guid":{"rendered":"http:\/\/www.reunion68.se\/?p=110073"},"modified":"2024-01-21T09:09:50","modified_gmt":"2024-01-21T07:09:50","slug":"21-05-97","status":"publish","type":"post","link":"https:\/\/www.reunion68.se\/?p=110073","title":{"rendered":"Izrael uderzy\u0142 w Damaszku. W zniszczonym rakietami budynku zgin\u0119li ira\u0144scy wojskowi"},"content":{"rendered":"<p style=\"text-align: center;\"><img decoding=\"async\" class=\"aligncenter\" src=\"https:\/\/hawarnews.com\/en\/uploads\/images\/202401\/image_870x_65ab8d500c502.jpg\" width=\"100%\" \/><em><span style=\"color: #808080;\">Dym nad Damaszkiem po ataku, w kt\u00f3rym zgin\u0119li m.in. cz\u0142onkowie ira\u0144skiej Gwardii Rewolucyjnej, 20 stycznia 2024 r.<\/span><\/em><\/p>\n<hr \/>\n<h5 style=\"text-align: center;\"><a href=\"https:\/\/wyborcza.pl\/\" target=\"_blank\" rel=\"noopener noreferrer\"><img decoding=\"async\" class=\"center alignleft\" src=\"http:\/\/www.reunion68.com\/Biuletyn\/img\/wyborcza.png\" alt=\"\" width=\"35%\" \/><\/a><span style=\"text-decoration: underline; color: #000080;\"><strong><a style=\"color: #000080; text-decoration: underline;\" href=\"https:\/\/wyborcza.pl\/7,75399,30613929,izrael-uderzyl-w-damaszku-w-zniszczonym-rakietami-budynku-zgineli.html\" target=\"_blank\" rel=\"noopener noreferrer\">Izrael uderzy\u0142 w Damaszku. W zniszczonym rakietami budynku zgin\u0119li ira\u0144scy wojskowi<\/a><\/strong><\/span><\/h5>\n<p style=\"text-align: center;\"><span style=\"color: #000000;\"><strong>Robert Stefanicki<\/strong><\/span><\/p>\n<hr style=\"height: 15px; background: #d0e6fa; width: 100%;\" \/>\n<div class=\"text--lead \" style=\"text-align: left;\" data-progress-bar-content=\"\"><span style=\"color: #000080;\">Iran potwierdzi\u0142, \u017ce w sobotnim ataku rakietowym na stolic\u0119 Syrii zgin\u0119\u0142o czterech funkcjonariuszy ira\u0144skiej Gwardii Rewolucyjnej oraz kilku cz\u0142onk\u00f3w syryjskich si\u0142 zbrojnych.<\/span><\/div>\n<div class=\"column-54\" style=\"text-align: left;\" data-position=\"54,4\"><\/div>\n<div class=\"article--underlead\" style=\"text-align: left;\"><span style=\"color: #000080;\">\u201eCelem izraelskiego ataku rakietowego by\u0142 czteropi\u0119trowy budynek, w kt\u00f3rym spotykali si\u0119 przyw\u00f3dcy powi\u0105zani z Iranem. Budynek zosta\u0142 ca\u0142kowicie zniszczony. Zgin\u0119\u0142o pi\u0119\u0107 os\u00f3b \u2013 poda\u0142o Syryjskie Obserwatorium Praw Cz\u0142owieka, opozycyjne wobec re\u017cimu Baszara al-Asada.\u00a0<\/span><\/div>\n<div class=\"article--content article--content-free  \" style=\"text-align: left;\">\n<p class=\"text--paragraph\"><span style=\"color: #000080;\">Ira\u0144ska telewizja pa\u0144stwowa nazwa\u0142a to atakiem terrorystycznym przeprowadzonym przez &#8220;zbrodniczy\u00a0re\u017cim syjonistyczny&#8221;.\u00a0Celem by\u0142\u00a0budynek mieszkalny w dzielnicy Al-Mazza w Damaszku. \u015awiadkowie s\u0142yszeli odg\u0142os eksplozji i widzieli du\u017c\u0105\u00a0chmur\u0119\u00a0dymu.\u00a0<\/span><\/p>\n<\/div>\n<p class=\"text--paragraph\" style=\"text-align: left;\"><span style=\"color: #000080;\">Korespondent AFP przekaza\u0142, \u017ce zniszczony budynek zosta\u0142 odgrodzony kordonem karetek pogotowia, stra\u017cak\u00f3w i ekip ratowniczych Syryjskiego Arabskiego Czerwonego P\u00f3\u0142ksi\u0119\u017cyca. Obrona cywilna poszukiwa\u0142a ocala\u0142ych pod gruzami ca\u0142kowicie zawalonego domu. \u00a0<\/span><\/p>\n<h4 class=\"text--title font-head-700\" style=\"text-align: left;\"><strong>Iran chroni szlak zaopatrzenia Hezbollahu<\/strong><\/h4>\n<p class=\"text--paragraph\" style=\"text-align: left;\"><span style=\"color: #000080;\">W dzielnicy Al-Mazza mie\u015bci si\u0119 lokalne dow\u00f3dztwo ira\u0144skiej\u00a0Gwardii Rewolucyjnej\u00a0i proira\u0144skich frakcji palesty\u0144skich. W okolicy znajduje si\u0119 tak\u017ce siedziba ONZ, ambasady i restauracje.\u00a0<\/span><\/p>\n<p class=\"text--paragraph\" style=\"text-align: left;\"><span style=\"color: #000080;\">Si\u0142y ira\u0144skie s\u0105 obecne w Syrii od wczesnego\u00a0etapu wojny domowej, kt\u00f3ra wybuch\u0142a w 2011 r.\u00a0Ira\u0144czycy chroni\u0105 re\u017cim\u00a0prezydenta Baszara\u00a0al-Asada\u00a0przed rebeliantami, kt\u00f3rzy wci\u0105\u017c kontroluj\u0105 tereny\u00a0na p\u00f3\u0142nocy kraju.\u00a0I za\u0142atwiaj\u0105 w\u0142asne interesy. Przez Syri\u0119 biegnie szlak zaopatrzenia liba\u0144skiego Hezbollahu, kt\u00f3ry atakuje Izrael od p\u00f3\u0142nocy.\u00a0<\/span><\/p>\n<p class=\"text--paragraph\" style=\"text-align: left;\"><span style=\"color: #000080;\">Izrael od lat przeprowadza ataki w Syrii przeciwko celom, kt\u00f3re wed\u0142ug niego s\u0105 powi\u0105zane z si\u0142ami ira\u0144skimi. Rzadko przyznaje si\u0119 do\u00a0konkretnych uderze\u0144, ale wielokrotnie powtarza\u0142, \u017ce nie pozwoli Iranowi na rozszerzenie dzia\u0142alno\u015bci w Syrii.\u00a0<\/span><\/p>\n<h4 class=\"text--title font-head-700\"><strong>Ataki nie tylko na terenie Syrii<\/strong><\/h4>\n<p class=\"text--paragraph\" style=\"text-align: left;\"><span style=\"color: #000080;\">W grudniu w izraelskim nalocie\u00a0niedaleko Damaszku\u00a0zgin\u0105\u0142 Razi Musawi, wysoki rang\u0105 genera\u0142\u00a0Gwardii Rewolucyjnej. Wcze\u015bniej by\u0142\u00a0on asystentem\u00a0dow\u00f3dcy tej formacji\u00a0Kasima Sujemjaniego, kt\u00f3ry zosta\u0142 zabity przez Amerykan\u00f3w\u00a0w 2020 r.\u00a0<\/span><\/p>\n<p class=\"text--paragraph\" style=\"text-align: left;\"><span style=\"color: #000080;\">Teheran zagrozi\u0142, \u017ce Izrael \u201ezap\u0142aci za t\u0119 zbrodni\u0119&#8221;.\u00a0I w tym tygodniu\u00a0w odwecie\u00a0<a id=\"LinkArea:embed_link\" class=\"text--link \" style=\"color: #000080;\" title=\"zbombardowa\u0142 rzekom\u0105 siedzib\u0119 Mosadu w irackim Kurdystanie\" href=\"https:\/\/wyborcza.pl\/7,75399,30598446,iran-bombarduje-cel-w-irackim-kurdystanie-jego-jemenscy-sojusznicy.html#S.embed_link-K.C-B.1-L.1.zw\" rel=\"dofollow\" data-bd-viewability=\"1\" data-bd-viewability-id=\"embed_link\" data-bd-viewability-href=\"https:\/\/wyborcza.pl\/7,75399,30598446,iran-bombarduje-cel-w-irackim-kurdystanie-jego-jemenscy-sojusznicy.html#S.embed_link-K.C-B.1-L.1.zw\">zbombardowa\u0142 rzekom\u0105 siedzib\u0119 Mosadu w irackim Kurdystanie<\/a>. Doprowadzi\u0142o to do kryzysu\u00a0dyplomatycznego\u00a0w sk\u0105din\u0105d\u00a0dobrych stosunkach iracko-ira\u0144skich.\u00a0<\/span><\/p>\n<p class=\"text--paragraph\" style=\"text-align: left;\"><span style=\"color: #000080;\">Zaraz potem Iran zbombardowa\u0142 separatyst\u00f3w\u00a0ira\u0144skich\u00a0w Pakistanie. Wydaje si\u0119, \u017ce ten front ju\u017c zosta\u0142 zasypany:\u00a0<a id=\"LinkArea:embed_link\" class=\"text--link \" style=\"color: #000080;\" title=\"Pakistan przeprowadzi\u0142 odwetowe uderzenie na separatyst\u00f3w w Iranie, \" href=\"https:\/\/wyborcza.pl\/7,75399,30605877,pakistan-przeprowadzil-ataki-odwetowe-na-iran-sa-ofiary.html#S.embed_link-K.C-B.1-L.2.zw\" rel=\"dofollow\" data-bd-viewability=\"1\" data-bd-viewability-id=\"embed_link\" data-bd-viewability-href=\"https:\/\/wyborcza.pl\/7,75399,30605877,pakistan-przeprowadzil-ataki-odwetowe-na-iran-sa-ofiary.html#S.embed_link-K.C-B.1-L.2.zw\">Pakistan przeprowadzi\u0142 odwetowe uderzenie na separatyst\u00f3w w Iranie,\u00a0<\/a>a w sobot\u0119 oba kraje ponownie nawi\u0105za\u0142y relacje po kilkudniowej przerwie.\u00a0<\/span><\/p>\n<hr style=\"height: 15px; background: #d0e6fa; width: 100%;\" \/>\n<div id=\"content\" class=\"content-alignment\">\n<div id=\"watch-description\" class=\"yt-uix-button-panel\">\n<div id=\"watch-description-text\" style=\"text-align: center;\">\n<p><em>Zawarto\u015b\u0107 publikowanych artyku\u0142\u00f3w i materia\u0142\u00f3w nie reprezentuje pogl\u0105d\u00f3w ani opinii Reunion&#8217;68,<\/em><em><br \/>\nani te\u017c webmastera Blogu Reunion&#8217;68, chyba ze jest to wyra\u017anie zaznaczone.<br \/>\nTwoje uwagi, linki, w\u0142asne artyku\u0142y lub wiadomo\u015bci prze\u015blij na adres:<br \/>\n<\/em><span style=\"color: #000080;\"><strong><em><a style=\"color: #000080;\" href=\"mailto:webmaster@reunion68.com\"><span style=\"text-decoration: underline;\">webmaster@reunion68.com<\/span><\/a><\/em><\/strong><\/span><\/p>\n<\/div>\n<\/div>\n<\/div>\n<hr style=\"width: 100%;\" \/>\n","protected":false},"excerpt":{"rendered":"<p>Dym nad Damaszkiem po ataku, w kt\u00f3rym zgin\u0119li m.in. cz\u0142onkowie ira\u0144skiej Gwardii Rewolucyjnej, 20 stycznia 2024 r. Izrael uderzy\u0142 w Damaszku. W zniszczonym rakietami budynku zgin\u0119li ira\u0144scy wojskowi Robert Stefanicki Iran potwierdzi\u0142, \u017ce w sobotnim ataku rakietowym na stolic\u0119 Syrii zgin\u0119\u0142o czterech funkcjonariuszy ira\u0144skiej Gwardii Rewolucyjnej oraz kilku cz\u0142onk\u00f3w syryjskich si\u0142 zbrojnych. \u201eCelem izraelskiego ataku [&hellip;]<\/p>\n","protected":false},"author":1,"featured_media":0,"comment_status":"closed","ping_status":"closed","sticky":false,"template":"","format":"standard","meta":[],"categories":[6],"tags":[26,24],"_links":{"self":[{"href":"https:\/\/www.reunion68.se\/index.php?rest_route=\/wp\/v2\/posts\/110073"}],"collection":[{"href":"https:\/\/www.reunion68.se\/index.php?rest_route=\/wp\/v2\/posts"}],"about":[{"href":"https:\/\/www.reunion68.se\/index.php?rest_route=\/wp\/v2\/types\/post"}],"author":[{"embeddable":true,"href":"https:\/\/www.reunion68.se\/index.php?rest_route=\/wp\/v2\/users\/1"}],"replies":[{"embeddable":true,"href":"https:\/\/www.reunion68.se\/index.php?rest_route=%2Fwp%2Fv2%2Fcomments&post=110073"}],"version-history":[{"count":6,"href":"https:\/\/www.reunion68.se\/index.php?rest_route=\/wp\/v2\/posts\/110073\/revisions"}],"predecessor-version":[{"id":110090,"href":"https:\/\/www.reunion68.se\/index.php?rest_route=\/wp\/v2\/posts\/110073\/revisions\/110090"}],"wp:attachment":[{"href":"https:\/\/www.reunion68.se\/index.php?rest_route=%2Fwp%2Fv2%2Fmedia&parent=110073"}],"wp:term":[{"taxonomy":"category","embeddable":true,"href":"https:\/\/www.reunion68.se\/index.php?rest_route=%2Fwp%2Fv2%2Fcategories&post=110073"},{"taxonomy":"post_tag","embeddable":true,"href":"https:\/\/www.reunion68.se\/index.php?rest_route=%2Fwp%2Fv2%2Ftags&post=110073"}],"curies":[{"name":"wp","href":"https:\/\/api.w.org\/{rel}","templated":true}]}}