{"id":110131,"date":"2024-02-29T18:09:17","date_gmt":"2024-02-29T16:09:17","guid":{"rendered":"http:\/\/www.reunion68.se\/?p=110131"},"modified":"2024-02-25T13:24:12","modified_gmt":"2024-02-25T11:24:12","slug":"23-09-93","status":"publish","type":"post","link":"https:\/\/www.reunion68.se\/?p=110131","title":{"rendered":"Dlaczego chrze\u015bcija\u0144scy przyw\u00f3dcy ignoruj\u0105 ataki na swoj\u0105 spo\u0142eczno\u015b\u0107"},"content":{"rendered":"<p style=\"text-align: center;\"><img decoding=\"async\" class=\"aligncenter\" src=\"https:\/\/www.gatestoneinstitute.org\/pics\/4888.jpg\" width=\"100%\"><span style=\"color: #808080;\"><em>26 grudnia Hezbollah uderzy\u0142 w ko\u015bci\u00f3\u0142 greckokatolicki Naj\u015bwi\u0119tszej Marii Panny w Ikrit w Izraelu dwoma przeciwpancernymi rakietami kierowanymi, rani\u0105c dziesi\u0119\u0107 os\u00f3b. W chwili pisania tego tekstu \u017caden chrze\u015bcija\u0144ski przyw\u00f3dca nie mia\u0142 nic do powiedzenia na temat tego ataku rakietowego Hezbollahu na ko\u015bci\u00f3\u0142. Na zdj\u0119ciu: ko\u015bci\u00f3\u0142 Naj\u015bwi\u0119tszej Marii Panny, sfotografowany 19 grudnia 2020 r. (\u0179r\u00f3d\u0142o zdj\u0119cia: Bukvoed\/Wikimedia Commons)<\/em><\/span><\/p>\n<hr>\n<h5 style=\"text-align: center;\"><a href=\"https:\/\/pl.gatestoneinstitute.org\/\" target=\"_blank\" rel=\"noopener noreferrer\"><img decoding=\"async\" class=\"center alignleft\" src=\"https:\/\/pl.gatestoneinstitute.org\/images\/gatestone-logo-1000.gif\" alt=\"\" width=\"50%\"><\/a><span style=\"text-decoration: underline; color: #000080;\"><strong><a style=\"color: #000080; text-decoration: underline;\" href=\"https:\/\/pl.gatestoneinstitute.org\/20311\/dlaczego-chrzescijanscy-przywodcy-ignoruja-ataki\" target=\"_blank\" rel=\"noopener noreferrer\">Dlaczego chrze\u015bcija\u0144scy przyw\u00f3dcy ignoruj\u0105 ataki na swoj\u0105 spo\u0142eczno\u015b\u0107<\/a><\/strong><\/span><\/h5>\n<p style=\"text-align: center;\"><span style=\"color: #000000;\"><strong> Bassam Tawil<br \/>\n<\/strong><span style=\"color: #808080;\"><em>T\u0142umaczenie:<\/em><\/span><strong> Ma\u0142gorzata Koraszewska<\/strong><\/span><\/p>\n<hr style=\"height: 15px; background: #d0e6fa; width: 100%;\">\n<p style=\"text-align: left;\"><span style=\"color: #000080;\">Ira\u0144ska grupa terrorystyczna w Libanie Hezbollah&nbsp;<a style=\"color: #000080;\" href=\"https:\/\/twitter.com\/IDF\/status\/1739630534416838750\" target=\"_blank\" rel=\"noopener noreferrer\">zaatakowa\u0142a<\/a>&nbsp;26 grudnia greckokatolicki ko\u015bci\u00f3\u0142 Naj\u015bwi\u0119tszej Marii Panny w Ikrit w p\u00f3\u0142nocnym Izraelu. Przeciwpancerny pocisk kierowany wystrzelony z Libanu uderzy\u0142 bezpo\u015brednio w ko\u015bci\u00f3\u0142, powa\u017cnie rani\u0105c 85-letniego cywila. Dziewi\u0119ciu izraelskich \u017co\u0142nierzy, kt\u00f3rzy rzucili si\u0119 na ratunek rannego, odnios\u0142o nast\u0119pnie rany w wyniku drugiego uderzenia rakietowego. Hezbollah pochwali\u0142 si\u0119 atakiem i zamie\u015bci\u0142&nbsp;<a style=\"color: #000080;\" href=\"https:\/\/twitter.com\/IDF\/status\/1739630534416838750\" target=\"_blank\" rel=\"noopener noreferrer\">wideo<\/a>, na kt\u00f3rym wida\u0107, jak jego rakiety uderzaj\u0105 w ko\u015bci\u00f3\u0142.<\/span><\/p>\n<p style=\"text-align: left;\"><span style=\"color: #000080;\">Atak nie wywo\u0142a\u0142 \u017cadnej reakcji ze strony \u017cadnej wi\u0119kszej organizacji chrze\u015bcija\u0144skiej na Zachodzie. Dla kontrastu papie\u017c szybko pot\u0119pi\u0142&nbsp;<a style=\"color: #000080;\" href=\"https:\/\/www.vaticannews.va\/en\/pope\/news\/2023-12\/pope-francis-holy-family-parish-gaza-appeal-civilians.html\" target=\"_blank\" rel=\"noopener noreferrer\">zab\u00f3jstwo<\/a>&nbsp;dw\u00f3ch chrze\u015bcijanek w Strefie Gazy,&nbsp;<a style=\"color: #000080;\" href=\"https:\/\/www.vaticannews.va\/en\/pope\/news\/2023-12\/pope-francis-holy-family-parish-gaza-appeal-civilians.html\" target=\"_blank\" rel=\"noopener noreferrer\">fa\u0142szywie sugeruj\u0105c<\/a>&nbsp;jednak, \u017ce odpowiedzialny jest Izrael.<\/span><\/p>\n<p style=\"text-align: left;\"><span style=\"color: #000080;\">Wed\u0142ug doniesie\u0144 Nahida Chalil Anton i jej c\u00f3rka Samar Kamal Anton zgin\u0119\u0142y w strzelaninie na terenie parafii katolickiej \u015awi\u0119tej Rodziny w Strefie Gazy. Papie\u017c twierdzi\u0142, \u017ce obie kobiety &#8220;zgin\u0119\u0142y, a inne zosta\u0142y ranne przez strzelc\u00f3w, gdy sz\u0142y do toalety&#8221;. Chocia\u017c nie powiedzia\u0142 tego wyra\u017anie, papie\u017c powt\u00f3rzy\u0142 fa\u0142szywe twierdzenia Hamasu i innych grup terrorystycznych, kieruj\u0105c oskar\u017cenia na Izrael:<\/span><\/p>\n<blockquote>\n<p style=\"text-align: left;\"><strong>&#8220;Podczas modlitwy Anio\u0142 Pa\u0144ski Papie\u017c powiedzia\u0142, \u017ce w dalszym ci\u0105gu otrzymuje niepokoj\u0105ce wie\u015bci z Gazy, gdzie nieuzbrojeni cywile s\u0105 celem zamach\u00f3w bombowych i strzelanin&#8221;.<\/strong><\/p>\n<\/blockquote>\n<p style=\"text-align: left;\"><span style=\"color: #000080;\">Do chwili pisania tego tekstu \u017caden chrze\u015bcija\u0144ski przyw\u00f3dca nie mia\u0142 nic do powiedzenia na temat ataku rakietowego Hezbollahu na ko\u015bci\u00f3\u0142 Naj\u015bwi\u0119tszej Marii Panny.<\/span><\/p>\n<p style=\"text-align: left;\"><span style=\"color: #000080;\">Kiedy muzu\u0142manie pope\u0142niaj\u0105 takie zbrodnie przeciwko chrze\u015bcijanom w Strefie Gazy, Egipcie, Libanie, Iraku i innych krajach, nikt, \u0142\u0105cznie z zachodnimi mediami, nie zwraca na to \u017cadnej uwagi. Dlaczego? Bo to nie dotyczy Izraela. \u017baden \u017byd nie jest winien.<\/span><\/p>\n<p style=\"text-align: left;\"><span style=\"color: #000080;\">Jest bardzo prawdopodobne, \u017ce chrze\u015bcijanki zosta\u0142y zabite przez terroryst\u00f3w Hamasu lub Islamskiego D\u017cihadu. W ostatnich latach przybywa dowod\u00f3w na to, \u017ce Hamas nie tylko wykorzystuje&nbsp;<a style=\"color: #000080;\" href=\"https:\/\/www.msn.com\/en-in\/news\/world\/idf-uncovers-hamas-special-forces-terror-tunnels-rocket-launcher-in-mosque\/ar-AA1m9Avq\" target=\"_blank\" rel=\"noopener noreferrer\">meczety<\/a>&nbsp;do przeprowadzania atak\u00f3w na Izrael; arcybiskup Alexis, wybitny przyw\u00f3dca chrze\u015bcija\u0144ski w Strefie Gazy,&nbsp;<a style=\"color: #000080;\" href=\"https:\/\/www2.cbn.com\/news\/israel\/gaza-bishop-hamas-used-church-fire-rockets\" target=\"_blank\" rel=\"noopener noreferrer\">ujawni\u0142<\/a>, \u017ce podczas jednej z ostatnich rund walk terrory\u015bci Hamasu wykorzystali teren ko\u015bcio\u0142a do odpalania rakiet na Izrael.<\/span><\/p>\n<p style=\"text-align: left;\"><span style=\"color: #000080;\">Nawiasem m\u00f3wi\u0105c, s\u0105 to ci sami terrory\u015bci, kt\u00f3rzy&nbsp;<a style=\"color: #000080;\" href=\"https:\/\/www.france24.com\/en\/middle-east\/20231020-gaza-hospital-blast-was-caused-by-misfired-rocket-says-european-military-source\" target=\"_blank\" rel=\"noopener noreferrer\">wystrzelili<\/a>&nbsp;rakiet\u0119, kt\u00f3ra uderzy\u0142a w szpital w Strefie Gazy i po\u015bpieszyli, by fa\u0142szywie oskar\u017cy\u0107 Izrael. Po zbadaniu zdj\u0119\u0107 uszkodze\u0144 w miejscu uderzenia w szpitalu Al-Ahli europejskie \u017ar\u00f3d\u0142o wojskowe&nbsp;<a style=\"color: #000080;\" href=\"https:\/\/www.france24.com\/en\/middle-east\/20231020-gaza-hospital-blast-was-caused-by-misfired-rocket-says-european-military-source\" target=\"_blank\" rel=\"noopener noreferrer\">wykluczy\u0142o<\/a>&nbsp;hipotez\u0119, \u017ce atak by\u0142 uderzeniem powietrze-ziemia izraelskiego my\u015bliwca. \u0179r\u00f3d\u0142o oraz&nbsp;<a style=\"color: #000080;\" href=\"https:\/\/www.cbsnews.com\/news\/u-s-intelligence-catastrophic-motor-failure-rocket-launch-palestinian-militants-deadly-hospital-blast-gaza\/\" target=\"_blank\" rel=\"noopener noreferrer\">rz\u0105d USA<\/a>&nbsp;oceni\u0142y, \u017ce eksplozja by\u0142a&nbsp;<a style=\"color: #000080;\" href=\"https:\/\/www.nbcnews.com\/news\/world\/live-blog\/israel-hamas-war-live-updates-rcna120978\" target=\"_blank\" rel=\"noopener noreferrer\">spowodowana<\/a>&nbsp;rakiet\u0105 z Gazy, kt\u00f3ra &#8220;spad\u0142a za wcze\u015bnie&#8221;. \u0179r\u00f3d\u0142o ponadto zakwestionowa\u0142o liczb\u0119 ofiar \u015bmiertelnych szybko og\u0142oszon\u0105 przez kontrolowane przez Hamas Ministerstwo Zdrowia, twierdz\u0105c, \u017ce jest ma\u0142o prawdopodobne, aby w eksplozji zgin\u0119\u0142o 471 os\u00f3b; wywiad ameryka\u0144ski&nbsp;<a style=\"color: #000080;\" href=\"https:\/\/www.nytimes.com\/2023\/10\/24\/us\/politics\/intel-rocket-gaza-hospital-blast.html\" target=\"_blank\" rel=\"noopener noreferrer\">oszacowa\u0142, \u017ce<\/a>&nbsp;ofiar by\u0142o znacznie mniej.<\/span><\/p>\n<p style=\"text-align: left;\"><span style=\"color: #000080;\">Wcze\u015bniej \u0141aci\u0144ski Patriarchat Jerozolimy bezpo\u015brednio oskar\u017cy\u0142 Izrael, bez \u017cadnych dowod\u00f3w, o zabicie chrze\u015bcija\u0144skiej matki i c\u00f3rki. &#8220;Zastrzelono je z zimn\u0105 krwi\u0105&#8221; \u2013&nbsp;<a style=\"color: #000080;\" href=\"https:\/\/www.timesofisrael.com\/idf-refutes-claim-it-targeted-sole-catholic-church-in-gaza-after-2-women-said-killed\/\" target=\"_blank\" rel=\"noopener noreferrer\">stwierdzi\u0142<\/a>&nbsp;patriarchat w o\u015bwiadczeniu.<\/span><\/p>\n<p style=\"text-align: left;\"><span style=\"color: #000080;\">Izraelskie wojsko&nbsp;<a style=\"color: #000080;\" href=\"https:\/\/www.timesofisrael.com\/idf-refutes-claim-it-targeted-sole-catholic-church-in-gaza-after-2-women-said-killed\/\" target=\"_blank\" rel=\"noopener noreferrer\">zaprzeczy\u0142o<\/a>&nbsp;jednak twierdzeniu, jakoby jego wojska obra\u0142y za cel ko\u015bci\u00f3\u0142 \u015awi\u0119tej Rodziny w Strefie Gazy. Podkre\u015blaj\u0105c, \u017ce Izraelskie Si\u0142y Obronne (IDF) &#8220;nie bior\u0105 na cel cywil\u00f3w, bez wzgl\u0119du na ich religi\u0119&#8221;, armia&nbsp;<a style=\"color: #000080;\" href=\"https:\/\/www.catholicnewsagency.com\/news\/256306\/idf-denies-responsibility-for-killing-of-palestinian-christians\" target=\"_blank\" rel=\"noopener noreferrer\">o\u015bwiadczy\u0142a,<\/a>&nbsp;\u017ce skontaktowali si\u0119 z ni\u0105 przedstawiciele ko\u015bcio\u0142a w sprawie incydentu w parafii \u015awi\u0119tej Rodziny, ale &#8220;nie ma doniesie\u0144 o trafieniu ko\u015bcio\u0142a ani cywile nie zostali ranni lub zabici. Przegl\u0105d ustale\u0144 operacyjnych IDF to potwierdza&#8221;.<\/span><\/p>\n<p style=\"text-align: left;\"><span style=\"color: #000080;\">P\u00f3\u017aniej armia&nbsp;<a style=\"color: #000080;\" href=\"https:\/\/www.timesofisrael.com\/idf-again-denies-killing-mother-and-daughter-at-gaza-church-cites-hamas-fire-in-area\/\" target=\"_blank\" rel=\"noopener noreferrer\">stwierdzi\u0142a<\/a>, \u017ce ze wst\u0119pnego przegl\u0105du wynika, \u017ce &#8220;terrory\u015bci Hamasu wystrzelili granat o nap\u0119dzie rakietowym w stron\u0119 \u017co\u0142nierzy IDF z okolic innego ko\u015bcio\u0142a&#8221;. \u017bo\u0142nierze zidentyfikowali w pobli\u017cu trzy osoby, kt\u00f3re dzia\u0142a\u0142y jako &#8220;obserwatorzy&#8221; Hamasu i &#8220;kierowali ich atakami&#8221;, po czym strzelili do obserwator\u00f3w, trafiaj\u0105c ich.<\/span><\/p>\n<p style=\"text-align: left;\"><span style=\"color: #000080;\">&#8220;Chocia\u017c ten incydent mia\u0142 miejsce w rejonie, gdzie wed\u0142ug doniesie\u0144 zgin\u0119\u0142y obie kobiety&#8221; \u2013 stwierdzono \u2013 &#8220;otrzymane raporty [o dw\u00f3ch zabitych kobietach] nie zgadzaj\u0105 si\u0119 z wnioskami z naszego wst\u0119pnego przegl\u0105du, z kt\u00f3rego wynika\u0142o, \u017ce oddzia\u0142y IDF obiera\u0142y za cel obserwator\u00f3w w punktach obserwacyjnych wroga.&#8221;<\/span><\/p>\n<p style=\"text-align: left;\"><span style=\"color: #000080;\">IDF o\u015bwiadczy\u0142a, \u017ce kontynuuje &#8220;badanie incydentu&#8221;, dodaj\u0105c:<\/span><\/p>\n<blockquote><p><strong>&#8220;IDF bardzo powa\u017cnie podchodzi do doniesie\u0144 o atakach na wra\u017cliwe miejsca, szczeg\u00f3lnie na ko\u015bcio\u0142y, kt\u00f3re s\u0105 \u015bwi\u0119tymi miejscami wiary chrze\u015bcija\u0144skiej. IDF kieruje swoje dzia\u0142ania przeciwko organizacji terrorystycznej Hamas, a nie przeciwko ludno\u015bci cywilnej, niezale\u017cnie od jej przynale\u017cno\u015bci religijnej. IDF podejmuje wiele \u015brodk\u00f3w maj\u0105cych na celu z\u0142agodzenie szk\u00f3d wyrz\u0105dzonych ludno\u015bci cywilnej w Strefie Gazy. Wysi\u0142ki te kontrastuj\u0105 z dzia\u0142aniami Hamasu, kt\u00f3ry robi wszystko, co w jego mocy, aby narazi\u0107 na niebezpiecze\u0144stwo ludno\u015b\u0107 cywiln\u0105 i wykorzystuje j\u0105, a tak\u017ce miejsca kultu religijnego, jako ludzk\u0105 tarcz\u0119 dla swojej dzia\u0142alno\u015bci terrorystycznej&#8221;.<\/strong><\/p><\/blockquote>\n<p style=\"text-align: left;\"><span style=\"color: #000080;\">Wskazuj\u0105c oskar\u017cycielskim palcem na Izrael, papie\u017c i \u0141aci\u0144ski Patriarchat w Jerozolimie w rzeczywisto\u015bci akceptuj\u0105 fa\u0142szywe twierdzenia palesty\u0144skiego pe\u0142nomocnika Iranu, Hamasu. Papie\u017c i patriarchat szybko wydali wyrok przeciwko Izraelowi, g\u0142\u00f3wnie na podstawie fa\u0142szywych twierdze\u0144 Hamasu, kt\u00f3rego terrory\u015bci najechali Izrael 7 pa\u017adziernika i zamordowali ponad 1200 Izraelczyk\u00f3w, a tysi\u0105ce innych ranili. Papie\u017c i patriarchat nawet nie zadali sobie trudu poczekania na \u015bledztwo armii izraelskiej w sprawie incydentu w ko\u015bciele w Gazie. Zamiast tego, podobnie jak wiele innych medi\u00f3w g\u0142\u00f3wnego nurtu na Zachodzie, woleli papugowa\u0107 fa\u0142szywe twierdzenia Hamasu i innych terroryst\u00f3w.<\/span><\/p>\n<p style=\"text-align: left;\"><span style=\"color: #000080;\">Podobnie jak wiele innych medi\u00f3w g\u0142\u00f3wnego nurtu na Zachodzie, oni r\u00f3wnie\u017c zdecydowali si\u0119 zignorowa\u0107 atak Hezbollahu na ko\u015bci\u00f3\u0142 Naj\u015bwi\u0119tszej Marii Panny w p\u00f3\u0142nocnym Izraelu. Prawdopodobnie nie widz\u0105 powodu, dla kt\u00f3rego mieliby reagowa\u0107 na atak, za kt\u00f3ry nie mo\u017cna wini\u0107 Izraela.<\/span><\/p>\n<p style=\"text-align: left;\"><span style=\"color: #000080;\">Mo\u017cna si\u0119 zastanawia\u0107, gdzie by\u0142 papie\u017c i inne organizacje chrze\u015bcija\u0144skie, kiedy chrze\u015bcijanie \u017cyj\u0105cy w Gazie pod rz\u0105dami grupy terrorystycznej Hamas, od\u0142amie Bractwa Muzu\u0142ma\u0144skiego, byli systematycznie atakowani i prze\u015bladowani?<\/span><\/p>\n<p style=\"text-align: left;\"><span style=\"color: #000080;\">W niespokojnym okresie 2006\u20132008 w Strefie Gazy islamistyczni terrory\u015bci zamordowali Ramiego Ajjada, palesty\u0144skiego&nbsp;<a style=\"color: #000080;\" href=\"https:\/\/en.m.wikipedia.org\/wiki\/Killing_of_Rami_Ayyad\" target=\"_blank\" rel=\"noopener noreferrer\">dzia\u0142acza<\/a>&nbsp;chrze\u015bcija\u0144skiego, kt\u00f3ry by\u0142 kierownikiem jedynej tam chrze\u015bcija\u0144skiej ksi\u0119garni. W przesz\u0142o\u015bci ksi\u0119garnia by\u0142a celem kilku atak\u00f3w, w tym zamach\u00f3w bombowych i podpale\u0144. Wiadomo by\u0142o, \u017ce przez lata Ajjadowi gro\u017cono \u015bmierci\u0105.<\/span><\/p>\n<p style=\"text-align: left;\"><span style=\"color: #000080;\">6 pa\u017adziernika 2007 r., gdy Ajjad zamyka\u0142 ksi\u0119garni\u0119, grupa zamaskowanych m\u0119\u017cczyzn&nbsp;<a style=\"color: #000080;\" href=\"https:\/\/en.m.wikipedia.org\/wiki\/Killing_of_Rami_Ayyad\" target=\"_blank\" rel=\"noopener noreferrer\">wepchn\u0119\u0142a go do samochodu i odjecha\u0142a.<\/a>&nbsp;Nast\u0119pnego dnia jego cia\u0142o znaleziono na polu w pobli\u017cu dzielnicy Zeitoun w mie\u015bcie Gaza. Zosta\u0142 dotkliwie pobity, a przy jego ciele znaleziono notatk\u0119, w kt\u00f3rej oskar\u017cano go o bycie &#8220;misjonarzem&#8221; i ostrzegano innych, aby nie anga\u017cowali si\u0119 w podobn\u0105 dzia\u0142alno\u015b\u0107.<\/span><\/p>\n<p style=\"text-align: left;\"><span style=\"color: #000080;\">&#8220;Od czasu wyboru rz\u0105du Hamasu w 2006 r. i zamachu stanu, w wyniku kt\u00f3rego Hamas przej\u0105\u0142 Stref\u0119 Gazy w czerwcu 2007 r., napi\u0119cia religijne tylko si\u0119 nasili\u0142y&#8221; \u2013&nbsp;<a style=\"color: #000080;\" href=\"https:\/\/jcpa.org\/article\/palestinian-crimes-against-christian-arabs-and-their-manipulation-against-israel\/\" target=\"_blank\" rel=\"noopener noreferrer\">napisa\u0142<\/a>&nbsp;nie\u017cyj\u0105cy ju\u017c mi\u0119dzynarodowy prawnik zajmuj\u0105cy si\u0119 prawami cz\u0142owieka, Justus Reid Weiner, kt\u00f3ry szeroko bada\u0142 przypadki \u0142amania praw cz\u0142owieka przeciwko chrze\u015bcijanom na Zachodnim Brzegu i w Strefie Gazy.<\/span><\/p>\n<blockquote>\n<p style=\"text-align: left;\"><strong>&#8220;Hamas wprowadzi\u0142 polityk\u0119, kt\u00f3ra przekszta\u0142ca [obszary kontrolowane przez Palesty\u0144czyk\u00f3w] w islamsk\u0105 teokracj\u0119, a religia chrze\u015bcija\u0144ska i jej wyznawcy s\u0105 stale dyskryminowani. Grupy muzu\u0142ma\u0144skie, takie jak Hamas i Islamski D\u017cihad, zbudowa\u0142y kultur\u0119 nienawi\u015bci na licz\u0105cych wieki fundamentach spo\u0142ecze\u0144stwa islamskiego. W 2008 roku muzu\u0142ma\u0144scy bojownicy zbombardowali Stowarzyszenie Chrze\u015bcija\u0144skich M\u0142odych M\u0119\u017cczyzn w Gazie (YMCA), a w szkole chrze\u015bcija\u0144skiej wybuch\u0142a bomba&#8221;.<\/strong><\/p>\n<\/blockquote>\n<p style=\"text-align: left;\"><span style=\"color: #000080;\">Zdaniem Weinera zbrodnie pope\u0142nione na chrze\u015bcija\u0144skich Arabach wynikaj\u0105 ze sposobu my\u015blenia, kt\u00f3ry si\u0119ga pocz\u0105tk\u00f3w islamu:<\/span><\/p>\n<blockquote>\n<p style=\"text-align: left;\"><strong>&#8220;Tradycyjnie chrze\u015bcijanom i \u017bydom przyznaje si\u0119 ni\u017cszy status spo\u0142eczny, znany w islamie jako dhimmitude. Dhimma to prawna umowa poddania si\u0119, kt\u00f3ra zosta\u0142a narzucona rdzennej ludno\u015bci niemuzu\u0142ma\u0144skiej w regionach podbitych przez rozprzestrzeniaj\u0105cy si\u0119 islam. Chocia\u017c \u017bydzi i chrze\u015bcijanie nie byli zmuszani do przej\u015bcia na islam, nie byli traktowani na r\u00f3wni z muzu\u0142manami. Jako dhimmi \u017bydzi i chrze\u015bcijanie podlegali ograniczeniom prawnym i kulturowym na mocy prawa islamskiego. Na przyk\u0142ad muzu\u0142manie mogli hodowa\u0107 konie, podczas gdy chrze\u015bcijanie i \u017bydzi musieli zadowoli\u0107 si\u0119 os\u0142ami. Albo muzu\u0142manom pozwolono nosi\u0107 szaty z delikatnego materia\u0142u, podczas gdy chrze\u015bcijanom i \u017bydom wolno by\u0142o nosi\u0107 jedynie ubrania wykonane z po\u015blednich materia\u0142\u00f3w&#8221;.<\/strong><\/p>\n<\/blockquote>\n<p style=\"text-align: left;\"><span style=\"color: #000080;\">Weiner pisa\u0142 dalej:<\/span><\/p>\n<blockquote>\n<p style=\"text-align: left;\"><strong>&#8220;W spo\u0142ecze\u0144stwie palesty\u0144skim chrze\u015bcija\u0144scy Arabowie nie maj\u0105 g\u0142osu ani ochrony. Nic dziwnego, \u017ce wyje\u017cd\u017caj\u0105. Z powodu emigracji \u2013 kt\u00f3rej cz\u0119\u015b\u0107 si\u0119ga trzech pokole\u0144 \u2013 siedemdziesi\u0105t procent chrze\u015bcija\u0144skich Arab\u00f3w, kt\u00f3rzy pierwotnie mieszkali na Zachodnim Brzegu i w Gazie teraz mieszka za granic\u0105&#8221;.<\/strong><\/p>\n<\/blockquote>\n<p style=\"text-align: left;\"><span style=\"color: #000080;\">Tak wi\u0119c, jak na ironi\u0119, ostatnia pr\u00f3ba etykietowania Izraela jako kraju, kt\u00f3ry atakuje chrze\u015bcijan, zbieg\u0142a si\u0119 w czasie z masakr\u0105 w Nigerii, jakiej dokonano na chrze\u015bcijanach obchodz\u0105cych Bo\u017ce Narodzenie. Ponad 160 chrze\u015bcijan zosta\u0142o zamordowanych w skoordynowanych atakach islamistycznych grup bojownik\u00f3w, kt\u00f3re mia\u0142y miejsce w dniach 23\u201325 grudnia. W ostatnich latach Nigeria by\u0142a wyl\u0119garni\u0105 prze\u015bladowa\u0144 chrze\u015bcijan, a w 2022 r. kraj ten by\u0142 liderem na \u015bwiecie pod wzgl\u0119dem liczby chrze\u015bcijan zabijanych za wiar\u0119. Kiedy dochodzi do takich okrucie\u0144stw, rzadko s\u0142yszymy g\u0142osy tych, kt\u00f3rzy twierdz\u0105, \u017ce troszcz\u0105 si\u0119 o dobro i bezpiecze\u0144stwo chrze\u015bcijan na ca\u0142ym \u015bwiecie.<\/span><\/p>\n<p style=\"text-align: left;\"><span style=\"color: #000080;\">Wed\u0142ug&nbsp;<a style=\"color: #000080;\" href=\"https:\/\/tnc.news\/2023\/12\/25\/persecuted-christians\/\" target=\"_blank\" rel=\"noopener noreferrer\">Open Doors<\/a>, organizacji wspieraj\u0105cej prze\u015bladowanych chrze\u015bcijan, w pierwszej dziesi\u0105tce pa\u0144stwowych prze\u015bladowc\u00f3w chrze\u015bcijan znajduj\u0105 si\u0119 Korea P\u00f3\u0142nocna, Somalia, Jemen, Erytrea, Libia, Nigeria, Pakistan, Iran, Afganistan i Sudan. Inne godne uwagi kraje, kt\u00f3re znalaz\u0142y si\u0119 na li\u015bcie, to Indie, Chiny, Arabia Saudyjska, Kuba, Egipt, Meksyk, Turcja i Nikaragua.<\/span><\/p>\n<p style=\"text-align: left;\"><span style=\"color: #000080;\">Tymczasem w Izraelu spo\u0142eczno\u015b\u0107 chrze\u015bcija\u0144ska&nbsp;<a style=\"color: #000080;\" href=\"https:\/\/www.timesofisrael.com\/israels-christian-community-is-growing-84-satisfied-with-life-here-report\/\" target=\"_blank\" rel=\"noopener noreferrer\">wzros\u0142a<\/a>&nbsp;w 2020 roku o 1,4 procent i liczy oko\u0142o 182 tysi\u0105ce os\u00f3b. Osiemdziesi\u0105t cztery procent chrze\u015bcijan stwierdzi\u0142o, \u017ce jest zadowolonych z \u017cycia w Izraelu: 24% stwierdzi\u0142o, \u017ce jest &#8220;bardzo zadowolonych&#8221;, a 60% &#8220;zadowolonych&#8221;. Izrael jest jednym z niewielu kraj\u00f3w na Bliskim Wschodzie, w kt\u00f3rym chrze\u015bcijanie czuj\u0105 si\u0119 bezpiecznie i gdzie ich liczba ro\u015bnie. Dla kontrastu w 2022 roku w Strefie Gazy&nbsp;<a style=\"color: #000080;\" href=\"https:\/\/en.m.wikipedia.org\/wiki\/Palestinian_Christians\" target=\"_blank\" rel=\"noopener noreferrer\">\u017cy\u0142o<\/a>&nbsp;oko\u0142o 1100 chrze\u015bcijan \u2013 w por\u00f3wnaniu z ponad 1300 w 2014 roku.<\/span><\/p>\n<p style=\"text-align: left;\"><span style=\"color: #000080;\">Chrze\u015bcija\u0144scy przyw\u00f3dcy, kt\u00f3rzy odwracaj\u0105 si\u0119 plecami od trudnej sytuacji chrze\u015bcijan w Strefie Gazy czy gdziekolwiek indziej, jednocze\u015bnie ujawniaj\u0105c swoj\u0105 obsesj\u0119 na punkcie Izraela, wyrz\u0105dzaj\u0105 ogromne szkody wiernym: z dala od uwagi opinii publicznej chrze\u015bcijanie b\u0119d\u0105 atakowani bardziej zaciekle ni\u017c kiedykolwiek. Co gorsza, ci, kt\u00f3rzy ignoruj\u0105 ataki na chrze\u015bcijan, daj\u0105 Hamasowi, Hezbollahowi i innym islamistom zielone \u015bwiat\u0142o do niszczenia chrze\u015bcija\u0144skich miejsc \u015bwi\u0119tych i mordowania chrze\u015bcijan.<\/span><\/p>\n<hr style=\"height: 15px; background: #d0e6fa; width: 100%;\">\n<div id=\"content\" class=\"content-alignment\">\n<div id=\"watch-description\" class=\"yt-uix-button-panel\">\n<div id=\"watch-description-text\" style=\"text-align: center;\">\n<p><em>Zawarto\u015b\u0107 publikowanych artyku\u0142\u00f3w i materia\u0142\u00f3w nie reprezentuje pogl\u0105d\u00f3w ani opinii Reunion&#8217;68,<\/em><em><br \/>\nani te\u017c webmastera Blogu Reunion&#8217;68, chyba ze jest to wyra\u017anie zaznaczone.<br \/>\nTwoje uwagi, linki, w\u0142asne artyku\u0142y lub wiadomo\u015bci prze\u015blij na adres:<br \/>\n<\/em><span style=\"color: #000080;\"><strong><em><a style=\"color: #000080;\" href=\"mailto:webmaster@reunion68.com\"><span style=\"text-decoration: underline;\">webmaster@reunion68.com<\/span><\/a><\/em><\/strong><\/span><\/p>\n<\/div>\n<\/div>\n<\/div>\n<hr style=\"width: 100%;\">\n","protected":false},"excerpt":{"rendered":"<p>26 grudnia Hezbollah uderzy\u0142 w ko\u015bci\u00f3\u0142 greckokatolicki Naj\u015bwi\u0119tszej Marii Panny w Ikrit w Izraelu dwoma przeciwpancernymi rakietami kierowanymi, rani\u0105c dziesi\u0119\u0107 os\u00f3b. W chwili pisania tego tekstu \u017caden chrze\u015bcija\u0144ski przyw\u00f3dca nie mia\u0142 nic do powiedzenia na temat tego ataku rakietowego Hezbollahu na ko\u015bci\u00f3\u0142. Na zdj\u0119ciu: ko\u015bci\u00f3\u0142 Naj\u015bwi\u0119tszej Marii Panny, sfotografowany 19 grudnia 2020 r. (\u0179r\u00f3d\u0142o zdj\u0119cia: [&hellip;]<\/p>\n","protected":false},"author":1,"featured_media":0,"comment_status":"closed","ping_status":"closed","sticky":false,"template":"","format":"standard","meta":[],"categories":[6],"tags":[26,24],"_links":{"self":[{"href":"https:\/\/www.reunion68.se\/index.php?rest_route=\/wp\/v2\/posts\/110131"}],"collection":[{"href":"https:\/\/www.reunion68.se\/index.php?rest_route=\/wp\/v2\/posts"}],"about":[{"href":"https:\/\/www.reunion68.se\/index.php?rest_route=\/wp\/v2\/types\/post"}],"author":[{"embeddable":true,"href":"https:\/\/www.reunion68.se\/index.php?rest_route=\/wp\/v2\/users\/1"}],"replies":[{"embeddable":true,"href":"https:\/\/www.reunion68.se\/index.php?rest_route=%2Fwp%2Fv2%2Fcomments&post=110131"}],"version-history":[{"count":7,"href":"https:\/\/www.reunion68.se\/index.php?rest_route=\/wp\/v2\/posts\/110131\/revisions"}],"predecessor-version":[{"id":110171,"href":"https:\/\/www.reunion68.se\/index.php?rest_route=\/wp\/v2\/posts\/110131\/revisions\/110171"}],"wp:attachment":[{"href":"https:\/\/www.reunion68.se\/index.php?rest_route=%2Fwp%2Fv2%2Fmedia&parent=110131"}],"wp:term":[{"taxonomy":"category","embeddable":true,"href":"https:\/\/www.reunion68.se\/index.php?rest_route=%2Fwp%2Fv2%2Fcategories&post=110131"},{"taxonomy":"post_tag","embeddable":true,"href":"https:\/\/www.reunion68.se\/index.php?rest_route=%2Fwp%2Fv2%2Ftags&post=110131"}],"curies":[{"name":"wp","href":"https:\/\/api.w.org\/{rel}","templated":true}]}}