{"id":110137,"date":"2024-01-23T18:09:48","date_gmt":"2024-01-23T16:09:48","guid":{"rendered":"http:\/\/www.reunion68.se\/?p=110137"},"modified":"2024-01-23T10:48:57","modified_gmt":"2024-01-23T08:48:57","slug":"24-09-93","status":"publish","type":"post","link":"https:\/\/www.reunion68.se\/?p=110137","title":{"rendered":"Prezydent Duda: z obozu Auschwitz-Birkenau rozlega si\u0119 niemilkn\u0105cy krzyk przestrogi"},"content":{"rendered":"<p><img decoding=\"async\" class=\"aligncenter\" src=\"https:\/\/t2.gstatic.com\/licensed-image?q=tbn:ANd9GcS7n4wS-NMn6t6os73HgPHfErpfu0o8gLY_OFCryOX4Mhp2nZalcngfSJlSpzSgphxn\" width=\"100%\" \/><\/p>\n<hr \/>\n<h5 style=\"text-align: center;\"><a href=\"https:\/\/dzieje.pl\/\" target=\"_blank\" rel=\"noopener noreferrer\"><img decoding=\"async\" class=\"center alignleft\" src=\"http:\/\/www.reunion68.com\/Biuletyn\/img\/dzieje_logo.png\" alt=\"\" width=\"35%\" \/><\/a><span style=\"text-decoration: underline; color: #000080;\"><span style=\"text-decoration: underline;\"><strong><a style=\"color: #000080; text-decoration: underline;\" href=\"https:\/\/dzieje.pl\/wiadomosci\/prezydent-duda-z-obozu-auschwitz-birkenau-rozlega-sie-niemilknacy-krzyk-przestrogi\" target=\"_blank\" rel=\"noopener noreferrer\">Prezydent Duda: z obozu Auschwitz-Birkenau rozlega si\u0119 niemilkn\u0105cy krzyk przestrogi<br \/>\n<\/a><\/strong><\/span><\/span><\/h5>\n<p style=\"text-align: center;\"><span style=\"color: #000000;\"><strong>Rafa\u0142 Grzyb<\/strong><\/span><\/p>\n<hr style=\"height: 15px; background: #d0e6fa; width: 100%;\" \/>\n<h4><strong>Prezydent Andrzej Duda w li\u015bcie do uczestnik\u00f3w krakowskiej konferencji dotycz\u0105cej antysemityzmu napisa\u0142, \u017ce tak jak w 1945 roku, tak i dzisiaj oraz po wsze czasy z niemieckiego nazistowskiego obozu koncentracyjnego i zag\u0142ady Auschwitz-Birkenau rozlega si\u0119 nigdy niemilkn\u0105cy krzyk przestrogi.<\/strong><\/h4>\n<div class=\"field field--name-body field--type-text-with-summary field--label-hidden field__item\">\n<p style=\"text-align: left;\"><span style=\"color: #000080;\">W poniedzia\u0142ek w Krakowie rozpocz\u0119\u0142a si\u0119 mi\u0119dzynarodowa konferencja dotycz\u0105ca kwestii antysemityzmu, kt\u00f3ra jest cz\u0119\u015bci\u0105 uroczysto\u015bci upami\u0119tnienia Holocaustu, organizowanych pod auspicjami Europejskiego Stowarzyszenia \u017byd\u00f3w. W poniedzia\u0142ek po po\u0142udniu w spotkaniu ma wzi\u0105\u0107 udzia\u0142 m.in. Elon Musk, w\u0142a\u015bciciel Tesli i platformy X.<\/span><\/p>\n<p style=\"text-align: left;\"><span style=\"color: #000080;\">Na pocz\u0105tku konferencji list od Andrzeja Dudy przeczyta\u0142 prezydencki minister Wojciech Kolarski. Jak przypomnia\u0142 w swym przes\u0142aniu Duda, wkr\u00f3tce up\u0142ynie 79 lat od momentu, gdy otwarte zosta\u0142y bramy niemieckiego nazistowskiego obozu koncentracyjnego i zag\u0142ady Auschwitz-Birkenau. \u201eOko\u0142o siedmiu tysi\u0119cy os\u00f3b doczeka\u0142o oswobodzenia. Ale te\u017c, co nie mniej wa\u017cne, zerwane zosta\u0142y okowy milczenia o tym prawdziwym piekle na ziemi\u201d &#8211; zaznaczy\u0142 prezydent.<\/span><\/p>\n<p style=\"text-align: left;\"><span style=\"color: #000080;\">\u201eNa nic zda\u0142y si\u0119 wysi\u0142ki hitlerowskich oprawc\u00f3w, aby zatrze\u0107 \u015blady pope\u0142nionych zbrodni. Jak w 1945 roku, tak i dzisiaj oraz po wsze czasy z tamtego miejsca rozlega si\u0119 nigdy niemilkn\u0105cy krzyk przestrogi\u201d &#8211; podkre\u015bli\u0142 Duda w li\u015bcie do uczestnik\u00f3w spotkania.<\/span><\/p>\n<p style=\"text-align: left;\"><span style=\"color: #000080;\">Dlatego \u2013 napisa\u0142 prezydent &#8211; w rocznic\u0119 wyzwolenie wi\u0119\u017ani\u00f3w z tej przera\u017caj\u0105cej fabryki \u015bmierci obchodzimy Mi\u0119dzynarodowy Dzie\u0144 Pami\u0119ci o Ofiarach Holocaustu, ustanowiony przez Zgromadzenie Og\u00f3lne ONZ.<\/span><\/p>\n<blockquote>\n<p style=\"text-align: left;\"><strong>\u201eKa\u017cdego 27 stycznia ca\u0142\u0105 wsp\u00f3lnota ludzka \u0142\u0105czy si\u0119 w akcie czci dla pomordowanych oraz wsp\u00f3\u0142czucia i troski wobec ocalonych. W tym dniu na nowo podsycamy p\u0142omie\u0144 pami\u0119ci o wydarzeniach, o kt\u00f3rych w pierwszym obronnym odruchu ludzkiej psychiki chcia\u0142oby si\u0119 zapomnie\u0107 \u2013 ale kt\u00f3re musz\u0105 by\u0107 pami\u0119tane i w\u0142a\u015bciwie rozumiane tak\u017ce przez przysz\u0142e pokolenia\u201d \u2013 przekaza\u0142 Duda. W spos\u00f3b szczeg\u00f3lny misj\u0119 t\u0119 kontynuuje Polska \u2013 kraj, kt\u00f3rego 3 mln obywateli \u017cydowskich pad\u0142o ofiarami Holokaustu.<\/strong><\/p>\n<\/blockquote>\n<p style=\"text-align: left;\"><span style=\"color: #000080;\">\u201eKa\u017cdego 27 stycznia ca\u0142\u0105 wsp\u00f3lnota ludzka \u0142\u0105czy si\u0119 w akcie czci dla pomordowanych oraz wsp\u00f3\u0142czucia i troski wobec ocalonych. W tym dniu na nowo podsycamy p\u0142omie\u0144 pami\u0119ci o wydarzeniach, o kt\u00f3rych w pierwszym obronnym odruchu ludzkiej psychiki chcia\u0142oby si\u0119 zapomnie\u0107 \u2013 ale kt\u00f3re musz\u0119 by\u0107 pami\u0119tane i w\u0142a\u015bciwie rozumiane tak\u017ce przez przysz\u0142e pokolenia\u201d &#8211; przekaza\u0142 Duda. W spos\u00f3b szczeg\u00f3lny misj\u0119 t\u0119 kontynuuje Polska, kraju kt\u00f3rego 3 mln obywateli \u017cydowskich pad\u0142o ofiarami Holokaustu.<\/span><\/p>\n<p style=\"text-align: left;\"><span style=\"color: #000080;\">Jak podkre\u015bli\u0142 prezydent, jeste\u015bmy \u201ewci\u0105\u017c poruszeni i g\u0142\u0119boko zranieni faktem, \u017ce w\u0142adze III Rzeszy umiejscowi\u0142y sw\u00f3j zbrodniczy przemys\u0142 pogardy w\u0142a\u015bnie na terytorium podbitej i okupowanej Polski, kt\u00f3ra by\u0142a przez wieki tolerancyjnym, bezpiecznym, wsp\u00f3lnym domem przedstawicieli wielu ras, j\u0119zyk\u00f3w, kultur i religii\u201d.<\/span><\/p>\n<p style=\"text-align: left;\"><span style=\"color: #000080;\">\u201eDeklarujemy niez\u0142omn\u0105 wol\u0119 stania na stra\u017cy prawdy i pami\u0119ci o dokonanych tu przez naje\u017ad\u017ac\u00f3w ludob\u00f3jstwie \u017byd\u00f3w. Czynimy tak w przekonaniu, \u017ce wstrz\u0105s, jaki budzi wiedza o tej zbrodni, ma moc przemiany ludzkich serc i sumie\u0144 oraz uwra\u017cliwienia na nietolerancj\u0119, nienawi\u015b\u0107, ksenofobi\u0119, rasizm i szowinizm; na \u0142amanie praw cz\u0142owieka i prawa mi\u0119dzynarodowego w butnym prze\u015bwiadczeniu, i\u017c agresja i przemoc mog\u0105 by\u0107 metodami dzia\u0142ania we wsp\u00f3\u0142czesnym \u015bwiecie\u201d &#8211; podkre\u015bli\u0142 Duda.<\/span><\/p>\n<p style=\"text-align: left;\"><span style=\"color: #000080;\">Jak zaznaczy\u0142 w li\u015bcie \u201estoj\u0105c co roku u bram dawnego KL Auschwitz-Birkenau, kierujemy ku wszystkim narod\u00f3w wezwanie do budowy lepszej przysz\u0142o\u015bci \u2013 pe\u0142nej solidarno\u015bci i empatii opartej na wolno\u015bci, wzajemnym szacunku i warto\u015bciach uniwersalnych\u201d.<\/span><\/p>\n<p style=\"text-align: left;\"><span style=\"color: #000080;\">Prezydent wskaza\u0142, \u017ce na tegorocznych obchodach Mi\u0119dzynarodowego Dnia Pami\u0119ci o Ofiarach Holocaustu k\u0142adzie si\u0119 cieniem terrorystyczny atak na Izrael, kt\u00f3rego 7 pa\u017adziernika ubieg\u0142ego roku dopu\u015bcili si\u0119 cz\u0142onkowie Hamasu. \u201eOddajemy ho\u0142d ofiarom tej agresji i \u0142\u0105czymy si\u0119 w b\u00f3lu z ich rodzinami. Ufamy tak\u017ce, \u017ce wszyscy uprowadzeni zak\u0142adnicy jak najszybciej powr\u00f3c\u0105 do swoich dom\u00f3w, do wyczekuj\u0105cych ich krewnych i przyjaci\u00f3\u0142\u201d &#8211; podkre\u015bli\u0142 w li\u015bcie.<\/span><\/p>\n<p style=\"text-align: left;\"><span style=\"color: #000080;\">Dyrektor EJA Jorgos Papadakis oceni\u0142 w swoim wyst\u0105pieniu, \u017ce po 7 pa\u017adziernika nast\u0105pi\u0142 \u201eastronomiczny kryzys antysemityzmu w Europie\u201d. \u201eChcemy wys\u0142a\u0107 sygna\u0142, \u017ce +nigdy wi\u0119cej+ jest teraz, \u017ce antysemityzm si\u0119 odradza i musimy mu przeciwdzia\u0142a\u0107 na wszelkie sposoby\u201d &#8211; podkre\u015bli\u0142.<\/span><\/p>\n<p style=\"text-align: left;\"><span style=\"color: #000080;\">Wed\u0142ug niego, krakowska konferencja ma na celu zastanowienie i refleksj\u0119 nad przyczynami wzrostu europejskiego antysemityzmu po ataku Hamasu na Izrael oraz zaapelowanie do wszystkich europejskich w\u0142adz o wprowadzenie adekwatnych rozwi\u0105za\u0144 przeciwdzia\u0142aj\u0105cych tym aktom.<\/span><\/p>\n<p style=\"text-align: left;\"><span style=\"color: #000080;\">Prezydencki minister Wojciech Kolarski, pytany przez dziennikarzy o przejawy antysemityzmu w Polsce na tle innych europejskich pa\u0144stw, powo\u0142a\u0142 si\u0119 na wyst\u0105pienie przedstawiciela Towarzystwa Spo\u0142eczno-Kulturalnego \u017byd\u00f3w, kt\u00f3ry zabiera\u0142 g\u0142os w krakowskiej debacie.<\/span><\/p>\n<p style=\"text-align: left;\"><span style=\"color: #000080;\">\u201eOn powiedzia\u0142 takie s\u0142owa dla nas bardzo krzepi\u0105ce, \u017ce w por\u00f3wnaniu z krajami Europy zachodniej spo\u0142eczno\u015b\u0107 \u017cydowska w Polsce czuje si\u0119 bezpiecznie\u201d &#8211; relacjonowa\u0142 minister.<\/span><\/p>\n<p style=\"text-align: left;\"><span style=\"color: #000080;\">\u201eRzeczywi\u015bcie tak jest i obiektywnie tak jest. Polska na szcz\u0119\u015bcie jest krajem, w kt\u00f3rym wszyscy przedstawiciele spo\u0142eczno\u015bci \u017cydowskiej mog\u0105 manifestowa\u0107 swoj\u0105 to\u017csamo\u015b\u0107, nie ma samochod\u00f3w policyjnych przed synagogami \u2013 to pow\u00f3d do dumy dla nas, \u017ce Polska jest takim krajem\u201d &#8211; podkre\u015bli\u0142 Kolarski.<\/span><\/p>\n<p style=\"text-align: left;\"><span style=\"color: #000080;\">Minister, pytany o ostatnie incydenty antysemickie w Polsce, powiedzia\u0142: \u201eka\u017cdy incydent jest godny pot\u0119pienia, ka\u017cdy incydent jest zgodnie z prawem \u015bcigany, je\u015bli dochodzi do z\u0142amania prawa i ka\u017cdy musi by\u0107 zwalczany, co do tego nie ma \u017cadnej w\u0105tpliwo\u015bci\u201d.(PAP)<\/span><\/p>\n<\/div>\n<hr style=\"height: 15px; background: #d0e6fa; width: 100%;\" \/>\n<div id=\"content\" class=\"content-alignment\">\n<div id=\"watch-description\" class=\"yt-uix-button-panel\">\n<div id=\"watch-description-text\" style=\"text-align: center;\">\n<p><em>Zawarto\u015b\u0107 publikowanych artyku\u0142\u00f3w i materia\u0142\u00f3w nie reprezentuje pogl\u0105d\u00f3w ani opinii Reunion&#8217;68,<\/em><em><br \/>\nani te\u017c webmastera Blogu Reunion&#8217;68, chyba ze jest to wyra\u017anie zaznaczone.<br \/>\nTwoje uwagi, linki, w\u0142asne artyku\u0142y lub wiadomo\u015bci prze\u015blij na adres:<br \/>\n<\/em><span style=\"color: #000080;\"><strong><em><a style=\"color: #000080;\" href=\"mailto:webmaster@reunion68.com\"><span style=\"text-decoration: underline;\">webmaster@reunion68.com<\/span><\/a><\/em><\/strong><\/span><\/p>\n<\/div>\n<\/div>\n<\/div>\n<hr style=\"width: 100%;\" \/>\n","protected":false},"excerpt":{"rendered":"<p>Prezydent Duda: z obozu Auschwitz-Birkenau rozlega si\u0119 niemilkn\u0105cy krzyk przestrogi Rafa\u0142 Grzyb Prezydent Andrzej Duda w li\u015bcie do uczestnik\u00f3w krakowskiej konferencji dotycz\u0105cej antysemityzmu napisa\u0142, \u017ce tak jak w 1945 roku, tak i dzisiaj oraz po wsze czasy z niemieckiego nazistowskiego obozu koncentracyjnego i zag\u0142ady Auschwitz-Birkenau rozlega si\u0119 nigdy niemilkn\u0105cy krzyk przestrogi. W poniedzia\u0142ek w Krakowie [&hellip;]<\/p>\n","protected":false},"author":1,"featured_media":0,"comment_status":"closed","ping_status":"closed","sticky":false,"template":"","format":"standard","meta":[],"categories":[6],"tags":[26,24],"_links":{"self":[{"href":"https:\/\/www.reunion68.se\/index.php?rest_route=\/wp\/v2\/posts\/110137"}],"collection":[{"href":"https:\/\/www.reunion68.se\/index.php?rest_route=\/wp\/v2\/posts"}],"about":[{"href":"https:\/\/www.reunion68.se\/index.php?rest_route=\/wp\/v2\/types\/post"}],"author":[{"embeddable":true,"href":"https:\/\/www.reunion68.se\/index.php?rest_route=\/wp\/v2\/users\/1"}],"replies":[{"embeddable":true,"href":"https:\/\/www.reunion68.se\/index.php?rest_route=%2Fwp%2Fv2%2Fcomments&post=110137"}],"version-history":[{"count":6,"href":"https:\/\/www.reunion68.se\/index.php?rest_route=\/wp\/v2\/posts\/110137\/revisions"}],"predecessor-version":[{"id":110172,"href":"https:\/\/www.reunion68.se\/index.php?rest_route=\/wp\/v2\/posts\/110137\/revisions\/110172"}],"wp:attachment":[{"href":"https:\/\/www.reunion68.se\/index.php?rest_route=%2Fwp%2Fv2%2Fmedia&parent=110137"}],"wp:term":[{"taxonomy":"category","embeddable":true,"href":"https:\/\/www.reunion68.se\/index.php?rest_route=%2Fwp%2Fv2%2Fcategories&post=110137"},{"taxonomy":"post_tag","embeddable":true,"href":"https:\/\/www.reunion68.se\/index.php?rest_route=%2Fwp%2Fv2%2Ftags&post=110137"}],"curies":[{"name":"wp","href":"https:\/\/api.w.org\/{rel}","templated":true}]}}