{"id":110314,"date":"2024-01-27T18:09:41","date_gmt":"2024-01-27T16:09:41","guid":{"rendered":"http:\/\/www.reunion68.se\/?p=110314"},"modified":"2024-01-27T13:02:06","modified_gmt":"2024-01-27T11:02:06","slug":"31-09-51","status":"publish","type":"post","link":"https:\/\/www.reunion68.se\/?p=110314","title":{"rendered":"79 lat temu Armia Czerwona otworzy\u0142a bramy obozu Auschwitz"},"content":{"rendered":"<p style=\"text-align: center;\"><img decoding=\"async\" class=\"aligncenter\" src=\"https:\/\/dzieje.pl\/sites\/default\/files\/styles\/open_article_750x0_\/public\/202401\/1945_auschwitz.jpg?itok=NHORpbXq\" width=\"100%\" \/><span style=\"color: #808080;\"><em>Niemiecki nazistowski ob\u00f3z koncentracyjny Auschwitz po wyzwoleniu przez Armi\u0119 Czerwon\u0105. Fot. PAP\/CAF\/Reprodukcja<\/em><\/span><\/p>\n<hr \/>\n<h5 style=\"text-align: center;\"><a href=\"https:\/\/dzieje.pl\/\" target=\"_blank\" rel=\"noopener noreferrer\"><img decoding=\"async\" class=\"center alignleft\" src=\"http:\/\/www.reunion68.com\/Biuletyn\/img\/dzieje_logo.png\" alt=\"\" width=\"35%\" \/><\/a><span style=\"text-decoration: underline; color: #000080;\"><span style=\"text-decoration: underline;\"><strong><a style=\"color: #000080; text-decoration: underline;\" href=\"https:\/\/dzieje.pl\/aktualnosci\/79-lat-temu-armia-czerwona-otworzyla-bramy-obozu-auschwitz\" target=\"_blank\" rel=\"noopener noreferrer\">79 lat temu Armia Czerwona otworzy\u0142a bramy obozu Auschwitz<\/a><\/strong><\/span><\/span><\/h5>\n<p style=\"text-align: center;\"><span style=\"color: #000000;\"><strong>Marek Szafra\u0144ski<\/strong><\/span><\/p>\n<hr style=\"height: 15px; background: #d0e6fa; width: 100%;\" \/>\n<p><strong>27 stycznia 1945 r. \u017co\u0142nierze Armii Czerwonej otworzyli bramy niemieckiego obozu Auschwitz. Skrajnie wyczerpani wi\u0119\u017aniowie, kt\u00f3rych by\u0142o w nim jeszcze oko\u0142o 7 tys., w tym p\u00f3\u0142 tysi\u0105ca dzieci, witali ich jako wyzwolicieli.<\/strong><\/p>\n<div class=\"field field--name-body field--type-text-with-summary field--label-hidden field__item\">\n<p style=\"text-align: left;\"><span style=\"color: #000080;\">Niemcy rozpocz\u0119li przygotowania do likwidacji Auschwitz w sierpniu 1944 r. Sukcesywnie ewakuowali wi\u0119\u017ani\u00f3w w g\u0142\u0105b Rzeszy. Do po\u0142owy stycznia 1945 r. wyekspediowali oko\u0142o 65 tys. os\u00f3b, w tym niemal wszystkich Polak\u00f3w, Rosjan i Czech\u00f3w. Mimo zbli\u017cania si\u0119 oddzia\u0142\u00f3w sowieckich kontynuowali u\u015bmiercanie \u017byd\u00f3w. Komory gazowej po raz ostatni u\u017cyli w listopadzie 1944 r.<\/span><\/p>\n<blockquote>\n<p style=\"text-align: left;\"><strong>Ostateczn\u0105 likwidacj\u0119 obozu Niemcy zacz\u0119li, gdy ruszy\u0142a ofensywa sowiecka. Rozpocz\u0119li ewakuacj\u0119 wi\u0119\u017ani\u00f3w &#8220;marszami \u015bmierci&#8221;. Z obozu macierzystego Auschwitz I oraz podoboz\u00f3w wyprowadzili 58 tys. os\u00f3b.<\/strong><\/p>\n<\/blockquote>\n<p style=\"text-align: left;\"><span style=\"color: #000080;\">Pod koniec 1944 r. Niemcy palili dokumenty i zacierali \u015bwiadectwa zbrodni: zasypywali do\u0142y z ludzkimi prochami, rozebrali do fundament\u00f3w krematorium IV i przygotowali do wysadzenia pozosta\u0142e trzy. Zniszczyli je tu\u017c przed opuszczeniem obozu.<\/span><\/p>\n<p style=\"text-align: left;\"><span style=\"color: #000080;\">17 stycznia 1945 r. odby\u0142 si\u0119 w KL Auschwitz ostatni apel. Stan\u0119\u0142o do niego 67 012 wi\u0119\u017aniarek i wi\u0119\u017ani\u00f3w, w tym w Auschwitz I i Auschwitz II-Birkenau 31 894, a w podobozach 35 118 os\u00f3b.<\/span><\/p>\n<p style=\"text-align: left;\"><span style=\"color: #000080;\">Ostateczn\u0105 likwidacj\u0119 obozu Niemcy zacz\u0119li, gdy ruszy\u0142a ofensywa sowiecka. Rozpocz\u0119li ewakuacj\u0119 wi\u0119\u017ani\u00f3w &#8220;marszami \u015bmierci&#8221;. Z obozu macierzystego Auschwitz I oraz podoboz\u00f3w wyprowadzili 58 tys. os\u00f3b.<\/span><\/p>\n<p style=\"text-align: left;\"><span style=\"color: #000080;\">Piesze kolumny dociera\u0142y g\u0142\u00f3wnie do Wodzis\u0142awia \u015al\u0105skiego i Gliwic, sk\u0105d otwartymi wagonami transportowano ich do oboz\u00f3w w g\u0142\u0119bi Rzeszy. Podczas akcji zgin\u0119\u0142o co najmniej 9 tys. wi\u0119\u017ani\u00f3w.<\/span><\/p>\n<p style=\"text-align: left;\"><span style=\"color: #000080;\">W Auschwitz i Birkenau zosta\u0142o oko\u0142o 9 tys. wi\u0119\u017ani\u00f3w, w tym p\u00f3\u0142 tysi\u0105ca. Esesmani uznali, \u017ce nie nadaj\u0105 si\u0119 do pieszej ewakuacji i zamierzali ich zg\u0142adzi\u0107. Zd\u0105\u017cyli zabi\u0107 oko\u0142o 700 z nich.<\/span><\/p>\n<blockquote>\n<p style=\"text-align: left;\"><strong>W Auschwitz, Birkenau i Monowitz wyzwolenia doczeka\u0142o \u0142\u0105cznie oko\u0142o 7 tys. wi\u0119\u017ani\u00f3w, a p\u00f3\u0142 tysi\u0105ca w podobozach w Starej Ku\u017ani, Blachowni \u015al\u0105skiej, \u015awi\u0119toch\u0142owicach, Weso\u0142ej, Libi\u0105\u017cu, Jawiszowicach i Jaworznie.<\/strong><\/p>\n<\/blockquote>\n<p style=\"text-align: left;\"><span style=\"color: #000080;\">26 stycznia ob\u00f3z opu\u015bci\u0142a wi\u0119kszo\u015b\u0107 za\u0142ogi SS. Wi\u0119\u017aniowie, nie zwa\u017caj\u0105c na ostrzeliwuj\u0105cych ich ostatnich wartownik\u00f3w, szukali \u017cywno\u015bci i odzie\u017cy. Wielu zgin\u0119\u0142o. Umierali te\u017c z powodu zjedzenia zbyt du\u017cych ilo\u015bci \u017cywno\u015bci. Cz\u0119\u015b\u0107 wi\u0119\u017ani\u00f3w, g\u0142\u00f3wnie personelu szpitali obozowych, podj\u0119\u0142a pr\u00f3b\u0119 samoorganizacji \u017cycia obozowego i pomocy ob\u0142o\u017cnie chorym.<\/span><\/p>\n<p style=\"text-align: left;\"><span style=\"color: #000080;\">Historyk Andrzej Strzelecki poda\u0142, \u017ce rozkaz zaj\u0119cia O\u015bwi\u0119cimia otrzyma\u0142a 60. Armia I Frontu Ukrai\u0144skiego, kt\u00f3ra naciera\u0142a lewym brzegiem Wis\u0142y, od strony Krakowa w kierunku G\u00f3rnego \u015al\u0105ska. Celem by\u0142o cz\u0119\u015bciowe okr\u0105\u017cenie Niemc\u00f3w i zmuszenie do wycofania si\u0119 z niezwykle wa\u017cnego regionu przemys\u0142owego.<\/span><\/p>\n<p style=\"text-align: left;\"><span style=\"color: #000080;\">26 stycznia czerwonoarmi\u015bci przekroczyli Wis\u0142\u0119. Dzie\u0144 p\u00f3\u017aniej zwiadowcy 100. Lwowskiej Dywizji Piechoty przed po\u0142udniem weszli do podobozu Monowitz. W po\u0142udnie dotarli do centrum O\u015bwi\u0119cimia, a kr\u00f3tko potem skierowali si\u0119 w rejon obozu macierzystego Auschwitz I i obozu Auschwitz II-Birkenau. Przy pierwszym napotkali na op\u00f3r wycofuj\u0105cych si\u0119 Niemc\u00f3w, kt\u00f3ry prze\u0142amali. Obozy wyzwolili oko\u0142o godziny 15.<\/span><\/p>\n<p style=\"text-align: left;\"><span style=\"color: #000080;\">W walkach z Niemcami w rejonie Auschwitz I, Auschwitz II-Birkenau, podobozu Monowitz i miasta O\u015bwi\u0119cim zgin\u0119\u0142o 231 \u017co\u0142nierzy Armii Czerwonej. 66 zgin\u0119\u0142o w strefie obozowej.<\/span><\/p>\n<blockquote>\n<p style=\"text-align: left;\"><strong>Cz\u0119\u015b\u0107 by\u0142ych wi\u0119\u017ani\u00f3w tu\u017c po wyzwoleniu wr\u00f3ci\u0142a do dom\u00f3w. Pozostali zostali umieszczeni w szpitalach zorganizowanych w by\u0142ych ju\u017c obozach przez sowieckie wojskowe s\u0142u\u017cby medyczne oraz mieszka\u0144c\u00f3w O\u015bwi\u0119cimia i okolicy. Leczonych w nich by\u0142o ponad 4,5 tys. by\u0142ych wi\u0119\u017ani\u00f3w z ponad 20 kraj\u00f3w, w wi\u0119kszo\u015bci \u017byd\u00f3w. W\u015br\u00f3d nich by\u0142o ponad 200 dzieci.<\/strong><\/p>\n<\/blockquote>\n<p style=\"text-align: left;\"><span style=\"color: #000080;\">W Auschwitz, Birkenau i Monowitz wyzwolenia doczeka\u0142o \u0142\u0105cznie oko\u0142o 7 tys. wi\u0119\u017ani\u00f3w, a p\u00f3\u0142 tysi\u0105ca w podobozach w Starej Ku\u017ani, Blachowni \u015al\u0105skiej, \u015awi\u0119toch\u0142owicach, Weso\u0142ej, Libi\u0105\u017cu, Jawiszowicach i Jaworznie.<\/span><\/p>\n<p style=\"text-align: left;\"><span style=\"color: #000080;\">Zdaniem historyk\u00f3w Muzeum Auschwitz, Armia Czerwona nie by\u0142a w stanie wcze\u015bniej dotrze\u0107 do Auschwitz, gdy\u017c bli\u017csze informacje o obozie otrzyma\u0142a dopiero po zaj\u0119ciu Krakowa, 18 stycznia.<\/span><\/p>\n<p style=\"text-align: left;\"><span style=\"color: #000080;\">Cz\u0119\u015b\u0107 by\u0142ych wi\u0119\u017ani\u00f3w tu\u017c po wyzwoleniu wr\u00f3ci\u0142a do dom\u00f3w. Pozostali zostali umieszczeni w szpitalach zorganizowanych w by\u0142ych ju\u017c obozach przez sowieckie wojskowe s\u0142u\u017cby medyczne oraz mieszka\u0144c\u00f3w O\u015bwi\u0119cimia i okolicy. Leczonych w nich by\u0142o ponad 4,5 tys. by\u0142ych wi\u0119\u017ani\u00f3w z ponad 20 kraj\u00f3w, w wi\u0119kszo\u015bci \u017byd\u00f3w. W\u015br\u00f3d nich by\u0142o ponad 200 dzieci. Chorzy znajdowali go\u015bcin\u0119 w prywatnych domach. Wi\u0119kszo\u015b\u0107 by\u0142ych wi\u0119\u017ani\u00f3w opu\u015bci\u0142a szpitale w ci\u0105gu trzech-czterech miesi\u0119cy po wyzwoleniu.<\/span><\/p>\n<p style=\"text-align: left;\"><span style=\"color: #000080;\">Niemcy za\u0142o\u017cyli ob\u00f3z Auschwitz w 1940 r., aby wi\u0119zi\u0107 w nim Polak\u00f3w. Auschwitz II-Birkenau powsta\u0142 dwa lata p\u00f3\u017aniej. Sta\u0142 si\u0119 miejscem zag\u0142ady \u017byd\u00f3w. W kompleksie obozowym funkcjonowa\u0142a tak\u017ce sie\u0107 podoboz\u00f3w. W Auschwitz Niemcy zg\u0142adzili co najmniej 1,1 mln ludzi, g\u0142\u00f3wnie \u017byd\u00f3w, a tak\u017ce Polak\u00f3w, Rom\u00f3w, je\u0144c\u00f3w sowieckich i os\u00f3b innej narodowo\u015bci. (PAP)<\/span><\/p>\n<\/div>\n<hr style=\"height: 15px; background: #d0e6fa; width: 100%;\" \/>\n<div id=\"content\" class=\"content-alignment\">\n<div id=\"watch-description\" class=\"yt-uix-button-panel\">\n<div id=\"watch-description-text\" style=\"text-align: center;\">\n<p><em>Zawarto\u015b\u0107 publikowanych artyku\u0142\u00f3w i materia\u0142\u00f3w nie reprezentuje pogl\u0105d\u00f3w ani opinii Reunion&#8217;68,<\/em><em><br \/>\nani te\u017c webmastera Blogu Reunion&#8217;68, chyba ze jest to wyra\u017anie zaznaczone.<br \/>\nTwoje uwagi, linki, w\u0142asne artyku\u0142y lub wiadomo\u015bci prze\u015blij na adres:<br \/>\n<\/em><span style=\"color: #000080;\"><strong><em><a style=\"color: #000080;\" href=\"mailto:webmaster@reunion68.com\"><span style=\"text-decoration: underline;\">webmaster@reunion68.com<\/span><\/a><\/em><\/strong><\/span><\/p>\n<\/div>\n<\/div>\n<\/div>\n<hr style=\"width: 100%;\" \/>\n","protected":false},"excerpt":{"rendered":"<p>Niemiecki nazistowski ob\u00f3z koncentracyjny Auschwitz po wyzwoleniu przez Armi\u0119 Czerwon\u0105. Fot. PAP\/CAF\/Reprodukcja 79 lat temu Armia Czerwona otworzy\u0142a bramy obozu Auschwitz Marek Szafra\u0144ski 27 stycznia 1945 r. \u017co\u0142nierze Armii Czerwonej otworzyli bramy niemieckiego obozu Auschwitz. Skrajnie wyczerpani wi\u0119\u017aniowie, kt\u00f3rych by\u0142o w nim jeszcze oko\u0142o 7 tys., w tym p\u00f3\u0142 tysi\u0105ca dzieci, witali ich jako wyzwolicieli. [&hellip;]<\/p>\n","protected":false},"author":1,"featured_media":0,"comment_status":"closed","ping_status":"closed","sticky":false,"template":"","format":"standard","meta":[],"categories":[6],"tags":[26,24],"_links":{"self":[{"href":"https:\/\/www.reunion68.se\/index.php?rest_route=\/wp\/v2\/posts\/110314"}],"collection":[{"href":"https:\/\/www.reunion68.se\/index.php?rest_route=\/wp\/v2\/posts"}],"about":[{"href":"https:\/\/www.reunion68.se\/index.php?rest_route=\/wp\/v2\/types\/post"}],"author":[{"embeddable":true,"href":"https:\/\/www.reunion68.se\/index.php?rest_route=\/wp\/v2\/users\/1"}],"replies":[{"embeddable":true,"href":"https:\/\/www.reunion68.se\/index.php?rest_route=%2Fwp%2Fv2%2Fcomments&post=110314"}],"version-history":[{"count":6,"href":"https:\/\/www.reunion68.se\/index.php?rest_route=\/wp\/v2\/posts\/110314\/revisions"}],"predecessor-version":[{"id":110325,"href":"https:\/\/www.reunion68.se\/index.php?rest_route=\/wp\/v2\/posts\/110314\/revisions\/110325"}],"wp:attachment":[{"href":"https:\/\/www.reunion68.se\/index.php?rest_route=%2Fwp%2Fv2%2Fmedia&parent=110314"}],"wp:term":[{"taxonomy":"category","embeddable":true,"href":"https:\/\/www.reunion68.se\/index.php?rest_route=%2Fwp%2Fv2%2Fcategories&post=110314"},{"taxonomy":"post_tag","embeddable":true,"href":"https:\/\/www.reunion68.se\/index.php?rest_route=%2Fwp%2Fv2%2Ftags&post=110314"}],"curies":[{"name":"wp","href":"https:\/\/api.w.org\/{rel}","templated":true}]}}