{"id":110350,"date":"2024-02-10T18:05:13","date_gmt":"2024-02-10T16:05:13","guid":{"rendered":"http:\/\/www.reunion68.se\/?p=110350"},"modified":"2024-02-06T09:47:40","modified_gmt":"2024-02-06T07:47:40","slug":"01-09-78","status":"publish","type":"post","link":"https:\/\/www.reunion68.se\/?p=110350","title":{"rendered":"War, Antisemitism and Free Speech: A Critical Dilemma"},"content":{"rendered":"<h5 style=\"text-align: center;\"><a href=\"https:\/\/www.algemeiner.com\/\" target=\"_blank\" rel=\"noopener noreferrer\"><img decoding=\"async\" class=\"center alignleft\" src=\"http:\/\/www.reunion68.com\/Biuletyn\/img\/algem.png\" alt=\"\" width=\"35%\"><\/a><span style=\"text-decoration: underline; color: #000080;\"><span><strong><a style=\"color: #000080; text-decoration: underline;\" href=\"https:\/\/www.algemeiner.com\/2024\/01\/28\/war-antisemitism-and-free-speech-a-critical-dilemma\/\" target=\"_blank\" rel=\"noopener noreferrer\">War, Antisemitism and Free Speech: A Critical Dilemma<\/a><\/strong><\/span><\/span><\/h5>\n<p style=\"text-align: center;\"><span style=\"color: #000000;\"><strong>Ben Cohen \/ JNS.org<\/strong><\/span><\/p>\n<hr style=\"height: 15px; background: #d0e6fa; width: 100%;\">\n<p style=\"text-align: center;\"><img decoding=\"async\" class=\"aligncenter\" src=\"https:\/\/www.algemeiner.com\/wp-content\/uploads\/2018\/04\/Constitution_of_the_United_States_page_1.jpg\" width=\"100%\"><em><span style=\"color: #808080;\">The Constitution of the United States. Photo: Wikicommons.<\/span><\/em><\/p>\n<p style=\"text-align: left;\"><em>&nbsp;<span style=\"color: #000080;\">\u2013&nbsp;<\/span><\/em><span style=\"color: #000080;\">Should governments and public institutions take punitive measures against groups or individuals who promote antisemitism through such measures as cutting funding, criminalizing aspects of their speech or even proscribing them outright?<\/span><\/p>\n<p class=\"wp-block-paragraph\" style=\"text-align: left;\"><span style=\"color: #000080;\">Here in the United States, such a discussion is purely theoretical because the First Amendment protects all forms of speech, including Holocaust denial, and racist and antisemitic barbs. Because freedom of speech is a natural right, the American tradition promotes debate, fostering the optimistic, if often misplaced, notion among some that better arguments and clearly presented facts will invariably overwhelm lies and conspiracy theories. But in Europe, there is no right of absolute free speech, and in most countries, antisemitic and racist speech, as well as declared sympathies for terrorism or violence, can run you afoul of the law.<\/span><\/p>\n<p class=\"wp-block-paragraph\" style=\"text-align: left;\"><span style=\"color: #000080;\">The current European dilemma is whether to tighten and strengthen these measures in a bid to bring a greater sense of security to Jewish communities facing a wave of antisemitism unprecedented in its intensity for nearly a century. The proximate cause was, of course, the Oct. 7 Hamas pogrom in Israel, but the themes incorporated in this discourse are much older, even ancient. In part because of their frustration at the sheer stubbornness of these toxins, politicians who sympathize with the plight of their Jewish constituents are examining legal means to stem the flow of antisemitic tropes.<\/span><\/p>\n<p class=\"wp-block-paragraph\" style=\"text-align: left;\"><span style=\"color: #000080;\">Two weeks ago, Berlin\u2019s State Senator for Culture and Social Cohesion, Joe Chialo, attempted to introduce a new measure that would deny funding to artists who promote antisemitism, including antisemitic depictions of Zionism and Israel. In order to determine what is and isn\u2019t antisemitic, Chialo urged the adoption of the International Holocaust Remembrance Alliance\u2019s (IHRA)&nbsp;<a style=\"color: #000080;\" href=\"https:\/\/holocaustremembrance.com\/resources\/working-definition-antisemitism\" target=\"_blank\" rel=\"noopener noreferrer\">working definition of antisemitism<\/a>, which includes several examples of when anti-Zionism crosses the line into antisemitism.<\/span><\/p>\n<p class=\"wp-block-paragraph\" style=\"text-align: left;\"><span style=\"color: #000080;\">Last week, Chialo was forced to withdraw his proposal. \u201cI must take the legal and critical voices that saw this clause as a restriction on the freedom of art seriously,\u201d he said in a statement. \u201cLet there be no doubt: I will continue to fight for a Berlin cultural scene that is free of discrimination.\u201d To be clear, the problem here was not the substantive argument of the IHRA definition that anti-Zionism and antisemitism are frequently the same. Rather, it centered on the issue of whether measures in Germany taken to combat Holocaust denial are\u2014in terms of jurisprudence\u2014appropriate when it comes to denial of Israel\u2019s right to exist. \u201cThe denial of the Holocaust is about denying a fact, while Israel\u2019s right to exist is about denying a right,\u201d Professor Stefan Conen of the German Lawyers\u2019 Association told the German parliament\u2019s legal affairs committee last week. Another witness, Professor Michael Kubiciel, forecasted a series of procedural headaches should the proposal advance, which could only be resolved, he said, through the adoption of a \u201cmore open wording \u2026 for example by also recording the right to exist of states to which the Federal Republic has made a particular commitment, such as the E.U. member states.\u201d<\/span><\/p>\n<p class=\"wp-block-paragraph\" style=\"text-align: left;\"><span style=\"color: #000080;\">None of these objections invalidate the underlying claim of a symbiosis between antisemitism and anti-Zionism, and nor should we conclude that Chialo will abandon his efforts to banish antisemitism from the German arts scene because of one setback. However, the uncertainty around his proposal has bolstered the argument that the IHRA definition is not so much a means of understanding antisemitism as a tool for censoring Israel\u2019s adversaries.<\/span><\/p>\n<p class=\"wp-block-paragraph\" style=\"text-align: left;\"><span style=\"color: #000080;\">Last Monday, the&nbsp;<em>Berliner Zeitung<\/em>&nbsp;news outlet interviewed one of the co-authors of the IHRA definition in the context of Chialo\u2019s stalled initiative. \u201cThe definition has often been misused as a blunt instrument to label someone as antisemitic for a variety of reasons, including criticism of Israel,\u201d said Ken Stern, the director of the Center for the Study of Hate at Bard College and a former American Jewish Committee (AJC) in-house expert on antisemitism.<\/span><\/p>\n<p class=\"wp-block-paragraph\" style=\"text-align: left;\"><span style=\"color: #000080;\">Elaborating, Stern said that this \u201cmisuse\u201d of the definition was more pronounced \u201cnot so much for disqualifying criticism of Israel as antisemitic, but rather, for pro-Palestinian attitudes. I may not agree with some of these attitudes or statements, but calling them antisemitic is wrong, even harmful.\u201d Later in the interview, Stern clarified that while he opposed the \u201cboycott, divestment and sanctions\u201d campaign targeting Israel, he vehemently objected to calling anyone who supports it \u201cantisemitic.\u201d<\/span><\/p>\n<p class=\"wp-block-paragraph\" style=\"text-align: left;\"><span style=\"color: #000080;\">\u201cDo I think that supporting BDS makes you an antisemite? No, I don\u2019t think so,\u201d he said, before adding: \u201cAlthough, of course, you can be an antisemite who supports BDS.\u201d In other words, while the campaign may attract antisemites because of its obsession with the Jewish state, it is not inherently antisemitic.<\/span><\/p>\n<p class=\"wp-block-paragraph\" style=\"text-align: left;\"><span style=\"color: #000080;\">I should say, at this point, that I knew Stern professionally some years ago when I worked with him on antisemitism issues at the AJC. My assessment, which hasn\u2019t changed, is that his overarching goal was to persuade progressives to take antisemitism seriously, and he was willing to cut them all sorts of slack in order to achieve that. What he was unwilling to acknowledge is that making these allowances undermine the very definition he helped to write! Because while the definition doesn\u2019t explicitly say that BDS is antisemitic, it does say that \u201c[D]enying the Jewish people their right to self-determination, e.g., by claiming that the existence of a State of Israel is a racist endeavor\u201d is. That pretty much sums up the core philosophy of the BDS movement, which regards the boycott as an instrument to secure the eventual elimination of Israel as a sovereign state and makes no secret of this aim.<\/span><\/p>\n<p class=\"wp-block-paragraph\" style=\"text-align: left;\"><span style=\"color: #000080;\">The most disturbing aspect of the interview was the sense that in his desire to mollycoddle progressive students and activists who regard as Israel as a colonial interloper, Stern has lost empathy with the actual victims of antisemitism. The atrocities and bestialities of the Hamas pogrom were straight out of the Cossack playbook of previous centuries, executed with the purpose of humiliating the enemy and denying their basic humanity because fundamentally, antisemites regard Jews as adjacent to, rather than belonging to, the rest of the human species. Yet all Stern could bring himself to say was that the conflation of anti-Zionism and antisemitism within the IHRA definition was a product of the tensions around the U.N.\u2019s 2001 Durban anti-racism conference. \u201cI\u2019m not saying that every form of anti-Zionism is antisemitic, but that was the climate at the time,\u201d he remarked\u2014the bizarre implication being that the climate in the 2020s, in the wake of the worst outburst of antisemitic violence since the Holocaust, is, in fact, more benign.<\/span><\/p>\n<p class=\"wp-block-paragraph\" style=\"text-align: left;\"><span style=\"color: #000080;\">What makes the present situation different is that antisemitism is surging against the background of a war in the Middle East that could easily intensify and expand, and whose most vulnerable front consists of Jewish communities around the Diaspora who cannot be protected by Israel\u2019s military might.<\/span><\/p>\n<p class=\"wp-block-paragraph\" style=\"text-align: left;\"><span style=\"color: #000080;\">In such an environment, when there is an unmistakable correlation between antisemitic memes spread on social media, anti-Jewish invective at pro-Hamas demonstrations and actual violence\u2014I am thinking of the brutal assault last Saturday night on three Israelis walking through London\u2019s West End by a mob of thugs yelling \u201cFree Palestine\u201d\u2014tougher measures, including censorship, are warranted in those cases where such tools are legally available.<\/span><\/p>\n<p class=\"wp-block-paragraph\" style=\"text-align: left;\"><span style=\"color: #000080;\">While we didn\u2019t choose this outcome (as the Russian revolutionary Leon Trotsky said, \u201cYou don\u2019t choose war; war chooses you\u201d), we have no choice but to deal with it, as decisively as we can.<\/span><\/p>\n<hr style=\"height: 15px; background: #d0e6fa; width: 100%;\">\n<div id=\"content\" class=\"content-alignment\">\n<div id=\"watch-description\" class=\"yt-uix-button-panel\">\n<div id=\"watch-description-text\" style=\"text-align: center;\">\n<p><em>Zawarto\u015b\u0107 publikowanych artyku\u0142\u00f3w i materia\u0142\u00f3w nie reprezentuje pogl\u0105d\u00f3w ani opinii Reunion&#8217;68,<\/em><em><br \/>\nani te\u017c webmastera Blogu Reunion&#8217;68, chyba ze jest to wyra\u017anie zaznaczone.<br \/>\nTwoje uwagi, linki, w\u0142asne artyku\u0142y lub wiadomo\u015bci prze\u015blij na adres:<br \/>\n<\/em><span style=\"color: #000080;\"><strong><em><a style=\"color: #000080;\" href=\"mailto:webmaster@reunion68.com\"><span style=\"text-decoration: underline;\">webmaster@reunion68.com<\/span><\/a><\/em><\/strong><\/span><\/p>\n<\/div>\n<\/div>\n<\/div>\n<hr style=\"width: 100%;\">\n","protected":false},"excerpt":{"rendered":"<p>War, Antisemitism and Free Speech: A Critical Dilemma Ben Cohen \/ JNS.org The Constitution of the United States. Photo: Wikicommons. &nbsp;\u2013&nbsp;Should governments and public institutions take punitive measures against groups or individuals who promote antisemitism through such measures as cutting funding, criminalizing aspects of their speech or even proscribing them outright? Here in the United [&hellip;]<\/p>\n","protected":false},"author":1,"featured_media":0,"comment_status":"closed","ping_status":"closed","sticky":false,"template":"","format":"standard","meta":[],"categories":[6],"tags":[26,24],"_links":{"self":[{"href":"https:\/\/www.reunion68.se\/index.php?rest_route=\/wp\/v2\/posts\/110350"}],"collection":[{"href":"https:\/\/www.reunion68.se\/index.php?rest_route=\/wp\/v2\/posts"}],"about":[{"href":"https:\/\/www.reunion68.se\/index.php?rest_route=\/wp\/v2\/types\/post"}],"author":[{"embeddable":true,"href":"https:\/\/www.reunion68.se\/index.php?rest_route=\/wp\/v2\/users\/1"}],"replies":[{"embeddable":true,"href":"https:\/\/www.reunion68.se\/index.php?rest_route=%2Fwp%2Fv2%2Fcomments&post=110350"}],"version-history":[{"count":5,"href":"https:\/\/www.reunion68.se\/index.php?rest_route=\/wp\/v2\/posts\/110350\/revisions"}],"predecessor-version":[{"id":110519,"href":"https:\/\/www.reunion68.se\/index.php?rest_route=\/wp\/v2\/posts\/110350\/revisions\/110519"}],"wp:attachment":[{"href":"https:\/\/www.reunion68.se\/index.php?rest_route=%2Fwp%2Fv2%2Fmedia&parent=110350"}],"wp:term":[{"taxonomy":"category","embeddable":true,"href":"https:\/\/www.reunion68.se\/index.php?rest_route=%2Fwp%2Fv2%2Fcategories&post=110350"},{"taxonomy":"post_tag","embeddable":true,"href":"https:\/\/www.reunion68.se\/index.php?rest_route=%2Fwp%2Fv2%2Ftags&post=110350"}],"curies":[{"name":"wp","href":"https:\/\/api.w.org\/{rel}","templated":true}]}}