{"id":110365,"date":"2024-01-31T18:09:40","date_gmt":"2024-01-31T16:09:40","guid":{"rendered":"http:\/\/www.reunion68.se\/?p=110365"},"modified":"2024-01-30T13:50:26","modified_gmt":"2024-01-30T11:50:26","slug":"31-00-48","status":"publish","type":"post","link":"https:\/\/www.reunion68.se\/?p=110365","title":{"rendered":"Pusty Dzie\u0144 Pami\u0119ci o Holokau\u015bcie"},"content":{"rendered":"<p><img decoding=\"async\" class=\"aligncenter\" src=\"https:\/\/st3.depositphotos.com\/1030570\/35834\/i\/380\/depositphotos_358348602-stock-photo-waving-national-flag-of-israel.jpg\" width=\"100%\"><\/p>\n<hr>\n<h5 style=\"text-align: center;\"><a href=\"https:\/\/www.listyznaszegosadu.pl\/\" target=\"_blank\" rel=\"noopener noreferrer\"><img decoding=\"async\" class=\"center alignleft\" src=\"http:\/\/www.reunion68.com\/Biuletyn\/img\/z-naszego.jpg\" alt=\"\" width=\"50%\"><\/a><span style=\"text-decoration: underline; color: #000080;\"><strong><a style=\"color: #000080; text-decoration: underline;\" href=\"https:\/\/www.listyznaszegosadu.pl\/syjonizm\/pusty-dzien-pamieci-o-holokauscieci-ktalrzy-popieraja-zawieszenie-broni-aby-umozliwic-ludobaljczemu-ruchowi-antysemickiemu-takiemu-jak-hamas-dokonywanie-kolejnych-rzezi-zydalw-nie-powinni-udawac-ze-oplakuja-szesc-milionalw\" target=\"_blank\" rel=\"noopener noreferrer\">Pusty Dzie\u0144 Pami\u0119ci o Holokau\u015bcie<\/a><\/strong><\/span><\/h5>\n<p style=\"text-align: center;\"><span style=\"color: #000000;\"><strong>Jonathan S. Tobin<br \/>\n<\/strong><span style=\"color: #808080;\"><em>T\u0142umaczenie:<\/em> <\/span><strong>Ma\u0142gorzata Koraszewska<\/strong><\/span><\/p>\n<hr style=\"height: 15px; background: #d0e6fa; width: 100%;\">\n<div>\n<h4 style=\"text-align: center;\"><strong>Ci, kt\u00f3rzy popieraj\u0105 zawieszenie broni, aby umo\u017cliwi\u0107 ludob\u00f3jczemu ruchowi antysemickiemu, takiemu jak Hamas, dokonywanie kolejnych rzezi \u017byd\u00f3w, nie powinni udawa\u0107, \u017ce op\u0142akuj\u0105 Sze\u015b\u0107 Milion\u00f3w.<\/strong><\/h4>\n<\/div>\n<div class=\"templateArticleIngress\" style=\"text-align: left;\"><span style=\"color: #000080;\">To wa\u017cna data w kalendarzu spo\u0142eczno\u015bci mi\u0119dzynarodowej.&nbsp;Co roku Organizacja Narod\u00f3w Zjednoczonych oraz wiele innych instytucji i organizacji organizuje 27 stycznia uroczysto\u015bci upami\u0119tniaj\u0105ce Holokaust.&nbsp;Od dawna by\u0142o jasne, \u017ce znaczna cz\u0119\u015b\u0107 \u015bwiata robi to, nie zastanawiaj\u0105c si\u0119 nad tym, co pozwoli\u0142o nazistowskiej kampanii eksterminacji europejskiego \u017cydostwa odnie\u015b\u0107 taki sukces.&nbsp;Wi\u0119kszo\u015b\u0107 tych, kt\u00f3rzy op\u0142akuj\u0105 systematyczne mordy 6 milion\u00f3w \u017byd\u00f3w lub sk\u0142adaj\u0105 puste obietnice \u201enigdy wi\u0119cej\u201d, nie zastanawia si\u0119 zbytnio nad tym, jak rzekomo cywilizowany nar\u00f3d, taki jak Niemcy, przy pomocy licznych kolaborant\u00f3w z innych narod\u00f3w, przekona\u0142 samych siebie, \u017ce zabicie milion\u00f3w jest nie tylko dopuszczalne, ale i uzasadnione.<\/span><\/div>\n<div class=\"templateArticleBrodtext\">\n<p style=\"text-align: left;\"><span style=\"color: #000080;\">Ale w tym roku mo\u017ce nie powinni zawraca\u0107 sobie g\u0142owy udawaniem, \u017ce interesuje ich ten temat.&nbsp;Po okrucie\u0144stwach Hamasu 7 pa\u017adziernika i, co jeszcze wa\u017cniejsze, reakcji du\u017cej cz\u0119\u015bci cywilizowanego \u015bwiata na to, co si\u0119 wydarzy\u0142o, bezsens wi\u0119kszo\u015bci tego, co uchodzi za upami\u0119tnienie Szoah przez spo\u0142eczno\u015b\u0107 mi\u0119dzynarodow\u0105 i Zach\u00f3d, sta\u0142a si\u0119 bole\u015bnie oczywista.<\/span><\/p>\n<h5 style=\"text-align: left;\"><strong><br \/>\nTo wykracza poza hipokryzj\u0119<\/strong><\/h5>\n<p style=\"text-align: left;\"><span style=\"color: #000080;\">Okre\u015blenie tych, kt\u00f3rzy s\u0105 dzi\u015b oboj\u0119tni na masow\u0105 rze\u017a \u017byd\u00f3w, a mimo to wci\u0105\u017c s\u0105 gotowi wypowiada\u0107 s\u0142owa oburzenia na temat ludzi zamordowanych przez nazist\u00f3w w latach trzydziestych i czterdziestych XX wieku, mianem zwyk\u0142ej hipokryzji, jest niewystarczaj\u0105ce.<\/span><\/p>\n<p style=\"text-align: left;\">\n<span style=\"color: #000080;\">Gotowo\u015b\u0107 \u015bwiata, w tym wielu wykszta\u0142conych przedstawicieli elit Zachodu, do odrzucenia wagi zbrodni pope\u0142nionych w po\u0142udniowym Izraelu trzy miesi\u0105ce temu i do skutecznego zachowania neutralno\u015bci w sprawie morderstw, gwa\u0142t\u00f3w, tortur i porwa\u0144 pope\u0142nianych przez Hamas i Palesty\u0144czyk\u00f3w &#8211; lub wr\u0119cz stawanie po stronie morderc\u00f3w, gwa\u0142cicieli, oprawc\u00f3w i porywaczy \u2013 jest nie tylko szokuj\u0105ce.&nbsp;To prze\u0142omowy moment we wsp\u00f3\u0142czesnej historii, kt\u00f3ry nie tylko ilustruje moralne bankructwo znacznej cz\u0119\u015bci wsp\u00f3\u0142czesnej opinii publicznej, ale tak\u017ce wyja\u015bnia, jak dosz\u0142o do Holokaustu.&nbsp;Cho\u0107 mo\u017ce to by\u0107 dla nas trudne do zaakceptowania, pokazuje to, \u017ce upami\u0119tnianie Holokaustu, a tak\u017ce&nbsp;<a style=\"color: #000080;\" href=\"https:\/\/www.jns.org\/signs-of-broad-support-for-national-global-holocaust-education\/\">programy edukacyjne<\/a>&nbsp;na temat zag\u0142ady europejskiego \u017cydostwa w po\u0142owie XX wieku nie zmniejszaj\u0105 sk\u0142onno\u015bci ludzi do wspierania kolejnych Holokaust\u00f3w;&nbsp;co gorsza, wszystko to mo\u017ce przynie\u015b\u0107 efekt przeciwny do zamierzonego.<\/span><\/p>\n<p style=\"text-align: left;\">\n<span style=\"color: #000080;\">Fala antysemityzmu na Zachodzie po 7 pa\u017adziernika \u2013 kiedy tysi\u0119czne t\u0142umy maszerowa\u0142y ulicami g\u0142\u00f3wnych miast i kampus\u00f3w uniwersyteckich, og\u0142aszaj\u0105c swoje poparcie dla zniszczenia jedynego pa\u0144stwa \u017cydowskiego na planecie (\u201eod rzeki do morza\u201d) oraz wzywaj\u0105c do terroryzmu przeciwko \u017bydom w Izraelu i wsz\u0119dzie indziej (\u201eglobalizowa\u0107 intifad\u0119\u201d) \u2013 i poparcie, jakie takie stanowisko otrzyma\u0142o w wi\u0119kszo\u015bci korporacyjnych medi\u00f3w, by\u0142o zaskakuj\u0105ce dla tych \u017byd\u00f3w, kt\u00f3rzy uwa\u017cali, \u017ce takie uczucia \u017cywi\u0105 jedynie marginalne grupy ekstremist\u00f3w.&nbsp;Nie mo\u017cna ich te\u017c t\u0142umaczy\u0107 jako zrozumia\u0142\u0105 reakcj\u0105 na rzekomo nieproporcjonaln\u0105 odpowied\u017a Izraela na terroryzm lub wsp\u00f3\u0142czucie dla Palesty\u0144czyk\u00f3w uwik\u0142anych w wojn\u0119 rozpocz\u0119t\u0105 przez Hamas.<\/span><\/p>\n<p style=\"text-align: left;\">\n<span style=\"color: #000080;\">To, co wydarzy\u0142o si\u0119 7 pa\u017adziernika w Izraelu, powinno by\u0142o nauczy\u0107 \u015bwiat o nierozwi\u0105zywalnej naturze konfliktu mi\u0119dzy Izraelem a Palesty\u0144czykami, jak r\u00f3wnie\u017c uczyni\u0107 jasnym, jaki jest etos i cele ruchu Hamasu, kt\u00f3ry dopu\u015bci\u0142 si\u0119 niewypowiedzianych zbrodni pope\u0142nionych tego dnia, a tak\u017ce palesty\u0144skiej sprawy nacjonalistycznej, kt\u00f3ra go zrodzi\u0142a.&nbsp;Jednak wi\u0119kszo\u015b\u0107 os\u00f3b uchodz\u0105cych za wykszta\u0142con\u0105 elit\u0119 na Zachodzie nie uznaje tych lekcji, nie m\u00f3wi\u0105c ju\u017c o wyci\u0105ganiu z nich wniosk\u00f3w.<\/span><\/p>\n<p style=\"text-align: left;\"><span style=\"color: #000080;\"><em><br \/>\n<\/em>Wr\u0119cz przeciwnie, wymowne by\u0142o niemal natychmiastowe wymazanie izraelskich ofiar ze \u015bwiadomo\u015bci \u015bwiata \u2013 jeszcze zanim Izraelskie Si\u0142y Obronne rozpocz\u0119\u0142y swoj\u0105 kampani\u0119 maj\u0105c\u0105 na celu zapewnienie, \u017ce Hamas nigdy nie b\u0119dzie m\u00f3g\u0142 raz jeszcze pope\u0142ni\u0107 takich zbrodni.&nbsp;To samo dotyczy powszechnej akceptacji wielkiego k\u0142amstwa, \u017ce Izrael pope\u0142nia ludob\u00f3jstwo w Gazie, oraz kpiny ze sprawiedliwo\u015bci, kt\u00f3ra mia\u0142a miejsce w Hadze, gdy Mi\u0119dzynarodowy Trybuna\u0142 Sprawiedliwo\u015bci ONZ postawi\u0142 Izrael w stan oskar\u017cenia pod tym fa\u0142szywym zarzutem.<\/span><\/p>\n<p style=\"text-align: left;\">\n<span style=\"color: #000080;\">Nie wystarczy zwr\u00f3ci\u0107 uwag\u0119 na&nbsp;<a style=\"color: #000080;\" href=\"https:\/\/www.jns.org\/people-love-dead-jews-dara-horn-top-story-ep-21\/\">tez\u0119 autorki Dary Horn<\/a>, \u017ce&nbsp;<em>People Love Dead Jews<\/em>&nbsp;[<em>Ludzie kochaj\u0105 martwych \u017byd\u00f3w<\/em>]<em>,<\/em>&nbsp;ale nie troszcz\u0105 si\u0119 zbytnio o \u017cywych, zw\u0142aszcza tych walcz\u0105cych o przetrwanie jak Izraelczycy.&nbsp;Gotowo\u015b\u0107 tak du\u017cej cz\u0119\u015bci przedstawicieli wykszta\u0142conej elity do spojrzenia na konflikt mi\u0119dzy Izraelczykami i Palesty\u0144czykami przez pryzmat modnej ideologii lewicowej, kt\u00f3ra sta\u0142a si\u0119 now\u0105 ortodoksj\u0105 w \u015brodowisku akademickim, a tak\u017ce w du\u017cej cz\u0119\u015bci reszty naszej kultury \u2013 intersekcjonalno\u015b\u0107, krytyczna teoria rasy, bia\u0142y przywilej i katechizm r\u00f3\u017cnorodno\u015bci, r\u00f3wno\u015bci i w\u0142\u0105czenia (DEI) \u2013 nie s\u0105 jedynie b\u0142\u0119dne pod wzgl\u0119dem faktycznym i intelektualnie zbankrutowane.&nbsp;Pokazuje to chorob\u0119 moraln\u0105 wsp\u00f3\u0142czesnego spo\u0142ecze\u0144stwa, kt\u00f3ra dostarcza przyzwolenia na antysemityzm.&nbsp;Co wa\u017cniejsze, pokazuje, \u017ce autentyczne akty ludob\u00f3jstwa s\u0105 cz\u0119\u015bciej dzie\u0142em wykszta\u0142conych umys\u0142\u00f3w ni\u017c ignorant\u00f3w.<\/span><\/p>\n<h5><strong><br \/>\nNowa \u201ezdrada intelektualist\u00f3w\u201d<\/strong><\/h5>\n<p style=\"text-align: left;\">\n<span style=\"color: #000080;\">Jak zauwa\u017cy\u0142 historyk Niall Ferguson w prze\u0142omowym&nbsp;<a style=\"color: #000080;\" href=\"https:\/\/www.thefp.com\/p\/niall-ferguson-treason-intellectuals-third-reich\">eseju&nbsp;<\/a>opublikowanym w grudniu w&nbsp;<em>The Free Press<\/em>, obecny stan ameryka\u0144skiego \u015brodowiska akademickiego i zachodniego \u017cycia intelektualnego nie r\u00f3\u017cni si\u0119 od tego, co widzieli\u015bmy w Niemczech przed Holokaustem. Teza Fergusona znajduje odzwierciedlenie w tytule utworu, kt\u00f3ry nawi\u0105zuje do klasycznego dzie\u0142a francuskiego filozofa Juliena Bendy z 1927 r. \u201e<em>Zdrada klerk\u00f3w<\/em>\u201d, w kt\u00f3rym autor wyja\u015bnia, w jaki spos\u00f3b o\u015bwiecona opinia publiczna w Europie ko\u0144ca XIX i pocz\u0105tku XX wieku umo\u017cliwi\u0142a ekstremizm, kt\u00f3ry doprowadzi\u0142 do zbrodni faszyzmu i nazizmu.<\/span><\/p>\n<p style=\"text-align: left;\">\n<span style=\"color: #000080;\">Ferguson przekonuj\u0105co argumentuje, \u017ce dehumanizacja \u017byd\u00f3w jako koz\u0142\u00f3w ofiarnych dla problem\u00f3w Niemiec by\u0142a w du\u017cej mierze dzie\u0142em intelektualist\u00f3w w kraju, kt\u00f3ry stanowi\u0142 w\u00f3wczas najbardziej wykszta\u0142cony i cywilizowany nar\u00f3d na Ziemi.&nbsp;To m\u0105drzy ludzie \u2013 klasy wykszta\u0142cone, a nie niewykszta\u0142ceni \u2013 umo\u017cliwili i ostatecznie wprawili wydarzenia prowadz\u0105ce do Holokaustu w ruch.<\/span><\/p>\n<p style=\"text-align: left;\">\n<span style=\"color: #000080;\">Pouczaj\u0105ce jest stanowisko wielkich ameryka\u0144skich uniwersytet\u00f3w w sprawie zbrodni z 7 pa\u017adziernika, (wobec kt\u00f3rych w zasadzie pozosta\u0142y oboj\u0119tne, mimo i\u017c wcze\u015bniej tak szybko stan\u0119\u0142y po kt\u00f3rej\u015b stronie podczas moralnej paniki zwi\u0105zanej z rasizmem, kt\u00f3ra wybuch\u0142a po \u015bmierci George\u2019a Floyda w 2020 r.) &#8211; pisze Ferguson.&nbsp;Pokaza\u0142o, jak silny sta\u0142 si\u0119 u\u015bcisk \u201cprzebudzonej\u201d ideologii.<\/span><\/p>\n<p style=\"text-align: left;\">\n<span style=\"color: #000080;\">Krytyczna teoria rasy i intersekcjonalno\u015b\u0107 ucz\u0105, \u017ce \u015bwiat jest podzielony na dwie niezmienne grupy pogr\u0105\u017cone w wiecznym konflikcie: biali prze\u015bladowcy i ludzie kolorowi, kt\u00f3rzy zawsze s\u0105 ofiarami.&nbsp;W takim moralnym wszech\u015bwiecie indywidualne dzia\u0142ania cz\u0142onk\u00f3w tych dw\u00f3ch grup nie maj\u0105 znaczenia przy ustalaniu, kt\u00f3ra strona ma racj\u0119.&nbsp;Klasa \u201eofiar\u201d ma zawsze racj\u0119, bez wzgl\u0119du na to, jak z\u0142e jest jej zachowanie i cele.&nbsp;Klasa \u201eciemi\u0119\u017cycieli\u201d zawsze si\u0119 myli, bez wzgl\u0119du na to, jak bardzo zosta\u0142a skrzywdzona i jak uzasadnione by\u0142yby jej dzia\u0142ania, gdyby\u015bmy patrzyli na nie przez pryzmat obiektywno\u015bci.<\/span><\/p>\n<p style=\"text-align: left;\">\n<span style=\"color: #000080;\">\u017bydzi, a zw\u0142aszcza \u017bydzi izraelscy, nie s\u0105 \u201ebiali\u201d.&nbsp;A konflikt z Palesty\u0144czykami nie jest konfliktem rasowym.&nbsp;Ale tak w\u0142a\u015bnie spos\u00f3b my\u015blenia DEI kategoryzuje \u017byd\u00f3w i Arab\u00f3w. Palesty\u0144czycy, kt\u00f3rzy pope\u0142nili bestialskie zbrodnie 7 pa\u017adziernika, mogli zosta\u0107 zindoktrynowani przez radykalny islam, by postrzega\u0107 swoje \u017cydowskie ofiary jako nieludzkie lub zas\u0142uguj\u0105ce na okrucie\u0144stwo.&nbsp;Jednak zachodni t\u0142um, kt\u00f3ry skanduje swoje poparcie dla takiego zachowania lub uwa\u017ca, \u017ce Hamas nie powinien zosta\u0107 wykorzeniony, ma punkt widzenia, kt\u00f3ry cho\u0107 niekoniecznie jest przesi\u0105kni\u0119ty ideami o supremacji muzu\u0142man\u00f3w na Bliskim Wschodzie, wci\u0105\u017c jest gotowy patrze\u0107 na \u017cywych \u017byd\u00f3w \u2013 albo w Izraelu, albo spotykanych na ulicach i kampusach tutaj, w Stanach Zjednoczonych \u2013 jako r\u00f3wnie niegodnych prawa do istnienia i do samoobrony.<\/span><\/p>\n<p style=\"text-align: left;\">\n<span style=\"color: #000080;\">Idee \u201eprzebudzonych\u201d maj\u0105 na celu trwa\u0142e podzielenie spo\u0142ecze\u0144stwa ameryka\u0144skiego wed\u0142ug granic rasowych, ale tak\u017ce odcz\u0142owieczaj\u0105 i pozbawiaj\u0105 praw tych, kt\u00f3rych uwa\u017ca si\u0119 za \u201ebia\u0142ych ciemi\u0119\u017cycieli\u201d.&nbsp;Mantra DEI jest w takim samym stopniu odwr\u00f3ceniem prawdy, jak&nbsp;<em>Arbeit Macht Frei<\/em>&nbsp;\u2013 \u201ePraca ci\u0119 wyzwoli\u201d \u2013 u bram Auschwitz.&nbsp;R\u00f3\u017cnorodno\u015b\u0107 i w\u0142\u0105czenie, do kt\u00f3rych wzywa, w rzeczywisto\u015bci stanowi\u0105 nakaz wykluczania nielubianych grup, a r\u00f3wno\u015b\u0107, kt\u00f3rej wymaga, jest przeciwie\u0144stwem r\u00f3wnych szans, poniewa\u017c nakazuje ocenianie ludzi na podstawie ich pochodzenia i koloru sk\u00f3ry, a nie indywidualnych zas\u0142ug.<\/span><\/p>\n<p style=\"text-align: left;\"><span style=\"color: #000080;\">W odniesieniu do \u017byd\u00f3w oznacza to, \u017ce ofiary 7 pa\u017adziernika nie zas\u0142uguj\u0105 na wsp\u00f3\u0142czucie. Dlatego ludzie nazywaj\u0105cy siebie \u201epost\u0119powcami\u201d czuj\u0105 si\u0119 usprawiedliwieni, zrywaj\u0105c plakaty przedstawiaj\u0105ce ofiary porwa\u0144, niezale\u017cnie od tego, czy maj\u0105 one 8 miesi\u0119cy, czy 85 lat. \u017baden przyzwoity cz\u0142owiek nie pomy\u015bla\u0142by o zerwaniu plakatu przedstawiaj\u0105cego zaginionego kota lub psa, ale dla ludzi indoktrynowanych przez DEI, porwany \u017byd mniej zas\u0142uguje na wsp\u00f3\u0142czucie ni\u017c zagubiony zwierzak.&nbsp;Wyja\u015bnia to tak\u017ce, dlaczego feministki mimo, \u017ce s\u0105 gotowe wierzy\u0107 kobietom b\u0119d\u0105cym ofiarami przest\u0119pstw na tle seksualnym, tak ch\u0119tnie zaprzeczaj\u0105 gwa\u0142tom pope\u0142nionym na \u017byd\u00f3wkach, nawet je\u015bli Palesty\u0144czycy u\u017cywaj\u0105 gwa\u0142tu jako broni wojennej.<\/span><\/p>\n<p style=\"text-align: left;\">\n<span style=\"color: #000080;\">Z tego samego powodu dzia\u0142ania Izraela mog\u0105 by\u0107 demonizowane i delegitymizowane jako ludob\u00f3jstwo, mimo \u017ce nie maj\u0105 znamion ludob\u00f3jstwa, poniewa\u017c w ich przekonaniu jako biali prze\u015bladowcy zawsze s\u0105 niemoralni.<\/span><\/p>\n<h5><strong><br \/>\nFiasko edukacji o Holokau\u015bcie<\/strong><\/h5>\n<p style=\"text-align: left;\">\n<span style=\"color: #000080;\">Proces dehumanizacji \u017byd\u00f3w doprowadzi\u0142 do tego, \u017ce wykszta\u0142cony nar\u00f3d sta\u0142 si\u0119 \u201ech\u0119tnymi nazistowskimi katami\u201d i aktywnymi mordercami 6 milion\u00f3w \u017byd\u00f3w.&nbsp;Ta sama \u201ezdrada intelektualist\u00f3w\u201d powtarza dzi\u015b ten proces dehumanizacji \u017byd\u00f3w w Izraelu i \u017byd\u00f3w gdzie indziej oraz wszystkich kt\u00f3rzy stoj\u0105 po ich stronie.<\/span><\/p>\n<p style=\"text-align: left;\">\n<span style=\"color: #000080;\">Gatunek edukacji i upami\u0119tniania Holokaustu, kt\u00f3ry sta\u0142 si\u0119 powszechny w Stanach Zjednoczonych w ostatnim pokoleniu, w kt\u00f3rym antysemityzm jest uwa\u017cany za zaledwie jeszcze jedn\u0105 form\u0119 nietolerancji, niewiele robi, aby zwalcza\u0107 przebudzon\u0105 oboj\u0119tno\u015b\u0107 na ataki na oznakowanych jako \u201ebiali\u201d z\u0142oczy\u0144c\u00f3w.&nbsp;Antysemityzm nie jest funkcj\u0105 zwyk\u0142ej niech\u0119ci, ale broni\u0105, za pomoc\u0105 kt\u00f3rej demonizuje si\u0119 \u017byd\u00f3w, aby osi\u0105gn\u0105\u0107 cel polityczny.&nbsp;W ten spos\u00f3b mo\u017cna wymaza\u0107 \u017cydowskie ofiary terroryzmu i zlekcewa\u017cy\u0107 ich los jako co\u015b, co spotyka prze\u015bladowc\u00f3w, kt\u00f3rzy popadaj\u0105 w konflikt z aktem uzasadnionego \u201eoporu\u201d.<\/span><\/p>\n<p style=\"text-align: left;\">\n<span style=\"color: #000080;\">Hamas, ruch maj\u0105cy poparcie wi\u0119kszo\u015bci Palesty\u0144czyk\u00f3w, a obecnie sympati\u0119 wielu zachodnich intelektualist\u00f3w, wyra\u017anie d\u0105\u017cy do zlikwidowania jedynego pa\u0144stwa \u017cydowskiego na planecie i ludob\u00f3jstwa jego 7 milion\u00f3w \u017byd\u00f3w.&nbsp;To, co wydarzy\u0142o si\u0119 7 pa\u017adziernika, by\u0142o jedynie zwiastunem tego, co \u201eo\u015b oporu\u201d zamierza zrobi\u0107 w najbli\u017cszej przysz\u0142o\u015bci.<\/span><\/p>\n<p style=\"text-align: left;\">\n<span style=\"color: #000080;\">W tej kwestii nie ma z\u0142otego \u015brodka.&nbsp;Nikomu, kto jest oboj\u0119tny na to, co wydarzy\u0142o si\u0119 7 pa\u017adziernika, lub kto twierdzi, \u017ce ze wszystkich narod\u00f3w \u015bwiata tylko \u017bydzi nie zas\u0142uguj\u0105 na pa\u0144stwo ani na prawo do samoobrony (antysyjonizm), lub kto twierdzi, \u017ce Hamas musi uzyska\u0107 zgod\u0119 na zawieszenie broni, aby przetrwa\u0107 obecn\u0105 wojn\u0119 i pozosta\u0107 w\u0142adz\u0105 nad jak\u0105kolwiek cz\u0119\u015bci\u0105 Gazy lub gdziekolwiek indziej, gdzie b\u0119dzie si\u0119 zbroi\u0107 i przygotowywa\u0107, by zgodnie z obietnic\u0105, pope\u0142ni\u0107 o wiele wi\u0119cej takich okrucie\u0144stw, nie mo\u017cna pozwoli\u0107 na nazywanie siebie \u201epost\u0119powym\u201d lub przeciwnym ludob\u00f3jstwu.&nbsp;Poniewa\u017c to, co robi\u0105, zajmuj\u0105c takie stanowisko, oznacza, \u017ce w zasadzie staj\u0105 po stronie tych, kt\u00f3rzy pragn\u0105 drugiego Holokaustu w Izraelu.<\/span><\/p>\n<p style=\"text-align: left;\">\n<span style=\"color: #000080;\">Dlatego nie chc\u0119 w tym roku us\u0142ysze\u0107 ani s\u0142owa na temat upami\u0119tnienia Holokaustu od nikogo, kto nie jest gotowy bez zastrze\u017ce\u0144 poprze\u0107 uzasadnionej wojny Izraela maj\u0105cej na celu wyeliminowanie Hamasu w taki sam spos\u00f3b, w jaki alianci z op\u00f3\u017anieniem zniszczyli Trzeci\u0105 Rzesz\u0119 Adolfa Hitlera.&nbsp;W miesi\u0105cach, kt\u00f3re up\u0142yn\u0119\u0142y od 7 pa\u017adziernika, widzieli\u015bmy, do czego doprowadzi\u0142a \u201ezdrada intelektualist\u00f3w\u201d tego pokolenia, gdy antysemickie idee, zachowanie i mowa ponownie sta\u0142y si\u0119 powszechne.&nbsp;Je\u015bli nie chcesz stan\u0105\u0107 po stronie pa\u0144stwa \u017cydowskiego przeciwko islamistycznym mordercom, ich \u201eprzebudzonym\u201d sojusznikom i po\u017cytecznym idiotom, to przynajmniej miej na tyle przyzwoito\u015bci, aby nie zawraca\u0107 nam g\u0142owy swoim nieszczerym \u017calem z powodu Holokaustu.<\/span><\/p>\n<\/div>\n<hr>\n<p style=\"text-align: left;\"><span style=\"color: #808080;\"><em><strong>Jonathan S. Tobin<\/strong> jest redaktorem naczelnym ameryka\u0144skiego magazynu JNS (Jewish News Syndicate).<\/em><\/span><\/p>\n<hr style=\"height: 15px; background: #d0e6fa; width: 100%;\">\n<div id=\"content\" class=\"content-alignment\">\n<div id=\"watch-description\" class=\"yt-uix-button-panel\">\n<div id=\"watch-description-text\" style=\"text-align: center;\">\n<p><em>Zawarto\u015b\u0107 publikowanych artyku\u0142\u00f3w i materia\u0142\u00f3w nie reprezentuje pogl\u0105d\u00f3w ani opinii Reunion&#8217;68,<\/em><em><br \/>\nani te\u017c webmastera Blogu Reunion&#8217;68, chyba ze jest to wyra\u017anie zaznaczone.<br \/>\nTwoje uwagi, linki, w\u0142asne artyku\u0142y lub wiadomo\u015bci prze\u015blij na adres:<br \/>\n<\/em><span style=\"color: #000080;\"><strong><em><a style=\"color: #000080;\" href=\"mailto:webmaster@reunion68.com\"><span style=\"text-decoration: underline;\">webmaster@reunion68.com<\/span><\/a><\/em><\/strong><\/span><\/p>\n<\/div>\n<\/div>\n<\/div>\n<hr style=\"width: 100%;\">\n","protected":false},"excerpt":{"rendered":"<p>Pusty Dzie\u0144 Pami\u0119ci o Holokau\u015bcie Jonathan S. Tobin T\u0142umaczenie: Ma\u0142gorzata Koraszewska Ci, kt\u00f3rzy popieraj\u0105 zawieszenie broni, aby umo\u017cliwi\u0107 ludob\u00f3jczemu ruchowi antysemickiemu, takiemu jak Hamas, dokonywanie kolejnych rzezi \u017byd\u00f3w, nie powinni udawa\u0107, \u017ce op\u0142akuj\u0105 Sze\u015b\u0107 Milion\u00f3w. To wa\u017cna data w kalendarzu spo\u0142eczno\u015bci mi\u0119dzynarodowej.&nbsp;Co roku Organizacja Narod\u00f3w Zjednoczonych oraz wiele innych instytucji i organizacji organizuje 27 stycznia [&hellip;]<\/p>\n","protected":false},"author":1,"featured_media":0,"comment_status":"closed","ping_status":"closed","sticky":false,"template":"","format":"standard","meta":[],"categories":[6],"tags":[26,24],"_links":{"self":[{"href":"https:\/\/www.reunion68.se\/index.php?rest_route=\/wp\/v2\/posts\/110365"}],"collection":[{"href":"https:\/\/www.reunion68.se\/index.php?rest_route=\/wp\/v2\/posts"}],"about":[{"href":"https:\/\/www.reunion68.se\/index.php?rest_route=\/wp\/v2\/types\/post"}],"author":[{"embeddable":true,"href":"https:\/\/www.reunion68.se\/index.php?rest_route=\/wp\/v2\/users\/1"}],"replies":[{"embeddable":true,"href":"https:\/\/www.reunion68.se\/index.php?rest_route=%2Fwp%2Fv2%2Fcomments&post=110365"}],"version-history":[{"count":13,"href":"https:\/\/www.reunion68.se\/index.php?rest_route=\/wp\/v2\/posts\/110365\/revisions"}],"predecessor-version":[{"id":110418,"href":"https:\/\/www.reunion68.se\/index.php?rest_route=\/wp\/v2\/posts\/110365\/revisions\/110418"}],"wp:attachment":[{"href":"https:\/\/www.reunion68.se\/index.php?rest_route=%2Fwp%2Fv2%2Fmedia&parent=110365"}],"wp:term":[{"taxonomy":"category","embeddable":true,"href":"https:\/\/www.reunion68.se\/index.php?rest_route=%2Fwp%2Fv2%2Fcategories&post=110365"},{"taxonomy":"post_tag","embeddable":true,"href":"https:\/\/www.reunion68.se\/index.php?rest_route=%2Fwp%2Fv2%2Ftags&post=110365"}],"curies":[{"name":"wp","href":"https:\/\/api.w.org\/{rel}","templated":true}]}}