{"id":110526,"date":"2024-02-07T18:09:56","date_gmt":"2024-02-07T16:09:56","guid":{"rendered":"http:\/\/www.reunion68.se\/?p=110526"},"modified":"2024-02-07T18:16:20","modified_gmt":"2024-02-07T16:16:20","slug":"07-05-96","status":"publish","type":"post","link":"https:\/\/www.reunion68.se\/?p=110526","title":{"rendered":"Szef ONZ twierdzi, \u017ce Palesty\u0144czycy maj\u0105 \u201eprawo do pa\u0144stwowo\u015bci\u201d. Dlaczego?"},"content":{"rendered":"<h5 style=\"text-align: center;\"><a href=\"https:\/\/www.listyznaszegosadu.pl\/\" target=\"_blank\" rel=\"noopener noreferrer\"><img decoding=\"async\" class=\"center alignleft\" src=\"http:\/\/www.reunion68.com\/Biuletyn\/img\/z-naszego.jpg\" alt=\"\" width=\"50%\" \/><\/a><span style=\"text-decoration: underline; color: #000080;\"><span style=\"text-decoration: underline;\"><strong><a style=\"color: #000080; text-decoration: underline;\" href=\"https:\/\/www.listyznaszegosadu.pl\/notatki\/szef-onz-twierdzi-ze-palestynczycy-maja-a-prawo-do-panstwowosci-a-dlaczego\" target=\"_blank\" rel=\"noopener noreferrer\">Szef ONZ twierdzi, \u017ce Palesty\u0144czycy maj\u0105 \u201eprawo do pa\u0144stwowo\u015bci\u201d. Dlaczego?<\/a><\/strong><\/span><\/span><\/h5>\n<p style=\"text-align: center;\"><span style=\"color: #000000;\"><strong>Hugh Fitzgerald<br \/>\n<\/strong><span style=\"color: #808080;\"><em>T\u0142umaczenie: <\/em><\/span><strong>Ma\u0142gorzata Koraszewska<\/strong><\/span><\/p>\n<hr style=\"height: 15px; background: #d0e6fa; width: 100%;\" \/>\n<p style=\"text-align: left;\"><img decoding=\"async\" class=\"alignleft\" src=\"https:\/\/www.listyznaszegosadu.pl\/upload\/article\/bild\/4454\/1047811\/Antonio_Guterres_2012_s.jpg\" width=\"50%\" \/><span style=\"color: #808080;\"><em>Antonio Guterres (\u0179r\u00f3d\u0142o zdj\u0119cia: Wikipedia)<\/em><\/span><\/p>\n<div class=\"templateArticleIngress\" style=\"text-align: left;\"><span style=\"color: #000080;\">Najnowsze pot\u0119pienie Izraela przez Sekretarza Generalnego ONZ Antonio Guterresa mo\u017cna znale\u017a\u0107 tutaj:\u00a0<em>UN\u2019s Guterres condemns Israel for \u2018heartbreaking\u2019 killings in Gaza<\/em>, [Guterres z ONZ pot\u0119pia Izrael za \u201erozdzieraj\u0105ce serce\u201d zabijanie w Gazie, autorstwa Eliasa Biryabarema,\u00a0<a style=\"color: #000080;\" href=\"https:\/\/www.reuters.com\/world\/middle-east\/uns-guterres-condemns-israel-heartbreaking-killings-gaza-2024-01-21\/\" target=\"_blank\" rel=\"noopener noreferrer\">Reuters<\/a>, 21 stycznia 2024 r.:<\/span><\/div>\n<div class=\"templateArticleBrodtext\">\n<blockquote><p><strong>\u2026Guterres doda\u0142, \u017ce odmowa zaakceptowania rozwi\u0105zania w postaci dw\u00f3ch pa\u0144stw dla Izraelczyk\u00f3w i Palesty\u0144czyk\u00f3w jest ca\u0142kowicie nie do przyj\u0119cia, twierdz\u0105c, \u017ce odmowa Palesty\u0144czykom prawa do pa\u0144stwowo\u015bci \u201eprzed\u0142u\u017cy\u0142aby w niesko\u0144czono\u015b\u0107 konflikt, kt\u00f3ry sta\u0142 si\u0119 g\u0142\u00f3wnym zagro\u017ceniem dla globalnego pokoju i bezpiecze\u0144stwa\u201d.<\/strong><\/p><\/blockquote>\n<p style=\"text-align: left;\"><span style=\"color: #000080;\">Gdyby takie pa\u0144stwo powsta\u0142o, stanowi\u0142oby \u015bmiertelne zagro\u017cenie \u2013 wielk\u0105 Gaz\u0119 \u2013 dla pa\u0144stwa \u017cydowskiego.\u00a0Guterres twierdzi, \u017ce Palesty\u0144czycy maj\u0105 \u201eprawo do pa\u0144stwowo\u015bci\u201d.\u00a0Dlaczego?\u00a0Gdzie jest to napisane?\u00a0Nar\u00f3d arabski ma ju\u017c 22 pa\u0144stwa; dlaczego mieliby otrzyma\u0107 dwudzieste trzecie pa\u0144stwo, kt\u00f3re zagra\u017ca\u0142oby jedynemu pa\u0144stwu \u017cydowskiemu?\u00a0I zauwa\u017ccie, \u017ce Arabowie odmawiaj\u0105 innym narodom \u2013 Berberom w Afryce P\u00f3\u0142nocnej, Kurdom na Bliskim Wschodzie i do czasu powstania niepodleg\u0142ego Sudanu Po\u0142udniowego, czarnym Afrykanom w Sudanie \u2013 prawa do zak\u0142adania w\u0142asnych pa\u0144stw.\u00a0Palesty\u0144czycy ju\u017c stanowi\u0105 70% populacji Jordanii, pa\u0144stwa zbudowanego na 78% terytorium, kt\u00f3re pierwotnie stanowi\u0142o cz\u0119\u015b\u0107 Mandatowej Palestyny.\u00a0Dlaczego Jordania nie powinna sta\u0107 si\u0119 \u201epalesty\u0144skim pa\u0144stwem Jordanii\u201d, w\u0142\u0105czaj\u0105c w jednym pa\u0144stwie Palesty\u0144czyk\u00f3w z terenu rz\u0105dzonych przez AP cz\u0119\u015bci Zachodniego Brzegu z populacj\u0105 w wi\u0119kszo\u015bci palesty\u0144sk\u0105 na terenie dzisiejszego Jorda\u0144skiego Kr\u00f3lestwa Haszymidzkiego?<\/span><\/p>\n<p style=\"text-align: left;\"><span style=\"color: #000080;\">Pa\u0144stwo palesty\u0144skie, o kt\u00f3rym my\u015bli Antonio Guterres, jest tym samym, kt\u00f3re zdaniem wi\u0119kszo\u015bci \u015bwiata powinno powsta\u0107 na ziemi, kt\u00f3r\u0105 Izrael odzyska\u0142 w wojnie w 1967 r. Guterres chce, \u017ceby pa\u0144stwo \u017cydowskie zosta\u0142o ponownie wci\u015bni\u0119te w linie zawieszenia broni z 1949 r.\u00a0Zosta\u0142oby w\u00f3wczas pozbawione nawet najmniejszej strategicznej g\u0142\u0119bi, jak\u0105 zapewni\u0142a kontrola Judei i Samarii (czyli Zachodniego Brzegu).\u00a0Izraelowi pozosta\u0142by pas o szeroko\u015bci niespe\u0142na 15 kilometr\u00f3w od Kalkiliji do morza.\u00a0\u017baden izraelski przyw\u00f3dca nie mo\u017ce zgodzi\u0107 si\u0119 na taki krok;\u00a0Jerozolima nie jest gotowa pope\u0142ni\u0107 samob\u00f3jstwa politycznego.\u00a0R\u00f3wnocze\u015bnie ka\u017cde palesty\u0144skie pa\u0144stwo arabskie utworzone na zach\u00f3d od Jordanii albo odm\u00f3wi\u0142oby zaakceptowania demilitaryzacji, albo (gdyby nawet zaakceptowa\u0142o taki warunek, \u017ceby uzyska\u0107 zgod\u0119 Izraela), wcze\u015bniej czy p\u00f3\u017aniej naruszy\u0142oby to zobowi\u0105zanie i uzbroi\u0142o si\u0119 przy pomocy Iranu i Kataru.<\/span><\/p>\n<blockquote>\n<p style=\"text-align: left;\"><strong>Premier Izraela Benjamin Netanjahu pojawi\u0142 si\u0119 w sobot\u0119, aby odeprze\u0107 uwagi prezydenta USA Joe Bidena na temat pa\u0144stwowo\u015bci palesty\u0144skiej po zako\u0144czeniu wojny z Hamasem.\u00a0Jego biuro poinformowa\u0142o, \u017ce podczas pi\u0105tkowych rozm\u00f3w z Bidenem Netanjahu \u201epowt\u00f3rzy\u0142 swoj\u0105 polityk\u0119, zgodnie z kt\u00f3r\u0105 po zniszczeniu Hamasu Izrael musi zachowa\u0107 kontrol\u0119 bezpiecze\u0144stwa nad Gaz\u0105, aby zapewni\u0107, \u017ce Gaza nie b\u0119dzie ju\u017c stanowi\u0107 zagro\u017cenia dla Izraela, co jest wymogiem sprzecznym z \u017c\u0105daniem suwerenno\u015bci Palestyny .\u201d\u2026<\/strong><\/p>\n<\/blockquote>\n<p style=\"text-align: left;\"><span style=\"color: #000080;\">Netanjahu nie sprzeciwia si\u0119 porozumieniu, na mocy kt\u00f3rego Arabowie z Gazy zachowaliby kontrol\u0119 nad w\u0142asnym \u017cyciem, ale nie mieliby armii i musieliby zgodzi\u0107 si\u0119 na to, by IDF zachowa\u0142a kontrol\u0119 bezpiecze\u0144stwa w Strefie na czas nieokre\u015blony.\u00a0Jak wielokrotnie powtarza\u0142 Netanjahu: \u201eZ pewno\u015bci\u0105 jestem sk\u0142onny, aby mieli ca\u0142\u0105 w\u0142adz\u0119, kt\u00f3rej potrzebuj\u0105, aby samodzielnie rz\u0105dzi\u0107, ale \u017cadnej w\u0142adzy, kt\u00f3ra mo\u017ce nam zagrozi\u0107\u201d.<\/span><\/p>\n<p style=\"text-align: left;\">\n<p style=\"text-align: left;\"><span style=\"color: #000080;\">Dziennikarze, kt\u00f3rzy donosz\u0105, \u017ce Netanjahu jest przeciwny jakiejkolwiek formie samorz\u0105dno\u015bci w Gazie;\u00a0\u017ale zrozumieli to, co przez ca\u0142y czas m\u00f3wi\u0142: bezpiecze\u0144stwo pozostanie w r\u0119kach Izraela, podczas gdy Palesty\u0144czycy we wszystkich innych sprawach b\u0119d\u0105 rz\u0105dzi\u0107 sami.\u00a0Ale nie b\u0119dzie miejsca dla grupy terrorystycznej Hamas w \u017cadnej cz\u0119\u015bci \u2013 w Gazie ani na Zachodnim Brzegu \u2013 tego nowego bytu zwanego \u201ePalestyn\u0105\u201d.<\/span><\/p>\n<blockquote><p><strong>Dokument wydany w sobot\u0119 pod koniec szczytu NAM [Ruch Pa\u0144stw Niezaanga\u017cowanych] zawiera\u0142 pot\u0119pienie \u201enielegalnej izraelskiej agresji wojskowej na Stref\u0119 Gazy, masowych atak\u00f3w na palesty\u0144sk\u0105 ludno\u015b\u0107 cywiln\u0105, obiekty cywilne, przymusowego wysiedlenia ludno\u015bci palesty\u0144skiej\u201d i wzywa\u0142 do natychmiastowego i trwa\u0142ego humanitarnego zawieszenie broni.<\/strong><\/p><\/blockquote>\n<p style=\"text-align: left;\"><span style=\"color: #000080;\">Nale\u017cy zauwa\u017cy\u0107, \u017ce w tym dokumencie nie ma wzmianki o izraelskich zak\u0142adnikach.\u00a0Czy wszystkie te kraje ju\u017c o nich zapomnia\u0142y?<\/span><\/p>\n<p><strong><br \/>\nNie jest \u201enielegalne\u201d to, \u017ce Izrael walczy z lud\u017ami, kt\u00f3rzy dopu\u015bcili si\u0119 najbardziej niewiarygodnych okrucie\u0144stw wobec jego obywateli.\u00a0Jak ka\u017cdy inny kraj, Izrael ma prawo do samoobrony.\u00a0<\/strong>\u00a0<span style=\"color: #000080;\">Pa\u0144stwo \u017cydowskie nie jest agresorem, ale odpowiada na agresj\u0119.\u00a0T\u0119 agresj\u0119, musimy przypomnie\u0107, rozpocz\u0119\u0142o 3000 morderc\u00f3w Hamasu, kt\u00f3rzy 7 pa\u017adziernika wtargn\u0119li do Izraela, by gwa\u0142ci\u0107, torturowa\u0107 i zamordowa\u0107 1300 Izraelczyk\u00f3w oraz porwa\u0107 kolejnych 260.\u00a0Co wi\u0119cej,\u00a0<\/span><strong>nie dosz\u0142o do \u017cadnych \u201emasowych\u201d atak\u00f3w na \u201epalesty\u0144sk\u0105 ludno\u015b\u0107 cywiln\u0105\u201d, atakowano jedynie Hamas i Islamski D\u017cihad. Poniewa\u017c jednak Hamas rozmie\u015bci\u0142 swoich \u017co\u0142nierzy, swoj\u0105 bro\u0144, swoje centra dowodzenia i kontroli oraz swoich agent\u00f3w w budynkach cywilnych i w ich pobli\u017cu, a zw\u0142aszcza pod nimi, budynki te sta\u0142y si\u0119 legalnymi celami.\u00a0IDF robi wszystko, co w jej mocy, aby zminimalizowa\u0107 straty w\u015br\u00f3d ludno\u015bci cywilnej.\u00a0Do tej pory w Gazie rozrzuci\u0142 6 milion\u00f3w ulotek, wykona\u0142 14 milion\u00f3w nagranych wcze\u015bniej ostrze\u017ce\u0144 telefonicznych i 72 tysi\u0105ce rozm\u00f3w osobistych, a wszystko po to, aby ostrzec ludno\u015b\u0107 cywiln\u0105, by opu\u015bci\u0142a okre\u015blone obszary, kt\u00f3re wkr\u00f3tce stan\u0105 si\u0119 polami bitew, lub opu\u015bci\u0142y okre\u015blone budynki, kt\u00f3re wkr\u00f3tce stan\u0105 si\u0119 celem.\u00a0Izraelscy piloci rutynowo odwo\u0142uj\u0105 ataki, je\u015bli zauwa\u017c\u0105 zbyt wielu cywil\u00f3w w pobli\u017cu.\u00a0<\/strong><strong>Nic z tego nie sugeruje \u201emasowych\u201d atak\u00f3w IDF.<\/strong><\/p>\n<p style=\"text-align: left;\"><span style=\"color: #000080;\">Nie by\u0142o \u201eprzymusowego wysiedlenia\u201d Gaza\u0144czyk\u00f3w.\u00a0\u017baden izraelski \u017co\u0142nierz nie wyp\u0119dzi\u0142 ich z dom\u00f3w.\u00a0Zostali ostrze\u017ceni o zbli\u017caj\u0105cych si\u0119 atakach i powiedziano im, do jakich miejsc mog\u0105 si\u0119 przenie\u015b\u0107, kt\u00f3re s\u0105 bezpieczne i wolne od dzia\u0142a\u0144 IDF.\u00a0Jest to jedynie tymczasowe \u201eprzeniesienie si\u0119\u201d, kt\u00f3re zako\u0144czy si\u0119 wraz z zako\u0144czeniem wojny.\u00a0Nie s\u0105\u00a0<em>zmuszani<\/em>\u00a0do odej\u015bcia, ale raczej IDF doradza\u00a0<em>im\u00a0<\/em>to ze wzgl\u0119d\u00f3w bezpiecze\u0144stwa. Jest tu zasadnicza r\u00f3\u017cnica.<\/span><\/p>\n<\/div>\n<hr \/>\n<p style=\"text-align: left;\"><span style=\"color: #808080;\"><em><strong>Hugh Fitzgerald<\/strong> &#8211; jest publicyst\u0105 Jihad Watch.<\/em><\/span><\/p>\n<hr style=\"height: 15px; background: #d0e6fa; width: 100%;\" \/>\n<div id=\"content\" class=\"content-alignment\">\n<div id=\"watch-description\" class=\"yt-uix-button-panel\">\n<div id=\"watch-description-text\" style=\"text-align: center;\">\n<p><em>Zawarto\u015b\u0107 publikowanych artyku\u0142\u00f3w i materia\u0142\u00f3w nie reprezentuje pogl\u0105d\u00f3w ani opinii Reunion&#8217;68,<\/em><em><br \/>\nani te\u017c webmastera Blogu Reunion&#8217;68, chyba ze jest to wyra\u017anie zaznaczone.<br \/>\nTwoje uwagi, linki, w\u0142asne artyku\u0142y lub wiadomo\u015bci prze\u015blij na adres:<br \/>\n<\/em><span style=\"color: #000080;\"><strong><em><a style=\"color: #000080;\" href=\"mailto:webmaster@reunion68.com\"><span style=\"text-decoration: underline;\">webmaster@reunion68.com<\/span><\/a><\/em><\/strong><\/span><\/p>\n<\/div>\n<\/div>\n<\/div>\n<hr style=\"width: 100%;\" \/>\n","protected":false},"excerpt":{"rendered":"<p>Szef ONZ twierdzi, \u017ce Palesty\u0144czycy maj\u0105 \u201eprawo do pa\u0144stwowo\u015bci\u201d. Dlaczego? Hugh Fitzgerald T\u0142umaczenie: Ma\u0142gorzata Koraszewska Antonio Guterres (\u0179r\u00f3d\u0142o zdj\u0119cia: Wikipedia) Najnowsze pot\u0119pienie Izraela przez Sekretarza Generalnego ONZ Antonio Guterresa mo\u017cna znale\u017a\u0107 tutaj:\u00a0UN\u2019s Guterres condemns Israel for \u2018heartbreaking\u2019 killings in Gaza, [Guterres z ONZ pot\u0119pia Izrael za \u201erozdzieraj\u0105ce serce\u201d zabijanie w Gazie, autorstwa Eliasa Biryabarema,\u00a0Reuters, 21 [&hellip;]<\/p>\n","protected":false},"author":1,"featured_media":0,"comment_status":"closed","ping_status":"closed","sticky":false,"template":"","format":"standard","meta":[],"categories":[6],"tags":[26,24],"_links":{"self":[{"href":"https:\/\/www.reunion68.se\/index.php?rest_route=\/wp\/v2\/posts\/110526"}],"collection":[{"href":"https:\/\/www.reunion68.se\/index.php?rest_route=\/wp\/v2\/posts"}],"about":[{"href":"https:\/\/www.reunion68.se\/index.php?rest_route=\/wp\/v2\/types\/post"}],"author":[{"embeddable":true,"href":"https:\/\/www.reunion68.se\/index.php?rest_route=\/wp\/v2\/users\/1"}],"replies":[{"embeddable":true,"href":"https:\/\/www.reunion68.se\/index.php?rest_route=%2Fwp%2Fv2%2Fcomments&post=110526"}],"version-history":[{"count":10,"href":"https:\/\/www.reunion68.se\/index.php?rest_route=\/wp\/v2\/posts\/110526\/revisions"}],"predecessor-version":[{"id":110659,"href":"https:\/\/www.reunion68.se\/index.php?rest_route=\/wp\/v2\/posts\/110526\/revisions\/110659"}],"wp:attachment":[{"href":"https:\/\/www.reunion68.se\/index.php?rest_route=%2Fwp%2Fv2%2Fmedia&parent=110526"}],"wp:term":[{"taxonomy":"category","embeddable":true,"href":"https:\/\/www.reunion68.se\/index.php?rest_route=%2Fwp%2Fv2%2Fcategories&post=110526"},{"taxonomy":"post_tag","embeddable":true,"href":"https:\/\/www.reunion68.se\/index.php?rest_route=%2Fwp%2Fv2%2Ftags&post=110526"}],"curies":[{"name":"wp","href":"https:\/\/api.w.org\/{rel}","templated":true}]}}