{"id":110757,"date":"2024-02-24T18:00:16","date_gmt":"2024-02-24T16:00:16","guid":{"rendered":"http:\/\/www.reunion68.se\/?p=110757"},"modified":"2024-02-20T14:01:10","modified_gmt":"2024-02-20T12:01:10","slug":"16-00-88","status":"publish","type":"post","link":"https:\/\/www.reunion68.se\/?p=110757","title":{"rendered":"When fighting antisemitism, you can\u2019t pick and choose"},"content":{"rendered":"<h5 style=\"text-align: center;\"><a href=\"https:\/\/www.jns.org\/\" target=\"_blank\" rel=\"noopener noreferrer\"><img decoding=\"async\" class=\"center alignleft\" src=\"http:\/\/www.reunion68.com\/Biuletyn\/img\/jns-1.png\" alt=\"\" width=\"35%\"><\/a><span style=\"text-decoration: underline; color: #000080;\"><span><strong><a style=\"color: #000080; text-decoration: underline;\" href=\"https:\/\/www.jns.org\/when-fighting-antisemitism-you-cant-pick-and-choose\/\" target=\"_blank\" rel=\"noopener noreferrer\">When fighting antisemitism, you can\u2019t pick and choose<\/a><\/strong><\/span><\/span><\/h5>\n<p style=\"text-align: center;\"><span style=\"color: #000000;\"><strong>BEN COHEN<\/strong><\/span><\/p>\n<hr style=\"height: 15px; background: #d0e6fa; width: 100%;\">\n<p style=\"text-align: center;\"><img decoding=\"async\" class=\"aligncenter\" src=\"https:\/\/cdn.jns.org\/uploads\/2024\/02\/La-France-Insoumise-1320x880.jpg\" width=\"100%\"><span style=\"color: #808080;\"><em>Protesters associated with the far-left group La France Insoumise demonstrate Nice, in the south of France, against governmental reform in 2018. Credit: Frederic Dides\/Shutterstock.<\/em><\/span><\/p>\n<p style=\"text-align: left;\"><span style=\"color: #000080;\">It was one of those incidents that you never expect will happen to you, but when it does, it changes your life irrevocably.<\/span><\/p>\n<p class=\"wp-block-paragraph\" style=\"text-align: left;\"><span style=\"color: #000080;\">On June 8, 2023, a Thursday, a 67-year-old Orthodox Jewish woman whose name was reported as \u201cSarah\u201d was driving to her home in Cr\u00e9teil, a suburb in the southeastern outskirts of Paris. As she drove, a group of traffic cops who were sitting at a nearby gas station noticed that she was speeding. They duly pulled her over.<\/span><\/p>\n<p class=\"wp-block-paragraph\" style=\"text-align: left;\"><span style=\"color: #000080;\">Clearly flustered and nervous as she sat talking to the police officers, who informed her that she was driving dangerously, Sarah accidentally released the brake on her car, backing into a police motorcycle that was parked behind her. Thinking that she was trying to flee the scene, the cops promptly arrested her and brought her to the police station in Cr\u00e9teil.<\/span><\/p>\n<p class=\"wp-block-paragraph\" style=\"text-align: left;\"><span style=\"color: #000080;\">Absolutely terrified by this point, Sarah said in a later media interview that she lost consciousness. When she came around, she discovered that she was lying prostrate on the police station floor, handcuffed to a bench. When she realized that her wig, which she had worn since she married at the age of 18, according to the custom of Orthodox Jewish women, had been removed, she panicked.<\/span><\/p>\n<p class=\"wp-block-paragraph\" style=\"text-align: left;\"><span style=\"color: #000080;\">An&nbsp;<a style=\"color: #000080;\" href=\"https:\/\/www.mediapart.fr\/journal\/france\/040224\/une-femme-juive-orthodoxe-denonce-des-violences-policieres-des-images-accablantes#:~:text=Des%20vid%C3%A9os%20que%20r%C3%A9v%C3%A8le%20Mediapart,polici%C3%A8res%20%C2%AB%20sexistes%20et%20antis%C3%A9mites%20%C2%BB.\" target=\"_blank\" rel=\"noopener noreferrer\">amateur video<\/a>&nbsp;of the incident was shared with the French news website&nbsp;<em>Mediapart<\/em>, which posted it last week. It shows Sarah\u2019s ordeal to its full, harrowing extent. \u201cI\u2019m a Jew!\u201d Sarah declares with an ear-splitting scream. \u201cI want my wig! My wig! My wig!\u201d she continues, writhing helplessly on the floor as a policeman stands imperiously over her, sandwiching her legs between his feet.<\/span><\/p>\n<p class=\"wp-block-paragraph\" style=\"text-align: left;\"><span style=\"color: #000080;\">The video also shows a disturbing level of contempt from the police officers. One of them describes Sarah as a&nbsp;<em>feuj<\/em>, an insulting French slang term for \u201cJew.\u201d When a male officer finally returns with her wig, an exasperated female officer is then heard telling Sarah:&nbsp;<em>Allez, putain<\/em>&nbsp;(\u201cCome on, bitch\u201d).<\/span><\/p>\n<p class=\"wp-block-paragraph\" style=\"text-align: left;\"><span style=\"color: #000080;\">From the police station, Sarah was taken to the emergency room of a local hospital, where her husband came to collect her. A doctor who examined her noted that she had suffered both bruising and psychological trauma. Nevertheless, on March 4, Sarah will go on trial, charged with \u201cendangering the lives of others\u201d due to her allegedly careless driving.<\/span><\/p>\n<p class=\"wp-block-paragraph\" style=\"text-align: left;\"><span style=\"color: #000080;\">Sarah has herself now gone on the offensive, telling investigators from the General Inspectorate of the police that the removal of her wig represented the \u201cultimate humiliation\u201d for an observant Jewish woman. She has also filed a complaint against the police, charging them with \u201csexist, antisemitic\u201d violence towards her. \u201cCr\u00e9teil police know the city, they know that there is a sizable Jewish community, so they cannot claim to be unaware of what a wig means,\u201d her lawyer, Arie Alimi, told the media.<\/span><\/p>\n<p class=\"wp-block-paragraph\" style=\"text-align: left;\"><span style=\"color: #000080;\">Sarah\u2019s case is significant for two reasons\u2014one of them uncomplicated, the other far more complicated.<\/span><\/p>\n<p class=\"wp-block-paragraph\" style=\"text-align: left;\"><span style=\"color: #000080;\">The uncomplicated reason is simply that the behavior of the French police was clearly antisemitic. The video suggests that they rather enjoyed having a vulnerable Jewish woman at their mercy, whom they essentially dehumanized. In a democracy, the police are accountable for their actions, and in this case, one can legitimately ask whether the officers who attended to Sarah at the police station should continue to serve on the force, particularly as they are in regular contact with other members of the Jewish community in Cr\u00e9teil.<\/span><\/p>\n<p class=\"wp-block-paragraph\" style=\"text-align: left;\"><span style=\"color: #000080;\">The other reason is complicated because it involves overtly political considerations.<\/span><\/p>\n<p class=\"wp-block-paragraph\" style=\"text-align: left;\"><span style=\"color: #000080;\">It is striking that Sarah\u2019s case has been taken up by important swathes of the French left\u2014a left that is normally at loggerheads with the Jewish community because of its consistent demonization of Israel. Counter-accusations of antisemitism are both frequent and hotly denied, especially in the wake of the Oct. 7 Hamas pogrom in Israel, which has triggered a vicious wave of antisemitism in France and other countries, frequently deploying progressive, anti-colonial messaging to camouflage what is\u2014and what has always been\u2014a deeply reactionary and backward form of prejudice.<\/span><\/p>\n<p class=\"wp-block-paragraph\" style=\"text-align: left;\"><span style=\"color: #000080;\">Yet Sarah\u2019s case has been reported on sympathetically and in detail in many organs of the French left, including&nbsp;<em>L<strong>\u2019<\/strong>Humanit\u00e9\u2014<\/em>the daily paper of the French Communist Party, which once had the unenviable reputation of being the most slavishly pro-Moscow of all the European Communist parties affiliated with the late, unlamented Soviet Union.<\/span><\/p>\n<p class=\"wp-block-paragraph\" style=\"text-align: left;\"><span style=\"color: #000080;\">Sarah has also won the support of parliamentarians from the far-left group La France Insoumise (or LFI, translated as \u201cFrance Rising\u201d), which occupies 75 of the 577 seats in the French National Assembly. In a social-media post, Mathilde Panot, who heads LFI\u2019s parliamentary grouping, denounced \u201cthe sexist and antisemitic\u201d treatment meted out to Sarah by police officers who had behaved with \u201cdishonor,\u201d and who should now be the subjects of a \u201crapid investigation and sanctions.\u201d<\/span><\/p>\n<p class=\"wp-block-paragraph\" style=\"text-align: left;\"><span style=\"color: #000080;\">While Sarah\u2019s case against the police deserves the full backing of her fellow Jews, it behooves us to look critically at her other sources of support. When Panot and three of her LFI comrades turned up at last week\u2019s memorial ceremony in Paris for the 42 French citizens who were among the more than 1,200 people murdered by Hamas terrorists on Oct. 7, pro-Israel demonstrators on the sidelines barracked them, shouting, \u201cLFI, Hamas thanks you.\u201d Panot\u2019s explanation for her attendance was her desire to call attention to the suffering of Palestinians in Gaza, whom LFI falsely believes, in common with much of the left globally, are undergoing a \u201cgenocide.\u201d<\/span><\/p>\n<p class=\"wp-block-paragraph\" style=\"text-align: left;\"><span style=\"color: #000080;\">On a human level, it<em>\u2019s&nbsp;<\/em>hard to understand how someone could be moved (and understandably so) by the cries of a frail, elderly Jewish woman in police custody, yet dismiss the horrors of Oct. 7\u2014the slaughter, the mutilation, the rape of untold young woman at a music festival\u2014as so much \u201cZionist propaganda.\u201d As long as that remains the case, politicians on the left who intervene only in those incidents of antisemitism are unconnected to Israel will never win the trust of the Jewish community.<\/span><\/p>\n<p class=\"wp-block-paragraph\" style=\"text-align: left;\"><span style=\"color: #000080;\">Simply put, if you are going to fight antisemitism, you cannot pick and choose which incidents you focus upon on the basis of your ideological convictions. And since the far-left is not, for the foreseeable future, going to accept the contention that its attacks on Zionism and Israel\u2019s legitimacy are forms of antisemitism, one has to probe the political price of acknowledging their support in cases like those of Sarah.<\/span><\/p>\n<p style=\"text-align: left;\"><span style=\"color: #000080;\">Because if Sarah had been a resident of the West Bank instead of Cr\u00e9teil, and if she had been pulled over by Palestinian Authority officers and then detained, facing treatment even worse than her humiliation by French police officers, LFI and those who share its worldview would have, at best, remained silent. Such hypocrisy would never pass muster on the left when it comes to racism against members of the black community, Muslims or any other minority. But Jews, as we have painfully learned yet again over the last four months, are different.<\/span><\/p>\n<hr style=\"height: 15px; background: #d0e6fa; width: 100%;\">\n<div id=\"content\" class=\"content-alignment\">\n<div id=\"watch-description\" class=\"yt-uix-button-panel\">\n<div id=\"watch-description-text\" style=\"text-align: center;\">\n<p><em>Zawarto\u015b\u0107 publikowanych artyku\u0142\u00f3w i materia\u0142\u00f3w nie reprezentuje pogl\u0105d\u00f3w ani opinii Reunion&#8217;68,<\/em><em><br \/>\nani te\u017c webmastera Blogu Reunion&#8217;68, chyba ze jest to wyra\u017anie zaznaczone.<br \/>\nTwoje uwagi, linki, w\u0142asne artyku\u0142y lub wiadomo\u015bci prze\u015blij na adres:<br \/>\n<\/em><span style=\"color: #000080;\"><strong><em><a style=\"color: #000080;\" href=\"mailto:webmaster@reunion68.com\"><span style=\"text-decoration: underline;\">webmaster@reunion68.com<\/span><\/a><\/em><\/strong><\/span><\/p>\n<\/div>\n<\/div>\n<\/div>\n<hr style=\"width: 100%;\">\n","protected":false},"excerpt":{"rendered":"<p>When fighting antisemitism, you can\u2019t pick and choose BEN COHEN Protesters associated with the far-left group La France Insoumise demonstrate Nice, in the south of France, against governmental reform in 2018. Credit: Frederic Dides\/Shutterstock. It was one of those incidents that you never expect will happen to you, but when it does, it changes your [&hellip;]<\/p>\n","protected":false},"author":1,"featured_media":0,"comment_status":"closed","ping_status":"closed","sticky":false,"template":"","format":"standard","meta":[],"categories":[6],"tags":[26,24],"_links":{"self":[{"href":"https:\/\/www.reunion68.se\/index.php?rest_route=\/wp\/v2\/posts\/110757"}],"collection":[{"href":"https:\/\/www.reunion68.se\/index.php?rest_route=\/wp\/v2\/posts"}],"about":[{"href":"https:\/\/www.reunion68.se\/index.php?rest_route=\/wp\/v2\/types\/post"}],"author":[{"embeddable":true,"href":"https:\/\/www.reunion68.se\/index.php?rest_route=\/wp\/v2\/users\/1"}],"replies":[{"embeddable":true,"href":"https:\/\/www.reunion68.se\/index.php?rest_route=%2Fwp%2Fv2%2Fcomments&post=110757"}],"version-history":[{"count":5,"href":"https:\/\/www.reunion68.se\/index.php?rest_route=\/wp\/v2\/posts\/110757\/revisions"}],"predecessor-version":[{"id":110946,"href":"https:\/\/www.reunion68.se\/index.php?rest_route=\/wp\/v2\/posts\/110757\/revisions\/110946"}],"wp:attachment":[{"href":"https:\/\/www.reunion68.se\/index.php?rest_route=%2Fwp%2Fv2%2Fmedia&parent=110757"}],"wp:term":[{"taxonomy":"category","embeddable":true,"href":"https:\/\/www.reunion68.se\/index.php?rest_route=%2Fwp%2Fv2%2Fcategories&post=110757"},{"taxonomy":"post_tag","embeddable":true,"href":"https:\/\/www.reunion68.se\/index.php?rest_route=%2Fwp%2Fv2%2Ftags&post=110757"}],"curies":[{"name":"wp","href":"https:\/\/api.w.org\/{rel}","templated":true}]}}