{"id":110829,"date":"2024-02-16T18:09:11","date_gmt":"2024-02-16T16:09:11","guid":{"rendered":"http:\/\/www.reunion68.se\/?p=110829"},"modified":"2024-02-16T14:46:22","modified_gmt":"2024-02-16T12:46:22","slug":"19-09-94","status":"publish","type":"post","link":"https:\/\/www.reunion68.se\/?p=110829","title":{"rendered":"Rosyjskie w\u0142adze: Aleksiej Nawalny nie \u017cyje"},"content":{"rendered":"<p style=\"text-align: center;\"><img decoding=\"async\" class=\"aligncenter\" src=\"https:\/\/bi.im-g.pl\/im\/50\/49\/1d\/z30708048AMP,Aleksiej-Nawalny.jpg\" width=\"100%\"><span style=\"color: #808080;\"><em>Aleksiej Nawalny (Fot. Shutterstock \/ Shutterstock)<\/em><\/span><\/p>\n<hr>\n<h5 style=\"text-align: center;\"><a href=\"https:\/\/wyborcza.pl\/\" target=\"_blank\" rel=\"noopener noreferrer\"><img decoding=\"async\" class=\"center alignleft\" src=\"http:\/\/www.reunion68.com\/Biuletyn\/img\/wyborcza.png\" alt=\"\" width=\"35%\"><\/a><span style=\"text-decoration: underline; color: #000080;\"><strong><a style=\"color: #000080; text-decoration: underline;\" href=\"https:\/\/wyborcza.pl\/7,75399,30707989,rosyjskie-wladze-aleksiej-nawalny-nie-zyje.html#S.MT-K.C-B.1-L.1.duzy\" target=\"_blank\" rel=\"noopener noreferrer\">Rosyjskie w\u0142adze: Aleksiej Nawalny nie \u017cyje<\/a><\/strong><\/span><\/h5>\n<p style=\"text-align: center;\"><span style=\"color: #000000;\"><strong>Wiktoria Bieliaszyn<\/strong><\/span><\/p>\n<hr style=\"height: 15px; background: #d0e6fa; width: 100%;\">\n<h4 class=\"text--lead \" style=\"text-align: center;\"><span style=\"color: #808080;\"><strong>Polityk Aleksiej Nawalny zmar\u0142 w kolonii karnej nr 3 w Jamalsko-Nienieckim Okr\u0119gu Autonomicznym &#8211; poinformowa\u0142 lokalny oddzia\u0142 Federalnej S\u0142u\u017cby Wi\u0119ziennej.<\/strong><\/span><\/h4>\n<div class=\"column-54\" data-position=\"54,4\"><\/div>\n<div class=\"article--underlead\"><i><b>Artyku\u0142 aktualizowany<\/b><\/i><\/div>\n<p class=\"text--paragraph\" style=\"text-align: left;\"><span style=\"color: #000080;\">W o\u015bwiadczeniu poinformowano, \u017ce wi\u0119zienny personel medyczny przyby\u0142 niezw\u0142ocznie po tym, jak &#8220;wezwano za\u0142og\u0119 karetki pogotowia&#8221;.<\/span><\/p>\n<p class=\"text--paragraph\" style=\"text-align: left;\"><span style=\"color: #000080;\">&#8220;Przeprowadzono wszystkie niezb\u0119dne czynno\u015bci resuscytacyjne, kt\u00f3re nie przynios\u0142y pozytywnych rezultat\u00f3w. Lekarze pogotowia stwierdzili zgon skazanego. Przyczyny \u015bmierci s\u0105 ustalane&#8221;, przekaza\u0142a Federalna S\u0142u\u017cba Wi\u0119zienna.<\/span><\/p>\n<p class=\"text--paragraph\" style=\"text-align: left;\"><span style=\"color: #000080;\">Wed\u0142ug agencji informacyjnej TASS 47-letni Aleksiej Nawalny poczu\u0142 si\u0119 \u017ale po spacerze i niemal natychmiast straci\u0142 przytomno\u015b\u0107. Przybyli na miejsce lekarze pogotowia ratunkowego nie byli w stanie go uratowa\u0107.<\/span><\/p>\n<h4 class=\"text--title font-head-700\"><strong>Rzeczniczka Nawalnego: Brak niezale\u017cnego potwierdzenia<\/strong><\/h4>\n<p class=\"text--paragraph\" style=\"text-align: left;\"><span style=\"color: #000080;\">&#8220;Federalna S\u0142u\u017cba Wi\u0119zienna Jamalsko-Nienieckiego Okr\u0119gu Autonomicznego rozpowszechnia informacje o \u015bmierci Aleksieja Nawalnego w kolonii karnej nr 3. Nie mamy jeszcze potwierdzenia tej informacji. Prawnik Aleksieja jest w drodze do Charpa. Jak tylko b\u0119dziemy mieli jakie\u015b informacje, poinformujemy o tym&#8221;, przekaza\u0142a Kira Jarmysz, rzeczniczka polityka.<\/span> **********************<\/p>\n<hr>\n<p><iframe loading=\"lazy\" id=\"twitter-widget-0\" class=\"\" title=\"X Post\" src=\"https:\/\/platform.twitter.com\/embed\/Tweet.html?dnt=false&amp;embedId=twitter-widget-0&amp;features=eyJ0ZndfdGltZWxpbmVfbGlzdCI6eyJidWNrZXQiOltdLCJ2ZXJzaW9uIjpudWxsfSwidGZ3X2ZvbGxvd2VyX2NvdW50X3N1bnNldCI6eyJidWNrZXQiOnRydWUsInZlcnNpb24iOm51bGx9LCJ0ZndfdHdlZXRfZWRpdF9iYWNrZW5kIjp7ImJ1Y2tldCI6Im9uIiwidmVyc2lvbiI6bnVsbH0sInRmd19yZWZzcmNfc2Vzc2lvbiI6eyJidWNrZXQiOiJvbiIsInZlcnNpb24iOm51bGx9LCJ0ZndfZm9zbnJfc29mdF9pbnRlcnZlbnRpb25zX2VuYWJsZWQiOnsiYnVja2V0Ijoib24iLCJ2ZXJzaW9uIjpudWxsfSwidGZ3X21peGVkX21lZGlhXzE1ODk3Ijp7ImJ1Y2tldCI6InRyZWF0bWVudCIsInZlcnNpb24iOm51bGx9LCJ0ZndfZXhwZXJpbWVudHNfY29va2llX2V4cGlyYXRpb24iOnsiYnVja2V0IjoxMjA5NjAwLCJ2ZXJzaW9uIjpudWxsfSwidGZ3X3Nob3dfYmlyZHdhdGNoX3Bpdm90c19lbmFibGVkIjp7ImJ1Y2tldCI6Im9uIiwidmVyc2lvbiI6bnVsbH0sInRmd19kdXBsaWNhdGVfc2NyaWJlc190b19zZXR0aW5ncyI6eyJidWNrZXQiOiJvbiIsInZlcnNpb24iOm51bGx9LCJ0ZndfdXNlX3Byb2ZpbGVfaW1hZ2Vfc2hhcGVfZW5hYmxlZCI6eyJidWNrZXQiOiJvbiIsInZlcnNpb24iOm51bGx9LCJ0ZndfdmlkZW9faGxzX2R5bmFtaWNfbWFuaWZlc3RzXzE1MDgyIjp7ImJ1Y2tldCI6InRydWVfYml0cmF0ZSIsInZlcnNpb24iOm51bGx9LCJ0ZndfbGVnYWN5X3RpbWVsaW5lX3N1bnNldCI6eyJidWNrZXQiOnRydWUsInZlcnNpb24iOm51bGx9LCJ0ZndfdHdlZXRfZWRpdF9mcm9udGVuZCI6eyJidWNrZXQiOiJvbiIsInZlcnNpb24iOm51bGx9fQ%3D%3D&amp;frame=false&amp;hideCard=false&amp;hideThread=false&amp;id=1758455698768204248&amp;lang=pl&amp;origin=https%3A%2F%2Fwyborcza.pl%2F7%2C75399%2C30707989%2Crosyjskie-wladze-aleksiej-nawalny-nie-zyje.html&amp;sessionId=10cbc373e9f51ecbb1e356f8e3ede0db095e4ceb&amp;theme=light&amp;widgetsVersion=2615f7e52b7e0%3A1702314776716&amp;width=550px\" width=\"650\" height=\"550\" frameborder=\"0\" scrolling=\"yes\" allowfullscreen=\"allowfullscreen\" data-tweet-id=\"1758455698768204248\" data-mce-fragment=\"1\"><\/iframe><\/p>\n<hr>\n<p class=\"text--paragraph\" style=\"text-align: left;\"><span style=\"color: #000080;\">Adwokat polityka Leonid So\u0142owjow odm\u00f3wi\u0142 komentarza.<\/span><\/p>\n<p class=\"text--paragraph\" style=\"text-align: left;\"><span style=\"color: #000080;\">Poinformowa\u0142, \u017ce by\u0142 u wi\u0119\u017ania w \u015brod\u0119 i Nawalny czu\u0142 si\u0119 dobrze. Adwokat zamierza jak najszybciej uda\u0107 si\u0119 do kolonii karnej, gdzie przetrzymywano polityka.<\/span><\/p>\n<p class=\"text--paragraph\" style=\"text-align: left;\"><span style=\"color: #000080;\">Dzia\u0142aczka na rzecz praw cz\u0142owieka Ewa Merkaczewa powiedzia\u0142a agencji Msk1, \u017ce w czasie uwi\u0119zienia Aleksiej Nawalny by\u0142 27 razy wysy\u0142any do karnej celi izolacyjnej (SHIZO), co mog\u0142o doprowadzi\u0107 do jego \u015bmierci.<\/span><\/p>\n<p class=\"text--paragraph\" style=\"text-align: left;\"><span style=\"color: #000080;\">&#8220;By\u0142 wtr\u0105cany do celi karnej dziesi\u0105tki razy. To bardzo surowe warunki przetrzymywania [&#8230;] Cz\u0142owiek najcz\u0119\u015bciej tam marznie, najcz\u0119\u015bciej g\u0142oduje. Zgodnie z przepisami wi\u0119zie\u0144 nie mo\u017cna tam przebywa\u0107 d\u0142u\u017cej ni\u017c okre\u015blon\u0105 liczb\u0119 dni. Nawalny sp\u0119dzi\u0142 ich tam w sumie setki&#8221;, cytuje dzia\u0142aczk\u0119 Meduza.<\/span><\/p>\n<p class=\"text--paragraph\" style=\"text-align: left;\"><span style=\"color: #000080;\">14 lutego Nawalny zosta\u0142 po raz dwudziesty si\u00f3dmy wtr\u0105cony do celi karnej.<\/span><\/p>\n<h4 class=\"text--title font-head-700\"><strong>Rosyjskie w\u0142adze: Nie r\u00f3bmy zamieszania<\/strong><\/h4>\n<p class=\"text--paragraph\" style=\"text-align: left;\"><span style=\"color: #000080;\">Rzecznik Kremla Dmitrij Pieskow potwierdzi\u0142, \u017ce Putin zosta\u0142 ju\u017c powiadomiony o zdarzeniu. Jak doda\u0142,Federalna S\u0142u\u017cba Wi\u0119zienna przeprowadzi kontrol\u0119 w zwi\u0105zku ze \u015bmierci\u0105 Nawalnego a jej przyczyna jest ustalana.<\/span><\/p>\n<p class=\"text--paragraph\" style=\"text-align: left;\"><span style=\"color: #000080;\">W\u0142adimir D\u017cabarow, zast\u0119pca przewodnicz\u0105cego Komisji Spraw Zagranicznych Rady Federacji, nazwa\u0142 \u015bmier\u0107 polityka Aleksieja Nawalnego &#8220;nieszcz\u0119\u015bliwym wypadkiem&#8221;.<\/span><\/p>\n<p class=\"text--paragraph\" style=\"text-align: left;\"><span style=\"color: #000080;\">&#8220;Rosja nie mia\u0142a \u017cadnego interesu w tym, by w jakikolwiek spos\u00f3b zaszkodzi\u0107 zdrowiu Nawalnego, absolutnie \u017cadnego. M\u0119\u017cczyzna odsiadywa\u0142 wyrok. My\u015bl\u0119, \u017ce to by\u0142 wypadek, to si\u0119 zdarza&#8221;, cytuje D\u017cabarowa radio Govorit Moskwa.<\/span><\/p>\n<p class=\"text--paragraph\" style=\"text-align: left;\"><span style=\"color: #000080;\">Senator powiedzia\u0142 r\u00f3wnie\u017c, \u017ce &#8220;nie ma potrzeby wywo\u0142ywa\u0107 zamieszania&#8221;, poniewa\u017c Zach\u00f3d mo\u017ce &#8220;wykorzysta\u0107 t\u0119 sytuacj\u0119&#8221; do w\u0142asnych cel\u00f3w.<\/span><\/p>\n<h4 class=\"text--title font-head-700\"><strong>Nawalny: wr\u00f3g Putina nr 1<\/strong><\/h4>\n<p class=\"text--paragraph\" style=\"text-align: left;\"><span style=\"color: #000080;\">Aleksiej Nawalny zosta\u0142 aresztowany w styczniu 2021 r. na moskiewskim lotnisku. Wraca\u0142 do Rosji z Niemiec, gdzie przez kilka miesi\u0119cy leczy\u0142 si\u0119 i rehabilitowa\u0142, dochodz\u0105c do siebie po otruciu przez agent\u00f3w FSB substancj\u0105 bojow\u0105 z grupy nowiczok\u00f3w. Od czasu uwi\u0119zienia rosyjskie w\u0142adze postawi\u0142y mu zarzuty w kilkunastu sprawach. W jednej z ostatnich, kt\u00f3ra zako\u0144czy\u0142a si\u0119 w sierpniu, moskiewski s\u0105d uzna\u0142 go winnym \u201etworzenia ekstremistycznej spo\u0142eczno\u015bci, nawo\u0142ywania do ekstremizmu oraz finansowania go&#8221;. Skaza\u0142 go tym samym na 19 lat kolonii o specjalnym re\u017cimie. Obro\u0144cy praw cz\u0142owieka zwracaj\u0105 uwag\u0119, \u017ce takich kolonii karnych jest w Rosji zaledwie kilka i osadzani s\u0105 w nich najcz\u0119\u015bciej niebezpieczni recydywi\u015bci.<\/span><\/p>\n<hr style=\"height: 15px; background: #d0e6fa; width: 100%;\">\n<div id=\"content\" class=\"content-alignment\">\n<div id=\"watch-description\" class=\"yt-uix-button-panel\">\n<div id=\"watch-description-text\" style=\"text-align: center;\">\n<p><em>Zawarto\u015b\u0107 publikowanych artyku\u0142\u00f3w i materia\u0142\u00f3w nie reprezentuje pogl\u0105d\u00f3w ani opinii Reunion&#8217;68,<\/em><em><br \/>\nani te\u017c webmastera Blogu Reunion&#8217;68, chyba ze jest to wyra\u017anie zaznaczone.<br \/>\nTwoje uwagi, linki, w\u0142asne artyku\u0142y lub wiadomo\u015bci prze\u015blij na adres:<br \/>\n<\/em><span style=\"color: #000080;\"><strong><em><a style=\"color: #000080;\" href=\"mailto:webmaster@reunion68.com\"><span style=\"text-decoration: underline;\">webmaster@reunion68.com<\/span><\/a><\/em><\/strong><\/span><\/p>\n<\/div>\n<\/div>\n<\/div>\n<hr style=\"width: 100%;\">\n","protected":false},"excerpt":{"rendered":"<p>Aleksiej Nawalny (Fot. Shutterstock \/ Shutterstock) Rosyjskie w\u0142adze: Aleksiej Nawalny nie \u017cyje Wiktoria Bieliaszyn Polityk Aleksiej Nawalny zmar\u0142 w kolonii karnej nr 3 w Jamalsko-Nienieckim Okr\u0119gu Autonomicznym &#8211; poinformowa\u0142 lokalny oddzia\u0142 Federalnej S\u0142u\u017cby Wi\u0119ziennej. Artyku\u0142 aktualizowany W o\u015bwiadczeniu poinformowano, \u017ce wi\u0119zienny personel medyczny przyby\u0142 niezw\u0142ocznie po tym, jak &#8220;wezwano za\u0142og\u0119 karetki pogotowia&#8221;. &#8220;Przeprowadzono wszystkie niezb\u0119dne [&hellip;]<\/p>\n","protected":false},"author":1,"featured_media":0,"comment_status":"closed","ping_status":"closed","sticky":false,"template":"","format":"standard","meta":[],"categories":[6],"tags":[26,24],"_links":{"self":[{"href":"https:\/\/www.reunion68.se\/index.php?rest_route=\/wp\/v2\/posts\/110829"}],"collection":[{"href":"https:\/\/www.reunion68.se\/index.php?rest_route=\/wp\/v2\/posts"}],"about":[{"href":"https:\/\/www.reunion68.se\/index.php?rest_route=\/wp\/v2\/types\/post"}],"author":[{"embeddable":true,"href":"https:\/\/www.reunion68.se\/index.php?rest_route=\/wp\/v2\/users\/1"}],"replies":[{"embeddable":true,"href":"https:\/\/www.reunion68.se\/index.php?rest_route=%2Fwp%2Fv2%2Fcomments&post=110829"}],"version-history":[{"count":10,"href":"https:\/\/www.reunion68.se\/index.php?rest_route=\/wp\/v2\/posts\/110829\/revisions"}],"predecessor-version":[{"id":110858,"href":"https:\/\/www.reunion68.se\/index.php?rest_route=\/wp\/v2\/posts\/110829\/revisions\/110858"}],"wp:attachment":[{"href":"https:\/\/www.reunion68.se\/index.php?rest_route=%2Fwp%2Fv2%2Fmedia&parent=110829"}],"wp:term":[{"taxonomy":"category","embeddable":true,"href":"https:\/\/www.reunion68.se\/index.php?rest_route=%2Fwp%2Fv2%2Fcategories&post=110829"},{"taxonomy":"post_tag","embeddable":true,"href":"https:\/\/www.reunion68.se\/index.php?rest_route=%2Fwp%2Fv2%2Ftags&post=110829"}],"curies":[{"name":"wp","href":"https:\/\/api.w.org\/{rel}","templated":true}]}}