{"id":110833,"date":"2024-02-15T18:00:07","date_gmt":"2024-02-15T16:00:07","guid":{"rendered":"http:\/\/www.reunion68.se\/?p=110833"},"modified":"2024-02-15T11:19:47","modified_gmt":"2024-02-15T09:19:47","slug":"19-00-86","status":"publish","type":"post","link":"https:\/\/www.reunion68.se\/?p=110833","title":{"rendered":"Jewish Man Stabbed Six Times During Antisemitic Assault in Paris"},"content":{"rendered":"<h5 style=\"text-align: center;\"><a href=\"https:\/\/www.algemeiner.com\/\" target=\"_blank\" rel=\"noopener noreferrer\"><img decoding=\"async\" class=\"center alignleft\" src=\"http:\/\/www.reunion68.com\/Biuletyn\/img\/algem.png\" alt=\"\" width=\"35%\" \/><\/a><span style=\"text-decoration: underline; color: #000080;\"><span><strong><a style=\"color: #000080; text-decoration: underline;\" href=\"https:\/\/www.algemeiner.com\/2024\/02\/14\/jewish-man-stabbed-six-times-during-antisemitic-assault-in-paris\/\" target=\"_blank\" rel=\"noopener noreferrer\">Jewish Man Stabbed Six Times During Antisemitic Assault in Paris<\/a><\/strong><\/span><\/span><\/h5>\n<p style=\"text-align: center;\"><span style=\"color: #000000;\"><strong>Ben Cohen<\/strong><\/span><\/p>\n<hr style=\"height: 15px; background: #d0e6fa; width: 100%;\" \/>\n<p style=\"text-align: center;\"><img decoding=\"async\" class=\"aligncenter\" src=\"https:\/\/static.dw.com\/image\/67381032_605.jpg\" width=\"100%\" \/><span style=\"color: #808080;\"><em>Thousands of people concerned with the rise of antisemitism<\/em><\/span><\/p>\n<p style=\"text-align: left;\"><span style=\"color: #000080;\">Police in Paris have arrested a man over the stabbing of a Jewish man on Monday night by a former friend of the victim who is said to have become \u201cobsessed\u201d with Jews.<\/span><\/p>\n<p style=\"text-align: left;\"><span style=\"color: #000080;\">According to an eyewitness, the 35-year-old victim, who has not been named, was walking with his partner in the 14th arrondissement of the French capital when they were confronted by the assailant, who was armed with a knife. The assailant was reported to have uttered antisemitic invective before stabbing the man in the back six times.<\/span><\/p>\n<p style=\"text-align: left;\"><span style=\"color: #000080;\">Police said that the victim was rushed to hospital for emergency treatment. Journalists who visited the site of the attack on Tuesday reported that blood stains still remained on the sidewalk outside the launderette where the stabbing took place.<\/span><\/p>\n<p style=\"text-align: left;\"><span style=\"color: #000080;\">According to\u00a0<em>Le Parisien<\/em>, a news outlet, the assailant fled down a nearby street after stabbing his victim. He was arrested several hours later at his home address. The paper said that the victim and the assailant had been friendly during childhood and had recently \u201creconnected,\u201d only for the victim to discover that his former friend has developed an \u201cobsession\u201d with Jews. The victim had already filed a complaint with the police for antisemitic threats and malicious phone calls from the assailant.<\/span><\/p>\n<p style=\"text-align: left;\"><span style=\"color: #000080;\">Residents and traders in the area where the attack took place expressed their shock. \u201cThe world has gone crazy,\u201d one fruit stall holder told\u00a0<em>Le Parisien<\/em>. \u201cMost of the time here, it\u2019s quiet. Everybody knows each other.\u201d<\/span><\/p>\n<p style=\"text-align: left;\"><span style=\"color: #000080;\">In a statement posted to X\/Twitter, the Union of Jewish Students in France (UEJF) said it was \u201cdeeply shocked\u201d by the attack.<\/span><\/p>\n<p style=\"text-align: left;\"><span style=\"color: #000080;\">\u201cAll our thoughts are with the victim, to whom we wish a speedy recovery,\u201d the UEJF said.<\/span><\/p>\n<p style=\"text-align: left;\"><span style=\"color: #000080;\">Antisemitic incidents have skyrocketed in France since the Oct. 7 Hamas pogrom in Israel.<\/span><\/p>\n<p style=\"text-align: left;\"><span style=\"color: #000080;\">Last month, the French-Jewish umbrella organization\u00a0<a style=\"color: #000080;\" href=\"https:\/\/www.algemeiner.com\/2024\/01\/29\/french-national-assembly-speaker-again-highlights-record-levels-of-antisemitism-amid-new-hate-crime-statistics\/\" target=\"_blank\" rel=\"noopener noreferrer\">Crif disclosed<\/a>\u00a0that 1676 antisemitic incidents had been recorded in 2023 \u2014 four times the number registered during the previous year and an unprecedented record.<\/span><\/p>\n<p style=\"text-align: left;\"><span style=\"color: #000080;\">While in past years the majority of the incidents involved vandalism of property, in 2023, 58 percent of the incidents recorded were directed against people, with 13 percent occurring in schools.<\/span><\/p>\n<p style=\"text-align: left;\"><span style=\"color: #000080;\">The Oct. 7 atrocities had \u201cacted like a catalyst for hatred by activating latent antisemitism,\u201d Crif president Yonathan Arfi said.<\/span><\/p>\n<hr style=\"height: 15px; background: #d0e6fa; width: 100%;\" \/>\n<div id=\"content\" class=\"content-alignment\">\n<div id=\"watch-description\" class=\"yt-uix-button-panel\">\n<div id=\"watch-description-text\" style=\"text-align: center;\">\n<p><em>Zawarto\u015b\u0107 publikowanych artyku\u0142\u00f3w i materia\u0142\u00f3w nie reprezentuje pogl\u0105d\u00f3w ani opinii Reunion&#8217;68,<\/em><em><br \/>\nani te\u017c webmastera Blogu Reunion&#8217;68, chyba ze jest to wyra\u017anie zaznaczone.<br \/>\nTwoje uwagi, linki, w\u0142asne artyku\u0142y lub wiadomo\u015bci prze\u015blij na adres:<br \/>\n<\/em><span style=\"color: #000080;\"><strong><em><a style=\"color: #000080;\" href=\"mailto:webmaster@reunion68.com\"><span style=\"text-decoration: underline;\">webmaster@reunion68.com<\/span><\/a><\/em><\/strong><\/span><\/p>\n<\/div>\n<\/div>\n<\/div>\n<hr style=\"width: 100%;\" \/>\n","protected":false},"excerpt":{"rendered":"<p>Jewish Man Stabbed Six Times During Antisemitic Assault in Paris Ben Cohen Thousands of people concerned with the rise of antisemitism Police in Paris have arrested a man over the stabbing of a Jewish man on Monday night by a former friend of the victim who is said to have become \u201cobsessed\u201d with Jews. According [&hellip;]<\/p>\n","protected":false},"author":1,"featured_media":0,"comment_status":"closed","ping_status":"closed","sticky":false,"template":"","format":"standard","meta":[],"categories":[6],"tags":[26,24],"_links":{"self":[{"href":"https:\/\/www.reunion68.se\/index.php?rest_route=\/wp\/v2\/posts\/110833"}],"collection":[{"href":"https:\/\/www.reunion68.se\/index.php?rest_route=\/wp\/v2\/posts"}],"about":[{"href":"https:\/\/www.reunion68.se\/index.php?rest_route=\/wp\/v2\/types\/post"}],"author":[{"embeddable":true,"href":"https:\/\/www.reunion68.se\/index.php?rest_route=\/wp\/v2\/users\/1"}],"replies":[{"embeddable":true,"href":"https:\/\/www.reunion68.se\/index.php?rest_route=%2Fwp%2Fv2%2Fcomments&post=110833"}],"version-history":[{"count":4,"href":"https:\/\/www.reunion68.se\/index.php?rest_route=\/wp\/v2\/posts\/110833\/revisions"}],"predecessor-version":[{"id":110846,"href":"https:\/\/www.reunion68.se\/index.php?rest_route=\/wp\/v2\/posts\/110833\/revisions\/110846"}],"wp:attachment":[{"href":"https:\/\/www.reunion68.se\/index.php?rest_route=%2Fwp%2Fv2%2Fmedia&parent=110833"}],"wp:term":[{"taxonomy":"category","embeddable":true,"href":"https:\/\/www.reunion68.se\/index.php?rest_route=%2Fwp%2Fv2%2Fcategories&post=110833"},{"taxonomy":"post_tag","embeddable":true,"href":"https:\/\/www.reunion68.se\/index.php?rest_route=%2Fwp%2Fv2%2Ftags&post=110833"}],"curies":[{"name":"wp","href":"https:\/\/api.w.org\/{rel}","templated":true}]}}