{"id":111077,"date":"2024-02-25T18:00:53","date_gmt":"2024-02-25T16:00:53","guid":{"rendered":"http:\/\/www.reunion68.se\/?p=111077"},"modified":"2024-02-25T18:16:24","modified_gmt":"2024-02-25T16:16:24","slug":"29-00-87","status":"publish","type":"post","link":"https:\/\/www.reunion68.se\/?p=111077","title":{"rendered":"Podsumowanie 2023 roku w \u017bydowskim Instytucie Historycznym im Emanuela Ringelbluma"},"content":{"rendered":"<p><img decoding=\"async\" class=\"aligncenter\" src=\"https:\/\/www.jhi.pl\/storage\/image\/core_files\/2021\/1\/4\/70a72e61c46d0e2b098e7efc8f9b0ae4\/jpg\/jhi\/header\/festiwal_tbilisi_2019_fb.webp\" width=\"100%\"><\/p>\n<hr>\n<h5 style=\"text-align: center;\"><a href=\"\/\/www.jhi.pl\/\" target=\"_blank\" rel=\"noopener noreferrer\"><img decoding=\"async\" class=\"center alignleft\" src=\"http:\/\/www.reunion68.com\/Biuletyn\/img\/zih-1.png\" alt=\"\" width=\"35%\"><\/a><span style=\"text-decoration: underline; color: #000080;\"><span style=\"text-decoration: underline;\"><strong><a style=\"color: #000080; text-decoration: underline;\" href=\"https:\/\/www.jhi.pl\/artykuly\/podsumowanie-2023-roku-w-zydowskim-instytucie-historycznym-im-emanuela-ringelbluma,7527\" target=\"_blank\" rel=\"noopener noreferrer\">Podsumowanie 2023 roku w \u017bydowskim Instytucie Historycznym im Emanuela Ringelbluma<\/a><\/strong><\/span><\/span><\/h5>\n<p style=\"text-align: center;\"><span style=\"color: #000000;\"><strong>\u017bydowski Instytut Historyczny im. Emanuela Ringelbluma<\/strong><\/span><\/p>\n<hr style=\"height: 15px; background: #d0e6fa; width: 100%;\">\n<p style=\"text-align: left;\"><span style=\"color: #000080;\">Min\u0105\u0142 kolejny \u2013 2023 \u2013 rok pe\u0142en wydarze\u0144 i przedsi\u0119wzi\u0119\u0107, w kt\u00f3re anga\u017cowa\u0142 si\u0119 \u017bydowski Instytut Historyczny. Organizowali\u015bmy wystawy w Polsce i zagranic\u0105, spotykali\u015bmy si\u0119 na \u017cywo i online podczas Czwartk\u00f3w na T\u0142omackiem, seminari\u00f3w naukowych, \u017bydowskich Herstorii, spacer\u00f3w, oprowadza\u0144, Nocy Muze\u00f3w czy Festiwalu \u017bIH. Jak co roku przeszli\u015bmy ulicami Warszawy w Marszu Pami\u0119ci i upami\u0119tnili\u015bmy ofiary obozu zag\u0142ady w Treblince. Zapraszamy do obejrzenia kr\u00f3tkiego podsumowania tego intensywnego roku i zapraszamy do uczestnictwa w kolejnych wydarzeniach i spotkaniach.<\/span><br \/>\n.<br \/>\n<img decoding=\"async\" class=\"aligncenter\" src=\"https:\/\/www.jhi.pl\/storage\/image\/core_files\/2020\/10\/30\/317ec155d0ac2494b83660c701563766\/jpg\/jhi\/normal_big\/budynek_blekitny.webp\" width=\"100%\"><br \/>\n.<\/p>\n<div id=\"content\" class=\"content-alignment\">\n<div id=\"watch-description\" class=\"yt-uix-button-panel\">\n<div id=\"watch-description-text\" style=\"text-align: center;\"><iframe loading=\"lazy\" title=\"Podsumowanie 2023 roku w \u017bydowskim Instytucie Historycznym im Emanuela Ringelbluma\" src=\"https:\/\/www.youtube.com\/embed\/wdIWVezMSDQ\" width=\"680\" height=\"400\" frameborder=\"0\" allowfullscreen=\"allowfullscreen\"><\/iframe><\/p>\n<\/div>\n<\/div>\n<\/div>\n<hr style=\"height: 15px; background: #d0e6fa; width: 100%;\">\n<div id=\"content\" class=\"content-alignment\">\n<div id=\"watch-description\" class=\"yt-uix-button-panel\">\n<div id=\"watch-description-text\" style=\"text-align: center;\">\n<p><em>Zawarto\u015b\u0107 publikowanych artyku\u0142\u00f3w i materia\u0142\u00f3w nie reprezentuje pogl\u0105d\u00f3w ani opinii Reunion&#8217;68,<\/em><em><br \/>\nani te\u017c webmastera Blogu Reunion&#8217;68, chyba ze jest to wyra\u017anie zaznaczone.<br \/>\nTwoje uwagi, linki, w\u0142asne artyku\u0142y lub wiadomo\u015bci prze\u015blij na adres:<br \/>\n<\/em><span style=\"color: #000080;\"><strong><em><a style=\"color: #000080;\" href=\"mailto:webmaster@reunion68.com\"><span style=\"text-decoration: underline;\">webmaster@reunion68.com<\/span><\/a><\/em><\/strong><\/span><\/p>\n<\/div>\n<\/div>\n<\/div>\n<hr style=\"width: 100%;\">\n","protected":false},"excerpt":{"rendered":"<p>Podsumowanie 2023 roku w \u017bydowskim Instytucie Historycznym im Emanuela Ringelbluma \u017bydowski Instytut Historyczny im. Emanuela Ringelbluma Min\u0105\u0142 kolejny \u2013 2023 \u2013 rok pe\u0142en wydarze\u0144 i przedsi\u0119wzi\u0119\u0107, w kt\u00f3re anga\u017cowa\u0142 si\u0119 \u017bydowski Instytut Historyczny. Organizowali\u015bmy wystawy w Polsce i zagranic\u0105, spotykali\u015bmy si\u0119 na \u017cywo i online podczas Czwartk\u00f3w na T\u0142omackiem, seminari\u00f3w naukowych, \u017bydowskich Herstorii, spacer\u00f3w, oprowadza\u0144, [&hellip;]<\/p>\n","protected":false},"author":1,"featured_media":0,"comment_status":"closed","ping_status":"closed","sticky":false,"template":"","format":"standard","meta":[],"categories":[6],"tags":[26,24],"_links":{"self":[{"href":"https:\/\/www.reunion68.se\/index.php?rest_route=\/wp\/v2\/posts\/111077"}],"collection":[{"href":"https:\/\/www.reunion68.se\/index.php?rest_route=\/wp\/v2\/posts"}],"about":[{"href":"https:\/\/www.reunion68.se\/index.php?rest_route=\/wp\/v2\/types\/post"}],"author":[{"embeddable":true,"href":"https:\/\/www.reunion68.se\/index.php?rest_route=\/wp\/v2\/users\/1"}],"replies":[{"embeddable":true,"href":"https:\/\/www.reunion68.se\/index.php?rest_route=%2Fwp%2Fv2%2Fcomments&post=111077"}],"version-history":[{"count":5,"href":"https:\/\/www.reunion68.se\/index.php?rest_route=\/wp\/v2\/posts\/111077\/revisions"}],"predecessor-version":[{"id":111110,"href":"https:\/\/www.reunion68.se\/index.php?rest_route=\/wp\/v2\/posts\/111077\/revisions\/111110"}],"wp:attachment":[{"href":"https:\/\/www.reunion68.se\/index.php?rest_route=%2Fwp%2Fv2%2Fmedia&parent=111077"}],"wp:term":[{"taxonomy":"category","embeddable":true,"href":"https:\/\/www.reunion68.se\/index.php?rest_route=%2Fwp%2Fv2%2Fcategories&post=111077"},{"taxonomy":"post_tag","embeddable":true,"href":"https:\/\/www.reunion68.se\/index.php?rest_route=%2Fwp%2Fv2%2Ftags&post=111077"}],"curies":[{"name":"wp","href":"https:\/\/api.w.org\/{rel}","templated":true}]}}