{"id":111079,"date":"2024-02-26T18:09:43","date_gmt":"2024-02-26T16:09:43","guid":{"rendered":"http:\/\/www.reunion68.se\/?p=111079"},"modified":"2024-02-26T10:33:32","modified_gmt":"2024-02-26T08:33:32","slug":"01-09-79","status":"publish","type":"post","link":"https:\/\/www.reunion68.se\/?p=111079","title":{"rendered":"Prawdziwa \u015bmier\u0107 w kognitywnej wojnie"},"content":{"rendered":"<h5 style=\"text-align: center;\"><a href=\"https:\/\/studioopinii.pl\/\" target=\"_blank\" rel=\"noopener noreferrer\"><img decoding=\"async\" class=\"center alignleft\" src=\"http:\/\/www.reunion68.com\/Biuletyn\/img\/studio.png\" alt=\"\" width=\"35%\" \/><\/a><span style=\"text-decoration: underline; color: #000080;\"><strong><a style=\"color: #000080; text-decoration: underline;\" href=\"https:\/\/studioopinii.pl\/archiwa\/241162\" target=\"_blank\" rel=\"noopener noreferrer\">Prawdziwa \u015bmier\u0107 w kognitywnej wojnie<\/a><\/strong><\/span><\/h5>\n<p style=\"text-align: center;\"><span style=\"color: #000000;\"><strong>Andrzej Koraszewski<\/strong><\/span><\/p>\n<hr style=\"height: 15px; background: #d0e6fa; width: 100%;\" \/>\n<p><img decoding=\"async\" src=\"https:\/\/article-imgs.scribdassets.com\/394ymc3fwgc1m28m\/images\/fileC7I8PKZH.jpg\" width=\"100%\" \/><\/p>\n<p style=\"padding-left: 40px;\"><span style=\"color: #000000;\"><em>Bardzo rozgniewa\u0142o mnie pytanie pewnego europejskiego korespondenta nast\u0119pnego dnia po\u00a0Twoim powrocie do\u00a0Rosji. \u2018Dlaczego wr\u00f3ci\u0142?\u00a0Wszyscy wiedzieli\u015bmy, \u017ce\u00a0zostanie aresztowany na\u00a0lotnisku \u2013 czy\u00a0on\u00a0nie\u00a0rozumie takich prostych rzeczy?\u2019 Moja odpowied\u017a by\u0142a do\u015b\u0107 niegrzeczna: \u201eTo ty\u00a0czego\u015b nie\u00a0rozumiesz.\u00a0Je\u015bli my\u015blisz, \u017ce\u00a0jego celem jest przetrwanie \u2013 masz racj\u0119.\u00a0Ale\u00a0jego prawdziw\u0105 trosk\u0105 jest los jego narodu i\u00a0m\u00f3wi mu: \u2018Ja si\u0119 nie\u00a0boj\u0119 i\u00a0wy\u00a0te\u017c nie\u00a0powinni\u015bcie si\u0119 ba\u0107\u2019.\u201d<\/em><\/span><\/p>\n<p style=\"text-align: left;\"><span style=\"color: #000080;\">To\u00a0s\u0142owa Natana Szaranskiego w\u00a0li\u015bcie do\u00a0Aleksieja Nawalnego z\u00a03 kwietnia 2023r.<\/span><\/p>\n<p style=\"text-align: left;\"><span style=\"color: #000080;\">Nawalny mia\u0142 zaledwie rok, kiedy Szaranski (jeszcze jako \u0410\u043d\u0430\u0442\u043e\u043b\u0438\u0439 \u0411\u043e\u0440\u0438\u0441\u043e\u0432\u0438\u0447 \u0429\u0430\u0440\u0430\u043d\u0441\u043a\u0438\u0439) w\u00a0wieku 29 lat po\u00a0raz pierwszy stan\u0105\u0142 przed\u00a0s\u0105dem pod\u00a0zarzutem zdrady i\u00a0szpiegostwa na\u00a0rzecz USA. Sp\u0119dzi\u0142 w\u00a0wi\u0119zieniu 9 lat, a\u00a0po\u00a0dziesi\u0119cioleciach Aleksiej Nawalny wi\u0119ziony by\u0142 w\u00a0tych samych zak\u0142adach karnych, co\u00a0on. W\u00a0wi\u0119zieniu Nawalny wymusi\u0142 za\u00a0po\u015brednictwem swoich prawnik\u00f3w dost\u0119p do\u00a0ksi\u0105\u017cki Szaranskiego\u00a0<em>Nie\u00a0b\u00f3j si\u0119 z\u0142a<\/em>. Szaranski by\u0142 wi\u0119\u017aniem Bre\u017cniewa, a\u00a0potem Andropowa, Nawalny by\u0142 wi\u0119\u017aniem Putina.\u00a0 \u00a0 \u00a0 \u00a0\u00a0<\/span><\/p>\n<p style=\"text-align: left;\"><span style=\"color: #000080;\">Redakcja The Free Press\u00a0<a class=\"extlink https\" style=\"color: #000080;\" href=\"https:\/\/www.thefp.com\/p\/navalnys-letters-from-the-gulag?utm_campaign=email-post&amp;r=36uf0r&amp;utm_source=substack&amp;utm_medium=email\">publikuje\u00a0<\/a>(w\u0142\u0105cznie z\u00a0faksimile list\u00f3w w\u00a0rosyjskim oryginale) ich korespondencj\u0119, kt\u00f3r\u0105 rozpoczyna Nawalny:<\/span><\/p>\n<p style=\"padding-left: 40px;\"><em>\u201eSzanowny Panie Natanie,<\/em><br \/>\n<em>Tu\u00a0Aleksiej Nawalny. Pozdrawiam z\u00a0Obwodu W\u0142odzimierskiego, chocia\u017c nie\u00a0jestem pewien, czy\u00a0zachowa\u0142 Pan z\u00a0niego ciep\u0142e wspomnienia.<br \/>\nJestem w\u00a0kolonii karnej IK-6\u00a0 \u2018Melechowo\u2019, ale\u00a0z\u00a0w\u0142adimirskiego wi\u0119zienia pisz\u0105, \u017ce\u00a0przygotowuj\u0105 dla mnie cel\u0119. Zatem znajd\u0119 si\u0119 w\u00a0tym samym o\u015brodku, w\u00a0kt\u00f3rym\u00a0Pan r\u00f3wnie\u017c by\u0142.\u201d<\/em><\/p>\n<p><span style=\"color: #000080;\">Aleksiej Nawalny pisze, \u017ce\u00a0w\u0142a\u015bnie przeczyta\u0142 ksi\u0105\u017ck\u0119 Szaranskiego i\u00a0\u017ce\u00a0pisze ten list w\u00a0celi karnej, gdzie sp\u0119dzi\u0142 ju\u017c 128 dni. Pisze, \u017ce\u00a0\u015bmia\u0142 si\u0119, kiedy czyta\u0142 zdanie: \u201eZosta\u0142em ukarany seri\u0105 15 dni w\u00a0izolatce, a\u00a0potem jako przest\u0119pc\u0119, kt\u00f3ry\u00a0z\u0142ama\u0142 regulamin wi\u0119zienia, wys\u0142ano mnie do\u00a0celi karnej na\u00a06 miesi\u0119cy\u201d.\u00a0Okazuje si\u0119, \u017ce\u00a0nie\u00a0zmieni\u0142 si\u0119 ani system, ani spos\u00f3b jego funkcjonowania.<\/span><\/p>\n<p><span style=\"color: #000080;\">Autor listu dzi\u0119kuje Szaranskiemu za\u00a0ksi\u0105\u017ck\u0119, kt\u00f3ra\u00a0mu\u00a0bardzo pomog\u0142a, pisze, \u017ce\u00a0czytaj\u0105c o\u00a0400 dniach sp\u0119dzonych w\u00a0izolatce na\u00a0zmniejszonych racjach \u017cywno\u015bci, mo\u017cna zrozumie\u0107, \u017ce\u00a0s\u0105\u00a0ludzie, kt\u00f3rzy\u00a0p\u0142ac\u0105 znacznie wy\u017csz\u0105 cen\u0119 za\u00a0swoje przekonania.<strong>\u00a0<\/strong><\/span><\/p>\n<p><span style=\"color: #000080;\">\u201eNajwa\u017cniejsze jest wyci\u0105gni\u0119cie w\u0142a\u015bciwych wniosk\u00f3w, aby ten stan k\u0142amstw i\u00a0ob\u0142udy nie\u00a0wszed\u0142 w\u00a0nowy cykl.\u00a0We wst\u0119pie do\u00a0wydania z\u00a01991\u00a0r. pisze Pan, \u017ce\u00a0dysydenci w\u00a0wi\u0119zieniach wypu\u015bcili\u00a0<em>\u2018<\/em>wirusa wolno\u015bci<em>\u2019<\/em>\u00a0<\/span><br \/>\n<span style=\"color: #000080;\">i\u00a0wa\u017cne jest, aby zapobiec wynalezieniu przez\u00a0KGB szczepionki przeciwko niemu.\u00a0Niestety, wymy\u015blili j\u0105.\u00a0Ale w\u00a0obecnej sytuacji to\u00a0nie\u00a0oni s\u0105\u00a0winni, ale\u00a0my, kt\u00f3rzy\u00a0naiwnie my\u015bleli\u015bmy, \u017ce\u00a0nie\u00a0ma\u00a0ju\u017c powrotu do\u00a0starych nawyk\u00f3w.\u00a0I dla dobra sprawy, tutaj mo\u017cna troch\u0119 sfa\u0142szowa\u0107 wybory, tam troch\u0119 wp\u0142yn\u0105\u0107 na\u00a0s\u0105dy, a\u00a0tu\u00a0troch\u0119 zdusi\u0107 pras\u0119.\u201d\u00a0<\/span><\/p>\n<p><span style=\"color: #000080;\">Nawalny wyra\u017ca nadziej\u0119, \u017ce\u00a0wirus wolno\u015bci nie\u00a0da si\u0119 ju\u017c zatrzyma\u0107, \u017ce\u00a0dzi\u015b to\u00a0ju\u017c nie\u00a0dziesi\u0105tki czy\u00a0setki, ale\u00a0tysi\u0105ce, a\u00a0nawet setki tysi\u0119cy ludzi ma\u00a0odwag\u0119 domagania si\u0119 wolno\u015bci. Wyra\u017ca nadziej\u0119, \u017ce\u00a0ludzie nie\u00a0dadz\u0105 si\u0119 z\u0142ama\u0107.<\/span><\/p>\n<p><span style=\"color: #000080;\">List zosta\u0142 zapewne przes\u0142any elektronicznie, bo\u00a0odpowied\u017a Szaranskiego nosi t\u0119\u00a0sam\u0105 dat\u0119. Te\u017c jest pisana r\u0119cznie, na\u00a0pi\u0119ciu stronach. Szaranski pisze, \u017ce\u00a0list Nawalnego by\u0142 dla niego szokiem, \u017ce\u00a0poruszy\u0142 go\u00a0fakt, i\u017c\u00a0by\u0142 pisany w\u00a0celi karnej.<\/span><\/p>\n<p style=\"padding-left: 40px;\">\u201e<em>Szanowny Panie Aleksieju,<br \/>\nPrze\u017cy\u0142em swego rodzaju szok, kiedy otrzyma\u0142em list od\u00a0Ciebie.\u00a0Ju\u017c sama my\u015bl, \u017ce\u00a0wiadomo\u015b\u0107 przysz\u0142a bezpo\u015brednio z\u00a0izolatki, gdzie sp\u0119dzi\u0142e\u015b ju\u017c 128 dni, podnieca w\u00a0spos\u00f3b, w\u00a0jaki ekscytowa\u0142by si\u0119 starzec otrzymuj\u0105cy list ze\u00a0swojej \u2018alma mater\u2019, uniwersytetu, na\u00a0kt\u00f3rym\u00a0sp\u0119dzi\u0142 wiele lat swojej m\u0142odo\u015bci.\u201d<\/em><\/p>\n<p><span style=\"color: #000080;\">Szaranski pisze, \u017ce\u00a0odpowiada jak autor pisz\u0105cy do\u00a0czytelnika, kt\u00f3rego\u00a0podziwia. \u00a0<\/span><\/p>\n<p style=\"padding-left: 40px;\"><em>\u201eKiedy pisa\u0142em ksi\u0105\u017ck\u0119\u00a0<\/em>&gt;Nie\u00a0b\u00f3j si\u0119 z\u0142a&lt;<em>\u00a0zaraz po\u00a0moim zwolnieniu w\u00a0lutym 1986\u00a0r., prawie wszyscy moi przyjaciele i\u00a0towarzysze broni byli albo\u00a0wi\u0119zieni w\u00a0gu\u0142agu, albo\u00a0nadal walczyli.\u00a0Wyobra\u017ca\u0142em sobie t\u0119\u00a0ksi\u0105\u017ck\u0119 nie\u00a0tyle jako pami\u0119tnik, ale\u00a0raczej swego rodzaju podr\u0119cznik lub poradnik, jak zachowa\u0107 si\u0119 w\u00a0konfrontacji z\u00a0KGB.\u00a0Ale zanim opublikowano j\u0105\u00a0po\u00a0rosyjsku, ZSRR ju\u017c si\u0119 rozpada\u0142.\u00a0Dlatego z\u00a0biegiem lat ksi\u0105\u017ck\u0119 coraz cz\u0119\u015bciej interpretowano jak powie\u015b\u0107 historyczn\u0105 o\u00a0mrocznym \u015bredniowieczu.\u00a0A teraz\u2026 \u2018Sen idioty si\u0119 spe\u0142ni\u0142!<\/em>\u2019\u201d<\/p>\n<p><span style=\"color: #000080;\">Dalej Szaranski porzuca sztywny styl i\u00a0pisze:<\/span><\/p>\n<p style=\"padding-left: 40px;\">\u201e<em>Aleksiej, nie\u00a0jeste\u015b tylko\u00a0dysydentem \u2013 jeste\u015b dysydentem \u2018z klas\u0105\u2019!\u00a0Moje\u00a0przera\u017cenie z\u00a0powodu twojego\u00a0otrucia zmieni\u0142o si\u0119 w\u00a0zdumienie i\u00a0rado\u015b\u0107, kiedy rozpocz\u0105\u0142e\u015b w\u0142asne niezale\u017cne \u015bledztwo<\/em>.\u201d<\/p>\n<p>[\u2026]<\/p>\n<p style=\"padding-left: 40px;\">\u201e<em>W\u00a0wi\u0119zieniu odkry\u0142em, \u017ce\u00a0opr\u00f3cz prawa powszechnego ci\u0105\u017cenia cz\u0105stek istnieje r\u00f3wnie\u017c prawo powszechnego ci\u0105\u017cenia dusz.\u00a0Pozostaj\u0105c wolnym cz\u0142owiekiem w\u00a0wi\u0119zieniu, Ty, Aleksiej, wp\u0142ywasz na\u00a0dusze milion\u00f3w ludzi na\u00a0ca\u0142ym \u015bwiecie<\/em>.\u201d<\/p>\n<p><span style=\"color: #000080;\">Te\u00a0s\u0142owa, dzi\u015b, po\u00a0tragicznej \u015bmierci Aleksieja Nawalnego, sk\u0142aniaj\u0105 do\u00a0pyta\u0144, na\u00a0kt\u00f3re nie\u00a0ma\u00a0odpowiedzi. Czy\u00a0Putin pozbywaj\u0105c si\u0119 \u015bmiertelnego wroga stworzy\u0142 pot\u0119\u017cnie odzia\u0142ywuj\u0105c\u0105 legend\u0119, czy\u00a0zgo\u0142a przeciwnie, zgasi\u0142 p\u0142omie\u0144 \u015bwiecy, kt\u00f3ra\u00a0p\u0142on\u0119\u0142a zbyt jasnym \u015bwiat\u0142em? \u00a0\u00a0<\/span><\/p>\n<p><span style=\"color: #000080;\">11 kwietnia 2023r. Nawalny odpowiedzia\u0142 kr\u00f3tkim, pisanym najwyra\u017aniej w\u00a0pospiechu listem. Dzi\u0119kowa\u0142 za\u00a0odpowied\u017a, pisa\u0142 o\u00a0ukrywaniu \u0142ez przed\u00a0wsp\u00f3\u0142wi\u0119\u017aniami. Donosi\u0142, \u017ce\u00a0w\u00a0pi\u0105tek wypu\u015bcili go\u00a0z\u00a0izolatki, a\u00a0od\u00a0poniedzia\u0142ku ma\u00a0odsiedzie\u0107 w\u00a0karnej celi kolejne 15 dni. Pisa\u0142 z\u00a0kpin\u0105: \u201eA przecie\u017c gdzie indziej sp\u0119dzi\u0107 Wielki Tydzie\u0144, je\u015bli nie\u00a0w\u00a0izolatce!\u201d<\/span><\/p>\n<p><span style=\"color: #000080;\">Szaranski odpowiedzia\u0142 pisz\u0105c\u00a0o cenie wolno\u015bci za\u00a0kratami. Nie\u00a0kry\u0142 swojego podziwu i\u00a0szacunku dla Nawalnego, dodaj\u0105c:<\/span> \u201d<em>S\u0105dz\u0105c po\u00a0czasie sp\u0119dzonym w\u00a0karnej celi, wkr\u00f3tce pobijesz wszystkie moje\u00a0rekordy.\u00a0Mam nadziej\u0119, \u017ce\u00a0Ci\u00a0si\u0119 to\u00a0nie\u00a0uda<\/em>.\u201d<\/p>\n<p style=\"text-align: left;\"><span style=\"color: #000080;\">Korespondencja urywa si\u0119 17 kwietnia 2023\u00a0r., prawdopodobnie w\u0142adze wi\u0119zienne postanowi\u0142y po\u0142o\u017cy\u0107 temu kres. \u00a0\u00a0<\/span><\/p>\n<p style=\"text-align: left;\"><span style=\"color: #000080;\">Kiedy w\u00a0marcu 2021 roku \u201ewspania\u0142a\u201d organizacja Amnesty International postanowi\u0142a odebra\u0107 Aleksiejowi Nawalnemu status wi\u0119\u017ania sumienia, przypomnia\u0142em sobie histori\u0119 pocz\u0105tk\u00f3w walki o\u00a0ludzi wi\u0119zionych za\u00a0s\u0142owa. T\u0119\u00a0nazw\u0119 uku\u0142 brytyjski adwokat Peter Benenson. Napisany przez\u00a0niego w\u00a01961 roku artyku\u0142 o\u00a0zapomnianych wi\u0119\u017aniach gnij\u0105cych w\u00a0wi\u0119zieniach za\u00a0krytyk\u0119 tyran\u00f3w,\u00a0za swoje wyznanie, czy\u00a0tylko\u00a0pochodzenie, b\u0119d\u0105cy lud\u017ami, kt\u00f3rzy\u00a0nigdy nie\u00a0stosowali przemocy, ani nie\u00a0wzywali do\u00a0stosowania przemocy, poruszy\u0142 kilka os\u00f3b i\u00a0sk\u0142oni\u0142 je\u00a0do\u00a0za\u0142o\u017cenia organizacji broni\u0105cej wi\u0119\u017ani\u00f3w sumienia. \u00a0\u00a0\u00a0\u00a0\u00a0\u00a0\u00a0\u00a0\u00a0\u00a0\u00a0\u00a0<\/span><\/p>\n<p style=\"text-align: left;\"><span style=\"color: #000080;\">Kiedy w\u00a0kilka lat p\u00f3\u017aniej biurokraci \u015bwiatowej dyplomacji wpadli na\u00a0pomys\u0142 Porozumie\u0144 Helsi\u0144skich (kt\u00f3re potem nazwali Wielk\u0105 Kart\u0105 Pokoju), r\u00f3\u017cni zachodni dysydenci, a\u00a0przede wszystkim ludzie tacy, jak za\u0142o\u017cyciele Human Rights Watch, Robert Bernstein, Jen Laber i\u00a0Aryeh Neier postanowili wykorzysta\u0107 pustos\u0142owie tzw. \u201etrzeciego koszyka\u201d jako narz\u0119dzie walki o\u00a0wi\u0119\u017ani\u00f3w sumienia w\u00a0radzieckim bloku. W\u00a02016 roku Natan Szaranski<strong>\u00a0<\/strong><a class=\"extlink https\" style=\"color: #000080;\" href=\"https:\/\/www.tabletmag.com\/sections\/news\/articles\/political-prisoners-oppressive-regimes\">opisywa\u0142<\/a>\u00a0jak te\u00a0dzia\u0142ania zmobilizowa\u0142y dysydent\u00f3w w\u00a0ZSRR. Fakt, \u017ce\u00a0na\u00a0Zachodzie znale\u017ali si\u0119 ludzie oczekuj\u0105cy na\u00a0dokumentacj\u0119 prze\u015bladowa\u0144 dysydent\u00f3w w\u00a0ZSRR, sk\u0142oni\u0142 ludzi w\u00a0Moskwie do\u00a0za\u0142o\u017cenia \u201eGrupy Helsi\u0144skiej\u201d. To\u00a0ju\u017c by\u0142 rok 1976 i\u00a0Natan Szaranski by\u0142 jednym z\u00a0jej cz\u0142onk\u00f3w.<\/span><\/p>\n<p style=\"text-align: left;\"><span style=\"color: #000080;\">\u201e<em>Je\u015bli chcemy pami\u0119ta\u0107 o\u00a0lekcji, jak\u0105 daje nam czterdziesta rocznica utworzenia Moskiewskiej Grupy Helsi\u0144skiej, nie\u00a0powinni\u015bmy popada\u0107 w\u00a0zachwyt z\u00a0powodu porozumie\u0144 obiecuj\u0105cych pok\u00f3j z\u00a0dyktaturami bez\u00a0\u017c\u0105dania zmian. Je\u015bli nie\u00a0b\u0119dziemy upomina\u0107 si\u0119 o\u00a0dysydent\u00f3w, z\u00a0kt\u00f3rymi dzielimy nasze warto\u015bci, wkr\u00f3tce tak\u00a0samo jak oni znajdziemy si\u0119 na\u00a0\u0142asce ich prze\u015bladowc\u00f3w<\/em>.\u201d \u2013 pisa\u0142 z\u00a0okazji 40 rocznicy utworzenia tej\u00a0grupy. \u00a0\u00a0<\/span><\/p>\n<p style=\"text-align: left;\"><span style=\"color: #000080;\">Odebranie Nawalnemu statusu wi\u0119\u017ania sumienia przez\u00a0Amnesty International wywo\u0142a\u0142o lawin\u0119 krytyk i\u00a0kieruj\u0105ca dzi\u015b t\u0105\u00a0organizacj\u0105 banda \u0142ajdak\u00f3w dosz\u0142a do\u00a0wniosku, \u017ce\u00a0koszty s\u0105\u00a0zbyt wysokie i\u00a0\u201e<a class=\"extlink https\" style=\"color: #000080;\" href=\"https:\/\/www.amnesty.org\/en\/latest\/press-release\/2021\/05\/statement-on-alexei-navalnys-status-as-prisoner-of-conscience\/\">po\u00a0g\u0142\u0119bokim namy\u015ble<\/a>\u201d przywr\u00f3ci\u0142a mu\u00a0status wi\u0119\u017ania sumienia.<\/span><\/p>\n<p style=\"text-align: left;\"><span style=\"color: #000080;\">Czym jednak kierowali si\u0119 dygnitarze\u00a0<span class=\"tooltipsall tooltipsincontent classtoolTips42\">AI<\/span>\u00a0odbieraj\u0105c Nawalnemu status wi\u0119\u017ania sumienia? C\u00f3\u017c, tym samym, czym kieruj\u0105 si\u0119 przy pichceniu swoich raport\u00f3w na\u00a0temat Izraela \u2013 \u00a0dyskretnym ale\u00a0intratnym sojuszem z\u00a0tyranami. W\u00a02021 roku rosyjskie farmy trolli pracowa\u0142y pe\u0142n\u0105 par\u0105, \u017ceby\u00a0oczerni\u0107 Aleksieja Nawalnego w\u00a0oczach mieszka\u0144c\u00f3w Zachodu. Amnesty International posz\u0142a za\u00a0g\u0142osem \u201eopinii publicznej\u201d.<\/span><\/p>\n<p style=\"text-align: left;\"><span style=\"color: #000080;\">W\u00a0polskim pi\u015bmiennictwie rzadko spotyka si\u0119 okre\u015blenie \u201ewojna kognitywna\u201d, czyli wojna o\u00a0serca i\u00a0umys\u0142y szerokiej publiczno\u015bci. Dysydenci, kt\u00f3rzy\u00a0tak\u00a0cz\u0119sto zostaj\u0105 wi\u0119\u017aniami sumienia, p\u0142yn\u0105 pod\u00a0pr\u0105d, walcz\u0105 o\u00a0wolno\u015b\u0107 ryzykuj\u0105c osobist\u0105 wolno\u015b\u0107 i\u00a0je\u015bli s\u0105\u00a0gigantami takimi jak Natan Szaranski czy\u00a0Aleksiej Nawalny, pozostaj\u0105 wolni nawet za\u00a0kratami. Dla tyran\u00f3w s\u0105\u00a0najgro\u017aniejszymi przeciwnikami. Nie\u00a0wiemy, czy\u00a0Aleksiej Nawalny zosta\u0142 zabity, czy\u00a0tylko\u00a0zadr\u0119czony, Putin nigdy nie\u00a0zdo\u0142a\u0142 odebra\u0107 mu\u00a0wolno\u015bci. Nie\u00a0wiemy jednak, ilu t\u0105\u00a0\u015bmierci\u0105 odstraszy\u0142, ani jak wielu dalej p\u00f3jdzie drog\u0105 Aleksieja Nawalnego.<\/span><\/p>\n<hr \/>\n<p style=\"text-align: left;\"><img decoding=\"async\" class=\"alignleft\" src=\"https:\/\/studioopinii.pl\/wp-content\/uploads\/2017\/06\/Koraszewski.jpg\" width=\"15%\" \/><span style=\"color: #808080;\"><em><strong>Andrzej Koraszewski<\/strong> &#8211; Publicysta i pisarz ekonomiczno-spo\u0142eczny. Ur. 26 marca 1940 w Szymbarku, by\u0142y dziennikarz BBC, wiceszef polskiej sekcji BBC, i publicysta paryskiej \u201eKultury\u201d. Wi\u0119cej w Wikipedii. Facebook<\/em><\/span><\/p>\n<hr style=\"height: 15px; background: #d0e6fa; width: 100%;\" \/>\n<div id=\"content\" class=\"content-alignment\">\n<div id=\"watch-description\" class=\"yt-uix-button-panel\">\n<div id=\"watch-description-text\" style=\"text-align: center;\">\n<p><em>Zawarto\u015b\u0107 publikowanych artyku\u0142\u00f3w i materia\u0142\u00f3w nie reprezentuje pogl\u0105d\u00f3w ani opinii Reunion&#8217;68,<\/em><em><br \/>\nani te\u017c webmastera Blogu Reunion&#8217;68, chyba ze jest to wyra\u017anie zaznaczone.<br \/>\nTwoje uwagi, linki, w\u0142asne artyku\u0142y lub wiadomo\u015bci prze\u015blij na adres:<br \/>\n<\/em><span style=\"color: #000080;\"><strong><em><a style=\"color: #000080;\" href=\"mailto:webmaster@reunion68.com\"><span style=\"text-decoration: underline;\">webmaster@reunion68.com<\/span><\/a><\/em><\/strong><\/span><\/p>\n<\/div>\n<\/div>\n<\/div>\n<hr style=\"width: 100%;\" \/>\n","protected":false},"excerpt":{"rendered":"<p>Prawdziwa \u015bmier\u0107 w kognitywnej wojnie Andrzej Koraszewski Bardzo rozgniewa\u0142o mnie pytanie pewnego europejskiego korespondenta nast\u0119pnego dnia po\u00a0Twoim powrocie do\u00a0Rosji. \u2018Dlaczego wr\u00f3ci\u0142?\u00a0Wszyscy wiedzieli\u015bmy, \u017ce\u00a0zostanie aresztowany na\u00a0lotnisku \u2013 czy\u00a0on\u00a0nie\u00a0rozumie takich prostych rzeczy?\u2019 Moja odpowied\u017a by\u0142a do\u015b\u0107 niegrzeczna: \u201eTo ty\u00a0czego\u015b nie\u00a0rozumiesz.\u00a0Je\u015bli my\u015blisz, \u017ce\u00a0jego celem jest przetrwanie \u2013 masz racj\u0119.\u00a0Ale\u00a0jego prawdziw\u0105 trosk\u0105 jest los jego narodu i\u00a0m\u00f3wi mu: \u2018Ja [&hellip;]<\/p>\n","protected":false},"author":1,"featured_media":0,"comment_status":"closed","ping_status":"closed","sticky":false,"template":"","format":"standard","meta":[],"categories":[1],"tags":[26,24],"_links":{"self":[{"href":"https:\/\/www.reunion68.se\/index.php?rest_route=\/wp\/v2\/posts\/111079"}],"collection":[{"href":"https:\/\/www.reunion68.se\/index.php?rest_route=\/wp\/v2\/posts"}],"about":[{"href":"https:\/\/www.reunion68.se\/index.php?rest_route=\/wp\/v2\/types\/post"}],"author":[{"embeddable":true,"href":"https:\/\/www.reunion68.se\/index.php?rest_route=\/wp\/v2\/users\/1"}],"replies":[{"embeddable":true,"href":"https:\/\/www.reunion68.se\/index.php?rest_route=%2Fwp%2Fv2%2Fcomments&post=111079"}],"version-history":[{"count":8,"href":"https:\/\/www.reunion68.se\/index.php?rest_route=\/wp\/v2\/posts\/111079\/revisions"}],"predecessor-version":[{"id":111136,"href":"https:\/\/www.reunion68.se\/index.php?rest_route=\/wp\/v2\/posts\/111079\/revisions\/111136"}],"wp:attachment":[{"href":"https:\/\/www.reunion68.se\/index.php?rest_route=%2Fwp%2Fv2%2Fmedia&parent=111079"}],"wp:term":[{"taxonomy":"category","embeddable":true,"href":"https:\/\/www.reunion68.se\/index.php?rest_route=%2Fwp%2Fv2%2Fcategories&post=111079"},{"taxonomy":"post_tag","embeddable":true,"href":"https:\/\/www.reunion68.se\/index.php?rest_route=%2Fwp%2Fv2%2Ftags&post=111079"}],"curies":[{"name":"wp","href":"https:\/\/api.w.org\/{rel}","templated":true}]}}