{"id":111163,"date":"2024-03-11T18:00:02","date_gmt":"2024-03-11T16:00:02","guid":{"rendered":"http:\/\/www.reunion68.se\/?p=111163"},"modified":"2024-03-11T13:16:33","modified_gmt":"2024-03-11T11:16:33","slug":"03-05-96","status":"publish","type":"post","link":"https:\/\/www.reunion68.se\/?p=111163","title":{"rendered":"Netanyahu counters Biden: Most Americans support Israel"},"content":{"rendered":"<h5 style=\"text-align: center;\"><a href=\"https:\/\/www.jns.org\/\" target=\"_blank\" rel=\"noopener noreferrer\"><img decoding=\"async\" class=\"center alignleft\" src=\"http:\/\/www.reunion68.com\/Biuletyn\/img\/jns-1.png\" alt=\"\" width=\"35%\"><\/a><span style=\"text-decoration: underline; color: #000080;\"><strong><a style=\"color: #000080; text-decoration: underline;\" href=\"https:\/\/www.jns.org\/netanyahu-rebukes-biden-most-americans-support-israel\/\" target=\"_blank\" rel=\"noopener noreferrer\">Netanyahu counters Biden: Most Americans support Israel<\/a><\/strong><\/span><\/h5>\n<p style=\"text-align: center;\"><span style=\"color: #000000;\"><strong>UPDATE DESK U.S.-Israel Relations<\/strong><\/span><\/p>\n<hr style=\"height: 15px; background: #d0e6fa; width: 100%;\">\n<div>\n<h4 style=\"text-align: center;\">Biden said that the Jewish state&#8217;s &#8220;incredibly conservative government&#8221; risked losing it international support.<\/h4>\n<\/div>\n<p style=\"text-align: center;\">.<br \/>\n<img decoding=\"async\" class=\"aligncenter\" src=\"https:\/\/cdn.jns.org\/uploads\/2023\/10\/PMPOTUS1-1320x880.jpg\" width=\"100%\"><span style=\"color: #808080;\"><em>U.S. President Joe Biden and Israeli Prime Minister Benjamin Netanyahu in Tel Aviv, Oct. 18, 2023. Photo by Avi Ohayon\/GPO.<\/em><\/span><\/p>\n<div class=\"article-meta-str\"><strong>(February 28, 2024 \/ JNS)<\/strong><\/div>\n<p class=\"wp-block-paragraph\" style=\"text-align: left;\"><span style=\"color: #000080;\">Israeli Prime Minister Benjamin Netanyahu on Tuesday night hit back at U.S. President Joe Biden for claiming that the Jewish state\u2019s \u201cincredibly conservative government\u201d risked losing it international support.<\/span><\/p>\n<p class=\"wp-block-paragraph\" style=\"text-align: left;\"><span style=\"color: #000080;\">\u201cSince the start of the war, I have been leading a diplomatic campaign to block pressure designed to end the war prematurely and to secure strong support for Israel,\u201d said Netanyahu in a video message.<\/span><\/p>\n<p class=\"wp-block-paragraph\" style=\"text-align: left;\"><span style=\"color: #000080;\">\u201cWe have had considerable success. Today, a Harvard-Harris poll was published which shows that 82% of the American public supports Israel, meaning that four out of five U.S. citizens support Israel and not Hamas,\u201d he continued.<\/span><\/p>\n<p class=\"wp-block-paragraph\" style=\"text-align: left;\"><span style=\"color: #000080;\">\u201cThis will help us continue the campaign until total victory,\u201d added the premier.<\/span><\/p>\n<p class=\"wp-block-paragraph\" style=\"text-align: left;\"><span style=\"color: #000080;\">Speaking with Seth Meyer on&nbsp;<em>NBC\u2019s<\/em>&nbsp;\u201cLate Night on Monday,\u201d Biden noted that the Israel Defense Forces campaign against Hamas in Gaza has so far \u201chad the overwhelming support of the vast majority of nations.\u201d<\/span><\/p>\n<p class=\"wp-block-paragraph\" style=\"text-align: left;\"><span style=\"color: #000080;\">However, \u201cif it keeps this up without [changing]\u2014this incredibly conservative government they have, and [National Security Minister Itamar] Ben-Gvir and others, most\u2014I\u2019ve known every major foreign policy leader in Israel since Golda Meir\u2014they\u2019re going to lose support from around the world. And that is not in Israel\u2019s interest,\u201d said Biden.<\/span><\/p>\n<p class=\"wp-block-paragraph\" style=\"text-align: left;\"><span style=\"color: #000080;\">The American president also signaled that a ceasefire in Gaza could be imminent, claiming that Israel had agreed to pause its military offensive during the Islamic holy month of Ramadan, which begins in early March.<\/span><\/p>\n<p class=\"wp-block-paragraph\" style=\"text-align: left;\"><span style=\"color: #000080;\">\u201cThere\u2019s a process underway that I think if we get that\u2014that temporary ceasefire, we\u2019re going to be able to move in a direction where we can change the dynamic and not have a two-state solution immediately, but a process to get to a two-state solution, a process to guarantee Israel\u2019s security and the independence of the Palestinians,\u201d stated Biden.<\/span><\/p>\n<p class=\"wp-block-paragraph\" style=\"text-align: left;\"><span style=\"color: #000080;\">However, Israel\u2019s&nbsp;<em>Ynet<\/em>&nbsp;quoted senior Israeli officials on Tuesday morning as saying that they do not understand \u201cwhat the&nbsp;<a style=\"color: #000080;\" href=\"https:\/\/www.jns.org\/biden-optimistic-due-to-broad-outlines-of-a-deal-but-hamas-must-agree-state-department-says\/\">American president<\/a>\u2018s optimism is based on.\u201d<\/span><\/p>\n<p class=\"wp-block-paragraph\" style=\"text-align: left;\"><span style=\"color: #000080;\">A spokesman for the Qatari Foreign Ministry said on Tuesday that there has been no breakthrough in the negotiations, while Doha is \u201coptimistic\u201d that a deal can be reached even though gaps remain between the sides.<\/span><\/p>\n<p class=\"wp-block-paragraph\" style=\"text-align: left;\"><span style=\"color: #000080;\">The Hamas terrorist group also weighed in on Biden\u2019s comments, with a source telling&nbsp;<em>Reuters<\/em>&nbsp;that the statement was premature and did not align with the situation on the ground.<\/span><\/p>\n<p class=\"wp-block-paragraph\" style=\"text-align: left;\"><span style=\"color: #000080;\">Disagreements over the war against Hamas are driving&nbsp;<a style=\"color: #000080;\" href=\"https:\/\/www.jns.org\/disagreements-over-gaza-war-reportedly-driving-biden-towards-breach-with-israel\/\" target=\"_blank\" rel=\"noreferrer noopener\">Biden<\/a>&nbsp;towards a \u201cbreach\u201d with Netanyahu, who he believes can no longer be \u201cinfluenced even in private,\u201d&nbsp;<em>The Washington Post<\/em>&nbsp;reported earlier this month, citing insiders in Washington.<\/span><\/p>\n<p class=\"wp-block-paragraph\" style=\"text-align: left;\"><span style=\"color: #000080;\">Quoting \u201c19 senior administration officials and outside advisers,\u201d the newspaper said that Biden\u2019s mounting frustration with Netanyahu has led some White House aides to suggest that the president ramp up public criticism of the IDF operation in Gaza.<\/span><\/p>\n<p class=\"wp-block-paragraph\" style=\"text-align: left;\"><span style=\"color: #000080;\"><em>The Wall Street Journal<\/em>&nbsp;reported on Feb. 1 that Biden is frustrated over the number of casualties in Gaza, the displacement of civilians from their homes \u201cand the lack of a road map for ending the fighting.\u201d<\/span><\/p>\n<p class=\"wp-block-paragraph\" style=\"text-align: left;\"><span style=\"color: #000080;\">On Feb. 11, a senior Biden administration official told&nbsp;<em>NBC News<\/em>&nbsp;that \u201cthere is a growing divide between the U.S. and Israel,\u201d specifically over the looming IDF offensive in&nbsp;<a style=\"color: #000080;\" href=\"https:\/\/www.jns.org\/idf-presents-war-cabinet-with-rafah-civilian-evacuation-plan\/\" target=\"_blank\" rel=\"noreferrer noopener\">Rafah<\/a>.<\/span><\/p>\n<p class=\"wp-block-paragraph\" style=\"text-align: left;\"><span style=\"color: #000080;\"><em>Politico<\/em>&nbsp;has reported that Biden is \u201cdeeply suspicious\u201d of Israel\u2019s leader and had said privately that Netanyahu was a \u201cbad f\u2013ing guy.\u201d<\/span><\/p>\n<hr style=\"height: 15px; background: #d0e6fa; width: 100%;\">\n<div id=\"content\" class=\"content-alignment\">\n<div id=\"watch-description\" class=\"yt-uix-button-panel\">\n<div id=\"watch-description-text\" style=\"text-align: center;\">\n<p><em>Zawarto\u015b\u0107 publikowanych artyku\u0142\u00f3w i materia\u0142\u00f3w nie reprezentuje pogl\u0105d\u00f3w ani opinii Reunion&#8217;68,<\/em><em><br \/>\nani te\u017c webmastera Blogu Reunion&#8217;68, chyba ze jest to wyra\u017anie zaznaczone.<br \/>\nTwoje uwagi, linki, w\u0142asne artyku\u0142y lub wiadomo\u015bci prze\u015blij na adres:<br \/>\n<\/em><span style=\"color: #000080;\"><strong><em><a style=\"color: #000080;\" href=\"mailto:webmaster@reunion68.com\"><span style=\"text-decoration: underline;\">webmaster@reunion68.com<\/span><\/a><\/em><\/strong><\/span><\/p>\n<\/div>\n<\/div>\n<\/div>\n<hr style=\"width: 100%;\">\n","protected":false},"excerpt":{"rendered":"<p>Netanyahu counters Biden: Most Americans support Israel UPDATE DESK U.S.-Israel Relations Biden said that the Jewish state&#8217;s &#8220;incredibly conservative government&#8221; risked losing it international support. . U.S. President Joe Biden and Israeli Prime Minister Benjamin Netanyahu in Tel Aviv, Oct. 18, 2023. Photo by Avi Ohayon\/GPO. (February 28, 2024 \/ JNS) Israeli Prime Minister Benjamin [&hellip;]<\/p>\n","protected":false},"author":1,"featured_media":0,"comment_status":"closed","ping_status":"closed","sticky":false,"template":"","format":"standard","meta":[],"categories":[6],"tags":[26,24],"_links":{"self":[{"href":"https:\/\/www.reunion68.se\/index.php?rest_route=\/wp\/v2\/posts\/111163"}],"collection":[{"href":"https:\/\/www.reunion68.se\/index.php?rest_route=\/wp\/v2\/posts"}],"about":[{"href":"https:\/\/www.reunion68.se\/index.php?rest_route=\/wp\/v2\/types\/post"}],"author":[{"embeddable":true,"href":"https:\/\/www.reunion68.se\/index.php?rest_route=\/wp\/v2\/users\/1"}],"replies":[{"embeddable":true,"href":"https:\/\/www.reunion68.se\/index.php?rest_route=%2Fwp%2Fv2%2Fcomments&post=111163"}],"version-history":[{"count":5,"href":"https:\/\/www.reunion68.se\/index.php?rest_route=\/wp\/v2\/posts\/111163\/revisions"}],"predecessor-version":[{"id":111260,"href":"https:\/\/www.reunion68.se\/index.php?rest_route=\/wp\/v2\/posts\/111163\/revisions\/111260"}],"wp:attachment":[{"href":"https:\/\/www.reunion68.se\/index.php?rest_route=%2Fwp%2Fv2%2Fmedia&parent=111163"}],"wp:term":[{"taxonomy":"category","embeddable":true,"href":"https:\/\/www.reunion68.se\/index.php?rest_route=%2Fwp%2Fv2%2Fcategories&post=111163"},{"taxonomy":"post_tag","embeddable":true,"href":"https:\/\/www.reunion68.se\/index.php?rest_route=%2Fwp%2Fv2%2Ftags&post=111163"}],"curies":[{"name":"wp","href":"https:\/\/api.w.org\/{rel}","templated":true}]}}