{"id":111177,"date":"2024-03-22T18:05:35","date_gmt":"2024-03-22T16:05:35","guid":{"rendered":"http:\/\/www.reunion68.se\/?p=111177"},"modified":"2024-03-22T09:40:23","modified_gmt":"2024-03-22T07:40:23","slug":"04-09-90","status":"publish","type":"post","link":"https:\/\/www.reunion68.se\/?p=111177","title":{"rendered":"Poszukiwani: przyw\u00f3dcy palesty\u0144scy, kt\u00f3rzy pot\u0119pi\u0105 terroryzm"},"content":{"rendered":"<p style=\"text-align: center;\"><img decoding=\"async\" class=\"aligncenter\" src=\"https:\/\/www.gatestoneinstitute.org\/pics\/4907.jpg\" width=\"100%\"><span style=\"color: #808080;\"><em>Prezydent Autonomii Palesty\u0144skiej Mahmoud Abbas powstrzyma\u0142 si\u0119 od publicznego pot\u0119pienia wspieranej przez Iran grupy terrorystycznej Hamas za jej barbarzy\u0144skie ataki na Izraelczyk\u00f3w. W rzeczywisto\u015bci Abbas i Autonomia Palesty\u0144ska nasili\u0142y swoj\u0105 antyizraelsk\u0105 retoryk\u0119 od pocz\u0105tku wojny Izrael-Hamas. Na zdj\u0119ciu: Abbas (po lewej) spotyka si\u0119 z przyw\u00f3dc\u0105 Hamasu Chaledem Maaszalem (po prawej) i emirem Kataru, szejkiem Tamimem ibn Hamadem Al Thanim (po \u015brodku), 21 sierpnia 2014 r. w Doha, Katar. (Zdj\u0119cie: Thaer Ghanaim\/PPO via Getty Images)<\/em><\/span><\/p>\n<hr>\n<h5 style=\"text-align: center;\"><a href=\"https:\/\/pl.gatestoneinstitute.org\/\" target=\"_blank\" rel=\"noopener noreferrer\"><img decoding=\"async\" class=\"center alignleft\" src=\"https:\/\/pl.gatestoneinstitute.org\/images\/gatestone-logo-1000.gif\" alt=\"\" width=\"50%\"><\/a><span style=\"text-decoration: underline; color: #000080;\"><span><strong><a style=\"color: #000080; text-decoration: underline;\" href=\"https:\/\/pl.gatestoneinstitute.org\/20423\/przywodcy-palestynscy-ktorzy-potepia-terroryzm\" target=\"_blank\" rel=\"noopener noreferrer\">Poszukiwani: przyw\u00f3dcy palesty\u0144scy, kt\u00f3rzy pot\u0119pi\u0105 terroryzm<\/a><\/strong><\/span><\/span><\/h5>\n<p style=\"text-align: center;\"><span style=\"color: #000000;\"><strong>Bassam Tawil<br \/>\n<\/strong><span style=\"color: #808080;\"><em>T\u0142umaczenie: <\/em><\/span><strong>Ma\u0142gorzata Koraszewska<\/strong><\/span><\/p>\n<hr style=\"height: 15px; background: #d0e6fa; width: 100%;\">\n<p style=\"text-align: left;\"><span style=\"color: #000080;\">Min\u0119\u0142y ponad trzy miesi\u0105ce od ataku Hamasu na Izrael z 7 pa\u017adziernika, podczas kt\u00f3rego zamordowano, \u015bci\u0119to g\u0142owy, zgwa\u0142cono, okaleczono i porwano setki Izraelczyk\u00f3w \u2013 i nadal trudno jest znale\u017a\u0107 jakiegokolwiek wy\u017cszego rang\u0105 przedstawiciela Autonomii Palesty\u0144skiej, kt\u00f3ry by\u0142by gotowy pot\u0119pi\u0107 ten atak okrucie\u0144stwa.<\/span><\/p>\n<p style=\"text-align: left;\"><span style=\"color: #000080;\">Prezydent Autonomii Palesty\u0144skiej Mahmoud Abbas, kt\u00f3ry w ci\u0105gu ostatnich kilku tygodni odby\u0142 szereg spotka\u0144 z wy\u017cszymi urz\u0119dnikami administracji USA, w tym z sekretarzem stanu Antonym Blinkenem, powstrzyma\u0142 si\u0119 od publicznego pot\u0119pienia wspieranej przez Iran grupy terrorystycznej Hamas za jej barbarzy\u0144skie ataki na Izraelczyk\u00f3w.<\/span><\/p>\n<p style=\"text-align: left;\"><span style=\"color: #000080;\">Wygl\u0105da na to, \u017ce Abbas obawia si\u0119 reakcji swojego narodu i innych Arab\u00f3w, je\u015bli b\u0119dzie wypowiada\u0142 si\u0119 przeciwko mordowaniu izraelskich kobiet, dzieci i os\u00f3b starszych. Jedno s\u0142owo przeciwko Hamasowi i jego terroryzmowi, a ludzie Abbasa mogliby go nazwa\u0107 &#8220;zdrajc\u0105&#8221; i &#8220;kolaborantem&#8221; z Izraelem.<\/span><\/p>\n<p style=\"text-align: left;\"><span style=\"color: #000080;\">Strach Abbasa nie jest bezpodstawny. Wed\u0142ug sonda\u017cu opinii publicznej&nbsp;<a style=\"color: #000080;\" href=\"https:\/\/www.reuters.com\/world\/middle-east\/poll-shows-palestinians-back-oct-7-attack-israel-support-hamas-rises-2023-12-14\/\" target=\"_blank\" rel=\"noopener noreferrer\">przeprowadzonego<\/a>&nbsp;przez Palesty\u0144skie Centrum Bada\u0144 i Polityki (PSR) trzech na czterech Palesty\u0144czyk\u00f3w uwa\u017ca, \u017ce masakra z 7 pa\u017adziernika by\u0142a &#8220;s\u0142uszna&#8221;. Sonda\u017c wykaza\u0142 r\u00f3wnie\u017c, \u017ce po tej rzezi poparcie dla Hamasu wzros\u0142o w Strefie Gazy i niemal potroi\u0142o si\u0119 na Zachodnim Brzegu.<\/span><\/p>\n<p style=\"text-align: left;\"><span style=\"color: #000080;\">Abbas najprawdopodobniej boi si\u0119 nie tylko w\u0142asnego narodu, ale tak\u017ce Hamasu. Z pewno\u015bci\u0105 nie zapomnia\u0142, jak Hamas przeprowadzi\u0142 brutalny&nbsp;<a style=\"color: #000080;\" href=\"https:\/\/www.nytimes.com\/2007\/06\/14\/world\/middleeast\/14mideast.html\" target=\"_blank\" rel=\"noopener noreferrer\">zamach stanu<\/a>&nbsp;przeciwko niemu i Autonomii Palesty\u0144skiej w 2007 roku, zabijaj\u0105c dziesi\u0105tki jego zwolennik\u00f3w w Strefie Gazy. Terrory\u015bci Hamasu zrzucali jednych ludzi Abbasa z dach\u00f3w wysokich budynk\u00f3w, a innych wyci\u0105gali na ulice i linczowali. &#8220;Nie zapomnieli\u015bmy, jak [Hamas] amputowali nogi i zrzucali ludzi z dach\u00f3w&#8221; \u2013<a style=\"color: #000080;\" href=\"https:\/\/www.youtube.com\/watch?v=rOQ4d0Qw454\" target=\"_blank\" rel=\"noopener noreferrer\">powiedzia\u0142<\/a>&nbsp;palesty\u0144ski prawnik i analityk polityczny Zaid al-Ajoubi.<\/span><\/p>\n<p style=\"text-align: left;\"><span style=\"color: #000080;\">To ten sam Abbas, kt\u00f3remu administracja Bidena chcia\u0142aby odda\u0107 Stref\u0119 Gazy po odsuni\u0119ciu Hamasu od w\u0142adzy. Pracownicy administracji Bidena uwa\u017caj\u0105, \u017ce &#8220;<a style=\"color: #000080;\" href=\"https:\/\/apnews.com\/article\/biden-revitalized-palestinian-authority-israel-hamas-war-bf8defe81079d6e6371f228157f9be10\" target=\"_blank\" rel=\"noopener noreferrer\">rewitalizowana<\/a>&#8221; Autonomia Palesty\u0144ska by\u0142aby w stanie kontrolowa\u0107 Stref\u0119 Gazy po rozbiciu Hamasu. Co jednak w\u0142a\u015bciwie ci oficjele maj\u0105 na my\u015bli, m\u00f3wi\u0105c o &#8220;rewitalizowanej&#8221; Autonomii Palesty\u0144skiej, pozostaje niejasne.<\/span><\/p>\n<p style=\"text-align: left;\"><span style=\"color: #000080;\">Je\u015bli administracja Bidena uwa\u017ca, \u017ce przyw\u00f3dcy Autonomii Palesty\u0144skiej przestan\u0105 pod\u017cega\u0107 Palesty\u0144czyk\u00f3w przeciwko Izraelowi, musi to przemy\u015ble\u0107 jeszcze raz. W rzeczywisto\u015bci Abbas i Autonomia Palesty\u0144ska nasili\u0142y swoj\u0105 antyizraelsk\u0105 retoryk\u0119 od pocz\u0105tku wojny Izraela z Hamasem. Zamiast pot\u0119pia\u0107 Hamas za wszcz\u0119cie wojny, Autonomia Palesty\u0144ska oskar\u017ca&nbsp;<a style=\"color: #000080;\" href=\"https:\/\/sabq.org\/world\/k4r7fvautt\" target=\"_blank\" rel=\"noopener noreferrer\">Izrael<\/a>&nbsp;o pope\u0142nienie &#8220;zbrodni wojennych&#8221;, &#8220;ludob\u00f3jstwa&#8221; i &#8220;czystek etnicznych&#8221; na Palesty\u0144czykach. Te fa\u0142szywe oskar\u017cenia s\u0105 codziennie rozpowszechniane przez Autonomi\u0119 Palesty\u0144sk\u0105 i jej przyw\u00f3dc\u00f3w.<\/span><\/p>\n<p style=\"text-align: left;\"><span style=\"color: #000080;\">Je\u015bli administracja Bidena s\u0105dzi, \u017ce przyw\u00f3dcy palesty\u0144scy przestan\u0105&nbsp;<a style=\"color: #000080;\" href=\"https:\/\/www.wsj.com\/articles\/palestinian-pay-for-slay-hamas-oct-7-israel-gaza-antony-blinken-ramallah-2dce9a22\" target=\"_blank\" rel=\"noopener noreferrer\">nagradza\u0107<\/a>&nbsp;terroryst\u00f3w za mordowanie \u017byd\u00f3w w ramach polityki &#8220;pieni\u0105dze za mordowanie&#8221;, to r\u00f3wnie\u017c tak si\u0119 nie stanie. Sk\u0105d wiemy? Wystarczy pos\u0142ucha\u0107 jak Abbas wielokrotnie&nbsp;<a style=\"color: #000080;\" href=\"https:\/\/www.jns.org\/abbas-if-we-had-only-a-penny-left-we-would-pay-to-martyrs-and-prisoner-families\/\" target=\"_blank\" rel=\"noopener noreferrer\">zapewnia\u0142<\/a>&nbsp;w ci\u0105gu ostatnich kilku lat: &#8220;Gdyby pozosta\u0142 nam tylko jeden grosz, wyp\u0142aciliby\u015bmy go rodzinom m\u0119czennik\u00f3w i wi\u0119\u017ani\u00f3w&#8221;.<\/span><\/p>\n<p style=\"text-align: left;\"><span style=\"color: #000080;\">W artykule wst\u0119pnym &#8220;Wall Street Journal&#8221; z 15 stycznia&nbsp;<a style=\"color: #000080;\" href=\"https:\/\/www.wsj.com\/articles\/palestinian-pay-for-slay-hamas-oct-7-israel-gaza-antony-blinken-ramallah-2dce9a22\" target=\"_blank\" rel=\"noopener noreferrer\">napisano<\/a>:<\/span><\/p>\n<blockquote>\n<p style=\"text-align: left;\"><strong>Itamar Marcus z Palestinian Media Watch&nbsp;<a href=\"https:\/\/palwatch.org\/page\/34924\" target=\"_blank\" rel=\"noopener noreferrer\">wyja\u015bnia<\/a>, \u017ce &#8220;AP [Autonomia Palesty\u0144ska] nie rozr\u00f3\u017cnia pomi\u0119dzy terrorystami Hamasu, kt\u00f3rzy dopu\u015bcili si\u0119 okrucie\u0144stw podczas inwazji na Izrael 7 pa\u017adziernika, terrorystami Hamasu zabitymi przez Izrael w wojnie i cywilami niewalcz\u0105cymi zabitymi w Strefie Gazy, podczas gdy Hamas wykorzystywa\u0142 ich jako \u017cywe tarcze.&#8221; Wszyscy s\u0105 traktowani jak bohaterscy m\u0119czennicy, kt\u00f3rym nale\u017cy si\u0119 odszkodowanie od AP, kt\u00f3rej dzia\u0142alno\u015b\u0107 jest dotowana z pomocy Zachodu.<\/strong><\/p>\n<\/blockquote>\n<p style=\"text-align: left;\"><span style=\"color: #000080;\">Je\u015bli administracja Bidena chce dowodu, \u017ce przyw\u00f3dcy palesty\u0144scy nie maj\u0105 zamiaru reformowa\u0107 Autonomii Palesty\u0144skiej i dystansowa\u0107 si\u0119 od Hamasu i terroryzmu, powinna zwr\u00f3ci\u0107 uwag\u0119 na to, co sta\u0142o si\u0119 z palesty\u0144skim ministrem spraw spo\u0142ecznych Ahmedem Mad\u017cdalanim.<\/span><\/p>\n<p style=\"text-align: left;\"><span style=\"color: #000080;\">W niedawnym&nbsp;<a style=\"color: #000080;\" href=\"https:\/\/twitter.com\/qudsn\/status\/1747687452666474819?s=20\" target=\"_blank\" rel=\"noopener noreferrer\">wywiadzie<\/a>&nbsp;dla saudyjskiej stacji telewizyjnej Al-Hadath Majd\u017cdalani&nbsp;<a style=\"color: #000080;\" href=\"https:\/\/elaph.com\/Web\/News\/2024\/01\/1526317.html\" target=\"_blank\" rel=\"noopener noreferrer\">powiedzia\u0142<\/a>:<\/span><\/p>\n<blockquote>\n<p style=\"text-align: left;\"><strong>&#8220;Hamas jest organizacj\u0105 terrorystyczn\u0105 w swojej obecnej formie, swoim obecnym programie i obecnym dyskursie politycznym&#8221;.<\/strong><\/p>\n<\/blockquote>\n<p style=\"text-align: left;\"><span style=\"color: #000080;\">Pocz\u0105tkowo uwagi Mad\u017cdalaniego wydawa\u0142y si\u0119 oferowa\u0107 od\u015bwie\u017caj\u0105c\u0105 i zach\u0119caj\u0105c\u0105 perspektyw\u0119. W ko\u0144cu okaza\u0142o si\u0119, \u017ce przyw\u00f3dca palesty\u0144ski by\u0142 sk\u0142onny pot\u0119pi\u0107 Hamas za przeprowadzenie najkrwawszej masakry \u017byd\u00f3w od czasu Holokaustu i sprowadzenie \u015bmierci i zniszczenia na Palesty\u0144czyk\u00f3w w Strefie Gazy.<\/span><\/p>\n<p style=\"text-align: left;\"><span style=\"color: #000080;\">Optymizm ten szybko okaza\u0142 si\u0119 jednak kr\u00f3tkotrwa\u0142y. Wkr\u00f3tce po z\u0142o\u017ceniu przez Mad\u017cdalaniego o\u015bwiadczenia wielu Palesty\u0144czyk\u00f3w i Arab\u00f3w przypu\u015bci\u0142o na niego zjadliwy&nbsp;<a style=\"color: #000080;\" href=\"https:\/\/twitter.com\/jhsh1714746\/status\/1748380623478100133?s=20\" target=\"_blank\" rel=\"noopener noreferrer\">atak<\/a>, oskar\u017caj\u0105c go, \u017ce jest &#8220;<a style=\"color: #000080;\" href=\"https:\/\/twitter.com\/IsraelCriminal\/status\/1748252695201464655?s=20\" target=\"_blank\" rel=\"noopener noreferrer\">psem syjonistycznym<\/a>&#8221; i &#8220;<a style=\"color: #000080;\" href=\"https:\/\/twitter.com\/hsn_kld\/status\/1748013222702047324?s=20\" target=\"_blank\" rel=\"noopener noreferrer\">zdrajc\u0105<\/a>&#8221; oraz wzywaj\u0105c do jego egzekucji.<\/span><\/p>\n<p style=\"text-align: left;\"><span style=\"color: #000080;\"><a style=\"color: #000080;\" href=\"https:\/\/twitter.com\/mokhlesbarzaq\/status\/1747708242371756176?s=20\" target=\"_blank\" rel=\"noopener noreferrer\">Karykatura<\/a>&nbsp;opublikowana na X (dawniej Twitterze) przedstawia Mad\u017cdalaniego wrzucanego do \u015bmietnika z napisem &#8220;Pojemnik na \u015bmieci historii&#8221;&nbsp;<a style=\"color: #000080;\" href=\"blank\" target=\"_blank\" rel=\"noopener noreferrer\">.<\/a><\/span><\/p>\n<p style=\"text-align: left;\"><span style=\"color: #000080;\">Kilka frakcji palesty\u0144skich wyda\u0142o wsp\u00f3lne&nbsp;<a style=\"color: #000080;\" href=\"https:\/\/twitter.com\/QudsPress\/status\/1747967367844348100?s=20\" target=\"_blank\" rel=\"noopener noreferrer\">o\u015bwiadczenie<\/a>&nbsp;pot\u0119piaj\u0105ce Mad\u017cdalaniego za nazywanie Hamasu organizacj\u0105 terrorystyczn\u0105:<\/span><\/p>\n<blockquote>\n<p style=\"text-align: left;\"><strong>&#8220;Te niebezpieczne i niedopuszczalne o\u015bwiadczenia nie reprezentuj\u0105 naszego narodu. Stanowi\u0105 pr\u00f3b\u0119 wsp\u00f3\u0142istnienia z [izraelskim] wrogiem i ukrycia zbrodni pope\u0142nianych przeciwko naszemu narodowi. Ahmed Mad\u017cdalani kontynuuje swoje spotkania i stosunki z syjonistami. O\u015bwiadczenia te potwierdzaj\u0105 jego podejrzan\u0105 rol\u0119 i stanowi\u0105 ha\u0144b\u0119 i powa\u017cne przest\u0119pstwo&#8221;.<\/strong><\/p>\n<\/blockquote>\n<p style=\"text-align: left;\"><span style=\"color: #000080;\">Kampania zastraszania i znies\u0142awiania osi\u0105gn\u0119\u0142a sw\u00f3j cel. Mad\u017cdalani szybko&nbsp;<a style=\"color: #000080;\" href=\"https:\/\/www.facebook.com\/photo\/?fbid=7114497135253891&amp;set=a.100336260003382\" target=\"_blank\" rel=\"noopener noreferrer\">og\u0142osi\u0142<\/a>&nbsp;&#8220;Wyja\u015bnienie dla palesty\u0144skiej opinii publicznej&#8221;, w kt\u00f3rym stwierdzi\u0142, \u017ce jego wypowiedzi zosta\u0142y wyrwane z kontekstu. Palesty\u0144ski minister nie tylko zaprzeczy\u0142 s\u0142owom, kt\u00f3re wypowiedzia\u0142 podczas wywiadu telewizyjnego (wci\u0105\u017c dost\u0119pnego w Internecie), ale zacz\u0105\u0142 broni\u0107 Hamasu:<\/span><\/p>\n<blockquote>\n<p style=\"text-align: left;\"><strong>&#8220;Ruch Hamasu jest cz\u0119\u015bci\u0105 palesty\u0144skiej tkanki narodowej i spo\u0142ecznej. Odrzucamy wszelkie pr\u00f3by marginalizacji Hamasu i wzywamy do nawi\u0105zania z nim narodowego partnerstwa&#8221;.<\/strong><\/p>\n<\/blockquote>\n<p style=\"text-align: left;\"><span style=\"color: #000080;\">To, co przydarzy\u0142o si\u0119 palesty\u0144skiemu ministrowi, po raz kolejny pokazuje, jak przyw\u00f3dcom palesty\u0144skim brakuje odwagi potrzebnej do zachowania jasno\u015bci moralnej i jak s\u0105 zastraszeni przez w\u0142asnych obywateli. To ci sami przyw\u00f3dcy palesty\u0144scy, dla kt\u00f3rych administracja Bidena chce ustanowi\u0107 pa\u0144stwo palesty\u0144skie u progu Izraela.<\/span><\/p>\n<p style=\"text-align: left;\"><span style=\"color: #000080;\">Jak mo\u017cna oczekiwa\u0107, \u017ce przyw\u00f3dcy palesty\u0144scy, kt\u00f3rzy boj\u0105 si\u0119 Hamasu, a jeszcze bardziej w\u0142asnego narodu, powstrzymaj\u0105 terroryst\u00f3w przed atakami na Izrael w przypadku, gdyby przyw\u00f3dcom tym przyznano pa\u0144stwo?<\/span><\/p>\n<p style=\"text-align: left;\"><span style=\"color: #000080;\">Ponadto, dlaczego Izrael \u2013 lub ktokolwiek inny \u2013 mia\u0142by ufa\u0107 jakiemukolwiek przyw\u00f3dcy palesty\u0144skiemu, kt\u00f3ry uwa\u017ca islamistycznych morderc\u00f3w, gwa\u0142cicieli i morderc\u00f3w dzieci za &#8220;cz\u0119\u015b\u0107 palesty\u0144skiej tkanki narodowej, spo\u0142ecznej i politycznej&#8221;?<\/span><\/p>\n<hr>\n<p><span style=\"color: #808080;\"><i><b>Bassam Tawil<\/b>&nbsp;jest muzuma\u0144skim badaczem i publicyst\u0105 mieszkaj\u0105cym na Bliskim Wschodzie.<\/i><\/span><\/p>\n<hr style=\"height: 15px; background: #d0e6fa; width: 100%;\">\n<div id=\"content\" class=\"content-alignment\">\n<div id=\"watch-description\" class=\"yt-uix-button-panel\">\n<div id=\"watch-description-text\" style=\"text-align: center;\">\n<p><em>Zawarto\u015b\u0107 publikowanych artyku\u0142\u00f3w i materia\u0142\u00f3w nie reprezentuje pogl\u0105d\u00f3w ani opinii Reunion&#8217;68,<\/em><em><br \/>\nani te\u017c webmastera Blogu Reunion&#8217;68, chyba ze jest to wyra\u017anie zaznaczone.<br \/>\nTwoje uwagi, linki, w\u0142asne artyku\u0142y lub wiadomo\u015bci prze\u015blij na adres:<br \/>\n<\/em><span style=\"color: #000080;\"><strong><em><a style=\"color: #000080;\" href=\"mailto:webmaster@reunion68.com\"><span style=\"text-decoration: underline;\">webmaster@reunion68.com<\/span><\/a><\/em><\/strong><\/span><\/p>\n<\/div>\n<\/div>\n<\/div>\n<hr style=\"width: 100%;\">\n","protected":false},"excerpt":{"rendered":"<p>Prezydent Autonomii Palesty\u0144skiej Mahmoud Abbas powstrzyma\u0142 si\u0119 od publicznego pot\u0119pienia wspieranej przez Iran grupy terrorystycznej Hamas za jej barbarzy\u0144skie ataki na Izraelczyk\u00f3w. W rzeczywisto\u015bci Abbas i Autonomia Palesty\u0144ska nasili\u0142y swoj\u0105 antyizraelsk\u0105 retoryk\u0119 od pocz\u0105tku wojny Izrael-Hamas. Na zdj\u0119ciu: Abbas (po lewej) spotyka si\u0119 z przyw\u00f3dc\u0105 Hamasu Chaledem Maaszalem (po prawej) i emirem Kataru, szejkiem Tamimem [&hellip;]<\/p>\n","protected":false},"author":1,"featured_media":0,"comment_status":"closed","ping_status":"closed","sticky":false,"template":"","format":"standard","meta":[],"categories":[6],"tags":[26,24],"_links":{"self":[{"href":"https:\/\/www.reunion68.se\/index.php?rest_route=\/wp\/v2\/posts\/111177"}],"collection":[{"href":"https:\/\/www.reunion68.se\/index.php?rest_route=\/wp\/v2\/posts"}],"about":[{"href":"https:\/\/www.reunion68.se\/index.php?rest_route=\/wp\/v2\/types\/post"}],"author":[{"embeddable":true,"href":"https:\/\/www.reunion68.se\/index.php?rest_route=\/wp\/v2\/users\/1"}],"replies":[{"embeddable":true,"href":"https:\/\/www.reunion68.se\/index.php?rest_route=%2Fwp%2Fv2%2Fcomments&post=111177"}],"version-history":[{"count":5,"href":"https:\/\/www.reunion68.se\/index.php?rest_route=\/wp\/v2\/posts\/111177\/revisions"}],"predecessor-version":[{"id":111272,"href":"https:\/\/www.reunion68.se\/index.php?rest_route=\/wp\/v2\/posts\/111177\/revisions\/111272"}],"wp:attachment":[{"href":"https:\/\/www.reunion68.se\/index.php?rest_route=%2Fwp%2Fv2%2Fmedia&parent=111177"}],"wp:term":[{"taxonomy":"category","embeddable":true,"href":"https:\/\/www.reunion68.se\/index.php?rest_route=%2Fwp%2Fv2%2Fcategories&post=111177"},{"taxonomy":"post_tag","embeddable":true,"href":"https:\/\/www.reunion68.se\/index.php?rest_route=%2Fwp%2Fv2%2Ftags&post=111177"}],"curies":[{"name":"wp","href":"https:\/\/api.w.org\/{rel}","templated":true}]}}