{"id":111283,"date":"2024-03-05T18:09:55","date_gmt":"2024-03-05T16:09:55","guid":{"rendered":"http:\/\/www.reunion68.se\/?p=111283"},"modified":"2024-03-05T08:21:45","modified_gmt":"2024-03-05T06:21:45","slug":"09-09-82","status":"publish","type":"post","link":"https:\/\/www.reunion68.se\/?p=111283","title":{"rendered":"Palesty\u0144scy przyw\u00f3dcy \u015bci\u0105gn\u0119li nakb\u0119 na swoj\u0105 ludno\u015b\u0107"},"content":{"rendered":"<p style=\"text-align: center;\"><img decoding=\"async\" class=\"aligncenter\" src=\"https:\/\/www.gatestoneinstitute.org\/pics\/4942.jpg\" width=\"100%\" \/>Zamiast dystansowa\u0107 si\u0119 od Hamasu, przyw\u00f3dcy Autonomii Palesty\u0144skiej <span style=\"color: #808080;\"><em>(AP) w dalszym ci\u0105gu m\u00f3wi\u0105 o osi\u0105gni\u0119ciu \u201ejedno\u015bci\u201d z t\u0105 grup\u0105 terrorystyczn\u0105. Zapytany o powi\u0105zanie wsp\u00f3lnej sprawy z grup\u0105, kt\u00f3ra dopu\u015bci\u0142a si\u0119 okrucie\u0144stw wobec Izraelczyk\u00f3w, premier AP Mohammad Sztajjeh powiedzia\u0142, \u017ce \u015bwiat musi zapomnie\u0107 o masakrze, kt\u00f3ra mia\u0142a miejsce 7 pa\u017adziernika. Na zdj\u0119ciu: Sztajjeh przemawia podczas wywiadu z 11 grudnia 2023 r., kt\u00f3ry zosta\u0142 wyemitowany w katarskiej telewizji Al-Araby. (\u0179r\u00f3d\u0142o obrazu: MEMRI)<\/em><\/span><\/p>\n<hr \/>\n<h5 style=\"text-align: center;\"><a href=\"https:\/\/www.listyznaszegosadu.pl\/\" target=\"_blank\" rel=\"noopener noreferrer\"><img decoding=\"async\" class=\"center alignleft\" src=\"http:\/\/www.reunion68.com\/Biuletyn\/img\/z-naszego.jpg\" alt=\"\" width=\"50%\" \/><\/a><span style=\"text-decoration: underline; color: #000080;\"><strong><a style=\"color: #000080; text-decoration: underline;\" href=\"https:\/\/www.listyznaszegosadu.pl\/brunatna-fala\/palestynscy-przywaldcy-sciagnelia-nakbea-na-swoja-ludnosc\" target=\"_blank\" rel=\"noopener noreferrer\">Palesty\u0144scy przyw\u00f3dcy \u015bci\u0105gn\u0119li nakb\u0119 na swoj\u0105 ludno\u015b\u0107<\/a><\/strong><\/span><\/h5>\n<p style=\"text-align: center;\"><span style=\"color: #000000;\"><strong>Khaled Abu Toameh<br \/>\n<\/strong><span style=\"color: #808080;\"><em>T\u0142umaczenie: <\/em><\/span><strong>Ma\u0142gorzata Koraszewska<\/strong><\/span><\/p>\n<hr style=\"height: 15px; background: #d0e6fa; width: 100%;\" \/>\n<div class=\"templateArticleIngress\" style=\"text-align: left;\"><span style=\"color: #000080;\">Niemal cztery miesi\u0105ce po wypowiedzeniu przez Hamas wojny Izraelowi, Palesty\u0144czycy i inni Arabowie wreszcie wypowiadaj\u0105 si\u0119 przeciwko wspieranej przez Iran grupie terrorystycznej, uznaj\u0105c j\u0105 za odpowiedzialn\u0105 za sprowadzenie nowej\u00a0<em>nakby<\/em>\u00a0(katastrofy) na dwa miliony Palesty\u0144czyk\u00f3w w Strefie Gazy.\u00a0Pomimo krytyki wielu Palesty\u0144czyk\u00f3w na Zachodnim Brzegu i w Strefie Gazy nadal wspiera Hamas i prawdopodobnie\u00a0<a style=\"color: #000080;\" href=\"https:\/\/www.timesofisrael.com\/poll-shows-soaring-support-for-hamas-in-west-bank-as-90-say-abbas-should-resign\/\" target=\"_blank\" rel=\"noopener noreferrer\">g\u0142osowa\u0142oby\u00a0<\/a>na niego, gdyby odby\u0142y si\u0119 wybory.<\/span><\/div>\n<p style=\"text-align: left;\">\n<div class=\"templateArticleBrodtext\">\n<p style=\"text-align: left;\"><span style=\"color: #000080;\">Hamas pr\u00f3bowa\u0142 sprowadzi\u0107\u00a0<em>nakb\u0119<\/em>\u00a0na Izrael, kiedy jego terrory\u015bci w Strefie Gazy przekroczyli granic\u0119 z Izraelem 7 pa\u017adziernika 2023 r., morduj\u0105c, \u015bcinaj\u0105c g\u0142owy, gwa\u0142c\u0105c, kalecz\u0105c i pal\u0105c \u017cywcem oko\u0142o 1200 izraelskich m\u0119\u017cczyzn, kobiet i dzieci.<\/span><\/p>\n<p style=\"text-align: left;\">\n<span style=\"color: #000080;\">Zamiast tego Hamas, kt\u00f3rego przyw\u00f3dcy albo ukrywaj\u0105 si\u0119 w tunelach w ca\u0142ej Strefie Gazy, albo w willach i pi\u0119ciogwiazdkowych hotelach w Katarze i na Bliskim Wschodzie, sprowadzi\u0142\u00a0na Palesty\u0144czyk\u00f3w prawdziw\u0105\u00a0<em>nakb\u0119.<\/em><\/span><\/p>\n<p style=\"text-align: left;\">\n<span style=\"color: #000080;\">\u201eGaza\u0144czycy chc\u0105 pokoju, nasze dzieci chc\u0105 wr\u00f3ci\u0107 do szk\u00f3\u0142\u201d \u2013\u00a0<a style=\"color: #000080;\" href=\"https:\/\/twitter.com\/HowidyHamza\/status\/1760433653317063031\" target=\"_blank\" rel=\"noopener noreferrer\">powiedzia\u0142\u00a0<\/a>Palesty\u0144czyk z obozu dla uchod\u017ac\u00f3w D\u017cabalja w Strefie Gazy.\u00a0Przemawiaj\u0105c podczas demonstracji Palesty\u0144czyk\u00f3w przeciwko wojnie oraz brakowi \u017cywno\u015bci i lek\u00f3w m\u0119\u017cczyzna\u00a0<a style=\"color: #000080;\" href=\"https:\/\/twitter.com\/HowidyHamza\/status\/1760433653317063031\" target=\"_blank\" rel=\"noopener noreferrer\">zapyta\u0142<\/a>:<\/span><\/p>\n<blockquote>\n<p style=\"text-align: left;\"><strong>\u201eDlaczego Hamas nas w to wci\u0105gn\u0105\u0142? Dlaczego Hamas do nas strzela? Chcemy \u017cy\u0107. Ludzie s\u0105 g\u0142odni, maj\u0105 chore dzieci i nie mog\u0105 spa\u0107 w swoich domach. Niekt\u00f3rzy ludzie \u015bpi\u0105 w miejscach publicznych, inni w kana\u0142ach. Nasze \u017cycie sta\u0142o si\u0119 \u017ca\u0142osne! Dlaczego Hamas strzela do g\u0142odnych ludzi? Oni [Hamas] rozpocz\u0119li wojn\u0119, kt\u00f3rej nie chcieli\u015bmy. Chcemy pokoju. Dlaczego Hamas nam to robi? [Przyw\u00f3dca Hamasu Jahja] Sinwar zabija nas, a nie izraelsk\u0105 armi\u0119. To on nas zabija. Nasze dzieci s\u0105 ofiarami. Nasze dzieci prosz\u0105 o worek m\u0105ki i butelk\u0119 wody pitnej\u201d.<\/strong><\/p>\n<\/blockquote>\n<p style=\"text-align: left;\"><span style=\"color: #000080;\">Wed\u0142ug doniesie\u0144 ze Strefy Gazy milicjanci Hamasu od kilku dni pr\u00f3buj\u0105 uniemo\u017cliwi\u0107 Palesty\u0144czykom wyj\u015bcie na ulice, aby zaprotestowa\u0107 przeciwko tej grupie terrorystycznej.<\/span><\/p>\n<p style=\"text-align: left;\"><span style=\"color: #000080;\"><a style=\"color: #000080;\" href=\"https:\/\/twitter.com\/HowidyHamza\/status\/1760392534507851811\" target=\"_blank\" rel=\"noopener noreferrer\"><br \/>\nFilmy\u00a0<\/a>kr\u0105\u017c\u0105ce w mediach spo\u0142eczno\u015bciowych pokazuj\u0105 policjant\u00f3w Hamasu i cz\u0142onk\u00f3w zbrojnego skrzyd\u0142a tej grupy, Izaddin al-Kassam, strzelaj\u0105cych do demonstrant\u00f3w protestuj\u0105cych pod has\u0142em \u201e<a style=\"color: #000080;\" href=\"https:\/\/twitter.com\/moh_re21\/status\/1760421768580206930\" target=\"_blank\" rel=\"noopener noreferrer\">Chcemy \u017cy\u0107!<\/a>\u201d<\/span><\/p>\n<p style=\"text-align: left;\">\n<span style=\"color: #000080;\">\u201eNie chcemy [izraelskich] zak\u0142adnik\u00f3w\u201d \u2013\u00a0<a style=\"color: #000080;\" href=\"https:\/\/twitter.com\/moh_re21\/status\/1760421768580206930\" target=\"_blank\" rel=\"noopener noreferrer\">powiedzia\u0142\u00a0<\/a>inny Palesty\u0144czyk podczas jednego z protest\u00f3w przeciwko Hamasowi w p\u00f3\u0142nocnej Strefie Gazy.\u00a0Mia\u0142 na my\u015bli ponad 240 izraelskich m\u0119\u017cczyzn, kobiet i dzieci porwanych przez terroryst\u00f3w Hamasu podczas masakry 7 pa\u017adziernika, z kt\u00f3rych ponad 130 nadal przetrzymuje si\u0119 jako zak\u0142adnik\u00f3w.\u00a0M\u0119\u017cczyzna doda\u0142:<\/span><\/p>\n<blockquote>\n<p style=\"text-align: left;\"><strong>\u201eNie zgadzamy si\u0119 z tym, co robi Hamas. Chcemy \u017cy\u0107 w pokoju. Je\u015bli [Hamas] to zaakceptuje, s\u0105 mile widziani. Je\u015bli nie, oni i Iran powinni zostawi\u0107 nas w spokoju. Hamas powinien odej\u015b\u0107. Chcemy \u017cy\u0107. Tylko tego chcemy.\u201d<\/strong><\/p>\n<\/blockquote>\n<p style=\"text-align: left;\"><span style=\"color: #000080;\">20 lutego algierski analityk polityczny Anwar Malek opublikowa\u0142 list otwarty do przyw\u00f3dc\u00f3w Hamasu Ismaila Haniji i Chaleda Maszala, \u201ekt\u00f3rzy mieszkaj\u0105 w swoich pa\u0142acach w Doha w Katarze\u201d.\u00a0Malek\u00a0<a style=\"color: #000080;\" href=\"https:\/\/twitter.com\/anwarmalek\/status\/1760032395577720895\" target=\"_blank\" rel=\"noopener noreferrer\">napisa\u0142<\/a>:<\/span><\/p>\n<blockquote>\n<p style=\"text-align: left;\"><strong>\u201eStrategicznym celem Teheranu jest pozbawienie dom\u00f3w mieszka\u0144c\u00f3w Gazy, tak jak to [Ira\u0144czycy] zrobili ludno\u015bci Syrii, Iraku i Jemenu.<\/strong><\/p>\n<p style=\"text-align: left;\">\n<strong>Iran u\u017cywa Hamasu jako narz\u0119dzia. Hamas [ira\u0144skiego najwy\u017cszego przyw\u00f3dcy Alego] Chameneiego doprowadzi\u0142 ludzi do holokaustu i spowodowa\u0142, \u017ce g\u0142oduj\u0105.<\/strong><\/p>\n<p style=\"text-align: left;\">\n<strong>[Palesty\u0144skie] dzieci przymieraj\u0105 g\u0142odem, podczas gdy przyw\u00f3dcy Hamasu bawi\u0105 si\u0119 w swoich pa\u0142acach, a ich \u017co\u0142\u0105dki s\u0105 pe\u0142ne. Gdyby przyw\u00f3dcy Hamasu mieli resztk\u0119 m\u0119sko\u015bci, ponie\u015bliby swoj\u0105 historyczn\u0105 odpowiedzialno\u015b\u0107 i podejmowali decyzje, kt\u00f3re ocali\u0142yby ich ludzi.<\/strong><\/p>\n<p style=\"text-align: left;\">\n<strong>Niestety jednak oni [przyw\u00f3dcy Hamasu] w dalszym ci\u0105gu oszukuj\u0105 ludzi iluzj\u0105 wyra\u017anego zwyci\u0119stwa [nad Izraelem]. Przysz\u0142e pokolenia b\u0119d\u0105 przeklina\u0107 [przyw\u00f3dc\u00f3w Hamasu] Jahj\u0119 Sinwara, Ismaila Hanij\u0119, Chaleda Maszala, Osam\u0119 Hamdana i Chalila al-Hajj\u0119. B\u0119d\u0105 przeklina\u0107 [sekretarza generalnego Hezbollahu Hassana] Nasrallaha, [wspieran\u0105 przez Iran grup\u0119] Huti [w Jemenie], Chameneiego, [prezydenta Syrii] Baszara Assada i wszystkich, kt\u00f3rzy odegrali rol\u0119 w potopie 7 pa\u017adziernika, kt\u00f3ry zatopi\u0142 Palesty\u0144czyk\u00f3w i ich Stref\u0119 Gazy we krwi i \u0142zach.\u201d<\/strong><\/p>\n<\/blockquote>\n<p style=\"text-align: left;\"><span style=\"color: #000080;\">Saudyjski wp\u0142ywowy autor, Abdullah Ghanem al-Kahtani\u00a0<a style=\"color: #000080;\" href=\"https:\/\/twitter.com\/Gen_Abdullah1\/status\/1760052184413036967\" target=\"_blank\" rel=\"noopener noreferrer\">podkre\u015bli\u0142<\/a>\u00a0w mediach spo\u0142eczno\u015bciowych, \u017ce usuni\u0119cie Hamasu ze sceny palesty\u0144skiej sta\u0142o si\u0119 konieczno\u015bci\u0105, kt\u00f3ra da Palesty\u0144czykom now\u0105 nadziej\u0119 na lepsze \u017cycie.\u00a0Wezwa\u0142 do rozwa\u017cenia pomys\u0142u umieszczenia \u201ebogatych\u201d przyw\u00f3dc\u00f3w Hamasu w areszcie domowym w celu stworzenia dobrej okazji do uporz\u0105dkowania wewn\u0119trznych spraw Palestyny.<\/span><\/p>\n<blockquote>\n<p style=\"text-align: left;\"><strong>\u201eNie ma w\u0105tpliwo\u015bci, \u017ce pozbycie si\u0119 przyw\u00f3dztwa Hamasu uniemo\u017cliwi obecno\u015b\u0107 [ira\u0144skiego] Korpusu Stra\u017cnik\u00f3w Rewolucji w Palestynie. Nieobecno\u015b\u0107 Hamasu zako\u0144czy jego zamach stanu przeciwko swojemu narodowi. Zako\u0144czenie rz\u0105d\u00f3w Hamasu jest bardzo dobre dla wszystkich, nawet dla samego Hamasu. Zapobiegnie to ingerencji Hamasu w Stref\u0119 Gazy i po\u0142o\u017cy kres torturom i zabijaniu narodu palesty\u0144skiego.<\/strong><\/p>\n<p style=\"text-align: left;\">\n<strong>Obalenie Hamasu i zako\u0144czenie jego zamachu stanu w Palestynie jest wa\u017cne dla ka\u017cdego Palesty\u0144czyka i Araba. Jego zej\u015bcie ze sceny b\u0119dzie r\u00f3wnoznaczne z uratowaniem przez armi\u0119 egipsk\u0105 swoich ludzi spod rz\u0105d\u00f3w Bractwa Muzu\u0142ma\u0144skiego [w 2013 r., kiedy egipski prezydent wywodz\u0105cy si\u0119 z Bractwa Muzu\u0142ma\u0144skiego Mohammed Morsi zosta\u0142 obalony przez wojsko]. Hamas by\u0142 z\u0142o\u015bliwym partnerem i oddzia\u0142em Bractwa Muzu\u0142ma\u0144skiego.<\/strong><\/p>\n<p style=\"text-align: left;\">\n<strong>Oni [islami\u015bci] pr\u00f3bowali zniszczy\u0107 Egipt i przekaza\u0107 jego ziemie organizacjom terrorystycznym. Nieobecno\u015b\u0107 Hamasu mo\u017ce zapobiec ponownemu wyst\u0105pieniu zagro\u017ce\u0144 dla bezpiecze\u0144stwa na Morzu Czerwonym, kt\u00f3re jest pe\u0142ne okr\u0119t\u00f3w wojennych. (Terror wobec statk\u00f3w handlowych] niepokoi wszystkich i zagra\u017ca bezpiecze\u0144stwu kraj\u00f3w arabskich i s\u0142u\u017cy projektom Iranu. Przegrana jest Palestyna i wszyscy Arabowie. Hamas jest jak organizacja terrorystyczna Hezbollah, to jest z\u0142o, kt\u00f3re dotyka wszystkich. Dlaczego Hamas d\u0105\u017cy do eksterminacji ludno\u015bci Strefy Gazy?\u201d<\/strong><\/p>\n<\/blockquote>\n<p style=\"text-align: left;\"><span style=\"color: #000080;\">Ahmed al-Fifi, inny saudyjski autor z medi\u00f3w spo\u0142eczno\u015bciowych,\u00a0<a style=\"color: #000080;\" href=\"https:\/\/twitter.com\/Ahmedmalfifi\/status\/1760363612797882802\" target=\"_blank\" rel=\"noopener noreferrer\">szydzi\u0142\u00a0<\/a>z powtarzaj\u0105cych si\u0119 twierdze\u0144 Hamasu, \u017ce jego terrory\u015bci odnie\u015bli \u201ezwyci\u0119stwo\u201d w wojnie z Izraelem.<\/span><\/p>\n<blockquote>\n<p style=\"text-align: left;\"><strong>\u201eGratulujemy przyw\u00f3dcom Hamasu i [przewodzonej przez Iran] osi oporu zdecydowanego zwyci\u0119stwa, jakie odnie\u015bli nad narodem palesty\u0144skim w Gazie.<\/strong><\/p>\n<p style=\"text-align: left;\">\n<strong>Oni [przyw\u00f3dcy Hamasu] spowodowali eksterminacj\u0119 narodu, zniszczyli jego domy i wysiedlili go. Wzywamy m\u0119drc\u00f3w muzu\u0142man\u00f3w i Arab\u00f3w, by w swoich ksi\u0119gach historycznych odnotowali to czcigodne zwyci\u0119stwo. Ko\u0144czymy s\u0142owami: \u2018Niechaj B\u00f3g ich poha\u0144bi'&#8221;.<\/strong><\/p>\n<\/blockquote>\n<p style=\"text-align: left;\"><span style=\"color: #000080;\">Zdumiewaj\u0105ce jest to, \u017ce podczas gdy rosn\u0105ca liczba Palesty\u0144czyk\u00f3w i Arab\u00f3w zacz\u0119\u0142a krytykowa\u0107 Hamas i obarcza\u0107 go odpowiedzialno\u015bci\u0105 za sprowadzenie katastrofy na Palesty\u0144czyk\u00f3w w Strefie Gazy, przyw\u00f3dcy Autonomii Palesty\u0144skiej (AP) nie chc\u0105 wypowiedzie\u0107 ani s\u0142owa przeciwko Iranowi i jego palesty\u0144skich terrorystach.\u00a0Prezydent AP Mahmoud Abbas nie pot\u0119pi\u0142 Hamasu za okrucie\u0144stwa, kt\u00f3rych dopu\u015bci\u0142 si\u0119 on wobec Izraelczyk\u00f3w 7 pa\u017adziernika.<\/span><\/p>\n<p style=\"text-align: left;\">\n<span style=\"color: #000080;\">Zamiast dystansowa\u0107 si\u0119 od Hamasu, przyw\u00f3dcy Autonomii Palesty\u0144skiej w dalszym ci\u0105gu m\u00f3wi\u0105 o osi\u0105gni\u0119ciu \u201ejedno\u015bci\u201d z t\u0105 grup\u0105 terrorystyczn\u0105.\u00a0\u201eJeste\u015bmy gotowi do w\u0142\u0105czenia [Hamasu] \u2013\u00a0<a style=\"color: #000080;\" href=\"https:\/\/www.aa.com.tr\/en\/middle-east\/hamas-part-of-palestinian-political-landscape-says-prime-minister-shtayyeh\/3078919\" target=\"_blank\" rel=\"noopener noreferrer\">powiedzia\u0142\u00a0<\/a>premier AP Mohammad Sztajjeh.\u00a0&#8211; Je\u015bli Hamas nie jest got\u00f3w, to inna sprawa. Potrzebujemy jedno\u015bci Palestyny\u201d.\u00a0Zapytany o problem jedno\u015bci z grup\u0105, kt\u00f3ra dopu\u015bci\u0142a si\u0119 okrucie\u0144stw wobec Izraelczyk\u00f3w, Sztajjeh\u00a0<a style=\"color: #000080;\" href=\"https:\/\/www.timesofisrael.com\/liveblog_entry\/pa-prime-minister-were-ready-for-unity-with-hamas-world-needs-to-forget-october-7\/\" target=\"_blank\" rel=\"noopener noreferrer\">da\u0142 do zrozumienia<\/a>, \u017ce \u015bwiat powinien zapomnie\u0107 o masakrze, kt\u00f3ra mia\u0142a miejsce 7 pa\u017adziernika. \u201eNie nale\u017cy w dalszym ci\u0105gu skupia\u0107 si\u0119 na 7 pa\u017adziernika\u201d \u2013 powiedzia\u0142.<\/span><\/p>\n<p style=\"text-align: left;\">\n<span style=\"color: #000080;\">Wcze\u015bniej ten sam Sztajjeh i inni wy\u017csi rang\u0105 urz\u0119dnicy palesty\u0144scy bronili Hamasu, argumentuj\u0105c, \u017ce grupa terrorystyczna jest integraln\u0105 cz\u0119\u015bci\u0105 palesty\u0144skiego spo\u0142ecze\u0144stwa i polityki.\u00a0\u201eHamas jest cz\u0119\u015bci\u0105 palesty\u0144skiej mapy politycznej i je\u015bli Izrael b\u0119dzie twierdzi\u0142, \u017ce wyeliminuje [Hamas], to si\u0119 nie stanie i jest to dla nas nie do przyj\u0119cia\u201d \u2013\u00a0<a style=\"color: #000080;\" href=\"https:\/\/www.aa.com.tr\/en\/middle-east\/hamas-part-of-palestinian-political-landscape-says-prime-minister-shtayyeh\/3078919\" target=\"_blank\" rel=\"noopener noreferrer\">powiedzia\u0142\u00a0<\/a>Sztajjeh w przem\u00f3wieniu wyg\u0142oszonym na 21.\u00a0sesji\u00a0Forum Doha w Katarze, w grudniu 2023 r.<\/span><\/p>\n<p style=\"text-align: left;\">\n<span style=\"color: #000080;\">W ka\u017cdym razie o\u015bwiadczenia przyw\u00f3dc\u00f3w Autonomii Palesty\u0144skiej pokazuj\u0105, \u017ce nie przejmuj\u0105 si\u0119 oni tysi\u0105cami Palesty\u0144czyk\u00f3w, kt\u00f3rzy zostali zabici i ranni w wyniku g\u0142upiej decyzji Hamasu o rozpocz\u0119ciu wojny z Izraelem.<\/span><\/p>\n<p style=\"text-align: left;\">\n<span style=\"color: #000080;\">Je\u015bli przyw\u00f3dcy AP w dalszym ci\u0105gu b\u0119d\u0105 postrzega\u0107 Hamas jako prawowitego i akceptowalnego partnera rz\u0105du jedno\u015bci, nie wr\u00f3\u017cy to dobrze przysz\u0142o\u015bci Palesty\u0144czyk\u00f3w, zw\u0142aszcza tych mieszkaj\u0105cych w Strefie Gazy.\u00a0Oznacza to, \u017ce Palesty\u0144czykami nadal b\u0119d\u0105 rz\u0105dzi\u0107 grupy terrorystyczne, kt\u00f3rych g\u0142\u00f3wnym celem jest wyeliminowanie Izraela niezale\u017cnie od ceny, jak\u0105 zap\u0142ac\u0105 Palesty\u0144czycy.\u00a0Autonomia Palesty\u0144ska twierdzi, \u017ce chce, aby Hamas by\u0142 cz\u0119\u015bci\u0105 jakiegokolwiek przysz\u0142ego rz\u0105du i prowadzi\u0142 Palesty\u0144czyk\u00f3w w kierunku dalszej przemocy, rozlewu krwi i katastrofy.<\/span><\/p>\n<p style=\"text-align: left;\">\n<span style=\"color: #000080;\">Gdy tylko wojna si\u0119 sko\u0144czy, pierwszym priorytetem Palesty\u0144czyk\u00f3w powinno by\u0107 zast\u0105pienie przera\u017caj\u0105cych przyw\u00f3dc\u00f3w, kt\u00f3rzy ci\u0105gn\u0119li ich z jednej\u00a0<em>nakby<\/em>\u00a0do drugiej.<\/span><\/p>\n<p style=\"text-align: left;\">\n<span style=\"color: #000080;\">Zacz\u0119\u0142o si\u0119 w Jordanii, gdzie pod koniec lat sze\u015b\u0107dziesi\u0105tych OWP pr\u00f3bowa\u0142a stworzy\u0107 pa\u0144stwo w pa\u0144stwie, doprowadzi\u0142a tam do\u00a0<em>nakby<\/em>, a nast\u0119pnie przenios\u0142a si\u0119 do Libanu, kt\u00f3ry palesty\u0144skie grupy zbrojne wykorzysta\u0142y jako platform\u0119 startow\u0105 do ataku na Izrael, zanim zosta\u0142y wydalony z kraju w 1982 r. za doprowadzenie tam do kolejnej\u00a0<em>nakby<\/em>.<\/span><\/p>\n<p style=\"text-align: left;\">\n<span style=\"color: #000080;\">Przez ostatnie trzydzie\u015bci lat przyw\u00f3dcy palesty\u0144scy zawiedli sw\u00f3j nar\u00f3d w niesamowitym stopniu.\u00a0Zamiast polepszy\u0107 ich \u017cycie, radykalizuj\u0105 ich przeciwko Izraelowi i zach\u0119caj\u0105 ich do wszczynania powsta\u0144 na Zachodnim Brzegu i miniwojen w Strefie Gazy, w wyniku kt\u00f3rych zgin\u0119\u0142y tysi\u0105ce Palesty\u0144czyk\u00f3w.\u00a0Je\u015bli Palesty\u0144czycy nie pozb\u0119d\u0105 si\u0119 tych despot\u00f3w, b\u0119d\u0105 nadal p\u0142aci\u0107 \u017cyciem swoim i swoich dzieci.<\/span><\/p>\n<\/div>\n<hr \/>\n<p style=\"text-align: left;\"><span style=\"color: #808080;\"><em><strong>Khaled Abu Toameh<\/strong> &#8211; urodzony w 1963 r. w Tulkarem na Zachodnim Brzegu, arabski dziennikarz, kt\u00f3remu wielokrotnie gro\u017cono \u015bmierci\u0105. Publikowa\u0142 mi\u0119dzy innymi w &#8220;The Jerusalem Post&#8221;, &#8220;Wall Street Journal&#8221;, &#8220;Sunday Times&#8221;, &#8220;U.S. News&#8221;, &#8220;World Report&#8221;, &#8220;World Tribune&#8221;, &#8220;Daily Express&#8221; i palesty\u0144skim dzienniku &#8220;Al-Fajr&#8221;. Od 1989 roku jest wsp\u00f3\u0142pracownikiem i konsultantem NBC News.<\/em><\/span><\/p>\n<hr style=\"height: 15px; background: #d0e6fa; width: 100%;\" \/>\n<div id=\"content\" class=\"content-alignment\">\n<div id=\"watch-description\" class=\"yt-uix-button-panel\">\n<div id=\"watch-description-text\" style=\"text-align: center;\">\n<p><em>Zawarto\u015b\u0107 publikowanych artyku\u0142\u00f3w i materia\u0142\u00f3w nie reprezentuje pogl\u0105d\u00f3w ani opinii Reunion&#8217;68,<\/em><em><br \/>\nani te\u017c webmastera Blogu Reunion&#8217;68, chyba ze jest to wyra\u017anie zaznaczone.<br \/>\nTwoje uwagi, linki, w\u0142asne artyku\u0142y lub wiadomo\u015bci prze\u015blij na adres:<br \/>\n<\/em><span style=\"color: #000080;\"><strong><em><a style=\"color: #000080;\" href=\"mailto:webmaster@reunion68.com\"><span style=\"text-decoration: underline;\">webmaster@reunion68.com<\/span><\/a><\/em><\/strong><\/span><\/p>\n<\/div>\n<\/div>\n<\/div>\n<hr style=\"width: 100%;\" \/>\n","protected":false},"excerpt":{"rendered":"<p>Zamiast dystansowa\u0107 si\u0119 od Hamasu, przyw\u00f3dcy Autonomii Palesty\u0144skiej (AP) w dalszym ci\u0105gu m\u00f3wi\u0105 o osi\u0105gni\u0119ciu \u201ejedno\u015bci\u201d z t\u0105 grup\u0105 terrorystyczn\u0105. Zapytany o powi\u0105zanie wsp\u00f3lnej sprawy z grup\u0105, kt\u00f3ra dopu\u015bci\u0142a si\u0119 okrucie\u0144stw wobec Izraelczyk\u00f3w, premier AP Mohammad Sztajjeh powiedzia\u0142, \u017ce \u015bwiat musi zapomnie\u0107 o masakrze, kt\u00f3ra mia\u0142a miejsce 7 pa\u017adziernika. Na zdj\u0119ciu: Sztajjeh przemawia podczas wywiadu [&hellip;]<\/p>\n","protected":false},"author":1,"featured_media":0,"comment_status":"closed","ping_status":"closed","sticky":false,"template":"","format":"standard","meta":[],"categories":[6],"tags":[26,24],"_links":{"self":[{"href":"https:\/\/www.reunion68.se\/index.php?rest_route=\/wp\/v2\/posts\/111283"}],"collection":[{"href":"https:\/\/www.reunion68.se\/index.php?rest_route=\/wp\/v2\/posts"}],"about":[{"href":"https:\/\/www.reunion68.se\/index.php?rest_route=\/wp\/v2\/types\/post"}],"author":[{"embeddable":true,"href":"https:\/\/www.reunion68.se\/index.php?rest_route=\/wp\/v2\/users\/1"}],"replies":[{"embeddable":true,"href":"https:\/\/www.reunion68.se\/index.php?rest_route=%2Fwp%2Fv2%2Fcomments&post=111283"}],"version-history":[{"count":4,"href":"https:\/\/www.reunion68.se\/index.php?rest_route=\/wp\/v2\/posts\/111283\/revisions"}],"predecessor-version":[{"id":111291,"href":"https:\/\/www.reunion68.se\/index.php?rest_route=\/wp\/v2\/posts\/111283\/revisions\/111291"}],"wp:attachment":[{"href":"https:\/\/www.reunion68.se\/index.php?rest_route=%2Fwp%2Fv2%2Fmedia&parent=111283"}],"wp:term":[{"taxonomy":"category","embeddable":true,"href":"https:\/\/www.reunion68.se\/index.php?rest_route=%2Fwp%2Fv2%2Fcategories&post=111283"},{"taxonomy":"post_tag","embeddable":true,"href":"https:\/\/www.reunion68.se\/index.php?rest_route=%2Fwp%2Fv2%2Ftags&post=111283"}],"curies":[{"name":"wp","href":"https:\/\/api.w.org\/{rel}","templated":true}]}}