{"id":111460,"date":"2024-03-12T18:09:17","date_gmt":"2024-03-12T16:09:17","guid":{"rendered":"http:\/\/www.reunion68.se\/?p=111460"},"modified":"2024-03-12T13:45:35","modified_gmt":"2024-03-12T11:45:35","slug":"16-09-87","status":"publish","type":"post","link":"https:\/\/www.reunion68.se\/?p=111460","title":{"rendered":"Joe Biden: Izraelowi wojna w Gazie szkodzi, nie pomaga"},"content":{"rendered":"<p><img decoding=\"async\" class=\"aligncenter\" src=\"https:\/\/www.dagensarena.se\/files\/2024\/02\/gaza-2024-920x480.jpeg\" width=\"100%\" \/><\/p>\n<hr \/>\n<h5 style=\"text-align: center;\"><a href=\"https:\/\/wyborcza.pl\/\" target=\"_blank\" rel=\"noopener noreferrer\"><img decoding=\"async\" class=\"center alignleft\" src=\"http:\/\/www.reunion68.com\/Biuletyn\/img\/wyborcza.png\" alt=\"\" width=\"35%\" \/><\/a><span style=\"text-decoration: underline; color: #000080;\"><span><strong><a style=\"color: #000080; text-decoration: underline;\" href=\"https:\/\/wyborcza.pl\/7,75399,30784713,joe-biden-izraelowi-wojna-w-gazie-szkodzi-nie-pomaga.html\" target=\"_blank\" rel=\"noopener noreferrer\">Joe Biden: Izraelowi wojna w Gazie szkodzi, nie pomaga<\/a><\/strong><\/span><\/span><\/h5>\n<p style=\"text-align: center;\"><span style=\"color: #000000;\"><strong>Marta Urz\u0119dowska<\/strong><\/span><\/p>\n<hr style=\"height: 15px; background: #d0e6fa; width: 100%;\" \/>\n<h4 class=\"text--lead \"><span style=\"color: #000000;\"><strong>Prezydent USA Joe Biden skrytykowa\u0142 izraelskiego premiera Benjamina Netanjahu, przekonuj\u0105c, \u017ce kontynuowanie wojny w Gazie bez skutecznego chronienia cywil\u00f3w szkodzi Izraelowi i jest &#8220;sprzeczne z tym, co Izrael reprezentuje&#8221;.<\/strong><\/span><\/h4>\n<div class=\"article--content article--content-free  \">\n<p class=\"text--paragraph\" style=\"text-align: left;\"><span style=\"color: #000080;\">&#8211; Premier Izraela Benjamin Netanjahu ma prawo broni\u0107 Izraela, ma prawo kontynuowa\u0107 walk\u0119 z Hamasem \u2013 przyzna\u0142 ameryka\u0144ski prezydent\u00a0<a style=\"color: #000080;\" href=\"https:\/\/wyborcza.pl\/0,128956.html?tag=Joe+Biden#anchorLink\">Joe Biden<\/a>\u00a0w weekendowym wywiadzie dla telewizji MSNBC. Odnosi\u0142 si\u0119 do wojny w Strefie Gazy rozp\u0119tanej atakiem Hamasu na Izrael z 7 pa\u017adziernika, podczas kt\u00f3rego palesty\u0144scy terrory\u015bci zabili 1,2 tys. os\u00f3b, a 250 porwali do Gazy.<\/span><\/p>\n<p class=\"text--paragraph\" style=\"text-align: left;\"><span style=\"color: #000080;\">W odpowiedzi izraelska armia prowadzi na miejscu naloty i inwazj\u0119 l\u0105dow\u0105, w kt\u00f3rych zgin\u0119\u0142o ju\u017c \u2013 wed\u0142ug \u017ar\u00f3de\u0142 Hamasu &#8211; ok. 31 tys. Palesty\u0144czyk\u00f3w, w wi\u0119kszo\u015bci cywil\u00f3w.<\/span><\/p>\n<h4 class=\"text--title font-head-700\"><strong>Biden do Izraela: Rafah b\u0119dzie czerwon\u0105 lini\u0105<\/strong><\/h4>\n<p class=\"text--paragraph\" style=\"text-align: left;\"><span style=\"color: #000080;\">Biden odni\u00f3s\u0142 si\u0119 do doniesie\u0144 o ogromnej liczbie cywilnych ofiar, podkre\u015blaj\u0105c, \u017ce Izraelczycy musz\u0105 skuteczniej chroni\u0107 palesty\u0144skich cywil\u00f3w. \u2013 Netanjahu musi, po prostu musi zwraca\u0107 baczniejsz\u0105 uwag\u0119 na \u015bmier\u0107 niewinnych ludzi b\u0119d\u0105c\u0105 konsekwencj\u0105 podejmowanych dzia\u0142a\u0144 \u2013 przekonywa\u0142 ameryka\u0144ski przyw\u00f3dca. \u2013 Szkodzi tym Izraelowi, bo to sprzeczne z tym, co Izrael reprezentuje, uwa\u017cam, \u017ce jest to du\u017cy b\u0142\u0105d \u2013 doda\u0142.<\/span><\/p>\n<p class=\"text--paragraph\" style=\"text-align: left;\"><span style=\"color: #000080;\">S\u0142owa Bidena pokazuj\u0105, \u017ce sojusznicy Izraela coraz bardziej niepokoj\u0105 si\u0119 o Palesty\u0144czyk\u00f3w w Gazie, kt\u00f3rych sytuacja w najbli\u017cszych dniach mo\u017ce si\u0119 jeszcze pogorszy\u0107. 10 marca rozpocz\u0105\u0142 si\u0119 ramadan, a izraelskie w\u0142adze zapowiada\u0142y wcze\u015bniej, \u017ce\u00a0 je\u015bli do tego czasu nie uda si\u0119 zawiesi\u0107 broni, przypuszcz\u0105 atak na Rafah. To miasto na po\u0142udniu Strefy Gazy, w kt\u00f3rym w tej chwili przebywa ok. 1,5 mln cywil\u00f3w, w wi\u0119kszo\u015bci koczuj\u0105cych w namiotach uchod\u017ac\u00f3w z innych cz\u0119\u015bci enklawy.<\/span><\/p>\n<p class=\"text--paragraph\" style=\"text-align: left;\"><span style=\"color: #000080;\">\u015awiat ostrzega, \u017ce inwazja l\u0105dowa w takich warunkach musi oznacza\u0107 du\u017c\u0105 liczb\u0119 cywilnych ofiar, Izraelczycy odpowiadaj\u0105, \u017ce zaatakowa\u0107 musz\u0105, bo na miejscu pozostaj\u0105 tysi\u0105ce aktywnych terroryst\u00f3w z Hamasu, a celem prowadzonej przez Izrael wojny jest ca\u0142kowite wyeliminowanie grupy \u2013 przynajmniej w samej Gazie.<\/span><\/p>\n<p class=\"text--paragraph\" style=\"text-align: left;\"><span style=\"color: #000080;\">Ameryka\u0144ski prezydent odni\u00f3s\u0142 si\u0119 w wywiadzie do kwestii ewentualnej inwazji na Rafah. Stwierdzi\u0142, \u017ce by\u0142aby to \u201eczerwona linia&#8221;, cho\u0107 jednocze\u015bnie zaznaczy\u0142, \u017ce \u201enigdy nie opu\u015bci Izraela&#8221;. \u2013 Obrona Izraela nadal pozostaje kluczowa, nie ma wi\u0119c takiej linii, za kt\u00f3r\u0105 odci\u0105\u0142bym ich od ca\u0142ej broni, tak, \u017ce nie chroni\u0142aby ich nawet \u017belazna Kopu\u0142a \u2013 przekonywa\u0142 Amerykanin, odnosz\u0105c si\u0119 do izraelskiej superskutecznej tarczy antyrakietowej.<\/span><\/p>\n<h4 class=\"text--title font-head-700\" style=\"text-align: left;\"><strong>Netanjahu w trudnej sytuacji. Izraelczycy zaczynaj\u0105 protestowa\u0107<\/strong><\/h4>\n<p class=\"text--paragraph\" style=\"text-align: left;\"><span style=\"color: #000080;\">Izraelski premier nie traci rezonu, mimo krytyki ze strony najwa\u017cniejszego sojusznika. W niedziel\u0119 wieczorem, w rozmowie z portalem Politico, w ostrych s\u0142owach skomentowa\u0142 wypowied\u017a Bidena. \u2013 Je\u015bli chodzi mu o to, \u017ce realizuj\u0119 jak\u0105\u015b prywatn\u0105 polityk\u0119 wbrew woli wi\u0119kszo\u015bci Izraelczyk\u00f3w, i \u017ce szkodzi to interesom Izraela, to w obu kwestiach si\u0119 myli \u2013 skwitowa\u0142. Odni\u00f3s\u0142 si\u0119 te\u017c do liczby ofiar w Strefie Gazy. Przekonywa\u0142, \u017ce w\u015br\u00f3d zabitych co najmniej 13 tys. to terrory\u015bci z Hamasu i innych ugrupowa\u0144, cho\u0107 nie poinformowa\u0142, sk\u0105d pochodz\u0105 te szacunki.<\/span><\/p>\n<p style=\"text-align: left;\"><span style=\"color: #000080;\">Sytuacja Netanjahu nie jest obecnie \u0142atwa. Cho\u0107 w\u015br\u00f3d Izraelczyk\u00f3w nie spada poparcie dla samej wojny w Gazie i wyeliminowania Hamasu, jednocze\u015bnie narasta oburzenie, \u017ce izraelskie w\u0142adze przez blisko p\u00f3\u0142 roku nie by\u0142y w stanie doprowadzi\u0107 do zwolnienia wszystkich zak\u0142adnik\u00f3w przetrzymywanych przez palesty\u0144skich terroryst\u00f3w.<\/span><\/p>\n<p class=\"text--paragraph\" style=\"text-align: left;\"><span style=\"color: #000080;\">W ramach siedmiodniowego rozejmu, kt\u00f3ry uda\u0142o si\u0119 wynegocjowa\u0107 w listopadzie ubieg\u0142ego roku, Hamas zwolni\u0142 ponad setk\u0119 porwanych w zamian za kilkuset palesty\u0144skich wi\u0119\u017ani\u00f3w siedz\u0105cych w izraelskich zak\u0142adach karnych. Terrory\u015bci wci\u0105\u017c nie zwolnili ok. 130 zak\u0142adnik\u00f3w. Wed\u0142ug \u017ar\u00f3de\u0142 cytowanych przez izraelskie media kilkudziesi\u0119ciu z nich nie \u017cyje \u2013 najpewniej zgin\u0119li z r\u0105k terroryst\u00f3w albo w izraelskich nalotach.<\/span><\/p>\n<p class=\"text--paragraph\" style=\"text-align: left;\"><span style=\"color: #000080;\">Pod koniec lutego za\u0142ama\u0142y si\u0119 prowadzone przez ostatnie tygodnie negocjacje w sprawie kolejnego rozejmu z udzia\u0142em po\u015brednik\u00f3w z Ameryki, Kataru i Egiptu. Wed\u0142ug Izraelczyk\u00f3w powodem fiaska jest stanowisko Hamasu: nie chcia\u0142 przekaza\u0107 listy kolejnych izraelskich zak\u0142adnik\u00f3w, kt\u00f3rzy w ramach zawieszenia broni mieliby odzyska\u0107 wolno\u015b\u0107.<\/span><\/p>\n<\/div>\n<p class=\"text--paragraph\" style=\"text-align: left;\"><span style=\"color: #000080;\">W efekcie w Izraelu zaczynaj\u0105 si\u0119 antyrz\u0105dowe protesty \u2013 w ostatni\u0105 sobot\u0119 demonstrowali m. in. mieszka\u0144cy Tel Awiwu, domagaj\u0105c si\u0119 przeprowadzenia wcze\u015bniejszych\u00a0<a style=\"color: #000080;\" href=\"https:\/\/wyborcza.pl\/0,128956.html?tag=wybory+2023#anchorLink\">wybor\u00f3w<\/a>.<\/span><\/p>\n<h4 class=\"text--title font-head-700\" style=\"text-align: left;\"><strong>\u015awiat zastanawia si\u0119, jak pom\u00f3c mieszka\u0144com Gazy<\/strong><\/h4>\n<p class=\"text--paragraph\" style=\"text-align: left;\"><span style=\"color: #000080;\">Sytuacja humanitarna w ca\u0142ej Strefie Gazy wci\u0105\u017c jest dramatyczna. ONZ i \u015awiatowa Organizacja Zdrowia alarmuj\u0105 w kolejnych o\u015bwiadczeniach, \u017ce mieszka\u0144com enklawy brakuje jedzenia, wody i lek\u00f3w, a dzieci zaczynaj\u0105 umiera\u0107 z g\u0142odu. W ostatni\u0105 sobot\u0119 ministerstwo zdrowia Strefy Gazy \u2013 powi\u0105zane z Hamasem \u2013 poda\u0142o, \u017ce w ci\u0105gu ostatnich dziesi\u0119ciu dni z niedo\u017cywienia i odwodnienia zmar\u0142y 23 osoby, w\u015br\u00f3d nich kilkoro dzieci.<\/span><\/p>\n<p class=\"text--paragraph\" style=\"text-align: left;\"><span style=\"color: #000080;\">Dostarczanie pomocy na miejsce jest bardzo trudne. Izraelczycy i Egipcjanie blokuj\u0105 enklaw\u0119 od lat, a odk\u0105d wybuch\u0142a wojna, przej\u015bciem w Rafah wpuszczana jest jedynie minimalna ilo\u015b\u0107 pomocy, kt\u00f3ra \u2013 zdaniem ekspert\u00f3w \u2013 zaspokaja jedynie u\u0142amek potrzeb miejscowych Palesty\u0144czyk\u00f3w. Teraz narasta niepok\u00f3j, \u017ce je\u015bli Izrael uderzy w Rafah, pomoc w og\u00f3le ustanie.<\/span><\/p>\n<div class=\"article--content article--content-paid \" style=\"text-align: left;\" data-progress-bar-content=\"\">\n<div class=\"paywall\">\n<p class=\"text--paragraph\"><span style=\"color: #000080;\">W dodatku na p\u00f3\u0142noc enklawy, gdzie nadal przebywaj\u0105 setki tysi\u0119cy cywil\u00f3w, pomoc nie dociera od miesi\u0119cy. W ostatnich tygodniach dostawy wstrzyma\u0142 nawet \u015awiatowy Program \u017bywno\u015bciowy, t\u0142umacz\u0105c, \u017ce nie jest w stanie zapanowa\u0107 nad chaosem przy dostarczaniu pomocy, a do medi\u00f3w trafi\u0142a dramatyczna historia z okolic miasta Gaza, gdzie ponad sto os\u00f3b zgin\u0119\u0142o, pr\u00f3buj\u0105c dosta\u0107 si\u0119 do ci\u0119\u017car\u00f3wek z pomoc\u0105. Nie jest jasne czy zgin\u0119li zadeptani przez t\u0142um i rozjechani przez ci\u0119\u017car\u00f3wki, czy zostali zabici przez izraelskich \u017co\u0142nierzy.<\/span><\/p>\n<p class=\"text--paragraph\"><span style=\"color: #000080;\">Z powodu k\u0142opot\u00f3w z dostarczeniem pomocy l\u0105dem, \u015bwiat pr\u00f3buje wesprze\u0107 Palesty\u0144czyk\u00f3w na inne sposoby. Zrzucanie pomocy z samolot\u00f3w w ostatnich dniach sko\u0144czy\u0142o si\u0119 tragicznie \u2013<a id=\"LinkArea:embed_link\" class=\"text--link \" style=\"color: #000080;\" title=\" kilka os\u00f3b zgin\u0119\u0142o przygniecionych zrzuconymi paczkami, nad kt\u00f3rymi nie otworzy\u0142y si\u0119 spadochrony.\u00a0\" href=\"https:\/\/wyborcza.pl\/7,75399,30778731,paczki-z-pomoca-spadly-na-ludzi-zabici-i-ranni-w-gazie.html#S.embed_link-K.C-B.1-L.1.zw\" rel=\"dofollow\" data-bd-viewability=\"1\" data-bd-viewability-id=\"embed_link\" data-bd-viewability-href=\"https:\/\/wyborcza.pl\/7,75399,30778731,paczki-z-pomoca-spadly-na-ludzi-zabici-i-ranni-w-gazie.html#S.embed_link-K.C-B.1-L.1.zw\">\u00a0kilka os\u00f3b zgin\u0119\u0142o przygniecionych zrzuconymi paczkami, nad kt\u00f3rymi nie otworzy\u0142y si\u0119 spadochrony.\u00a0<\/a><\/span><\/p>\n<p class=\"text--paragraph\"><span style=\"color: #000080;\">Amerykanie zapowiedzieli w ubieg\u0142ym tygodniu, \u017ce<a id=\"LinkArea:embed_link\" class=\"text--link \" style=\"color: #000080;\" title=\" zbuduj\u0105 w enklawie przysta\u0144, poprzez kt\u00f3r\u0105\" href=\"https:\/\/wyborcza.pl\/7,75399,30776097,amerykanie-zbuduja-w-gazie-przystan-by-dostarczac-wiecej-pomocy.html#S.embed_link-K.C-B.1-L.2.zw\" rel=\"dofollow\" data-bd-viewability=\"1\" data-bd-viewability-id=\"embed_link\" data-bd-viewability-href=\"https:\/\/wyborcza.pl\/7,75399,30776097,amerykanie-zbuduja-w-gazie-przystan-by-dostarczac-wiecej-pomocy.html#S.embed_link-K.C-B.1-L.2.zw\">\u00a0zbuduj\u0105 w enklawie przysta\u0144, poprzez kt\u00f3r\u0105<\/a><a id=\"LinkArea:embed_link\" class=\"text--link \" style=\"color: #000080;\" title=\"b\u0119dzie dociera\u0142a pomoc wysy\u0142ana morzem.\" href=\"https:\/\/wyborcza.pl\/7,75399,30776097,amerykanie-zbuduja-w-gazie-przystan-by-dostarczac-wiecej-pomocy.html#S.embed_link-K.C-B.1-L.3.zw\" rel=\"dofollow\" data-bd-viewability=\"1\" data-bd-viewability-id=\"embed_link\" data-bd-viewability-href=\"https:\/\/wyborcza.pl\/7,75399,30776097,amerykanie-zbuduja-w-gazie-przystan-by-dostarczac-wiecej-pomocy.html#S.embed_link-K.C-B.1-L.3.zw\">b\u0119dzie dociera\u0142a pomoc wysy\u0142ana morzem.<\/a> Przysta\u0144 zbuduj\u0105 \u017co\u0142nierze, kt\u00f3rzy ju\u017c zmierzaj\u0105 w region.<\/span><\/p>\n<\/div>\n<\/div>\n<hr style=\"height: 15px; background: #d0e6fa; width: 100%;\" \/>\n<div id=\"content\" class=\"content-alignment\">\n<div id=\"watch-description\" class=\"yt-uix-button-panel\">\n<div id=\"watch-description-text\" style=\"text-align: center;\">\n<p><em>Zawarto\u015b\u0107 publikowanych artyku\u0142\u00f3w i materia\u0142\u00f3w nie reprezentuje pogl\u0105d\u00f3w ani opinii Reunion&#8217;68,<\/em><em><br \/>\nani te\u017c webmastera Blogu Reunion&#8217;68, chyba ze jest to wyra\u017anie zaznaczone.<br \/>\nTwoje uwagi, linki, w\u0142asne artyku\u0142y lub wiadomo\u015bci prze\u015blij na adres:<br \/>\n<\/em><span style=\"color: #000080;\"><strong><em><a style=\"color: #000080;\" href=\"mailto:webmaster@reunion68.com\"><span style=\"text-decoration: underline;\">webmaster@reunion68.com<\/span><\/a><\/em><\/strong><\/span><\/p>\n<\/div>\n<\/div>\n<\/div>\n<hr style=\"width: 100%;\" \/>\n","protected":false},"excerpt":{"rendered":"<p>Joe Biden: Izraelowi wojna w Gazie szkodzi, nie pomaga Marta Urz\u0119dowska Prezydent USA Joe Biden skrytykowa\u0142 izraelskiego premiera Benjamina Netanjahu, przekonuj\u0105c, \u017ce kontynuowanie wojny w Gazie bez skutecznego chronienia cywil\u00f3w szkodzi Izraelowi i jest &#8220;sprzeczne z tym, co Izrael reprezentuje&#8221;. &#8211; Premier Izraela Benjamin Netanjahu ma prawo broni\u0107 Izraela, ma prawo kontynuowa\u0107 walk\u0119 z Hamasem [&hellip;]<\/p>\n","protected":false},"author":1,"featured_media":0,"comment_status":"closed","ping_status":"closed","sticky":false,"template":"","format":"standard","meta":[],"categories":[6],"tags":[26,24],"_links":{"self":[{"href":"https:\/\/www.reunion68.se\/index.php?rest_route=\/wp\/v2\/posts\/111460"}],"collection":[{"href":"https:\/\/www.reunion68.se\/index.php?rest_route=\/wp\/v2\/posts"}],"about":[{"href":"https:\/\/www.reunion68.se\/index.php?rest_route=\/wp\/v2\/types\/post"}],"author":[{"embeddable":true,"href":"https:\/\/www.reunion68.se\/index.php?rest_route=\/wp\/v2\/users\/1"}],"replies":[{"embeddable":true,"href":"https:\/\/www.reunion68.se\/index.php?rest_route=%2Fwp%2Fv2%2Fcomments&post=111460"}],"version-history":[{"count":6,"href":"https:\/\/www.reunion68.se\/index.php?rest_route=\/wp\/v2\/posts\/111460\/revisions"}],"predecessor-version":[{"id":111470,"href":"https:\/\/www.reunion68.se\/index.php?rest_route=\/wp\/v2\/posts\/111460\/revisions\/111470"}],"wp:attachment":[{"href":"https:\/\/www.reunion68.se\/index.php?rest_route=%2Fwp%2Fv2%2Fmedia&parent=111460"}],"wp:term":[{"taxonomy":"category","embeddable":true,"href":"https:\/\/www.reunion68.se\/index.php?rest_route=%2Fwp%2Fv2%2Fcategories&post=111460"},{"taxonomy":"post_tag","embeddable":true,"href":"https:\/\/www.reunion68.se\/index.php?rest_route=%2Fwp%2Fv2%2Ftags&post=111460"}],"curies":[{"name":"wp","href":"https:\/\/api.w.org\/{rel}","templated":true}]}}