{"id":111496,"date":"2024-03-15T18:09:36","date_gmt":"2024-03-15T16:09:36","guid":{"rendered":"http:\/\/www.reunion68.se\/?p=111496"},"modified":"2024-03-15T14:29:00","modified_gmt":"2024-03-15T12:29:00","slug":"19-09-95","status":"publish","type":"post","link":"https:\/\/www.reunion68.se\/?p=111496","title":{"rendered":"Jak dzia\u0142a \u201eprzebudzony\u201d antysemityzm"},"content":{"rendered":"<p style=\"text-align: center;\"><img decoding=\"async\" class=\"aligncenter\" src=\"https:\/\/upload.wikimedia.org\/wikipedia\/commons\/thumb\/0\/07\/Under_The_Skin_-_Jonathan_Glazer_%289723034506%29_%28cropped%29.jpg\/250px-Under_The_Skin_-_Jonathan_Glazer_%289723034506%29_%28cropped%29.jpg\" width=\"75%\" \/><span style=\"color: #808080;\"><em>Brytyjski re\u017cyser filmowy Jonathan Glazer (\u0179r\u00f3d\u0142o zdj\u0119cia: Wikipedia)<\/em><\/span><\/p>\n<hr \/>\n<h5 style=\"text-align: center;\"><a href=\"http:\/\/www.listyznaszegosadu.pl\/\" target=\"_blank\" rel=\"noopener noreferrer\"><img decoding=\"async\" class=\"center alignleft\" src=\"http:\/\/www.reunion68.com\/Biuletyn\/img\/z-naszego.jpg\" alt=\"\" width=\"50%\" \/><\/a><span style=\"text-decoration: underline; color: #000080;\"><span style=\"text-decoration: underline;\"><strong><a style=\"color: #000080; text-decoration: underline;\" href=\"http:\/\/www.listyznaszegosadu.pl\/brunatna-fala\/jak-dziala-a-przebudzony-antysemityzmzdobywca-nagrody-filmowej-za-film-o-holokauscie-wykorzystal-swoja-chwile-na-scenie-do-zasygnalizowania-swojego-sprzeciwu-wobec-izraela-i-milczacego-wsparcia-dla-wspallczesnych-nazistalw\" target=\"_blank\" rel=\"noopener noreferrer\">Jak dzia\u0142a \u201eprzebudzony\u201d antysemityzm<\/a><\/strong><\/span><\/span><\/h5>\n<p style=\"text-align: center;\"><span style=\"color: #000000;\"><strong>Jonathan S. Tobin<\/strong><\/span><\/p>\n<p style=\"text-align: center;\"><span style=\"color: #000000;\"><span style=\"color: #808080;\"><em>T\u0142umaczenie: <\/em><\/span><strong>Ma\u0142gorzata Koraszewska<\/strong><\/span><\/p>\n<hr style=\"height: 15px; background: #d0e6fa; width: 100%;\" \/>\n<div>\n<h4 style=\"text-align: center;\"><strong>Zdobywca nagrody filmowej za film o Holokau\u015bcie wykorzysta\u0142 swoj\u0105 chwil\u0119 na scenie do zasygnalizowania swojego sprzeciwu wobec Izraela i milcz\u0105cego wsparcia dla wsp\u00f3\u0142czesnych nazist\u00f3w.<\/strong><\/h4>\n<div class=\"templateArticleIngress\" style=\"text-align: left;\"><span style=\"color: #000080;\">Je\u015bli nie jeste\u015b zapalonym kinomanem, by\u0107 mo\u017ce nie s\u0142ysza\u0142e\u015b o Jonathanie Glazerze przed jego momentem s\u0142awy\u00a0podczas tegorocznej ceremonii wr\u0119czenia Oscar\u00f3w.\u00a0Po tym, jak \u201eStrefa interes\u00f3w\u201d \u2013 niezwykle chwalony film o komendancie obozu zag\u0142ady w Auschwitz, lu\u017ano oparty na powie\u015bci Martina Amisa pod tym samym tytu\u0142em \u2013 otrzyma\u0142 Oscara za najlepszy mi\u0119dzynarodowy film fabularny, Glazer pojawi\u0142 si\u0119 na scenie wraz z reszt\u0105 zespo\u0142u produkcyjnego, aby odebra\u0107 trofea.\u00a0Stoj\u0105c z producentem Jamesem Wilsonem i ich sponsorem finansowym, miliarderem Leonardem Blavatnikiem, Glazer, kt\u00f3ry napisa\u0142 scenariusz i wyre\u017cyserowa\u0142 film, zdecydowa\u0142 si\u0119 nie wypowiada\u0107 spontanicznie, ale zamiast tego odczyta\u0142 nast\u0119puj\u0105ce o\u015bwiadczenie:<\/span><\/div>\n<div><\/div>\n<div class=\"templateArticleBrodtext\">\n<blockquote>\n<p style=\"text-align: left;\"><strong>\u201eNasz film pokazuje, dok\u0105d prowadzi dehumanizacja w najgorszym wydaniu. Ukszta\u0142towa\u0142o to ca\u0142\u0105 nasz\u0105 przesz\u0142o\u015b\u0107 i tera\u017aniejszo\u015b\u0107.\u00a0W tej chwili stoimy tutaj jako ludzie, kt\u00f3rzy zaprzeczaj\u0105 swojej \u017cydowsko\u015bci podczas Holokaustu porwanego przez okupacj\u0119, kt\u00f3ra doprowadzi\u0142a do konfliktu dla tak wielu niewinnych ludzi.\u00a0Czy to ofiary 7 pa\u017adziernika w Izraelu, czy trwaj\u0105cy atak na Gaz\u0119 \u2013 wszystkie ofiary tej dehumanizacji, jak mo\u017cemy si\u0119 przeciwstawi\u0107?\u201d<\/strong><\/p>\n<\/blockquote>\n<p style=\"text-align: left;\"><span style=\"color: #000080;\">Pomijaj\u0105c pokr\u0119con\u0105 sk\u0142adni\u0119 tych zda\u0144, to, co powiedzia\u0142 Glazer, nie by\u0142o jedynie g\u0142\u0119boko obra\u017aliwe.\u00a0Oznacza\u0142o to nowy dno w staczaniu si\u0119 Hollywoodu w modne racjonalizacje nienawi\u015bci do \u017byd\u00f3w.\u00a0Pokaza\u0142 nam tak\u017ce, jak dzia\u0142a nowy \u201eprzebudzony\u201d antysemityzm, zw\u0142aszcza gdy jego chor\u0105\u017cymi s\u0105 \u017bydzi, kt\u00f3rzy maj\u0105 niewielki lub \u017caden zwi\u0105zek ze swoim dziedzictwem.\u00a0Jako taki by\u0142 to klasycznym przyk\u0142adem momentu \u201e ja jako \u017byd\u201d, w kt\u00f3rym ludzie odwo\u0142uj\u0105 si\u0119 do swojej \u017cydowskiej to\u017csamo\u015bci, by pot\u0119pia\u0107 innych \u017byd\u00f3w.<\/span><\/p>\n<h4><strong><br \/>\nKto \u201eporwa\u0142\u201d Holokaust?<\/strong><\/h4>\n<p style=\"text-align: left;\"><span style=\"color: #000080;\">Glazer nakr\u0119ci\u0142 film o eksterminacji \u017byd\u00f3w w Auschwitz i w niedziel\u0119 wieczorem obsypano go pochwa\u0142ami i wszelkimi dobrodziejstwami finansowymi, zawodowymi i spo\u0142ecznymi, jakie za tym id\u0105. To mu jednak nie wystarczy\u0142o. Postanowi\u0142 u\u017cy\u0107 swojego odwo\u0142ania si\u0119 do najbole\u015bniejszego momentu w historii \u017cydowskiej do oczernienia Izraela i \u017byd\u00f3w.<\/span><\/p>\n<p style=\"text-align: left;\"><span style=\"color: #000080;\">\u0141\u0105czenie Holokaustu z izraelsk\u0105 kampani\u0105 w Strefie Gazy maj\u0105c\u0105 na celu wykorzenienie organizacji, kt\u00f3ra dopu\u015bci\u0142a si\u0119 okrucie\u0144stw pope\u0142nionych 7 pa\u017adziernika na spo\u0142eczno\u015bciach \u017cydowskich w po\u0142udniowym Izraelu, oznacza wywr\u00f3cenie historii do g\u00f3ry nogami. Udawanie, \u017ce to \u017bydzi s\u0105 dzisiejszymi nazistami, a nie Hamas i jego palesty\u0144scy zwolennicy, jest wielkim k\u0142amstwem.\u00a0To Palesty\u0144czycy z Hamasu nios\u0105 obecnie pochodni\u0119 plan\u00f3w Adolfa Hitlera dotycz\u0105cych ludob\u00f3jstwa narodu \u017cydowskiego, jak to wyra\u017anie okre\u015blono w ich statucie i ca\u0142ej ich propagandzie, kt\u00f3ra ma na celu zniszczenie Izraela i rze\u017a jego ludno\u015bci.\u00a0Tego rodzaju taktyka inwersji jest \u2013 jak\u00a0<a style=\"color: #000080;\" href=\"https:\/\/holocaustremembrance.com\/resources\/working-definition-antisemitism\" target=\"_blank\" rel=\"noopener noreferrer\">jasno wynika z roboczej definicji<\/a>\u00a0tego terminu przyj\u0119tej przez Mi\u0119dzynarodowy Sojusz na rzecz Pami\u0119ci o Holokau\u015bcie (IHRA) \u2013 podr\u0119cznikowym antysemityzmem.<\/span><\/p>\n<p style=\"text-align: left;\"><span style=\"color: #000080;\">M\u00f3wienie o \u201eokupacji\u201d w tym kontek\u015bcie oznacza u\u017cycie tego s\u0142owa w spos\u00f3b, w jaki Palesty\u0144czycy go wykorzystuj\u0105.\u00a0Kiedy m\u00f3wi\u0105 \u201eokupacja\u201d, maj\u0105 na my\u015bli odrodzenie pa\u0144stwa \u017cydowskiego w 1948 roku i odnosz\u0105 si\u0119 do ca\u0142ego Izraela, jak to zupe\u0142nie wyra\u017anie m\u00f3wi Hamas.<\/span><\/p>\n<p style=\"text-align: left;\"><span style=\"color: #000080;\">Co wi\u0119cej, m\u00f3wi\u0105c o \u201eokupacji\u201d, kt\u00f3ra \u201eporwa\u0142a\u201d Holokaust, Glazer u\u017cywa\u0142 starannie dobranego j\u0119zyka, aby poprze\u0107 kanon, jakoby istnienie jedynego pa\u0144stwa \u017cydowskiego na planecie by\u0142o wynikiem wykorzystania przez \u017byd\u00f3w nazistowskiej kampanii eksterminacji, kt\u00f3r\u0105 przedstawi\u0142 na filmie.\u00a0Syjoni\u015bci nie \u201eporwali\u201d Holokaustu, aby pom\u00f3c w stworzeniu pa\u0144stwa \u017cydowskiego. Ugruntowali \u017cydowskie prawa historyczne do swojej staro\u017cytnej ojczyzny, kt\u00f3rej nigdy nie porzucili.\u00a0Zamordowanie 6 milion\u00f3w \u017byd\u00f3w, kt\u00f3rym brakowa\u0142o si\u0142y, jak\u0105 dawa\u0142o im suwerenne pa\u0144stwo i kt\u00f3rzy nie mieli bezpiecznego schronienia, do kt\u00f3rego mogliby si\u0119 uda\u0107, by\u0142o dowodem na to, \u017ce ustanowienie takiego pa\u0144stwa by\u0142o konieczne i sprawiedliwe.<\/span><\/p>\n<p style=\"text-align: left;\"><span style=\"color: #000080;\">Je\u015bli kto\u015b \u201eporwa\u0142\u201d Holokaust, to by\u0142 to Glazer.<\/span><\/p>\n<p style=\"text-align: left;\"><span style=\"color: #000080;\">Twierdzenie, \u017ce \u201eokupacja\u201d doprowadzi\u0142a do obecnego konfliktu, jest r\u00f3wnie\u017c k\u0142amstwem, je\u015bli odnosi si\u0119 do przej\u0119cia przez Izrael kontroli nad Jude\u0105 i Samari\u0105, Jerozolim\u0105 lub Stref\u0105 Gazy podczas wojny sze\u015bciodniowej w 1967 r. lub do tego, czy \u017bydzi maj\u0105 tam prawo do \u017cycia.\u00a0Strefa Gazy nie by\u0142a \u201eokupowana\u201d 7 pa\u017adziernika. Izrael wycofa\u0142 z niej wszystkich \u017co\u0142nierzy, osadnik\u00f3w i osady w 2005 roku i od tego czasu by\u0142a pod ka\u017cdym wzgl\u0119dem niezale\u017cnym pa\u0144stwem palesty\u0144skim, z wyj\u0105tkiem nazwy.\u00a0A traktowanie najwi\u0119kszego masowego morderstwa \u017byd\u00f3w od czasu Holokaustu w palesty\u0144skiej orgii rzezi, gwa\u0142t\u00f3w, tortur i porwa\u0144 7 pa\u017adziernika jako analogiczne do wysi\u0142k\u00f3w Izraela maj\u0105cych na celu wykorzenienie terroryst\u00f3w, jest r\u00f3wnie absurdalne, jak jest niemoralne.\u00a0Stawia morderc\u00f3w na tym samym poziomie moralnym, co tych, kt\u00f3rzy chc\u0105 ich powstrzyma\u0107 przed ponownym mordowaniem.<\/span><\/p>\n<p style=\"text-align: left;\"><span style=\"color: #000080;\">I co innego m\u00f3g\u0142 Glazer mie\u0107 na my\u015bli, m\u00f3wi\u0105c, \u017ce on i jego koledzy \u201eodrzucamy nasz\u0105 \u017cydowsko\u015b\u0107\u201d w zwi\u0105zku z t\u0105 \u201eokupacj\u0105\u201d poza pr\u00f3b\u0105 oddzielenia \u017byd\u00f3w i judaizmu od Izraela i jego wysi\u0142k\u00f3w we w\u0142asnej obronie?<\/span><\/p>\n<p style=\"text-align: left;\"><span style=\"color: #000080;\">Ale o to w\u0142a\u015bnie chodzi w sygnalizowaniu cn\u00f3t przez obwieszczenia pod has\u0142em \u201eja jako \u017byd\u201d.\u00a0Takie protesty, kt\u00f3re maj\u0105 na celu odr\u00f3\u017cnienie \u201edobrych\u201d \u017byd\u00f3w, kt\u00f3rzy chc\u0105 powiedzie\u0107 \u015bwiatu, \u017ce nie chc\u0105 mie\u0107 nic wsp\u00f3lnego z \u201ez\u0142ymi\u201d \u017bydami w Izraelu i tymi, kt\u00f3rzy ich wspieraj\u0105, s\u0105 teraz szczeg\u00f3lnie wa\u017cne.\u00a0S\u0105 istotnym elementem nowej wersji antysemityzmu zakorzenionej w toksycznych ideach krytycznej teorii rasy i intersekcjonalno\u015bci, w kt\u00f3rej \u015bwiat jest podzielony pomi\u0119dzy dwie wiecznie walcz\u0105ce grupy: \u201ebia\u0142ych\u201d prze\u015bladowc\u00f3w i \u201eludzi kolorowych\u201d, kt\u00f3rzy s\u0105 ich ofiarami.<\/span><\/p>\n<p style=\"text-align: left;\"><span style=\"color: #000080;\">W tym \u015bwiatopogl\u0105dzie podyktowanym przez \u201eprzebudzony\u201d katechizm r\u00f3\u017cnorodno\u015bci, r\u00f3wno\u015bci i inkluzywno\u015bci (DEI) obowi\u0105zkiem cz\u0142onk\u00f3w klasy ciemi\u0119zc\u00f3w \u2013 kt\u00f3rzy wszyscy s\u0105 uwa\u017cani za winnych rasizmu tak samo jak najgorszy neonazista lub cz\u0142onek Ku Klux Klanu \u2013 jest odpokutowanie swoich zbrodni przez przyj\u0119cie \u201eantyrasizmu\u201d.\u00a0W ideologii DEI \u017bydzi i Izrael s\u0105 \u201ebia\u0142ymi ciemi\u0119\u017cycielami\u201d Palesty\u0144czyk\u00f3w, mimo \u017ce konflikt nie ma charakteru rasowego, a po\u0142owa wszystkich \u017cydowskich Izraelczyk\u00f3w sama jest \u201ekolorowymi lud\u017ami\u201d, poniewa\u017c ich korzenie si\u0119gaj\u0105 Afryki P\u00f3\u0142nocnej lub Bliskiego Wschodu.\u00a0Zatem \u201edobrzy\u201d \u017bydzi musz\u0105 pot\u0119pi\u0107 Izrael, niezale\u017cnie od tego, co zrobi on lub ci, kt\u00f3rzy chc\u0105 go zniszczy\u0107.<\/span><\/p>\n<p style=\"text-align: left;\"><span style=\"color: #000080;\">I to w\u0142a\u015bnie Glazer, a tak\u017ce ci, kt\u00f3rzy nosili czerwone przypinki \u2013 kt\u00f3re makabrycznie przypominaj\u0105 zakrwawione d\u0142onie palesty\u0144skiego Araba na s\u0142ynnej fotografii tego okropnego momentu, kiedy bra\u0142 udzia\u0142 w linczu dw\u00f3ch Izraelczyk\u00f3w na pocz\u0105tku drugiej intifady w 2000 roku. Glazer zrobi\u0142 to na znak poparcia natychmiastowego zawieszenia broni na tegorocznej ceremonii rozdania Oscar\u00f3w.<\/span><\/p>\n<h4><strong><br \/>\nPolityka na rozdawaniu Oscar\u00f3w<\/strong><\/h4>\n<p style=\"text-align: left;\"><span style=\"color: #000080;\">Nie ma nic nowego w tym, \u017ce zdobywcy Oscar\u00f3w wykorzystuj\u0105 ceremoni\u0119 transmitowan\u0105 przez mi\u0119dzynarodow\u0105 telewizj\u0119 do sygnalizowania swoich przekona\u0144 politycznych lub podkre\u015blania cel\u00f3w, kt\u00f3re wspieraj\u0105.\u00a0Przeszli\u015bmy d\u0142ug\u0105 drog\u0119 od chwili w 1973 roku, kiedy Marlon Brando zdecydowa\u0142, \u017ce Sacheen Littlefeather przyjmie przyznanego mu Oscara dla najlepszego aktora pierwszoplanowego za rol\u0119 w \u201eOjcu chrzestnym\u201d, by podkre\u015bli\u0107 swoje wsparcie dla trudnej sytuacji rdzennych Amerykan\u00f3w.\u00a0Kiedy kobieta ubrana w okrycie ze sk\u00f3ry jelenia stan\u0119\u0142a na podium, zosta\u0142a wygwizdana przez publiczno\u015b\u0107.\u00a0Ale jak wszyscy w Hollywood, Littlefeather tylko odgrywa\u0142a rol\u0119.\u00a0<a style=\"color: #000080;\" href=\"https:\/\/www.sfchronicle.com\/opinion\/openforum\/article\/Sacheen-Littlefeather-oscar-Native-pretendian-17520648.php\" target=\"_blank\" rel=\"noopener noreferrer\">Okaza\u0142o si\u0119<\/a>,\u00a0\u017ce nie by\u0142a, jak twierdzi\u0142a, cz\u0142onkiem plemienia Apacz\u00f3w z Bia\u0142ej G\u00f3ry ani \u017cadn\u0105 rdzenn\u0105 Amerykank\u0105, cho\u0107 wysz\u0142o to na jaw dopiero po jej \u015bmierci.<\/span><\/p>\n<p style=\"text-align: left;\"><span style=\"color: #000080;\">Pi\u0119\u0107 lat p\u00f3\u017aniej, kiedy Vanessa Redgrave przyj\u0119\u0142a nagrod\u0119 dla najlepszej aktorki drugoplanowej za \u201eJuli\u0119\u201d, wykorzysta\u0142a sw\u00f3j moment, aby pot\u0119pi\u0107 \u201esyjonistycznych chuligan\u00f3w\u201d, kt\u00f3rzy protestowali przeciwko jej wsparciu dla terroryst\u00f3w Organizacji Wyzwolenia Palestyny, grupy kt\u00f3ra d\u0105\u017cy\u0142a do zniszczenia Izraela.\u00a0W dalszej cz\u0119\u015bci programu pisarz Paddy Chayefsky \u2013 sam trzykrotny zdobywca Oscara, a tak\u017ce weteran wojny z nazistami i zdecydowany zwolennik Izraela \u2013\u00a0stanowczo\u00a0<a style=\"color: #000080;\" href=\"https:\/\/www.youtube.com\/watch?v=JupkXrn1ahU&amp;t=120s\" target=\"_blank\" rel=\"noopener noreferrer\">odrzuci\u0142\u00a0<\/a>s\u0142owa Redgrave, ku aplauzie obecnych.<\/span><\/p>\n<p style=\"text-align: left;\"><span style=\"color: #000080;\">Ale to, co wtedy wydawa\u0142o si\u0119 szokuj\u0105ce, teraz jest codzienno\u015bci\u0105.\u00a0W ostatnich latach, gdy prawie wszyscy zwi\u0105zani z przemys\u0142em rozrywkowym s\u0105 coraz bardziej zaj\u0119ci demonstrowaniem swojego przywi\u0105zania do modnych lewicowych idei (lub s\u0105 zdecydowani ukrywa\u0107 swoje rzeczywiste przekonania, je\u015bli tak nie jest), polityka podczas ceremonii wr\u0119czenia Oscar\u00f3w jest rzecz\u0105 oczywist\u0105.\u00a0A najlepszym sposobem na zdobycie przychylno\u015bci \u201eprzebudzonego\u201d t\u0142umu, kt\u00f3ry zawsze jest gotowy rozszarpa\u0107 w oczach opinii publicznej ka\u017cdego, kto nie zgadza si\u0119 z obecn\u0105 ortodoksj\u0105, jest og\u0142oszenie w\u0142asnej wierno\u015bci jej sprawom.\u00a0Nie by\u0142o s\u0142ycha\u0107 buczenia ani zaprzeczenia s\u0142owom Glazera ze strony kt\u00f3regokolwiek z aktor\u00f3w i filmowc\u00f3w, kt\u00f3rzy p\u00f3\u017aniej pojawili si\u0119 na scenie.<\/span><\/p>\n<p style=\"text-align: left;\"><span style=\"color: #000080;\">Dlatego tak wielu w Hollywood pod\u0105\u017ca za przyk\u0142adem politycznych progresist\u00f3w i fa\u0142szywie okre\u015bla wysi\u0142ki Izraela maj\u0105ce na celu zapewnienie, \u017ce nie b\u0119dzie wi\u0119cej pogrom\u00f3w z 7 pa\u017adziernika, mianem \u201eludob\u00f3jstwa\u201d.\u00a0Traktuj\u0105 wojn\u0119 w Gazie jako niewybaczaln\u0105 zbrodni\u0119 zamiast kampani\u0119 niezb\u0119dn\u0105, je\u015bli pok\u00f3j ma kiedykolwiek mie\u0107 szans\u0119 na Bliskim Wschodzie.<\/span><\/p>\n<h4><strong><br \/>\nWalka z nazistami kiedy\u015b i dzi\u015b<\/strong><\/h4>\n<p style=\"text-align: left;\"><span style=\"color: #000080;\">Niema\u0142a to ironia losu, \u017ce masowi mordercy przedstawieni w \u201eStrefie interes\u00f3w\u201d zostali pokonani i postawieni przed s\u0105dem tylko dzi\u0119ki \u017co\u0142nierzom i lotnikom alianckim, kt\u00f3rzy stan\u0119li przed tym samym dylematem, przed jakim stoi dzisiaj Izrael.\u00a0W 1945 r., gdy wojska ameryka\u0144skie, brytyjskie i radzieckie zbli\u017ca\u0142y si\u0119 do ostatnich twierdz nazistowskich, Niemcy nie chcieli uzna\u0107 swojej nieuniknionej pora\u017cki i walczyli do samego ko\u0144ca.\u00a0Podobnie jak gdzie indziej, zmusili Armi\u0119 Czerwon\u0105 do walki o ka\u017cd\u0105 ulic\u0119 i dom w Berlinie.\u00a0W wyniku alianckich bombardowa\u0144 i rozbicia III Rzeszy zgin\u0119\u0142o dwa miliony niemieckich cywil\u00f3w, a w samym tylko Berlinie w ostatnich tygodniach wojny zgin\u0119\u0142o a\u017c 125 tysi\u0119cy ludzi.<\/span><\/p>\n<p style=\"text-align: left;\"><span style=\"color: #000080;\">Cho\u0107 te liczby mog\u0105 brzmie\u0107 okropnie, przyzwoici ludzie na ca\u0142ym \u015bwiecie rozumieli, \u017ce przysz\u0142o\u015b\u0107 cywilizacji wymaga pokonania nazist\u00f3w, a je\u015bli to oznacza\u0142o, \u017ce niemieccy cywile musz\u0105 zgin\u0105\u0107, to trudno.\u00a0Wiedzieli, \u017ce ogromne straty w\u015br\u00f3d ludno\u015bci cywilnej (znacznie przewy\u017cszaj\u0105ce nawet\u00a0<a style=\"color: #000080;\" href=\"https:\/\/www.tabletmag.com\/sections\/news\/articles\/how-gaza-health-ministry-fakes-casualty-numbers\" target=\"_blank\" rel=\"noopener noreferrer\">w\u0105tpliwe dane<\/a>\u00a0podawane przez Hamas na temat liczby zabitych w obecnej wojnie) by\u0142y cen\u0105, jak\u0105 nar\u00f3d niemiecki musia\u0142 zap\u0142aci\u0107 za to, \u017ce da\u0142 si\u0119 kierowa\u0107 ludob\u00f3jczemu ruchowi, kt\u00f3ry wi\u0119kszo\u015b\u0107 jego obywateli wspiera\u0142a, jak d\u0142ugo nazi\u015bci wygrywali wojn\u0119.<\/span><\/p>\n<p style=\"text-align: left;\"><span style=\"color: #000080;\">Palesty\u0144czycy i Hamas s\u0105 dzi\u015b w podobnej sytuacji.\u00a0Ich ideologia nienawi\u015bci do \u017byd\u00f3w niewiele r\u00f3\u017cni si\u0119 od ideologii nazist\u00f3w przedstawionej w filmie Glazera.\u00a0Ich zbrodnie 7 pa\u017adziernika zosta\u0142y pope\u0142nione w ramach bezwstydnego przejawu barbarzy\u0144stwa, kt\u00f3re ludzie zarz\u0105dzaj\u0105cy Auschwitz faktycznie starali si\u0119 ukry\u0107 przed \u015bwiatem.\u00a0Poniewa\u017c jednak \u201eprzebudzona\u201d ideologia uwa\u017ca Palesty\u0144czyk\u00f3w za intersekcjonalne ofiary, a Izraelczyk\u00f3w za ich prze\u015bladowc\u00f3w, modna opinia jest nieugi\u0119ta, \u017ce wojna maj\u0105ca na celu wykorzenienie Hamasu musi si\u0119 zako\u0144czy\u0107, a \u017bydzi musz\u0105 w przysz\u0142o\u015bci zosta\u0107 poddani wi\u0119kszym okrucie\u0144stwom, je\u015bli nie zosta\u0107 zabici i pozbawieni swojej ojczyzny \u201eod rzeki do morza\u201d, jak \u017c\u0105daj\u0105 tego proterrorystyczne t\u0142umy.<\/span><\/p>\n<p style=\"text-align: left;\"><span style=\"color: #000080;\">Niestety, w 2024 r. nie by\u0142o dumnego \u017byda, kt\u00f3ry w dalszej cz\u0119\u015bci ceremonii zaprzeczy\u0142by i pot\u0119pi\u0142 Glazera, tak jak Chayefsky zrobi\u0142 to reaguj\u0105c na wyst\u0105pienie Redgrave w 1978 r. Steven Spielberg mia\u0142 szans\u0119 co\u015b powiedzie\u0107, ale zdecydowa\u0142 si\u0119 trzyma\u0107 swojego scenariusza.\u00a0We wsp\u00f3\u0142czesnym Hollywood skargi, \u017ce \u017bydzi s\u0105 wymazywani przez \u201eprzebudzony\u201d katechizm, kt\u00f3ry jest nierozerwalnie powi\u0105zany z antysemityzmem w nowej\u00a0<a style=\"color: #000080;\" href=\"https:\/\/www.jns.org\/the-real-problem-with-the-oscars-woke-dei-standards\/\" target=\"_blank\" rel=\"noopener noreferrer\">religii \u201er\u00f3\u017cnorodno\u015bci\u201d Oscar\u00f3w,<\/a>\u00a0s\u0105 ignorowane.\u00a0To celebryci \u201ejako \u017bydzi\u201d wyg\u0142aszaj\u0105 swoje nienawistne kazania z ambony, a ci, kt\u00f3rzy opowiadaliby si\u0119 za sprawiedliwo\u015bci\u0105 sprawy Izraela, s\u0105 marginalizowani.<\/span><\/p>\n<p style=\"text-align: left;\"><span style=\"color: #000080;\">Ludzie tacy jak Glazer, kt\u00f3rych wysi\u0142ki maj\u0105 na celu pom\u00f3c przetrwa\u0107 i zwyci\u0119\u017cy\u0107 grupom wsp\u00f3\u0142cze\u015bnie praktykuj\u0105cym ludob\u00f3jstwo \u017byd\u00f3w \u2013 i to \u201ejako \u017bydzi\u201d \u2013 s\u0105 ha\u0144b\u0105 i zas\u0142uguj\u0105 na to, by w historii wspomina\u0107 ich z pot\u0119pieniem wraz z najgorszymi przyk\u0142adami tych, kt\u00f3rzy zdradzili w\u0142asny nar\u00f3d.\u00a0Ilustruj\u0105 tak\u017ce moraln\u0105 deprawacj\u0119 artyst\u00f3w i intelektualist\u00f3w, kt\u00f3rzy zostali porwani przez ideologi\u0119 umo\u017cliwiaj\u0105c\u0105 zjadliw\u0105 form\u0119 antysemityzmu udaj\u0105cego obron\u0119 praw cz\u0142owieka.<\/span><\/p>\n<\/div>\n<\/div>\n<hr \/>\n<p style=\"text-align: left;\"><span style=\"color: #808080;\"><em><strong>Jonathan S. Tobin<\/strong> jest redaktorem naczelnym ameryka\u0144skiego magazynu JNS (Jewish News Syndicate).<\/em><\/span><\/p>\n<hr style=\"height: 15px; background: #d0e6fa; width: 100%;\" \/>\n<div id=\"content\" class=\"content-alignment\">\n<div id=\"watch-description\" class=\"yt-uix-button-panel\">\n<div id=\"watch-description-text\" style=\"text-align: center;\">\n<p><em>Zawarto\u015b\u0107 publikowanych artyku\u0142\u00f3w i materia\u0142\u00f3w nie reprezentuje pogl\u0105d\u00f3w ani opinii Reunion&#8217;68,<\/em><em><br \/>\nani te\u017c webmastera Blogu Reunion&#8217;68, chyba ze jest to wyra\u017anie zaznaczone.<br \/>\nTwoje uwagi, linki, w\u0142asne artyku\u0142y lub wiadomo\u015bci prze\u015blij na adres:<br \/>\n<\/em><span style=\"color: #000080;\"><strong><em><a style=\"color: #000080;\" href=\"mailto:webmaster@reunion68.com\"><span style=\"text-decoration: underline;\">webmaster@reunion68.com<\/span><\/a><\/em><\/strong><\/span><\/p>\n<\/div>\n<\/div>\n<\/div>\n<hr style=\"width: 100%;\" \/>\n","protected":false},"excerpt":{"rendered":"<p>Brytyjski re\u017cyser filmowy Jonathan Glazer (\u0179r\u00f3d\u0142o zdj\u0119cia: Wikipedia) Jak dzia\u0142a \u201eprzebudzony\u201d antysemityzm Jonathan S. Tobin T\u0142umaczenie: Ma\u0142gorzata Koraszewska Zdobywca nagrody filmowej za film o Holokau\u015bcie wykorzysta\u0142 swoj\u0105 chwil\u0119 na scenie do zasygnalizowania swojego sprzeciwu wobec Izraela i milcz\u0105cego wsparcia dla wsp\u00f3\u0142czesnych nazist\u00f3w. Je\u015bli nie jeste\u015b zapalonym kinomanem, by\u0107 mo\u017ce nie s\u0142ysza\u0142e\u015b o Jonathanie Glazerze przed [&hellip;]<\/p>\n","protected":false},"author":1,"featured_media":0,"comment_status":"closed","ping_status":"closed","sticky":false,"template":"","format":"standard","meta":[],"categories":[6],"tags":[26,24],"_links":{"self":[{"href":"https:\/\/www.reunion68.se\/index.php?rest_route=\/wp\/v2\/posts\/111496"}],"collection":[{"href":"https:\/\/www.reunion68.se\/index.php?rest_route=\/wp\/v2\/posts"}],"about":[{"href":"https:\/\/www.reunion68.se\/index.php?rest_route=\/wp\/v2\/types\/post"}],"author":[{"embeddable":true,"href":"https:\/\/www.reunion68.se\/index.php?rest_route=\/wp\/v2\/users\/1"}],"replies":[{"embeddable":true,"href":"https:\/\/www.reunion68.se\/index.php?rest_route=%2Fwp%2Fv2%2Fcomments&post=111496"}],"version-history":[{"count":8,"href":"https:\/\/www.reunion68.se\/index.php?rest_route=\/wp\/v2\/posts\/111496\/revisions"}],"predecessor-version":[{"id":111529,"href":"https:\/\/www.reunion68.se\/index.php?rest_route=\/wp\/v2\/posts\/111496\/revisions\/111529"}],"wp:attachment":[{"href":"https:\/\/www.reunion68.se\/index.php?rest_route=%2Fwp%2Fv2%2Fmedia&parent=111496"}],"wp:term":[{"taxonomy":"category","embeddable":true,"href":"https:\/\/www.reunion68.se\/index.php?rest_route=%2Fwp%2Fv2%2Fcategories&post=111496"},{"taxonomy":"post_tag","embeddable":true,"href":"https:\/\/www.reunion68.se\/index.php?rest_route=%2Fwp%2Fv2%2Ftags&post=111496"}],"curies":[{"name":"wp","href":"https:\/\/api.w.org\/{rel}","templated":true}]}}