{"id":111566,"date":"2024-03-17T18:00:00","date_gmt":"2024-03-17T16:00:00","guid":{"rendered":"http:\/\/www.reunion68.se\/?p=111566"},"modified":"2024-03-17T13:38:49","modified_gmt":"2024-03-17T11:38:49","slug":"21-09-95","status":"publish","type":"post","link":"https:\/\/www.reunion68.se\/?p=111566","title":{"rendered":"Magdalena Kusztal odwo\u0142ana z Instytutu Polskiego w Tel Awiwie. MSZ t\u0142umaczy to &#8220;ocen\u0105 dzia\u0142a\u0144&#8221;"},"content":{"rendered":"<p style=\"text-align: center;\"><img decoding=\"async\" class=\"aligncenter\" src=\"https:\/\/bi.im-g.pl\/im\/18\/c0\/17\/z24906776AMP,Magdalena-Kusztal-.jpg\" width=\"100%\" \/><span style=\"color: #808080;\"><em>Magdalena Kusztal. (Fot. Pawe\u0142 Ma\u0142ecki \/ Agencja Wyborcza.pl)<\/em><\/span><\/p>\n<hr \/>\n<h5 style=\"text-align: center;\"><a href=\"https:\/\/kielce.wyborcza.pl\/\" target=\"_blank\" rel=\"noopener noreferrer\"><img decoding=\"async\" class=\"center alignleft\" src=\"http:\/\/www.reunion68.com\/Biuletyn\/img\/wyborcza.png\" alt=\"\" width=\"35%\" \/><\/a><span style=\"text-decoration: underline; color: #000080;\"><strong><a style=\"color: #000080; text-decoration: underline;\" href=\"https:\/\/kielce.wyborcza.pl\/kielce\/7,47262,30800788,magdalena-kusztal-odwolana-z-instytutu-polskiego-w-tel-awiwie.html\" target=\"_blank\" rel=\"noopener noreferrer\">Magdalena Kusztal odwo\u0142ana z Instytutu Polskiego w Tel Awiwie. MSZ t\u0142umaczy to &#8220;ocen\u0105 dzia\u0142a\u0144&#8221;<\/a><\/strong><\/span><\/h5>\n<p style=\"text-align: center;\"><span style=\"color: #000000;\"><strong>Grzegorz Walczak<\/strong><\/span><\/p>\n<hr style=\"height: 15px; background: #d0e6fa; width: 100%;\" \/>\n<div class=\"text--lead \" style=\"text-align: left;\" data-progress-bar-content=\"\"><span style=\"color: #000080;\">Nieca\u0142y rok kielczanka Magdalena Kusztal kierowa\u0142a Instytutem Polskim w Tel Awiwie. Niedawno, jak dowiedzia\u0142a si\u0119 &#8220;Wyborcza&#8221;, zosta\u0142a odwo\u0142ana ze stanowiska przez Ministerstwo Spraw Zagranicznych.<\/span><\/div>\n<div style=\"text-align: left;\" data-progress-bar-content=\"\"><\/div>\n<div class=\"text--lead \" style=\"text-align: left;\" data-progress-bar-content=\"\"><span style=\"color: #000080;\">Magdalena Kusztal, wieloletnia dyrektorka Kieleckiego Centrum Kultury, na stanowisko dyrektorki Instytutu Polskiego w Tel Awiwie zosta\u0142a powo\u0142ana na pocz\u0105tku marca 2023 roku. Otrzyma\u0142a stopie\u0144 dyplomatyczny radcy. Zachwala\u0142 j\u0105 sam Piotr Wawrzyk, w\u00f3wczas wiceszef MSZ oraz pose\u0142 Prawa i Sprawiedliwo\u015bci ze \u015awi\u0119tokrzyskiego, kt\u00f3ry kilka miesi\u0119cy p\u00f3\u017aniej zosta\u0142 bohaterem tzw. afery wizowej. &#8211; Ma do tego wyj\u0105tkowe kompetencje. Jest animatork\u0105 kultury, a tym g\u0142\u00f3wnie zajmuj\u0105 si\u0119 Instytuty Polskie, animacj\u0105 polskiej kultury w danym kraju oraz inicjowaniem i koordynowaniem wsp\u00f3\u0142pracy mi\u0119dzy oboma krajami. Trudno o lepsz\u0105 osob\u0119 &#8211; <a id=\"LinkArea:embed_link\" class=\"text--link \" style=\"color: #000080;\" title=\"rekomendowa\u0142 'Wyborczej'\" href=\"https:\/\/kielce.wyborcza.pl\/kielce\/7,47262,29532433,byla-szefowa-kck-objela-stanowisko-dyplomatyczne-w-izraelu.html#S.embed_link-K.C-B.1-L.1.zw\" rel=\"dofollow\" data-bd-viewability=\"1\" data-bd-viewability-id=\"embed_link\" data-bd-viewability-href=\"https:\/\/kielce.wyborcza.pl\/kielce\/7,47262,29532433,byla-szefowa-kck-objela-stanowisko-dyplomatyczne-w-izraelu.html#S.embed_link-K.C-B.1-L.1.zw\">rekomendowa\u0142 &#8220;Wyborczej&#8221;<\/a>\u00a0now\u0105 szefow\u0105 instytutu.<\/span><\/div>\n<p class=\"text--paragraph\" style=\"text-align: left;\"><span style=\"color: #000080;\">Niedawno, po blisko roku piastowania funkcji, Magdalena Kusztal zosta\u0142a jednak odwo\u0142ana.<\/span><\/p>\n<h4 class=\"text--title font-head-700\" style=\"text-align: left;\"><strong>Odwo\u0142anie Magdaleny Kusztal. &#8220;Ocena dzia\u0142a\u0144&#8221; i &#8220;najpilniejsze potrzeby&#8221;<\/strong><\/h4>\n<p class=\"text--paragraph\" style=\"text-align: left;\"><span style=\"color: #000080;\">Przyznaje to biuro prasowe rzecznika MSZ.<\/span><\/p>\n<p class=\"text--paragraph\" style=\"text-align: left;\"><span style=\"color: #000080;\">&#8220;Na podstawie informacji przekazanych przez Biuro Spraw Osobowych MSZ potwierdzamy, \u017ce bior\u0105c pod uwag\u0119 ocen\u0119 dzia\u0142a\u0144 oraz najpilniejsze potrzeby polskiej s\u0142u\u017cby zagranicznej w obszarze dyplomacji publicznej oraz promocji kulturalnej, Pani Magdalena Kusztal zosta\u0142a odwo\u0142ana ze stanowiska Dyrektora Instytutu Polskiego w Tel Awiwie z dniem 29 lutego 2024 r&#8221; &#8211; czytamy w przes\u0142anej nam odpowiedzi.<\/span><\/p>\n<p class=\"text--paragraph\" style=\"text-align: left;\"><span style=\"color: #000080;\">MSZ nie wskazuje, co konkretnie kryje si\u0119 pod &#8220;ocen\u0105 dzia\u0142a\u0144&#8221; i &#8220;najpilniejszymi potrzebami&#8221;.<\/span><\/p>\n<p class=\"text--paragraph\" style=\"text-align: left;\"><span style=\"color: #000080;\">Wiadomo, \u017ce pe\u0142ni\u0105c\u0105 obowi\u0105zki dyrektora zosta\u0142a Anna Raduchowska-Brochwicz, dotychczasowa wicedyrektor. Z odwo\u0142an\u0105 dyrektork\u0105 nie uda\u0142o nam si\u0119 w pi\u0105tek skontaktowa\u0107.<\/span><\/p>\n<h4 class=\"text--title font-head-700\" style=\"text-align: left;\"><strong>Przez wiele lat by\u0142a dyrektork\u0105 KCK<\/strong><\/h4>\n<p class=\"text--paragraph\" style=\"text-align: left;\"><span style=\"color: #000080;\">Magdalena Kusztal przez wiele lat kierowa\u0142a Kieleckim Centrum Kultury. W 2019 roku zosta\u0142a dyrektorem Departamentu Kultury i Dziedzictwa Narodowego Urz\u0119du Marsza\u0142kowskiego w Kielcach po tym, jak Prawo i Sprawiedliwo\u015b\u0107 przej\u0119\u0142o w\u0142adz\u0119 w Sejmiku Wojew\u00f3dztwa \u015awi\u0119tokrzyskiego. Stanowisko dyrektorskie w urz\u0119dzie marsza\u0142kowskim straci\u0142a na pocz\u0105tku 2022 roku, ale formalnie pracowa\u0142a tam jeszcze do wakacji. Wtedy przesz\u0142a do podleg\u0142ej marsza\u0142kowi Wojew\u00f3dzkiej Biblioteki Publicznej.<\/span><\/p>\n<hr style=\"height: 15px; background: #d0e6fa; width: 100%;\" \/>\n<div id=\"content\" class=\"content-alignment\">\n<div id=\"watch-description\" class=\"yt-uix-button-panel\">\n<div id=\"watch-description-text\" style=\"text-align: center;\">\n<p><em>Zawarto\u015b\u0107 publikowanych artyku\u0142\u00f3w i materia\u0142\u00f3w nie reprezentuje pogl\u0105d\u00f3w ani opinii Reunion&#8217;68,<\/em><em><br \/>\nani te\u017c webmastera Blogu Reunion&#8217;68, chyba ze jest to wyra\u017anie zaznaczone.<br \/>\nTwoje uwagi, linki, w\u0142asne artyku\u0142y lub wiadomo\u015bci prze\u015blij na adres:<br \/>\n<\/em><span style=\"color: #000080;\"><strong><em><a style=\"color: #000080;\" href=\"mailto:webmaster@reunion68.com\"><span style=\"text-decoration: underline;\">webmaster@reunion68.com<\/span><\/a><\/em><\/strong><\/span><\/p>\n<\/div>\n<\/div>\n<\/div>\n<hr style=\"width: 100%;\" \/>\n","protected":false},"excerpt":{"rendered":"<p>Magdalena Kusztal. (Fot. Pawe\u0142 Ma\u0142ecki \/ Agencja Wyborcza.pl) Magdalena Kusztal odwo\u0142ana z Instytutu Polskiego w Tel Awiwie. MSZ t\u0142umaczy to &#8220;ocen\u0105 dzia\u0142a\u0144&#8221; Grzegorz Walczak Nieca\u0142y rok kielczanka Magdalena Kusztal kierowa\u0142a Instytutem Polskim w Tel Awiwie. Niedawno, jak dowiedzia\u0142a si\u0119 &#8220;Wyborcza&#8221;, zosta\u0142a odwo\u0142ana ze stanowiska przez Ministerstwo Spraw Zagranicznych. Magdalena Kusztal, wieloletnia dyrektorka Kieleckiego Centrum Kultury, [&hellip;]<\/p>\n","protected":false},"author":1,"featured_media":0,"comment_status":"closed","ping_status":"closed","sticky":false,"template":"","format":"standard","meta":[],"categories":[6],"tags":[26,24],"_links":{"self":[{"href":"https:\/\/www.reunion68.se\/index.php?rest_route=\/wp\/v2\/posts\/111566"}],"collection":[{"href":"https:\/\/www.reunion68.se\/index.php?rest_route=\/wp\/v2\/posts"}],"about":[{"href":"https:\/\/www.reunion68.se\/index.php?rest_route=\/wp\/v2\/types\/post"}],"author":[{"embeddable":true,"href":"https:\/\/www.reunion68.se\/index.php?rest_route=\/wp\/v2\/users\/1"}],"replies":[{"embeddable":true,"href":"https:\/\/www.reunion68.se\/index.php?rest_route=%2Fwp%2Fv2%2Fcomments&post=111566"}],"version-history":[{"count":4,"href":"https:\/\/www.reunion68.se\/index.php?rest_route=\/wp\/v2\/posts\/111566\/revisions"}],"predecessor-version":[{"id":111574,"href":"https:\/\/www.reunion68.se\/index.php?rest_route=\/wp\/v2\/posts\/111566\/revisions\/111574"}],"wp:attachment":[{"href":"https:\/\/www.reunion68.se\/index.php?rest_route=%2Fwp%2Fv2%2Fmedia&parent=111566"}],"wp:term":[{"taxonomy":"category","embeddable":true,"href":"https:\/\/www.reunion68.se\/index.php?rest_route=%2Fwp%2Fv2%2Fcategories&post=111566"},{"taxonomy":"post_tag","embeddable":true,"href":"https:\/\/www.reunion68.se\/index.php?rest_route=%2Fwp%2Fv2%2Ftags&post=111566"}],"curies":[{"name":"wp","href":"https:\/\/api.w.org\/{rel}","templated":true}]}}