{"id":111591,"date":"2024-03-19T18:09:02","date_gmt":"2024-03-19T16:09:02","guid":{"rendered":"http:\/\/www.reunion68.se\/?p=111591"},"modified":"2024-03-18T08:24:22","modified_gmt":"2024-03-18T06:24:22","slug":"22-09-90","status":"publish","type":"post","link":"https:\/\/www.reunion68.se\/?p=111591","title":{"rendered":"Odwaga bia\u0142ej flagi i m\u00f3j Pozna\u0144"},"content":{"rendered":"<p style=\"text-align: center;\"><img decoding=\"async\" class=\"aligncenter\" src=\"https:\/\/studioopinii.pl\/wp-content\/uploads\/2024\/03\/papiez-franciuszek-ten-w-bialej-sukience-z-prez.jpeg\" width=\"100%\"><span style=\"color: #808080;\"><em>Papie\u017c Franciuszek (ten w bia\u0142ej sukience), z prezydentem Brazylii Luizem Ignacio Lul\u0105 da Silva rozmawiaj\u0105cy o pokojowym zako\u0144czeniu wojny \u201emi\u0119dzy\u201d Rosj\u0105 a Ukrain\u0105. (\u0179r\u00f3d\u0142o: Wikipedia.)<\/em><\/span><\/p>\n<hr>\n<h5 style=\"text-align: center;\"><a href=\"archiwa\/241540\" target=\"_blank\" rel=\"noopener noreferrer\"><img decoding=\"async\" class=\"center alignleft\" src=\"http:\/\/www.reunion68.com\/Biuletyn\/img\/studio.png\" alt=\"\" width=\"35%\"><\/a><span style=\"text-decoration: underline; color: #000080;\"><strong><a style=\"color: #000080; text-decoration: underline;\" href=\"https:\/\/studioopinii.pl\/archiwa\/241540\" target=\"_blank\" rel=\"noopener noreferrer\">Odwaga bia\u0142ej flagi i m\u00f3j Pozna\u0144<\/a><\/strong><\/span><\/h5>\n<p style=\"text-align: center;\"><span style=\"color: #000000;\"><strong>Andrzej Koraszewski<\/strong><\/span><\/p>\n<hr style=\"height: 15px; background: #d0e6fa; width: 100%;\">\n<p style=\"text-align: left;\"><span style=\"color: #000080;\">Papie\u017c Franciszek powiedzia\u0142 w&nbsp;wywiadzie, \u017ce&nbsp;Ukraina powinna wykaza\u0107 si\u0119 \u2013 jak to&nbsp;okre\u015bli\u0142 \u2013 odwag\u0105 wywieszenia bia\u0142ej flagi i&nbsp;negocjowania zako\u0144czenia wojny z&nbsp;Rosj\u0105. Reakcje wydaj\u0105 si\u0119 do\u015b\u0107 jednolite i, delikatne m\u00f3wi\u0105c, niepochlebne. Trudno sobie wyobrazi\u0107, \u017ceby&nbsp;ten chrze\u015bcijanin powiedzia\u0142 to&nbsp;samo, ale&nbsp;kieruj\u0105c swoje s\u0142owa do&nbsp;Hamasu. Mam wra\u017cenie, \u017ce&nbsp;opinie by\u0142yby bardziej podzielone, jestem r\u00f3wnie\u017c pewien, \u017ce&nbsp;by\u0142oby wiele g\u0142os\u00f3w pot\u0119pienia. Papie\u017c oczekuje zawieszenia broni w&nbsp;Gazie, ale&nbsp;rozumie przez&nbsp;to&nbsp;wywieszenie bia\u0142ej flagi przez&nbsp;Izrael i&nbsp;umo\u017cliwienie Hamasowi przetrwanie.<\/span><\/p>\n<p style=\"text-align: left;\"><span style=\"color: #000080;\">Papie\u017c nie&nbsp;jest decydentem, jest celebryt\u0105 i&nbsp;producentem opinii. Amerykanie te\u017c maj\u0105 opinie i&nbsp;przekonuj\u0105, \u017ce&nbsp;g\u0142\u00f3wnym celem izraelskiego rz\u0105du powinna by\u0107 troska o&nbsp;Palesty\u0144czyk\u00f3w. U\u015bwiadamianie im, \u017ce&nbsp;g\u0142\u00f3wnym celem ka\u017cdego uczciwego rz\u0105du na&nbsp; \u015bwiecie jest bezpiecze\u0144stwo w\u0142asnych obywateli, jest bez&nbsp;sensu, bo&nbsp;oni m\u00f3wi\u0105 to&nbsp;co&nbsp;m\u00f3wi\u0105 nie&nbsp;dlatego, \u017ce&nbsp;tak&nbsp;my\u015bl\u0105, a&nbsp;dlatego, i\u017c&nbsp;s\u0105dz\u0105, \u017ce&nbsp;to&nbsp;jest s\u0142uszne z&nbsp;punktu widzenia ich kampanii prezydenckiej. Uczciwie m\u00f3wi\u0105c nie&nbsp;wiemy co&nbsp;my\u015bl\u0105 ludzie, kt\u00f3rzy&nbsp;m\u00f3wi\u0105, \u017ce&nbsp;my\u015bl\u0105 to, czy&nbsp;tamto.<\/span><\/p>\n<p style=\"text-align: left;\"><span style=\"color: #000080;\">Kiedy dziennikarz pisze o&nbsp;zagro\u017ceniu planety z&nbsp;powodu ocieplenia klimatu i&nbsp;ilustruje swoje przemy\u015blenia malunkiem statui wolno\u015bci zalanej przez&nbsp;morze do&nbsp;samej pochodni, mamy powody do&nbsp;zastanawiania si\u0119 nad&nbsp;ilorazem inteligencji os\u00f3b zarabiaj\u0105cych na&nbsp;chleb i&nbsp;kawior informowaniem nas o&nbsp;\u015bwiecie. Kiedy nasza \u201eGazeta Wyborcza\u201d informuje nas, \u017ce&nbsp;Palesty\u0144czycy jedz\u0105 traw\u0119 i&nbsp;ilustruje swoj\u0105 \u201einformacj\u0119\u201d zdj\u0119ciem pot\u0119\u017cnego t\u0142umu z&nbsp;wielkimi workami m\u0105ki z&nbsp;mi\u0119dzynarodowej pomocy, to&nbsp;nie&nbsp;musimy nawet szuka\u0107 dalej.<\/span><\/p>\n<p style=\"text-align: left;\"><span style=\"color: #000080;\">Wiemy, \u017ce&nbsp;dziennikarka nigdy nie&nbsp;ogl\u0105da\u0142a miejsc, gdzie jak pisa\u0142 Norwid ludzie \u201emr\u0105 z&nbsp;g\u0142odu\u201d i&nbsp;wiemy r\u00f3wnie\u017c, \u017ce&nbsp;nigdy nie&nbsp;widziano zdj\u0119\u0107 takich t\u0142um\u00f3w z&nbsp;workami \u017cywno\u015bci w&nbsp;\u017cadnym miejscu, gdzie jest prawdziwy kryzys \u017cywno\u015bciowy. Nie&nbsp;ma&nbsp;w\u0105tpliwo\u015bci, \u017ce&nbsp;nie&nbsp;tylko&nbsp;otrzymujemy informacje od&nbsp;niepoinformowanych, ale&nbsp;r\u00f3wnie\u017c, \u017ce&nbsp;jest to&nbsp;informacja g\u0142\u0119boko ska\u017cona uprzedzeniami i&nbsp;maj\u0105ca na&nbsp;celu pod\u017ceganie do&nbsp;nienawi\u015bci.<\/span><\/p>\n<p style=\"text-align: left;\"><span style=\"color: #000080;\">W&nbsp;Gazie nie&nbsp;ma&nbsp;g\u0142odu, chocia\u017c mog\u0105 by\u0107 rodziny maj\u0105ce powa\u017cnie utrudniony dost\u0119p do&nbsp;\u017cywno\u015bci dostarczanej przez&nbsp;mi\u0119dzynarodowe organizacje. Poniewa\u017c troska o&nbsp;naprawd\u0119 umieraj\u0105cych z&nbsp;g\u0142odu w&nbsp;innych miejscach jest \u015bladowa, a&nbsp;o&nbsp;mieszka\u0144c\u00f3w Gazy jest to&nbsp;troska sztandarowa, wi\u0119c&nbsp;domaganie aby Hamas wywiesi\u0142 bia\u0142\u0105 flag\u0119, natychmiast i&nbsp;bezwarunkowo zwr\u00f3ci\u0142 porwanych i&nbsp;zacz\u0105\u0142 negocjowa\u0107 warunki zako\u0144czenia wojny, uwa\u017cane by\u0142oby przez&nbsp;wielu za&nbsp;niemoralne.<\/span><\/p>\n<p style=\"text-align: left;\"><span style=\"color: #000080;\">Ameryka\u0144ski redaktor \u017cydowskiego magazynu&nbsp;<a class=\"extlink https\" style=\"color: #000080;\" href=\"https:\/\/www.jns.org\/the-problem-in-gaza-is-hamas-not-how-to-provide-aid\/\">pisze<\/a>:<\/span><\/p>\n<p style=\"text-align: left;\"><span style=\"color: #000080;\">\u201e<em>Jedynym powodem, dla kt\u00f3rego&nbsp;mieszka\u0144cy Gazy w&nbsp;dalszym ci\u0105gu cierpi\u0105, jest w\u0142a\u015bnie to, \u017ce&nbsp;spo\u0142eczno\u015b\u0107 mi\u0119dzynarodowa, media i&nbsp;rz\u0105d USA zosta\u0142y przekonane, aby traktowa\u0107 wp\u0142yw wojny (kt\u00f3ra&nbsp;rozpocz\u0119\u0142a si\u0119 7 pa\u017adziernika) na&nbsp;Palesty\u0144czyk\u00f3w, jako wa\u017cniejszy ni\u017c jej przyczyna. Jedyny spos\u00f3b, by&nbsp;to&nbsp;si\u0119 naprawd\u0119 sko\u0144czy\u0142o to&nbsp;ca\u0142kowita pora\u017cka Hamasu<\/em>.\u201d<\/span><\/p>\n<p style=\"text-align: left;\"><span style=\"color: #000080;\">Osobi\u015bcie nie&nbsp;znam przypadku tak&nbsp;intensywnej pomocy dla ludno\u015bci poszkodowanej przez&nbsp;wojn\u0119, jak w&nbsp;wojnie Izraela z&nbsp;ludob\u00f3jcz\u0105 organizacj\u0105. Nie&nbsp;jest pewne, czy&nbsp;to&nbsp;efekt wsp\u00f3\u0142czucia, czy&nbsp;wy\u0142\u0105cznie troski o&nbsp;przetrwanie terroryst\u00f3w. Je\u015bli za\u0142o\u017cymy autentyczne wsp\u00f3\u0142czucie, powinni\u015bmy zauwa\u017cy\u0107 (a&nbsp;mo\u017ce nawet oburza\u0107 si\u0119) nie&nbsp;tylko&nbsp;na&nbsp;kradzie\u017c \u017cywno\u015bci przez&nbsp;Hamas, nie&nbsp;tylko&nbsp;na&nbsp;dalsze ostrzeliwanie Izraela rakietami, ale&nbsp;r\u00f3wnie\u017c na&nbsp;terroryzowanie i&nbsp;mordowanie Palesty\u0144czyk\u00f3w wyra\u017caj\u0105cych gotowo\u015b\u0107 zawarcia pokoju z&nbsp;Izraelem.<\/span><\/p>\n<p style=\"text-align: left;\"><span style=\"color: #000080;\">Rz\u0105dy Hamasu s\u0105&nbsp;rz\u0105dami terroru skierowanego r\u00f3wnie\u017c przeciw w\u0142asnej ludno\u015bci. Wiemy, \u017ce&nbsp;znaczna cz\u0119\u015b\u0107 mieszka\u0144c\u00f3w Gazy popiera Hamas, wiemy, \u017ce&nbsp;gaza\u0144ska ulica na&nbsp;rze\u017a Izraelczyk\u00f3w 7 pa\u017adziernika zareagowa\u0142a orgi\u0105 rado\u015bci, ale&nbsp;wiemy r\u00f3wnie\u017c, \u017ce&nbsp;w&nbsp;przesz\u0142o\u015bci Palesty\u0144czycy, kt\u00f3rzy&nbsp;odwa\u017cali si\u0119 protestowa\u0107 przeciw Hamasowi byli wi\u0119zieni, torturowani i&nbsp;mordowani, \u017ce&nbsp;dla odstraszenia innych cia\u0142a Palesty\u0144czyk\u00f3w \u201epodejrzanych o&nbsp;kolaboracj\u0119\u201d, ci\u0105gni\u0119te by\u0142y za&nbsp;motocyklami ulicami Gazy. Bestialstwo Hamasu nie&nbsp;jest ograniczone do&nbsp;Izraelczyk\u00f3w.<\/span><\/p>\n<p style=\"text-align: left;\"><span style=\"color: #000080;\">Dzi\u015b, w&nbsp;obliczu kl\u0119ski, ten terror wobec w\u0142asnej ludno\u015bci nasili\u0142 si\u0119 jeszcze bardziej.<\/span><\/p>\n<p style=\"text-align: left;\"><span style=\"color: #000080;\">W&nbsp;styczniu w\u0142adze izraelskie przedstawi\u0142y plan, wed\u0142ug kt\u00f3rego&nbsp;po&nbsp;wyeliminowaniu Hamasu Izrael pozosta\u0142by w&nbsp;Gazie odpowiedziany za&nbsp;bezpiecze\u0144stwo, natomiast administracja cywilna by\u0142aby stopniowo przekazywana ludno\u015bci lokalnej, g\u0142\u00f3wnie poprzez miejscowe klany. Ten plan wywo\u0142a\u0142 natychmiastowe ostrze\u017cenia i&nbsp;gro\u017aby ze&nbsp;strony Hamasu. W&nbsp;czwartek 14 marca \u017ar\u00f3d\u0142a palesty\u0144skie powiedzia\u0142y, \u017ce&nbsp;Hamas dokona\u0142 egzekucji \u201eksi\u0119cia\u201d jednego z&nbsp;klan\u00f3w w&nbsp;mie\u015bcie Gaza. Jak&nbsp;<a class=\"extlink https\" style=\"color: #000080;\" href=\"https:\/\/www.jns.org\/hamas-executes-gaza-clan-prince-in-message-to-potential-collaborators\/\">pisze<\/a>&nbsp;izraelski dziennikarz Khaled Abu Toameh, jest to&nbsp;ostrze\u017cenie dla tych, kt\u00f3rzy&nbsp;rozwa\u017caj\u0105 wsp\u00f3\u0142prac\u0119 z&nbsp;Izraelem. Podczas gdy&nbsp;arabskie media powi\u0105zane z&nbsp;Katarem i&nbsp;Iranem zapewniaj\u0105, \u017ce&nbsp;nie&nbsp;ma&nbsp;na&nbsp;tak\u0105 wsp\u00f3\u0142prac\u0119 ch\u0119tnych, Toameh, (kt\u00f3ry&nbsp;jest Arabem i&nbsp;ma&nbsp;w&nbsp;Gazie \u017ar\u00f3d\u0142a niepowi\u0105zane z&nbsp;Hamasem) twierdzi, \u017ce&nbsp;s\u0105&nbsp;klany, kt\u00f3re zacz\u0119\u0142y rzuca\u0107 wyzwania Hamasowi, \u017ce&nbsp;niekt\u00f3re s\u0105&nbsp;dobrze zorganizowane i&nbsp;uzbrojone i&nbsp;zaczynaj\u0105 przejmowa\u0107 rol\u0119 stra\u017cy obywatelskiej zapobiegaj\u0105cej grabie\u017com i&nbsp;anarchii gang\u00f3w przest\u0119pczych. Podobno tylko&nbsp;raz odnotowano eskort\u0119 ci\u0119\u017car\u00f3wki z&nbsp;pomoc\u0105 humanitarn\u0105. Chwilowo terror Hamasu nadal odstrasza od&nbsp;takich pr\u00f3b.<\/span><\/p>\n<p style=\"text-align: left;\"><span style=\"color: #000080;\">W&nbsp;Niemczech jeszcze w&nbsp;kwietniu 1945 roku panowa\u0142o przekonanie, \u017ce&nbsp;wszyscy Niemcy popieraj\u0105 Hitlera. Po&nbsp;8 maja objawi\u0142y si\u0119 tysi\u0105ce przeciwnik\u00f3w, a&nbsp;w&nbsp;rok p\u00f3\u017aniej trudno by\u0142o spotka\u0107 kogokolwiek przyznaj\u0105cego si\u0119 do&nbsp;popierania nazizmu.<\/span><\/p>\n<p style=\"text-align: left;\"><span style=\"color: #000080;\">Jaki jest dzi\u015b rozk\u0142ad postaw i&nbsp;pogl\u0105d\u00f3w mieszka\u0144c\u00f3w Gazy tego nie&nbsp;wie nikt i&nbsp;jak d\u0142ugo dzia\u0142a terror Hamasu \u017cadne badania tego nie&nbsp;poka\u017c\u0105.<\/span><\/p>\n<p style=\"text-align: left;\"><span style=\"color: #000080;\">Jaka jest r\u00f3\u017cnica mi\u0119dzy Niemcami w&nbsp;1945 roku i&nbsp;Gaz\u0105 w&nbsp;2024 roku? Niemiecki nazizm budzi\u0142 odraz\u0119 ca\u0142ego zachodniego \u015bwiata, nazizm Hamasu budzi odra\u017caj\u0105c\u0105 sympati\u0119 ludzi bardziej i&nbsp;mniej wykszta\u0142conych z&nbsp;lewej i&nbsp;z&nbsp;prawej strony sceny politycznej. Kefija sta\u0142a si\u0119 symbolem poparcia dla nazistowskiego barbarzy\u0144stwa. W&nbsp;najbogatszych krajach \u015bwiata setki tysi\u0119cy ludzi wychodz\u0105 na&nbsp;ulice z&nbsp;\u017c\u0105daniem zawieszenia broni bez&nbsp;oddania porwanych Izraelczyk\u00f3w, bez&nbsp;z\u0142o\u017cenia broni przez&nbsp;Hamas, bez&nbsp;propozycji, \u017ceby&nbsp;Hamas podni\u00f3s\u0142 bia\u0142\u0105 flag\u0119, bez&nbsp;oskar\u017ce\u0144 pod&nbsp;adresem nazistowskiej organizacji. Przeciwnie ze&nbsp;wszystkich stron s\u0142yszy si\u0119 g\u0142osy pr\u00f3buj\u0105ce ukry\u0107 lub wybieli\u0107 zbrodnie Hamasu.<\/span><\/p>\n<p style=\"text-align: left;\"><span style=\"color: #000080;\">Polska wydaje si\u0119 wzorowa\u0107 na&nbsp;bardziej rozwini\u0119tych i&nbsp;bardziej cywilizowanych krajach. Poparcie dla Hamasu jest na&nbsp;naszych ulicach mniej liczne, w&nbsp;gazetach mniej jednoznaczne. Pot\u0119pienia Hamasu, Iranu, Hezbollahu s\u0105&nbsp;skromne i&nbsp;niepewne, obrona Izraela jest uwa\u017cana za&nbsp;nagann\u0105. Pytanie jakiegokolwiek dziennikarza medi\u00f3w g\u0142\u00f3wnego nurtu, ile rakiet wystrzelono w&nbsp;tym tygodniu na&nbsp;Izrael spotka\u0142oby si\u0119 ze&nbsp;zdziwionym wzrokiem i&nbsp;pochrz\u0105kiwaniem charakterystycznym dla tego gatunku. Ostatnio mieli\u015bmy ma\u0142o znacz\u0105cy, a&nbsp;jednak bardzo znamienny przypadek.<\/span><\/p>\n<p style=\"text-align: left;\"><span style=\"color: #000080;\">W&nbsp;Poznaniu zarz\u0105d Trzeciej Drogi&nbsp;<a class=\"extlink https\" style=\"color: #000080;\" href=\"https:\/\/gloswielkopolski.pl\/wybory-2024-niepochlebnie-wyrazil-sie-o-palestynczykach-przestal-byc-kandydatem-trzeciej-drogi-do-rady-miasta-poznania\/ar\/c1-18379459\">podj\u0105\u0142 decyzj\u0119 o&nbsp;usuni\u0119ciu z&nbsp;partii i&nbsp;z&nbsp;list wyborczych<\/a>&nbsp;do&nbsp;Rady Miejskiej Paw\u0142a Norberta Strzeleckiego. Czym zgrzeszy\u0142? Ot\u00f3\u017c m\u0142ody pozna\u0144ski prawnik zamie\u015bci\u0142 na&nbsp;swoim koncie X&nbsp;nast\u0119puj\u0105cy wpis:<\/span><\/p>\n<p style=\"text-align: left;\"><span style=\"color: #000080;\">\u201e<em>Ile razy Izrael od&nbsp;1948&nbsp;r. proponowa\u0142 Palesty\u0144czykom trwa\u0142y pok\u00f3j? Te&nbsp;prymitywy z&nbsp;Gazy wybra\u0142y wieczne przegrywanie wojen przegranych trzy pokolenia temu. Ich przyw\u00f3dcy terrory\u015bci musz\u0105 zgin\u0105\u0107&nbsp;<\/em>\u2013 napisa\u0142 na&nbsp;swoim koncie w&nbsp;serwisie X.\u201d<\/span><\/p>\n<p style=\"text-align: left;\"><span style=\"color: #000080;\">Wiem ile razy Palesty\u0144czycy mogli mie\u0107 swoje pa\u0144stwo i&nbsp;znam zbyt wiele g\u0142os\u00f3w Palesty\u0144czyk\u00f3w z&nbsp;Gazy przeklinaj\u0105cych Hamas, \u017ceby&nbsp;mnie ten wpis w&nbsp;najmniejszym stopniu m\u00f3g\u0142 oburzy\u0107. (Chocia\u017c autor jako prawnik m\u00f3g\u0142by postara\u0107 si\u0119 o&nbsp;wi\u0119ksz\u0105 precyzj\u0119 j\u0119zykow\u0105.)<\/span><\/p>\n<p style=\"text-align: left;\"><span style=\"color: #000080;\">Przedstawiciel partii \u201eRazem\u201d Micha\u0142 Kucharski zinterpretowa\u0142 to&nbsp;po&nbsp;swojemu i&nbsp;napisa\u0142 do&nbsp;przewodz\u0105cego Trzeciej Drodze w&nbsp;Poznaniu mecenasa Przemys\u0142awa Plewi\u0144skiego (z&nbsp;kopi\u0105 do&nbsp;prasy):<\/span><\/p>\n<p style=\"text-align: left;\"><span style=\"color: #000080;\">\u201e<em>Naprawd\u0119 chcecie na&nbsp;listach cz\u0142owieka, kt\u00f3ry&nbsp;domaga si\u0119 eksterminacji innego narodu?<\/em>\u201d<\/span><\/p>\n<p style=\"text-align: left;\"><span style=\"color: #000080;\">No&nbsp;c\u00f3\u017c, nie&nbsp;wiem jak Micha\u0142 Kucharski doszed\u0142 do&nbsp;wniosku, \u017ce&nbsp;s\u0142owa \u201eich przyw\u00f3dcy terrory\u015bci musz\u0105 zgin\u0105\u0107\u201d stanowi\u0105 wezwanie do&nbsp;eksterminacji narodu? Nie&nbsp;jest takim wezwaniem nawet napisane p\u00f3\u017aniej wezwanie: \u201eZabi\u0107 wszystkich terroryst\u00f3w\u201d.&nbsp; Interpretuj\u0105c to&nbsp;jako wezwanie do&nbsp;eksterminacji narodu palesty\u0144skiego, Kucharski wydaje si\u0119 s\u0105dzi\u0107, \u017ce&nbsp;wszyscy Palesty\u0144czycy to&nbsp;terrory\u015bci.<\/span><\/p>\n<p style=\"text-align: left;\"><span style=\"color: #000080;\">Polscy parlamentarzy\u015bci z&nbsp;udzia\u0142em przedstawicieli partii \u201eRazem\u201d&nbsp;<a style=\"color: #000080;\" href=\"https:\/\/studioopinii.pl\/archiwa\/223663\">pielgrzymowali przed&nbsp;dwoma laty do&nbsp;grobu Arafata<\/a>, a&nbsp;z&nbsp;Poznania towarzyszy\u0142 im&nbsp;\u00f3wczesny pose\u0142 do&nbsp;Sejmu Franciszek Starczewski. Partia \u201eRazem\u201d&nbsp;<a class=\"extlink https\" style=\"color: #000080;\" href=\"https:\/\/www.facebook.com\/razempoznan\/posts\/5647635541945592\/\">nie&nbsp;ukrywa<\/a> swojej sympatii ani dla Organizacji Wyzwolenia Palestyny, ani dla Hamasu. Oczywi\u015bcie nie cytuj\u0105 ani statutu OWP ani Karty Hamasu, ale ch\u0119tnie powtarzaj\u0105 ludob\u00f3jcze has\u0142o \u201eod rzeki do morza Palestyna b\u0119dzie wolna\u201d. To has\u0142o jest faktycznym wezwaniem do ludob\u00f3jstwa ca\u0142ego narodu, za\u015b przyw\u00f3dcy palesty\u0144scy nie tylko wychowuj\u0105 m\u0142ode pokolenie na fanatycznych morderc\u00f3w, nie tylko zach\u0119caj\u0105 do ci\u0105g\u0142ego ostrzeliwania izraelskich cywil\u00f3w, zamach\u00f3w na \u017cycie, do podpale\u0144 i zniszcze\u0144, ale 7 pa\u017adziernika pokazali, \u017ce codzienne ataki to tylko przygrywka do planowanego ludob\u00f3jstwa na pe\u0142n\u0105 skal\u0119.<\/span><\/p>\n<p style=\"text-align: center;\">\n<img decoding=\"async\" class=\"wp-image-241543 aligncenter\" src=\"https:\/\/studioopinii.pl\/wp-content\/uploads\/2024\/03\/poznanscy-czlonkowie-partii-razem-wiecuja-na-rze.png\" sizes=\"(max-width: 837px) 100vw, 837px\" srcset=\"https:\/\/studioopinii.pl\/wp-content\/uploads\/2024\/03\/poznanscy-czlonkowie-partii-razem-wiecuja-na-rze.png 400w, https:\/\/studioopinii.pl\/wp-content\/uploads\/2024\/03\/poznanscy-czlonkowie-partii-razem-wiecuja-na-rze-150x150.png 150w, https:\/\/studioopinii.pl\/wp-content\/uploads\/2024\/03\/poznanscy-czlonkowie-partii-razem-wiecuja-na-rze-115x115.png 115w\" alt=\"Pozna\u0144scy cz\u0142onkowie partii \u201eRazem\u201d wiecuj\u0105 na rzecz wolnej Palestyny (\u0179r\u00f3d\u0142o: Facebook 17 maja 2021r.)\" width=\"100%\" data-hasqtip=\"2\" aria-describedby=\"qtip-2\"><span style=\"color: #808080;\"><em>Pozna\u0144scy cz\u0142onkowie partii \u201eRazem\u201d wiecuj\u0105 na rzecz wolnej Palestyny (\u0179r\u00f3d\u0142o: Facebook 17 maja 2021r.)<\/em><\/span><\/p>\n<p style=\"text-align: left;\"><span style=\"color: #000080;\">Interpretacja wpisu kandydata Trzeciej Drogi przez&nbsp;kogo\u015b z&nbsp;partii \u201eRazem\u201d nie&nbsp;wywo\u0142uje zdziwienia. Gorzej, \u017ce&nbsp;zarz\u0105d pozna\u0144skiego oddzia\u0142u Trzeciej Drogi i&nbsp;staraj\u0105cy si\u0119 o&nbsp;urz\u0105d prezydenta miasta Poznania mecenas Przemys\u0142aw Plewi\u0144ski doszli do&nbsp;wniosku, \u017ce&nbsp;jedyn\u0105 drog\u0105 jest po\u0142\u0105czenie si\u0119 w&nbsp;tej&nbsp;sprawie razem z&nbsp;kolegami z&nbsp;partii \u201eRazem\u201d i&nbsp;wydalenie swojego kandydata.<\/span><\/p>\n<p style=\"text-align: left;\"><span style=\"color: #000080;\">W&nbsp;sprawie Izraela nies\u0142ychanie cz\u0119sto jeste\u015bmy \u015bwiadkami, jak ludzie otwarcie deklaruj\u0105cy zamiar ludob\u00f3jstwa zarzucaj\u0105 ludob\u00f3jstwo tym, kt\u00f3rych&nbsp;zabijaj\u0105 i&nbsp;obiecuj\u0105 wymordowa\u0107 do&nbsp;ostatniego. W&nbsp;Islamskiej Republice Iranu oddzia\u0142y Stra\u017cnik\u00f3w Rewolucji Islamskiej pozdrawiaj\u0105 si\u0119 nazistowskim salutem. Ten salut jest u\u017cywany przez&nbsp;wszystkie milicje wspierane przez&nbsp;Iran. Hezbollah, Huti, Hamas i&nbsp;inne. Trzeba bardzo du\u017co z\u0142ej woli, \u017ceby&nbsp;zarzuca\u0107 Izraelowi zamiar eksterminacji narodu palesty\u0144skiego, ale&nbsp;w&nbsp;tym przypadku nawet nie&nbsp;o&nbsp;to&nbsp;chodzi. Chodzi o&nbsp;interpretacj\u0119 zdania, kt\u00f3rego&nbsp;cz\u0142owiek z&nbsp;\u201eRazem\u201d nie&nbsp;umia\u0142 poprawnie przeczyta\u0107, a&nbsp;ludzie z&nbsp;Trzeciej Drogi albo&nbsp;dali si\u0119 sterroryzowa\u0107, albo&nbsp;te\u017c podzielaj\u0105 te&nbsp;same sentymenty.<\/span><\/p>\n<p style=\"text-align: left;\"><span style=\"color: #000080;\">Mimo wszystko sprawa jest znacznie powa\u017cniejsza ni\u017cby si\u0119 mog\u0142o zdawa\u0107. \u201eG\u0142os Wielkopolski\u201d poinformowa\u0142, \u017ce&nbsp;Pawe\u0142 Strzelecki wykasowa\u0142 sw\u00f3j wpis (daj\u0105c tym samym do&nbsp;zrozumienia, \u017ce&nbsp;sam uzna\u0142, i\u017c&nbsp;racja moralna jest po&nbsp;stronie oskar\u017cycieli). Okaza\u0142o si\u0119 jednak, \u017ce&nbsp;nie&nbsp;mia\u0142 takiego zamiaru, nigdy wpisu nie&nbsp;kasowa\u0142, algorytm firmy META ograniczy\u0142 jego widoczno\u015b\u0107. (Nie&nbsp;jest to&nbsp;pierwszy przypadek dzia\u0142ania algorytmu z&nbsp;silnymi przekonaniami.)<\/span><\/p>\n<p style=\"text-align: left;\"><span style=\"color: #000080;\">Izrael walczy dzi\u015b o&nbsp;przetrwanie, zniszczenie terroryst\u00f3w Hamasu jest konieczne przed&nbsp;czekaj\u0105c\u0105 go&nbsp;wojn\u0105 ze&nbsp;znacznie silniejszym wrogiem, jakim jest Hezbollah, z&nbsp;ty\u0142u jest Iran, Katar i&nbsp;inni. Pawe\u0142 Strzelecki m\u00f3g\u0142 napisa\u0107 to, co&nbsp;pisze dzi\u015b wielu Palesty\u0144czyk\u00f3w: \u201eWyzwoli\u0107 Gaz\u0119 od&nbsp;Hamasu\u201d, m\u00f3g\u0142 powiedzie\u0107 to, co&nbsp;m\u00f3g\u0142 powiedzie\u0107 papie\u017c Franciszek, \u017ce&nbsp;Hamas powinien podnie\u015b\u0107 bia\u0142a flag\u0119 i&nbsp;rozpocz\u0105\u0107 negocjacje o&nbsp;wyj\u015bciu z&nbsp;Gazy. Przedstawiciela partii \u201eRazem\u201d prawdopodobnie oburzy\u0142oby to&nbsp;tak&nbsp;samo i&nbsp;nadal twierdzi\u0142by, \u017ce&nbsp;to&nbsp;wezwanie do&nbsp;eksterminacji narodu palesty\u0144skiego.<\/span><\/p>\n<p style=\"text-align: left;\"><span style=\"color: #000080;\">Pozna\u0144 by\u0142 przed&nbsp;wojn\u0105 do&nbsp;b\u00f3lu endecki&nbsp; Nie&nbsp;wiem, ile z&nbsp;tego zosta\u0142o. Prezydent Jacek Ja\u015bkowiak jest przeciwie\u0144stwem tamtej&nbsp;tradycji, chocia\u017c zapewne dla pozna\u0144skich wyborc\u00f3w liczy si\u0119 przede wszystkim jego gospodarno\u015b\u0107 i&nbsp;pozna\u0144ska rzetelno\u015b\u0107. Ponownie startuje w&nbsp;wyborach i&nbsp;niebawem zmierzy si\u0119 ze&nbsp;swoimi konkurentami. Jednym z&nbsp;nich b\u0119dzie mecenas Przemys\u0142aw Plewi\u0144ski z&nbsp;Trzeciej Drogi. Nie&nbsp;wiem jakie s\u0105&nbsp;jego szanse w&nbsp;starciu z&nbsp;Ja\u015bkowiakiem, wyrzucaj\u0105c Paw\u0142a Strzeleckiego z&nbsp;partii zapewne s\u0105dzi\u0142, \u017ce&nbsp;wzmacnia swoje szanse wyborcze. Czy&nbsp;ta&nbsp;sprawa ma&nbsp;jakiekolwiek znaczenie?<\/span><\/p>\n<p style=\"text-align: left;\"><span style=\"color: #000080;\">Mieszka\u0142em w&nbsp;Poznaniu tylko&nbsp;do&nbsp;matury, potem wyjecha\u0142em na&nbsp;studia do&nbsp;Warszawy i&nbsp;do&nbsp;Poznania ju\u017c nie&nbsp;wr\u00f3ci\u0142em, ale&nbsp;to&nbsp;jest nadal m\u00f3j&nbsp;Pozna\u0144, w&nbsp;kt\u00f3rym&nbsp;jeszcze przed&nbsp;wojn\u0105 cz\u0142onkowie mojej&nbsp;rodziny przeciwstawiali si\u0119 antysemickiej orgii endek\u00f3w. Dyskusja wok\u00f3\u0142 tej&nbsp;sprawy nie&nbsp;powinna si\u0119 zako\u0144czy\u0107 wywieszeniem bia\u0142ej flagi przez&nbsp;tych, kt\u00f3rzy&nbsp;widz\u0105 o&nbsp;co&nbsp;toczy si\u0119 gra.<\/span><\/p>\n<p style=\"text-align: left;\"><span style=\"color: #000080;\">P.S. W&nbsp;sobot\u0119 3 grudnia 1932 \u201eDziennik Pozna\u0144ski\u201d opublikowa\u0142 list profesora geografii gospodarczej Stanis\u0142awa Nowakowskiego, w&nbsp;kt\u00f3ry&nbsp;autor pisa\u0142:<\/span><\/p>\n<p style=\"text-align: center;\">\u201e<em>Dzi\u015b \u2013 znaczy od\u0142am student\u00f3w reprezentuje i&nbsp;g\u0142osi has\u0142a wstecznictwa i&nbsp;obskurantyzmu, troglodytyzmu i&nbsp;nienawi\u015bci rasowej. Na&nbsp;ka\u017cdym kroku spotykamy si\u0119 dzi\u015b z&nbsp;burdami ulicznymi, biciem i&nbsp;zn\u0119caniem si\u0119 nad&nbsp;kolegami o&nbsp;innych przekonaniach politycznych i&nbsp;religijnych.<\/em><br \/>\n<em>Dochodzi do&nbsp;tego, \u017ce&nbsp;nawet studentki zn\u0119caj\u0105 si\u0119 nad&nbsp;swoimi kole\u017cankami-\u017cyd\u00f3wkami, jak to&nbsp;niedawno mia\u0142o miejsce w&nbsp;Poznaniu. &nbsp;Odnosi si\u0119 wra\u017cenie, \u017ce&nbsp;celem pewnego od\u0142amu m\u0142odzie\u017cy akademickiej jest nie&nbsp;nauka, lecz&nbsp;wstecznictwo i&nbsp;walka z&nbsp;Pa\u0144stwem, kt\u00f3re im&nbsp;da\u0142o swobod\u0119 i&nbsp;byt.<br \/>\nJestem g\u0142\u0119boko przekonany, \u017ce&nbsp;nast\u0105pi dzie\u0144 kiedy m\u0142odzie\u017c nasza obudzi si\u0119 i&nbsp;zrozumie, \u017ce&nbsp;jest zatruwana fa\u0142szywymi has\u0142ami, \u017ce&nbsp;zosta\u0142a oszukana, zrozumie, \u017ce&nbsp;prowadz\u0105c destrukcyjn\u0105 robot\u0119 i&nbsp;reprezentuj\u0105c zoologiczn\u0105 nienawi\u015b\u0107 rasow\u0105, przynosi krzywd\u0119 pa\u0144stwu i&nbsp;spo\u0142ecze\u0144stwu.<\/em>\u201d<\/p>\n<p style=\"text-align: left;\"><img decoding=\"async\" class=\"wp-image-241544 aligncenter\" src=\"https:\/\/studioopinii.pl\/wp-content\/uploads\/2024\/03\/http-webnews-textalk-com-upload-article-bild-738.jpeg\" alt=\"\" width=\"100%\"><br \/>\n<span style=\"color: #000080;\">Ten list pozna\u0144skiego profesora by\u0142 wyrazem podzi\u0119kowania dla dw\u00f3ch student\u00f3w, kt\u00f3rzy poprzedniego dnia uratowali go przed napa\u015bci\u0105 przez, jak pisze \u201em\u0142odzie\u0144c\u00f3w z zielonymi wst\u0105\u017ceczkami\u201d. Jednym z tych student\u00f3w wyst\u0119puj\u0105cych w obronie profesora, kt\u00f3ry nie zamierza\u0142 ulega\u0107 terrorowi szlachetnych antysemit\u00f3w, by\u0142 wymieniony przez niego z nazwiska Tadeusz Jasi\u0144ski (brat mojej matki). Jest pow\u00f3d do l\u0119ku, \u017ce tamte czasy zn\u00f3w wracaj\u0105.<\/span><\/p>\n<p style=\"text-align: center;\">\n<img decoding=\"async\" class=\"wp-image-241545 aligncenter\" src=\"https:\/\/studioopinii.pl\/wp-content\/uploads\/2024\/03\/demonstracja-w-poznaniu-w-dniu-17-pazdziernika-ubi.png\" alt=\"Demonstracja w Poznaniu w dniu 17 pa\u017adziernika ubieg\u0142ego roku. Uczestnicy demonstracji trzymali &nbsp;banery, na kt\u00f3rych da\u0142o si\u0119 zauwa\u017cy\u0107 has\u0142a, jak: \\\" width=\"100%\" data-hasqtip=\"3\" aria-describedby=\"qtip-3\"><em style=\"color: #808080; text-align: center;\">Demonstracja w Poznaniu w dniu 17 pa\u017adziernika ubieg\u0142ego roku. Uczestnicy demonstracji trzymali &nbsp;banery, na kt\u00f3rych da\u0142o si\u0119 zauwa\u017cy\u0107 has\u0142a, jak: \u201cWolna Palestyna\u201d, \u201cStop ludob\u00f3jstwu\u201d, \u201cStop okupacji Palestyny\u201d, czy \u201cGaza to wi\u0119zienie\u201d. Zdj\u0119cie Waldemar Wylegalski (\u0179r\u00f3d\u0142o zdj\u0119cia: zrzut z ekranu \u201eG\u0142os Wielkopolski\u201d 18 pa\u017adziernika 2023r, 11 dniu po najwi\u0119kszym pogromie od Holokaustu)<\/em><\/p>\n<p style=\"text-align: left;\"><span style=\"color: #000080;\">90 lat temu na&nbsp;ulicach Poznania i&nbsp;innych miast Polski rozbrzmiewa\u0142o has\u0142o: \u017bydzi do&nbsp;Palestyny\u201d, dzi\u015b s\u0142yszymy has\u0142o \u201eWolna Palestyna\u201d, \u201eStop okupacji Palestyny\u201d. Wiecuj\u0105cy zazwyczaj nie&nbsp;m\u00f3wi\u0105 wyra\u017anie, \u017ce&nbsp;\u017c\u0105daj\u0105 Palestyny wolnej od&nbsp;\u017byd\u00f3w, ani co&nbsp;rozumiej\u0105 przez&nbsp;\u201eokupacj\u0119 Palestyny\u201d.<\/span><\/p>\n<hr>\n<p style=\"text-align: left;\"><img decoding=\"async\" class=\"wp-image-180999 alignleft\" src=\"https:\/\/studioopinii.pl\/wp-content\/uploads\/2017\/06\/Koraszewski.jpg\" alt=\"\" width=\"10%\"><\/p>\n<p style=\"text-align: left;\"><span style=\"color: #808080;\"><em><strong>Andrzej KOraszewski &#8211; Publicysta i pisarz ekonomiczno-spo\u0142eczny. <\/strong>Ur. 26 marca&nbsp;<strong>1940&nbsp;<\/strong>w&nbsp;Szymbarku, by\u0142y dziennikarz&nbsp;<a class=\"extlink https\" style=\"color: #808080;\" href=\"https:\/\/www.wikiwand.com\/pl\/BBC\">BBC<\/a>, wiceszef polskiej sekcji BBC, i&nbsp;publicysta paryskiej \u201e<a class=\"extlink https\" style=\"color: #808080;\" href=\"https:\/\/www.wikiwand.com\/pl\/Kultura_(miesi%C4%99cznik)\">Kultury<\/a>\u201d.&nbsp;<strong><a class=\"extlink https\" style=\"color: #808080;\" href=\"https:\/\/www.wikiwand.com\/pl\/Andrzej_Koraszewski\" target=\"_blank\" rel=\"noreferrer noopener\">Wi\u0119cej w&nbsp;Wikipedii<\/a><\/strong>. &nbsp;<a class=\"extlink https\" style=\"color: #808080;\" href=\"https:\/\/www.facebook.com\/andrzej.koraszewski\" target=\"_blank\" rel=\"noreferrer noopener\"><strong>Facebook<\/strong><\/a><\/em><\/span><\/p>\n<hr style=\"height: 15px; background: #d0e6fa; width: 100%;\">\n<div id=\"content\" class=\"content-alignment\">\n<div id=\"watch-description\" class=\"yt-uix-button-panel\">\n<div id=\"watch-description-text\" style=\"text-align: center;\">\n<p><em>Zawarto\u015b\u0107 publikowanych artyku\u0142\u00f3w i materia\u0142\u00f3w nie reprezentuje pogl\u0105d\u00f3w ani opinii Reunion&#8217;68,<\/em><em><br \/>\nani te\u017c webmastera Blogu Reunion&#8217;68, chyba ze jest to wyra\u017anie zaznaczone.<br \/>\nTwoje uwagi, linki, w\u0142asne artyku\u0142y lub wiadomo\u015bci prze\u015blij na adres:<br \/>\n<\/em><span style=\"color: #000080;\"><strong><em><a style=\"color: #000080;\" href=\"mailto:webmaster@reunion68.com\"><span style=\"text-decoration: underline;\">webmaster@reunion68.com<\/span><\/a><\/em><\/strong><\/span><\/p>\n<\/div>\n<\/div>\n<\/div>\n<hr style=\"width: 100%;\">\n","protected":false},"excerpt":{"rendered":"<p>Papie\u017c Franciuszek (ten w bia\u0142ej sukience), z prezydentem Brazylii Luizem Ignacio Lul\u0105 da Silva rozmawiaj\u0105cy o pokojowym zako\u0144czeniu wojny \u201emi\u0119dzy\u201d Rosj\u0105 a Ukrain\u0105. (\u0179r\u00f3d\u0142o: Wikipedia.) Odwaga bia\u0142ej flagi i m\u00f3j Pozna\u0144 Andrzej Koraszewski Papie\u017c Franciszek powiedzia\u0142 w&nbsp;wywiadzie, \u017ce&nbsp;Ukraina powinna wykaza\u0107 si\u0119 \u2013 jak to&nbsp;okre\u015bli\u0142 \u2013 odwag\u0105 wywieszenia bia\u0142ej flagi i&nbsp;negocjowania zako\u0144czenia wojny z&nbsp;Rosj\u0105. Reakcje wydaj\u0105 [&hellip;]<\/p>\n","protected":false},"author":1,"featured_media":0,"comment_status":"closed","ping_status":"closed","sticky":false,"template":"","format":"standard","meta":[],"categories":[6],"tags":[26,24],"_links":{"self":[{"href":"https:\/\/www.reunion68.se\/index.php?rest_route=\/wp\/v2\/posts\/111591"}],"collection":[{"href":"https:\/\/www.reunion68.se\/index.php?rest_route=\/wp\/v2\/posts"}],"about":[{"href":"https:\/\/www.reunion68.se\/index.php?rest_route=\/wp\/v2\/types\/post"}],"author":[{"embeddable":true,"href":"https:\/\/www.reunion68.se\/index.php?rest_route=\/wp\/v2\/users\/1"}],"replies":[{"embeddable":true,"href":"https:\/\/www.reunion68.se\/index.php?rest_route=%2Fwp%2Fv2%2Fcomments&post=111591"}],"version-history":[{"count":6,"href":"https:\/\/www.reunion68.se\/index.php?rest_route=\/wp\/v2\/posts\/111591\/revisions"}],"predecessor-version":[{"id":111602,"href":"https:\/\/www.reunion68.se\/index.php?rest_route=\/wp\/v2\/posts\/111591\/revisions\/111602"}],"wp:attachment":[{"href":"https:\/\/www.reunion68.se\/index.php?rest_route=%2Fwp%2Fv2%2Fmedia&parent=111591"}],"wp:term":[{"taxonomy":"category","embeddable":true,"href":"https:\/\/www.reunion68.se\/index.php?rest_route=%2Fwp%2Fv2%2Fcategories&post=111591"},{"taxonomy":"post_tag","embeddable":true,"href":"https:\/\/www.reunion68.se\/index.php?rest_route=%2Fwp%2Fv2%2Ftags&post=111591"}],"curies":[{"name":"wp","href":"https:\/\/api.w.org\/{rel}","templated":true}]}}