{"id":111615,"date":"2024-03-20T18:09:57","date_gmt":"2024-03-20T16:09:57","guid":{"rendered":"http:\/\/www.reunion68.se\/?p=111615"},"modified":"2024-03-19T16:58:11","modified_gmt":"2024-03-19T14:58:11","slug":"23-09-95","status":"publish","type":"post","link":"https:\/\/www.reunion68.se\/?p=111615","title":{"rendered":"Izraelczycy zabili organizatora atak\u00f3w z 7 pa\u017adziernika"},"content":{"rendered":"<p style=\"text-align: center;\"><img decoding=\"async\" class=\"aligncenter\" src=\"https:\/\/bi.im-g.pl\/im\/a3\/61\/1d\/z30810019AMP,Zniszczenia-po-izraelskim-nalocie-w-Strefie-Gazy-.jpg\" width=\"100%\"><span style=\"color: #808080;\"><em>Zniszczenia po izraelskim nalocie w Strefie Gazy. (Fot. REUTERS\/Mohammed Salem)<\/em><\/span><\/p>\n<hr>\n<h5 style=\"text-align: center;\"><a href=\"https:\/\/wyborcza.pl\/\" target=\"_blank\" rel=\"noopener noreferrer\"><img decoding=\"async\" class=\"center alignleft\" src=\"http:\/\/www.reunion68.com\/Biuletyn\/img\/wyborcza.png\" alt=\"\" width=\"35%\"><\/a><span style=\"text-decoration: underline; color: #000080;\"><strong><a style=\"color: #000080; text-decoration: underline;\" href=\"https:\/\/wyborcza.pl\/7,75399,30809651,waszyngton-potwierdza-izraelczycy-zabili-organizatora-atakow.html\" target=\"_blank\" rel=\"noopener noreferrer\">Izraelczycy zabili organizatora atak\u00f3w z 7 pa\u017adziernika<\/a><\/strong><\/span><\/h5>\n<p style=\"text-align: center;\"><span style=\"color: #000000;\"><strong>Marta Urz\u0119dowska<\/strong><\/span><\/p>\n<hr style=\"height: 15px; background: #d0e6fa; width: 100%;\">\n<div class=\"text--lead \" style=\"text-align: left;\" data-progress-bar-content=\"\"><span style=\"color: #000080;\">Marwan Issa, wiceszef zbrojnego skrzyd\u0142a Hamasu w Strefie Gazy i jeden z autor\u00f3w ataku z 7 pa\u017adziernika, zgin\u0105\u0142 w izraelskim nalocie &#8211; potwierdzi\u0142 Bia\u0142y Dom. To najwa\u017cniejszy terrorysta zabity od pocz\u0105tku wojny w enklawie.<\/span><\/div>\n<div style=\"text-align: left;\" data-progress-bar-content=\"\"><\/div>\n<div class=\"text--lead \" style=\"text-align: left;\" data-progress-bar-content=\"\"><span style=\"color: #000080;\">Numer trzy w Hamasie, Marwan Issa, zosta\u0142 zabity w ubieg\u0142ym tygodniu w izraelskiej operacji \u2013 o\u015bwiadczy\u0142 w poniedzia\u0142ek Jake Sullivan, doradca ameryka\u0144skiej administracji ds. bezpiecze\u0144stwa narodowego. Potwierdzi\u0142 tym samym wcze\u015bniejsze doniesienia, \u017ce Izraelczykom uda\u0142o si\u0119 dopa\u015b\u0107 wiceszefa zbrojnego skrzyd\u0142a grupy.<\/span><\/div>\n<div class=\"article--content article--content-free  \">\n<p class=\"text--paragraph\" style=\"text-align: left;\"><span style=\"color: #000080;\">Sullivan, informuj\u0105c o \u015bmierci Issy, doda\u0142, \u017ce pozostali przyw\u00f3dcy Hamasu ukrywaj\u0105 si\u0119 najpewniej g\u0142\u0119boko w sieci tuneli w Gazie. \u2013 Ich te\u017c dosi\u0119gnie sprawiedliwo\u015b\u0107, pomagamy w upewnieniu si\u0119, \u017ce tak si\u0119 stanie \u2013 stwierdzi\u0142.<\/span><\/p>\n<\/div>\n<h4 class=\"text--title font-head-700\"><strong>Sukces Izraela w walce z Hamasem<\/strong><\/h4>\n<p class=\"text--paragraph\" style=\"text-align: left;\"><span style=\"color: #000080;\">Jak podaj\u0105 izraelskie media, Issa zgin\u0105\u0142 tydzie\u0144 temu w nalocie na kompleks tuneli pod obozem Nusejrat w \u015brodkowej Gazie. By\u0142 to jeden z najbardziej poszukiwanych przez Izrael cz\u0142onk\u00f3w Hamasu, a zarazem najwa\u017cniejszych cz\u0142onek tej organizacji, kt\u00f3rego uda\u0142o si\u0119 zabi\u0107 Izraelczykom od pocz\u0105tku trwaj\u0105cej od p\u00f3\u0142 roku wojny.<\/span><\/p>\n<p class=\"text--paragraph\" style=\"text-align: left;\"><span style=\"color: #000080;\">Issa mia\u0142 zaplanowa\u0107 atak na Izrael z 7 pa\u017adziernika, zgin\u0119\u0142o w nim 1,2 tys. os\u00f3b. W odpowiedzi Izraelczycy prowadz\u0105 w enklawie naloty i operacj\u0119 l\u0105dow\u0105 &#8211; liczba ofiar w Gazie wynios\u0142a ju\u017c ponad 31 tys. os\u00f3b.<\/span><\/p>\n<p class=\"text--paragraph\" style=\"text-align: left;\"><span style=\"color: #000080;\">Sullivan jako pierwszy rz\u0105dowy urz\u0119dnik oficjalnie potwierdzi\u0142 \u015bmier\u0107 Issy, zwanego &#8220;cz\u0142owiekiem cieniem&#8221;. Izraelczycy ju\u017c w ostatni weekend sugerowali, \u017ce uda\u0142o im si\u0119 go dopa\u015b\u0107.<\/span><\/p>\n<p style=\"text-align: center;\"><img decoding=\"async\" class=\"aligncenter\" src=\"https:\/\/bi.im-g.pl\/im\/a1\/61\/1d\/z30810017IH,Izraelski-zolnierz-w-Strefie-Gazy-.jpg\" width=\"100%\"><span style=\"color: #808080;\"><em>Izraelski \u017co\u0142nierz w Strefie Gazy. Fot. REUTERS\/Israel Defense Forces<\/em><\/span><\/p>\n<p style=\"text-align: left;\"><span style=\"color: #000080;\">Joav Gallant, minister obrony Izraela sugerowa\u0142 w niedziel\u0119, \u017ce zabito wa\u017cnego cz\u0142onka Hamasu. &#8211; Dzi\u0119ki operacji l\u0105dowej, uda\u0142o nam si\u0119 zdoby\u0107 informacje, kt\u00f3re doprowadzi\u0142y do eliminacji i sukces\u00f3w. Uda\u0142o si\u0119 to w p\u00f3\u0142nocnej Gazie, a tak\u017ce w obozach Nusejrat w \u015brodkowej cz\u0119\u015bci enklawy i w Rafah na po\u0142udniu \u2013 wylicza\u0142.<\/span><\/p>\n<p style=\"text-align: left;\"><span style=\"color: #000080;\">Izraelscy wojskowi wypowiadali si\u0119 w podobnym tonie. Podkre\u015blali przy tym, \u017ce armia nie ustanie w wysi\u0142kach, by wyeliminowa\u0107 te\u017c innych dow\u00f3dc\u00f3w Hamasu.<\/span><\/p>\n<p class=\"text--paragraph\" style=\"text-align: left;\"><span style=\"color: #000080;\">Izraelczycy maj\u0105 si\u0119 z czego cieszy\u0107. Na Iss\u0119 polowali od dekad. By\u0142 on zast\u0119pc\u0105 Muhammada Dejfa, dow\u00f3dcy Brygad Izz ad-Dina al-Kassama, czyli zbrojnego skrzyd\u0142a Hamasu, i razem z Jahj\u0105 Sinwarem, liderem grupy w Gazie, mia\u0142 osobi\u015bcie planowa\u0107 pa\u017adziernikowy atak na Izrael.<\/span><\/p>\n<p class=\"text--paragraph\" style=\"text-align: left;\"><span style=\"color: #000080;\">Issa, cho\u0107 jest najwa\u017cniejszym przyw\u00f3dc\u0105 Hamasu zabitym przez Izraelczyk\u00f3w od pocz\u0105tku wojny, to nie jest jedynym. W styczniu w izraelskim ataku przeprowadzonym w Bejrucie zgin\u0105\u0142 Salah al-Aruri,&nbsp;<a id=\"LinkArea:embed_link\" class=\"text--link \" style=\"color: #000080;\" title=\"lider politycznego skrzyd\u0142a grupy w Gazie.\" href=\"https:\/\/wyborcza.pl\/7,75399,30558350,wiceszef-hamasu-zginal-w-zamachu-w-bejrucie-izraelczycy-jestesmy.html#S.embed_link-K.C-B.1-L.1.zw\" rel=\"dofollow\" data-bd-viewability=\"1\" data-bd-viewability-id=\"embed_link\" data-bd-viewability-href=\"https:\/\/wyborcza.pl\/7,75399,30558350,wiceszef-hamasu-zginal-w-zamachu-w-bejrucie-izraelczycy-jestesmy.html#S.embed_link-K.C-B.1-L.1.zw\">lider politycznego skrzyd\u0142a grupy w Gazie.<\/a><\/span><\/p>\n<h4 class=\"text--title font-head-700\" style=\"text-align: left;\"><strong>USA pytaj\u0105 o cywil\u00f3w w Strefie Gaz<\/strong>y<\/h4>\n<p class=\"text--paragraph\" style=\"text-align: left;\"><span style=\"color: #000080;\">W trakcie ostatnie briefingu Sullivan doda\u0142, \u017ce ameryka\u0144ski prezydent&nbsp;<a style=\"color: #000080;\" href=\"https:\/\/wyborcza.pl\/0,128956.html?tag=Joe+Biden#anchorLink\">Joe Biden<\/a>&nbsp;i premier Izraela w poniedzia\u0142ek rozmawiali o sposobie prowadzenie wojny przez izraelsk\u0105 armi\u0119, co do kt\u00f3rego Amerykanie maj\u0105 zastrze\u017cenia.<\/span><\/p>\n<p style=\"text-align: left;\"><span style=\"color: #000080;\">\u2013 Prezydent podkre\u015bli\u0142 przywi\u0105zanie do idei zapewnienia Izraelowi bezpiecze\u0144stwa i potwierdzi\u0142, \u017ce Izraelczycy maj\u0105 prawo \u015bciga\u0107 sprawc\u00f3w najgorszej masakry na \u017bydach od czas\u00f3w Holocaustu \u2013 wylicza\u0142 Sullivan, po czym pochwali\u0142 sukcesy sojusznika w wojnie. \u2013 Izrael dokona\u0142 znacznych post\u0119p\u00f3w, pokona\u0142 wiele batalion\u00f3w Hamasu, zabi\u0142 tysi\u0105ce bojownik\u00f3w, w\u015br\u00f3d nich \u2013 wa\u017cnych przyw\u00f3dc\u00f3w \u2013 powiedzia\u0142. Jednocze\u015bnie podkre\u015bli\u0142, \u017ce Biden wyrazi\u0142 podczas rozmowy rosn\u0105ce zaniepokojenie liczb\u0105 cywilnych ofiar w\u015br\u00f3d Palesty\u0144czyk\u00f3w.<\/span><\/p>\n<p style=\"text-align: left;\"><span style=\"color: #000080;\">Prowadzone w ostatnich tygodniach rozmowy o rozejmie zako\u0144czy\u0142y si\u0119 fiaskiem, ale kilka dni temu negocjatorzy wznowili spotkania. W najbli\u017cszych dniach do regionu po raz sz\u00f3sty od rozpocz\u0119cia wojny leci sekretarz stanu USA, Antony Blinken, kt\u00f3ry w Egipcie i Arabii Saudyjskiej b\u0119dzie rozmawia\u0142 o sposobach doprowadzenia do zawieszenia broni i zwolnienia izraelskich zak\u0142adnik\u00f3w.<\/span><\/p>\n<h4 class=\"text--title font-head-700\" style=\"text-align: left;\"><strong>Co dalej z Rafah<\/strong><\/h4>\n<p class=\"text--paragraph\" style=\"text-align: left;\"><span style=\"color: #000080;\">Jednocze\u015bnie w Katarze trwaj\u0105 rozmowy na temat planowanej przez Izraelczyk\u00f3w inwazji na Rafah. Izraelskie w\u0142adze przekonuj\u0105, \u017ce musz\u0105 zaatakowa\u0107, bo na miejscu s\u0105 tysi\u0105ce cz\u0142onk\u00f3w Hamasu, \u015bwiatowa opinia publiczna niepokoi si\u0119, \u017ce w inwazji ucierpi\u0105 cywile, kt\u00f3rych w mie\u015bcie schroni\u0142y si\u0119 setki tysi\u0119cy. Pomys\u0142 ofensywy nie podoba si\u0119 te\u017c Amerykanom. W poniedzia\u0142kowej rozmowie z Netanjahu Biden powt\u00f3rzy\u0142, \u017ce by\u0142aby ona &#8220;b\u0142\u0119dem&#8221;.<\/span><\/p>\n<p class=\"text--paragraph\" style=\"text-align: left;\"><span style=\"color: #000080;\">Jego s\u0142owa rozwin\u0105\u0142 Sullivan, kt\u00f3ry stwierdzi\u0142, \u017ce inwazja w Rafah &#8220;doprowadzi\u0142aby do kolejnych niewinnych, cywilnych ofiar, pogorszy\u0142aby i tak trudn\u0105 sytuacj\u0119 humanitarn\u0105, pog\u0142\u0119bi\u0142a anarchi\u0119 w Gazie i jeszcze mocniej odizolowa\u0142aby Izrael na arenie mi\u0119dzynarodowej&#8221;.<\/span><\/p>\n<p class=\"text--paragraph\" style=\"text-align: left;\"><span style=\"color: #000080;\">\u2013&nbsp;Prezydent powt\u00f3rzy\u0142 w rozmowie z premierem Izraela, \u017ce \u2013 cho\u0107 mamy wsp\u00f3lny cel, jakim jest pokonanie Hamasu &#8211; uwa\u017camy, \u017ce by by\u0142o to mo\u017cliwe, konieczna jest sp\u00f3jna, mo\u017cliwa do utrzymania strategia \u2013 doda\u0142 Sullivan. Podkre\u015bli\u0142 te\u017c, \u017ce Biden przekona\u0142 Netanjahu, by w najbli\u017cszych dniach wys\u0142a\u0142 do Waszyngtonu delegacj\u0119 z\u0142o\u017con\u0105 z cz\u0142onk\u00f3w armii, wywiadu i ekspert\u00f3w od pomocy humanitarnej na rozmowy o ewentualnym ataku na Rafah.<\/span><\/p>\n<p class=\"text--paragraph\" style=\"text-align: left;\"><span style=\"color: #000080;\">Sullivan wyja\u015bni\u0142, \u017ce Amerykanie oczekuj\u0105, \u017ce \u2013 przynajmniej do czasu tych rozm\u00f3w \u2013 inwazja zostanie od\u0142o\u017cona.<\/span><\/p>\n<h4 class=\"text--title font-head-700\"><strong>G\u0142\u00f3d w Gazie. Eksperci: Sytuacja jest katastrofalna<\/strong><\/h4>\n<p class=\"text--paragraph\" style=\"text-align: left;\"><span style=\"color: #000080;\">W poniedzia\u0142ek Oxfam, organizacja walcz\u0105ca z bied\u0105 i nier\u00f3wno\u015bciami na \u015bwiecie, og\u0142osi\u0142a, \u017ce &#8220;poziom g\u0142odu w Strefie Gazy jest katastrofalny&#8221;, przy czym jest to &#8220;g\u0142\u00f3d wywo\u0142any przez cz\u0142owieka&#8221;.<\/span><\/p>\n<p class=\"text--paragraph\" style=\"text-align: left;\"><span style=\"color: #000080;\">Organizacja przedstawi\u0142a dane zebrane przez \u015awiatowy Program \u017bywno\u015bciowy i \u015awiatow\u0105 Organizacje Zdrowia, z kt\u00f3rych wynika, \u017ce g\u0142\u00f3d grozi ponad milionowi mieszka\u0144c\u00f3w Gazy. &#8220;Spo\u0142eczno\u015b\u0107 mi\u0119dzynarodowa powinna spu\u015bci\u0107 g\u0142ow\u0119 ze wstydu, \u017ce nie potrafi\u0142a temu zapobiec \u2013 skomentowa\u0142 te doniesienia w o\u015bwiadczeniu Martin Griffiths, kt\u00f3ry w ONZ odpowiada za pomoc humanitarn\u0105.&nbsp;\u2013 Wiemy, \u017ce kiedy og\u0142osimy kl\u0119sk\u0119 g\u0142odu, b\u0119dzie o wiele za p\u00f3\u017ano&#8221;&nbsp;\u2013 doda\u0142.<\/span><\/p>\n<p style=\"text-align: left;\"><span style=\"color: #000080;\">Wt\u00f3ruje mu Jeremy Konyndyk, szef organizacji Refugees International. &#8220;G\u0142\u00f3d w\u0142a\u015bnie si\u0119 zaczyna. Dzi\u015b pytanie brzmi: Jak bardzo pozwolimy mu si\u0119 rozkr\u0119ci\u0107&nbsp;\u2013 przekonywa\u0142 w serwisie X. \u2013 Ka\u017cdy dzie\u0144 bez zawieszenia broni tylko go wyd\u0142u\u017ca i kosztuje wi\u0119cej ludzkich istnie\u0144&#8221;.<\/span><\/p>\n<hr style=\"height: 15px; background: #d0e6fa; width: 100%;\">\n<div id=\"content\" class=\"content-alignment\">\n<div id=\"watch-description\" class=\"yt-uix-button-panel\">\n<div id=\"watch-description-text\" style=\"text-align: center;\">\n<p><em>Zawarto\u015b\u0107 publikowanych artyku\u0142\u00f3w i materia\u0142\u00f3w nie reprezentuje pogl\u0105d\u00f3w ani opinii Reunion&#8217;68,<\/em><em><br \/>\nani te\u017c webmastera Blogu Reunion&#8217;68, chyba ze jest to wyra\u017anie zaznaczone.<br \/>\nTwoje uwagi, linki, w\u0142asne artyku\u0142y lub wiadomo\u015bci prze\u015blij na adres:<br \/>\n<\/em><span style=\"color: #000080;\"><strong><em><a style=\"color: #000080;\" href=\"mailto:webmaster@reunion68.com\"><span style=\"text-decoration: underline;\">webmaster@reunion68.com<\/span><\/a><\/em><\/strong><\/span><\/p>\n<\/div>\n<\/div>\n<\/div>\n<hr style=\"width: 100%;\">\n","protected":false},"excerpt":{"rendered":"<p>Zniszczenia po izraelskim nalocie w Strefie Gazy. (Fot. REUTERS\/Mohammed Salem) Izraelczycy zabili organizatora atak\u00f3w z 7 pa\u017adziernika Marta Urz\u0119dowska Marwan Issa, wiceszef zbrojnego skrzyd\u0142a Hamasu w Strefie Gazy i jeden z autor\u00f3w ataku z 7 pa\u017adziernika, zgin\u0105\u0142 w izraelskim nalocie &#8211; potwierdzi\u0142 Bia\u0142y Dom. To najwa\u017cniejszy terrorysta zabity od pocz\u0105tku wojny w enklawie. Numer trzy [&hellip;]<\/p>\n","protected":false},"author":1,"featured_media":0,"comment_status":"closed","ping_status":"closed","sticky":false,"template":"","format":"standard","meta":[],"categories":[6],"tags":[26,24],"_links":{"self":[{"href":"https:\/\/www.reunion68.se\/index.php?rest_route=\/wp\/v2\/posts\/111615"}],"collection":[{"href":"https:\/\/www.reunion68.se\/index.php?rest_route=\/wp\/v2\/posts"}],"about":[{"href":"https:\/\/www.reunion68.se\/index.php?rest_route=\/wp\/v2\/types\/post"}],"author":[{"embeddable":true,"href":"https:\/\/www.reunion68.se\/index.php?rest_route=\/wp\/v2\/users\/1"}],"replies":[{"embeddable":true,"href":"https:\/\/www.reunion68.se\/index.php?rest_route=%2Fwp%2Fv2%2Fcomments&post=111615"}],"version-history":[{"count":10,"href":"https:\/\/www.reunion68.se\/index.php?rest_route=\/wp\/v2\/posts\/111615\/revisions"}],"predecessor-version":[{"id":111630,"href":"https:\/\/www.reunion68.se\/index.php?rest_route=\/wp\/v2\/posts\/111615\/revisions\/111630"}],"wp:attachment":[{"href":"https:\/\/www.reunion68.se\/index.php?rest_route=%2Fwp%2Fv2%2Fmedia&parent=111615"}],"wp:term":[{"taxonomy":"category","embeddable":true,"href":"https:\/\/www.reunion68.se\/index.php?rest_route=%2Fwp%2Fv2%2Fcategories&post=111615"},{"taxonomy":"post_tag","embeddable":true,"href":"https:\/\/www.reunion68.se\/index.php?rest_route=%2Fwp%2Fv2%2Ftags&post=111615"}],"curies":[{"name":"wp","href":"https:\/\/api.w.org\/{rel}","templated":true}]}}