{"id":111664,"date":"2024-03-21T18:09:59","date_gmt":"2024-03-21T16:09:59","guid":{"rendered":"http:\/\/www.reunion68.se\/?p=111664"},"modified":"2024-03-21T15:38:50","modified_gmt":"2024-03-21T13:38:50","slug":"25-09-91","status":"publish","type":"post","link":"https:\/\/www.reunion68.se\/?p=111664","title":{"rendered":"Dlaczego libera\u0142owie ponie\u015bli pora\u017ck\u0119 w walce z antysemityzmem"},"content":{"rendered":"<p style=\"text-align: center;\"><img decoding=\"async\" class=\"aligncenter\" src=\"https:\/\/cdn.jns.org\/uploads\/2023\/11\/Star-of-David-Magen-David-1320x880.jpg\" width=\"100%\"><span style=\"color: #808080;\"><em>Magen David (\u201cStar of David\u201d). Credit: Dziurek\/Shutterstock.<\/em><\/span><\/p>\n<hr>\n<h5 style=\"text-align: center;\"><a href=\"https:\/\/www.listyznaszegosadu.pl\/\" target=\"_blank\" rel=\"noopener noreferrer\"><img decoding=\"async\" class=\"center alignleft\" src=\"http:\/\/www.reunion68.com\/Biuletyn\/img\/z-naszego.jpg\" alt=\"\" width=\"50%\"><\/a><span style=\"text-decoration: underline; color: #000080;\"><span><strong><a style=\"color: #000080; text-decoration: underline;\" href=\"https:\/\/www.listyznaszegosadu.pl\/notatki\/dlaczego-liberalowie-poniesli-porazke-w-walce-z-antysemityzmem\" target=\"_blank\" rel=\"noopener noreferrer\">Dlaczego libera\u0142owie ponie\u015bli pora\u017ck\u0119 w walce z antysemityzmem<\/a><\/strong><\/span><\/span><\/h5>\n<p style=\"text-align: center;\"><span style=\"color: #000000;\"><strong> Jonathan S. Tobin<br \/>\n<\/strong><span style=\"color: #808080;\"><em>T\u0142umaczenie:<\/em> <\/span><strong>Ma\u0142gorzata Koraszewska<\/strong><\/span><\/p>\n<hr style=\"height: 15px; background: #d0e6fa; width: 100%;\">\n<div class=\"templateArticleIngress\" style=\"text-align: left;\"><span style=\"color: #000080;\">Punkty zwrotne w historii nie zawsze s\u0105 oczywiste i \u0142atwe do rozpoznania przez tych, kt\u00f3rzy je prze\u017cywaj\u0105.&nbsp;Ale znaczenie 7 pa\u017adziernika i spos\u00f3b, w jaki wydarzenia tego strasznego dnia i okropne reakcje na nie na ca\u0142ym \u015bwiecie \u2013 s\u0105 takie, \u017ce niewielu \u017byd\u00f3w nie by\u0142o \u015bwiadomych, \u017ce prze\u017cywaj\u0105 kluczowy moment w historii swojego narodu.&nbsp;Przera\u017caj\u0105ce ataki na spo\u0142eczno\u015bci \u017cydowskie w po\u0142udniowym Izraelu przeprowadzone przez Hamas i jego palesty\u0144skich zwolennik\u00f3w stanowi\u0142y najwi\u0119ksz\u0105 masow\u0105 rze\u017a \u017byd\u00f3w od czas\u00f3w II wojny \u015bwiatowej i Holokaustu.&nbsp;Sza\u0142 morderstw, gwa\u0142t\u00f3w, tortur i porwa\u0144 rozpocz\u0105\u0142 wojn\u0119, w kt\u00f3rej Izraelczycy byli zmuszeni broni\u0107 swoich dom\u00f3w i rodzin przed ludob\u00f3jczym wrogiem.&nbsp;By\u0107 mo\u017ce jednak r\u00f3wnie istotny jest wp\u0142yw, jaki wywar\u0142o to na \u017byd\u00f3w w innych miejscach, szczeg\u00f3lnie na tych mieszkaj\u0105cych w Stanach Zjednoczonych, z kt\u00f3rych wi\u0119kszo\u015b\u0107 uwa\u017ca\u0142a si\u0119 w du\u017cej mierze za odporn\u0105 na plag\u0119 nienawi\u015bci do \u017byd\u00f3w, kt\u00f3ra by\u0142a sta\u0142ym tematem przez tysi\u0105clecia \u017cydowskiej historii.<\/span><\/div>\n<p style=\"text-align: left;\">\n<div class=\"templateArticleBrodtext\">\n<p style=\"text-align: left;\"><span style=\"color: #000080;\">Fala antysemityzmu po 7 pa\u017adziernika wstrz\u0105sn\u0119\u0142a tym samozadowoleniem i stworzy\u0142a co\u015b, co mo\u017cna nazwa\u0107 kryzysem wiary w\u015br\u00f3d \u015bwieckich \u017cydowskich libera\u0142\u00f3w, niepodobnym do niczego, z czym spotkali si\u0119 wcze\u015bniej.&nbsp;Jak jasno wynika&nbsp;z&nbsp;<a style=\"color: #000080;\" href=\"https:\/\/www.theatlantic.com\/magazine\/archive\/2024\/04\/us-anti-semitism-jewish-american-safety\/677469\/?gift=CX8UXBRfupYSUuezw3urRYGFJ9NBB-bdRFxkRcFgJ6A\">ok\u0142adki magazynu&nbsp;<\/a>\u201eAtlantic\u201d, nie tylko t\u0142umy na kampusach uniwersyteckich i na ulicach g\u0142\u00f3wnych miast skandowa\u0142y nawo\u0142ywanie do zniszczenia Izraela (\u201eod rzeki do morza\u201d) i nawo\u0142ywa\u0142y do terroryzmu przeciwko \u017bydom, gdziekolwiek si\u0119 znajduj\u0105 (\u201eglobalizowa\u0107 intifad\u0119\u201d), co wstrz\u0105sn\u0119\u0142o ameryka\u0144skimi \u017cydowskimi libera\u0142ami.&nbsp;Tym, co nimi wstrz\u0105sn\u0119\u0142o by\u0142o zrozumienie, \u017ce przej\u0119cie du\u017cej cz\u0119\u015bci systemu edukacji, kultury popularnej, a nawet rz\u0105du przez ideologie lewicowe nie ma na celu jedynie obalenia tradycyjnych idei na temat zachodniej cywilizacji i Ameryki, ale \u017ce&nbsp;jest to bezpo\u015brednie zagro\u017cenie dla \u017byd\u00f3w.&nbsp;<\/span><\/p>\n<p style=\"text-align: left;\">\n<span style=\"color: #000080;\">Oto podstawowa prawda zawarta w ponurym eseju Franklina Foera w \u201eAtlantic\u201d zatytu\u0142owanym&nbsp;<em>The Golden Age of American Jews Is Ending<\/em>&nbsp;[Ko\u0144czy si\u0119 z\u0142oty wiek ameryka\u0144skich \u017byd\u00f3w].&nbsp;Jako cz\u0142onek waszyngto\u0144skiego liberalnego establishmentu o dobrej reputacji Foer, obecnie publicysta w \u201eAtlantic\u201d i by\u0142y redaktor \u201eThe New Republic\u201d,&nbsp;a tak\u017ce starszy brat powie\u015bciopisarza Jonathana Safrana Foera, jest dobrze przygotowany, aby m\u00f3wi\u0107 o za\u0142amaniu si\u0119 pewno\u015bci siebie wi\u0119kszo\u015bci ameryka\u0144skiego \u017cydostwa w ostatnich miesi\u0105cach.&nbsp;I cho\u0107 troch\u0119 si\u0119 myli, pr\u00f3buj\u0105c umie\u015bci\u0107 ostatnie wydarzenia w kontek\u015bcie ameryka\u0144skiej historii \u017byd\u00f3w i antysemityzmu minionego stulecia, w jednej kwestii z pewno\u015bci\u0105 ma racj\u0119.<\/span><\/p>\n<h5 style=\"text-align: left;\"><strong><br \/>\nKoniec ameryka\u0144skiej wyj\u0105tkowo\u015bci<\/strong><\/h5>\n<p style=\"text-align: left;\">\n<span style=\"color: #000080;\">Zmiana w sposobie my\u015blenia wielu ameryka\u0144skich elit stworzy\u0142a co\u015b wi\u0119cej ni\u017c tylko kilka nieprzyjemnych chwil dla du\u017cego odsetka \u017byd\u00f3w, kt\u00f3rych \u017cycie opiera si\u0119 na ich niekwestionowanym miejscu w \u017cyciu narodu.&nbsp;Foer przypisuje powszechn\u0105 akceptacj\u0119 \u017byd\u00f3w w praktycznie ka\u017cdym sektorze ameryka\u0144skiego \u017cycia \u2013 \u015brodowisku akademickim, biznesie, kulturze, rz\u0105dzie \u2013 okresowi rozkwitu szczeg\u00f3lnie inkluzywnej marki ameryka\u0144skiego liberalizmu, kt\u00f3ry osi\u0105gn\u0105\u0142 sw\u00f3j szczyt pod koniec XX wieku.&nbsp;Zast\u0105pienie tego systemu przekona\u0144 now\u0105 ortodoksj\u0105 krytycznej teorii rasy, intersekcjonalno\u015bci i \u201eprzebudzonego\u201d katechizmu r\u00f3\u017cnorodno\u015bci, r\u00f3wno\u015bci i inkluzywno\u015bci nie tylko ma na celu zmian\u0119 ameryka\u0144skiego spo\u0142ecze\u0144stwa na gorsze;&nbsp;oznacza to koniec tych samych aspekt\u00f3w ameryka\u0144skiej wyj\u0105tkowo\u015bci, kt\u00f3re umo\u017cliwi\u0142y \u201ez\u0142oty wiek\u201d dla \u017byd\u00f3w.<\/span><\/p>\n<p style=\"text-align: left;\">\n<span style=\"color: #000080;\">Niemniej, cho\u0107 Foer przyznaje, \u017ce \u017bydzi tacy jak on nie mieli racji s\u0105dz\u0105c, \u017ce antysemityzm jest przede wszystkim cech\u0105 ameryka\u0144skiej prawicy, nadal jest on w zbyt du\u017cym stopniu wytworem partyjnego sposobu my\u015blenia, aby w pe\u0142ni rozpozna\u0107, co si\u0119 sta\u0142o i dlaczego.&nbsp;Jego kr\u00f3tka historia ostatnich 100 lat \u017cycia \u017byd\u00f3w w Ameryce i wzrostu antysemityzmu w ostatnim \u0107wier\u0107wieczu jest sztucznie bezstronna, je\u015bli chodzi o przypisywanie winy za obecne problemy \u017byd\u00f3w.&nbsp;<\/span><\/p>\n<p style=\"text-align: left;\">\n<span style=\"color: #000080;\">To w\u0142a\u015bnie ten brak jasno\u015bci co do problemu le\u017c\u0105cego u podstaw pesymistycznego wniosku o ko\u0144cu dobrych czas\u00f3w dla ameryka\u0144skiego \u017cydostwa, kt\u00f3rego to wniosku, mimo \u017ce atmosfera po si\u00f3dmym pa\u017adzierniku 2013 r.&nbsp;wydaje si\u0119 go potwierdza\u0107, nie nale\u017cy w pe\u0142ni akceptowa\u0107. Dzieje si\u0119 tak dlatego, \u017ce utrzymanie miejsca \u017byd\u00f3w w ameryka\u0144skim spo\u0142ecze\u0144stwie&nbsp;zale\u017cy od tego, czy \u017bydzi zerw\u0105 ze &nbsp;swoimi niegdysiejszymi sojusznikami na lewicy, a nie tylko, jak robi to Foer, ogranicz\u0105 si\u0119 do ubolewania z powodu ich zdrady.<\/span><\/p>\n<p style=\"text-align: left;\">\n<span style=\"color: #000080;\">Niezb\u0119dne do tego jest uznanie, \u017ce je\u015bli liberalizm ma zosta\u0107 ocalony, nale\u017cy uzna\u0107 pora\u017ck\u0119 libera\u0142\u00f3w w obronie zar\u00f3wno zachodniej cywilizacji, jak i \u017byd\u00f3w przed intersekcjonaln\u0105 lewic\u0105.&nbsp;Po tym musi nast\u0105pi\u0107 zar\u00f3wno ca\u0142kowite odrzucenie \u201eprzebudzonego\u201d antysemityzmu, jak i sojusz z konserwatystami, kt\u00f3rzy s\u0105 jedyn\u0105 si\u0142\u0105 w tym kraju chc\u0105c\u0105 lub zdoln\u0105 odwr\u00f3ci\u0107 lewicow\u0105 fal\u0119 zagra\u017caj\u0105c\u0105 bezpiecze\u0144stwu \u017byd\u00f3w.&nbsp;W\u0105tpliwe jest, czy \u017cydowscy libera\u0142owie s\u0105 zdolni do samo\u015bwiadomo\u015bci i uczciwo\u015bci, by skonfrontowa\u0107 si\u0119 z prawd\u0105 o ich k\u0142opotliwym po\u0142o\u017ceniu w tej sprawie.&nbsp;Ale wi\u0119kszo\u015b\u0107 \u017byd\u00f3w jest r\u00f3wnie nieprzygotowana do \u017cycia z alternatyw\u0105, jak\u0105 jest akceptacja statusu pogardzanej mniejszo\u015bci lub pakowanie walizek w poszukiwaniu lepszego \u017cycia gdzie indziej.<\/span><\/p>\n<h5><strong><br \/>\nCo stworzy\u0142o \u201ez\u0142oty wiek\u201d?<\/strong><\/h5>\n<p style=\"text-align: left;\">\n<span style=\"color: #000080;\">B\u0142\u0119dne rozumienie Foera tego, co umo\u017cliwi\u0142o \u201ez\u0142oty wiek\u201d \u2013 kt\u00f3rego uosobieniem w jego eseju jest wyemitowany w 1978 r. w godzinach najwi\u0119kszej ogl\u0105dalno\u015bci telewizyjny ho\u0142d z okazji 30. urodzin Izraela, podczas kt\u00f3rego Barbra Streisand rozmawia\u0142a z Gold\u0105 Meir, a nast\u0119pnie za\u015bpiewa\u0142a \u201eHatikw\u0119\u201d \u2013 jest kluczem do jego niech\u0119ci do my\u015blenia rozs\u0105dnie, jak go broni\u0107.&nbsp;Postrzega on akceptacj\u0119 \u017byd\u00f3w w Ameryce wy\u0142\u0105cznie jako produkt polityki Partii Demokratycznej z po\u0142owy XX wieku, a jest to b\u0142\u0105d.&nbsp;Spo\u0142eczno\u015b\u0107 \u017cydowskich imigrant\u00f3w, kt\u00f3ra osi\u0105gn\u0119\u0142a dojrza\u0142o\u015b\u0107 w latach trzydziestych XX wieku i kt\u00f3ra pozornie pokona\u0142a wszystkie tradycyjne przeszkody na drodze do awansu do pocz\u0105tk\u00f3w XXI wieku (kiedy nominacja senatora Joe Liebermana jako partnera Ala Gore\u2019a podczas kampanii prezydenckiej zdawa\u0142a si\u0119 wynie\u015b\u0107 \u017byd\u00f3w na nieprzewidziane wy\u017cyny) wykaza\u0142a przyt\u0142aczaj\u0105ce poparcie Demokrat\u00f3w i liberalizmu politycznego.<\/span><\/p>\n<p style=\"text-align: left;\">\n<span style=\"color: #000080;\">Cho\u0107 \u017bydzi borykali si\u0119 z innym zestawem problem\u00f3w ni\u017c inne etniczne\/religijne grupy imigrant\u00f3w, ich zdolno\u015b\u0107 do prosperowania w spo\u0142ecze\u0144stwie ameryka\u0144skim by\u0142a efektem tego samego procesu, kt\u00f3ry doprowadzi\u0142 do integracji innych spo\u0142eczno\u015bci, kt\u00f3re przyby\u0142y masowo z Europy pod koniec XIX wieku i na pocz\u0105tku XX wieku.&nbsp;Podobnie jak inni, \u017bydzi potrzebowali kraju, w kt\u00f3rym praworz\u0105dno\u015b\u0107 nie by\u0142a kwestionowana, a dyskryminacja &nbsp;religijna by\u0142a zakazana.&nbsp;Ameryka\u0144ska wyj\u0105tkowo\u015b\u0107 opiera\u0142a si\u0119 na trzymaniu si\u0119 przez nar\u00f3d warto\u015bci zapisanych w dokumentach za\u0142o\u017cycielskich, dotycz\u0105cych r\u00f3wno\u015bci szans, a tak\u017ce wiary w zas\u0142ugi merytoryczne, niezale\u017cnie od pochodzenia i rasy.&nbsp;To w\u0142a\u015bnie te podstawowe zasady, a nie, jak s\u0105dzi Foer, przychylno\u015b\u0107 Franklina Roosevelta lub liberalny S\u0105d Najwy\u017cszy, kt\u00f3ry zakaza\u0142 modlitwy w szkole, chroni\u0142y \u017byd\u00f3w.&nbsp;<\/span><\/p>\n<p style=\"text-align: left;\">\n<span style=\"color: #000080;\">I to w\u0142a\u015bnie obalenie tych zasad przez ruch neomarksistowskich studi\u00f3w krytycznych i awangard\u0119 polityczn\u0105, kt\u00f3ra \u2013 jak przyznaje Foer \u2013 wdro\u017cy\u0142a w spo\u0142ecze\u0144stwie ameryka\u0144skim swoje dotychczasowe ekstremistyczne teorie, stworzy\u0142o sytuacj\u0119 zagra\u017caj\u0105c\u0105 dzisiejszym \u017bydom.&nbsp;<\/span><\/p>\n<p style=\"text-align: left;\">\n<span style=\"color: #000080;\">Foer szczeg\u00f3lnie zawodzi w swojej analizie, poniewa\u017c nie umie dostrzec g\u0142\u0119bokiej r\u00f3\u017cnicy pomi\u0119dzy wp\u0142ywem skrajnie prawicowych \u017cydo\u017cerc\u00f3w a intersekcjonaln\u0105 lewic\u0105, kt\u00f3rej nienawi\u015bci do Izrael i \u017byd\u00f3w nie mo\u017cna ignorowa\u0107 po 7 pa\u017adziernika.<\/span><\/p>\n<p style=\"text-align: left;\">\n<span style=\"color: #000080;\">Prawicowy antysemityzm istnieje.&nbsp;Da\u0142o si\u0119 to odczu\u0107 podczas demonstracji, takich jak wiec neonazist\u00f3w w Charlottesville w stanie Wirginia w sierpniu 2017 r., kt\u00f3rego p\u0142on\u0105ce pochodnie &nbsp;przypomina\u0142y \u017bydom o wiecach Adolfa Hitlera w Norymberdze i o trwaj\u0105cej nienawi\u015bci w Internecie.&nbsp;Strzelaniny w wykonaniu prawicowych \u201esamotnych wilk\u00f3w\u201d, takie jak mordercze ataki na synagogi w Pittsburghu w 2018 r. i Poway w Kalifornii w 2019 r., by\u0142y tragiczne i naprawd\u0119 przera\u017caj\u0105ce.<\/span><\/p>\n<p style=\"text-align: left;\">\n<span style=\"color: #000080;\">Jednak pr\u00f3by przykrojenia narracji o by\u0142ym prezydencie Donaldzie Trumpie lub Republikanach jako tych, kt\u00f3rzy umo\u017cliwiaj\u0105 dzia\u0142ania tych ekstremist\u00f3w, by\u0142y partyjn\u0105 k\u0142amliw\u0105 propagand\u0105.&nbsp;Ci, jak Foer, kt\u00f3rzy krytyk\u0119 interwencji lewicowego miliardera George\u2019a Sorosa w ameryka\u0144sk\u0105 polityk\u0119 \u2013 zw\u0142aszcza finansowanie przez niego kampanii lokalnych prokurator\u00f3w, kt\u00f3rzy nie s\u0105 zainteresowani karaniem przest\u0119pc\u00f3w w wi\u0119zieniach \u2013 traktuj\u0105 jako antysemityzm, s\u0105 nieuczciwi i podwa\u017caj\u0105 wysi\u0142ki na rzecz zwalczania prawdziwej nienawi\u015bci do \u017byd\u00f3w.<\/span><\/p>\n<h5 style=\"text-align: left;\"><strong><br \/>\nLewica naprawd\u0119 nienawidzi \u017byd\u00f3w<\/strong><\/h5>\n<p style=\"text-align: left;\">\n<span style=\"color: #000080;\">Dla kontrastu, ugruntowanie przez lewic\u0119 pogl\u0105d\u00f3w o \u017bydach jako \u201ebia\u0142ych\u201d ciemi\u0119\u017cycielach, kt\u00f3rzy powinni by\u0107 uprawnionym celem terroru i ludob\u00f3jstwa w Izraelu, a tak\u017ce zastraszania i obelg w Stanach Zjednoczonych, zosta\u0142o w\u0142\u0105czone do g\u0142\u00f3wnego nurtu kultury, dziennikarstwa i polityki w spos\u00f3b, jaki w Ameryce nigdy nie mia\u0142 miejsca w przypadku prawicowego wariantu antysemityzmu.<\/span><\/p>\n<p style=\"text-align: left;\">\n<span style=\"color: #000080;\">Foer wyznaje, \u017ce uwa\u017ca\u0142, \u017ce lewicowcy atakuj\u0105cy Izrael nie stanowi\u0105 problemu, poniewa\u017c za\u0142o\u017cy\u0142, \u017ce s\u0105 odpowiednikiem liberalnych syjonist\u00f3w takich jak on, kt\u00f3rzy nie lubi\u0105 premiera Benjamina Netanjahu i jego rz\u0105du.&nbsp;I nawet teraz niech\u0119tnie przyjmuje definicj\u0119 antysemityzmu, kt\u00f3ra s\u0142usznie obejmuje antysyjonizm.&nbsp;<\/span><\/p>\n<p style=\"text-align: left;\">\n<span style=\"color: #000080;\">Jak jednak zrozumia\u0142 od 7 pa\u017adziernika, intersekcjonalna lewica rezerwuje swoje wsp\u00f3\u0142czucie dla Palesty\u0144czyk\u00f3w, kt\u00f3rzy chc\u0105 zniszczy\u0107 Izrael i wymordowa\u0107 jego nar\u00f3d, a nie dla lewicowych, pe\u0142nych dobrych intencji \u017byd\u00f3w, kt\u00f3rzy chc\u0105 rozwi\u0105zania w postaci dw\u00f3ch pa\u0144stw.&nbsp;I nie maj\u0105 skrupu\u0142\u00f3w przed rozszerzeniem swojej niech\u0119ci na przewa\u017caj\u0105c\u0105 wi\u0119kszo\u015b\u0107 \u017byd\u00f3w, kt\u00f3rzy nie chc\u0105 wyrzec si\u0119 syjonizmu lub zadeklarowa\u0107 sw\u00f3j sprzeciw wobec istnienia jedynego pa\u0144stwa \u017cydowskiego na planecie.&nbsp;Je\u015bli popieranie ludob\u00f3jstwa \u017byd\u00f3w nie jest ju\u017c nie do pomy\u015blenia nawet na kampusach takich jak Harvard, to jasne jest, \u017ce niewiele jest miejsca na tego rodzaju pewne siebie \u017cydowskie istnienie w elitarnych instytucjach lub na forum publicznym, gdzie liberalni \u017bydzi s\u0105dzili, \u017ce Ameryka jest r\u00f3wnie\u017c ich domem.&nbsp;<\/span><\/p>\n<p style=\"text-align: left;\">\n<span style=\"color: #000080;\">Progresi\u015bci, kt\u00f3rzy umo\u017cliwiaj\u0105 antysemityzm, s\u0105 obecnie pot\u0119\u017cn\u0105 si\u0142\u0105 w polityce w spos\u00f3b nie do pomy\u015blenia na prawicy, gdzie Republikanie stali si\u0119 parti\u0105 proizraelsk\u0105, a filosemityzm jest g\u0142\u0119boko wpisany w polityczne DNA ewangelik\u00f3w, czego liberalni \u017bydzi boj\u0105 si\u0119 bardziej ni\u017c antysemickich cz\u0142onk\u00f3w lewicowego \u201eSzwadronu\u201d w Kongresie.<\/span><\/p>\n<p style=\"text-align: left;\">\n<span style=\"color: #000080;\">Foer omawia mo\u017cliwo\u015b\u0107 ucieczki \u017byd\u00f3w do miejsc takich jak Niemcy w poszukiwaniu bezpieczniejszej egzystencji, ale to pokazuje, \u017ce jeszcze bardziej nie ma poj\u0119cia o sytuacji w Europie.&nbsp;Czerwono-zielony sojusz pomi\u0119dzy rosn\u0105c\u0105 populacj\u0105 islamistycznych imigrant\u00f3w z Bliskiego Wschodu i Afryki P\u00f3\u0142nocnej a lewicowymi elitami, kt\u00f3re zgadzaj\u0105 si\u0119 co do tego, \u017ce wsp\u00f3lnie obieraj\u0105 za cel \u017byd\u00f3w, jest szczeg\u00f3lnie silny w Europie Zachodniej.&nbsp;Co charakterystyczne, Foer nie omawia jedynego miejsca, kt\u00f3re nawet po 7 pa\u017adziernika pozostaje najbardziej prawdopodobnym i najbezpieczniejszym miejscem docelowym dla \u017byd\u00f3w: Izraela.&nbsp;Tam mog\u0105 si\u0119 broni\u0107 i decydowa\u0107 o swoim losie.<\/span><\/p>\n<p style=\"text-align: left;\">\n<span style=\"color: #000080;\">To, co wydarzy\u0142o si\u0119 od 7 pa\u017adziernika, jest jedynie potwierdzeniem wielu innych trend\u00f3w, w ramach kt\u00f3rych tradycyjni libera\u0142owie okazali si\u0119 niezdolni lub niech\u0119tni do obrony zachodniego kanonu warto\u015bci w \u015brodowisku akademickim, instytucji rodziny przed indoktrynacj\u0105 gender oraz zasady r\u00f3wno\u015bci szans przeciwko doktrynie DEI, kt\u00f3ra nakazuje jej zniszczenie.&nbsp;Nic wi\u0119c dziwnego, \u017ce w podobny spos\u00f3b albo porzucili \u017byd\u00f3w przechodz\u0105c na stron\u0119 tych, kt\u00f3rzy ich atakuj\u0105, albo okazali si\u0119 zbyt s\u0142abi, aby si\u0119 im przeciwstawi\u0107. Gotowo\u015b\u0107 prezydenta Joe Bidena do&nbsp;<a style=\"color: #000080;\" href=\"https:\/\/www.jns.org\/is-biden-worrying-about-losing-the-wrong-voters\/\" target=\"_blank\" rel=\"noopener noreferrer\">p\u0142aszczenia<\/a>&nbsp;si\u0119&nbsp;przed antysemickimi wyborcami w ameryka\u0144skiej \u201estolicy d\u017cihadu\u201d, w Dearborn w stanie Michigan, jest tylko najbardziej jaskrawym tego przyk\u0142adem.<\/span><\/p>\n<p style=\"text-align: left;\">\n<span style=\"color: #000080;\">Foer nie rozumie r\u00f3wnie\u017c, \u017ce cho\u0107 sytuacja \u017byd\u00f3w mo\u017ce by\u0107 tragiczna, nie jest z g\u00f3ry przes\u0105dzone, \u017ce obrona \u201ez\u0142otego wieku\u201d \u2013 lub przynajmniej powszechnej akceptacji \u017byd\u00f3w \u2013 jest skazana na niepowodzenie.&nbsp;To prawda, \u017ce wycofywanie intersekcjonalnych i budz\u0105cych si\u0119 rasistowskich doktryn, kt\u00f3re zaw\u0142adn\u0119\u0142y tak wieloma ameryka\u0144skimi instytucjami i sektorami spo\u0142ecze\u0144stwa, jest olbrzymim zadaniem.&nbsp;Ale nie jest to niemo\u017cliwe.<\/span><\/p>\n<p style=\"text-align: left;\">\n<span style=\"color: #000080;\">D\u0142ugi marsz progresist\u00f3w przez instytucje ameryka\u0144skie, gdzie promowali swoje doktryny, nigdy nie zosta\u0142 przeg\u0142osowany przez nar\u00f3d ameryka\u0144ski, a wi\u0119kszo\u015b\u0107 jest mu przeciwna.&nbsp;W\u0142adza rz\u0105dowa, kt\u00f3ra to umo\u017cliwi\u0142a, mo\u017ce r\u00f3wnie \u0142atwo tego zakaza\u0107.&nbsp;W tej walce \u017bydzi nie s\u0105 sami.&nbsp;Prawica polityczna jest zaanga\u017cowana w pokonanie ideologii \u201eprzebudzonych\u201d przede wszystkim dlatego, \u017ce stanowi zagro\u017cenie dla Ameryki i Zachodu.&nbsp;Dzia\u0142ania takie jak zakaz DEI na Florydzie ilustruj\u0105, jak mo\u017cna odwr\u00f3ci\u0107 t\u0119 fal\u0119.&nbsp;&nbsp;<\/span><\/p>\n<p style=\"text-align: left;\">\n<span style=\"color: #000080;\">Tylko wygrana walka o Zach\u00f3d i ameryka\u0144skie warto\u015bci, kt\u00f3re libera\u0142owie atakuj\u0105, mo\u017ce przywr\u00f3ci\u0107 wyj\u0105tkowo\u015b\u0107 Ameryki.&nbsp;Ale je\u015bli liberalni \u017bydzi maj\u0105 odegra\u0107 rol\u0119 w powstrzymaniu ruchu, kt\u00f3ry obra\u0142 ich za cel ataku, b\u0119d\u0105 musieli przezwyci\u0119\u017cy\u0107 swoj\u0105 odraz\u0119 do konserwatyst\u00f3w i w ko\u0144cu przy\u0142\u0105czy\u0107 si\u0119 do walki przeciwnej \u201eprzebudzonej\u201d lewicy.<\/span><\/p>\n<p style=\"text-align: left;\">\n<span style=\"color: #000080;\">To jest co\u015b, co b\u0119dzie niemo\u017cliwe dla ludzi takich jak Foer, a tak\u017ce dla istniej\u0105cych organizacji, takich jak Anti-Defamation League i American Jewish Committee, kt\u00f3re s\u0105 zbyt przywi\u0105zane do swoich tradycyjnych sojusznik\u00f3w politycznych, by zrobi\u0107 wszystko, co konieczne dla obrony \u017byd\u00f3w.&nbsp;Nie zdaj\u0105 sobie sprawy, \u017ce je\u015bli nadal b\u0119d\u0105 odmawia\u0107 traktowania walki z \u201eprzebudzon\u0105\u201d ideologi\u0105 jako walki egzystencjalnej, kt\u00f3ra powinna mie\u0107 pierwsze\u0144stwo przed wszelkimi innymi sprawami krajowymi, nie tylko zagwarantuj\u0105 nieliberaln\u0105 przysz\u0142o\u015b\u0107 temu krajowi, w kt\u00f3rym antysemityzm b\u0119dzie w g\u0142\u00f3wnym nurcie.&nbsp;Skutecznie zapewniaj\u0105 tak\u017ce, \u017ce czasy Ameryki jako bezpiecznej przystani dla \u017byd\u00f3w naprawd\u0119 si\u0119 sko\u0144cz\u0105.<\/span><\/p>\n<\/div>\n<hr>\n<p style=\"text-align: left;\"><span style=\"color: #808080;\"><em><strong>Jonathan S. Tobin<\/strong> jest redaktorem naczelnym ameryka\u0144skiego magazynu JNS (Jewish News Syndicate).<\/em><\/span><\/p>\n<hr style=\"height: 15px; background: #d0e6fa; width: 100%;\">\n<div id=\"content\" class=\"content-alignment\">\n<div id=\"watch-description\" class=\"yt-uix-button-panel\">\n<div id=\"watch-description-text\" style=\"text-align: center;\">\n<p><em>Zawarto\u015b\u0107 publikowanych artyku\u0142\u00f3w i materia\u0142\u00f3w nie reprezentuje pogl\u0105d\u00f3w ani opinii Reunion&#8217;68,<\/em><em><br \/>\nani te\u017c webmastera Blogu Reunion&#8217;68, chyba ze jest to wyra\u017anie zaznaczone.<br \/>\nTwoje uwagi, linki, w\u0142asne artyku\u0142y lub wiadomo\u015bci prze\u015blij na adres:<br \/>\n<\/em><span style=\"color: #000080;\"><strong><em><a style=\"color: #000080;\" href=\"mailto:webmaster@reunion68.com\"><span style=\"text-decoration: underline;\">webmaster@reunion68.com<\/span><\/a><\/em><\/strong><\/span><\/p>\n<\/div>\n<\/div>\n<\/div>\n<hr style=\"width: 100%;\">\n","protected":false},"excerpt":{"rendered":"<p>Magen David (\u201cStar of David\u201d). Credit: Dziurek\/Shutterstock. Dlaczego libera\u0142owie ponie\u015bli pora\u017ck\u0119 w walce z antysemityzmem Jonathan S. Tobin T\u0142umaczenie: Ma\u0142gorzata Koraszewska Punkty zwrotne w historii nie zawsze s\u0105 oczywiste i \u0142atwe do rozpoznania przez tych, kt\u00f3rzy je prze\u017cywaj\u0105.&nbsp;Ale znaczenie 7 pa\u017adziernika i spos\u00f3b, w jaki wydarzenia tego strasznego dnia i okropne reakcje na nie na [&hellip;]<\/p>\n","protected":false},"author":1,"featured_media":0,"comment_status":"closed","ping_status":"closed","sticky":false,"template":"","format":"standard","meta":[],"categories":[6],"tags":[26,24],"_links":{"self":[{"href":"https:\/\/www.reunion68.se\/index.php?rest_route=\/wp\/v2\/posts\/111664"}],"collection":[{"href":"https:\/\/www.reunion68.se\/index.php?rest_route=\/wp\/v2\/posts"}],"about":[{"href":"https:\/\/www.reunion68.se\/index.php?rest_route=\/wp\/v2\/types\/post"}],"author":[{"embeddable":true,"href":"https:\/\/www.reunion68.se\/index.php?rest_route=\/wp\/v2\/users\/1"}],"replies":[{"embeddable":true,"href":"https:\/\/www.reunion68.se\/index.php?rest_route=%2Fwp%2Fv2%2Fcomments&post=111664"}],"version-history":[{"count":6,"href":"https:\/\/www.reunion68.se\/index.php?rest_route=\/wp\/v2\/posts\/111664\/revisions"}],"predecessor-version":[{"id":111675,"href":"https:\/\/www.reunion68.se\/index.php?rest_route=\/wp\/v2\/posts\/111664\/revisions\/111675"}],"wp:attachment":[{"href":"https:\/\/www.reunion68.se\/index.php?rest_route=%2Fwp%2Fv2%2Fmedia&parent=111664"}],"wp:term":[{"taxonomy":"category","embeddable":true,"href":"https:\/\/www.reunion68.se\/index.php?rest_route=%2Fwp%2Fv2%2Fcategories&post=111664"},{"taxonomy":"post_tag","embeddable":true,"href":"https:\/\/www.reunion68.se\/index.php?rest_route=%2Fwp%2Fv2%2Ftags&post=111664"}],"curies":[{"name":"wp","href":"https:\/\/api.w.org\/{rel}","templated":true}]}}