{"id":111687,"date":"2024-03-22T18:09:32","date_gmt":"2024-03-22T16:09:32","guid":{"rendered":"http:\/\/www.reunion68.se\/?p=111687"},"modified":"2024-03-22T09:39:34","modified_gmt":"2024-03-22T07:39:34","slug":"26-00-94","status":"publish","type":"post","link":"https:\/\/www.reunion68.se\/?p=111687","title":{"rendered":"Izrael po ataku Hamasu. Zdj\u0119cia Ziva Korena w \u017bydowskim Instytucie Historycznym na jednodniowym pokazie"},"content":{"rendered":"<p style=\"text-align: center;\"><img decoding=\"async\" class=\"aligncenter\" src=\"https:\/\/bi.im-g.pl\/im\/8b\/64\/1d\/z30818443AMP,Wystawa-zdjec-Ziva-Korena-w-Zydowskim-Instytucie-H.jpg\" width=\"100%\"><span style=\"color: #808080;\"><em>Wystawa zdj\u0119\u0107 Ziva Korena w \u017bydowskim Instytucie Historycznym im. Emanuela Ringelbluma. Fotografie dokumentuj\u0105 rozmiary tragedii spowodowanej atakiem Hamasu na Izrael 7 pa\u017adziernika 2023 r. (Fot. Jacek Marczewski \/ Agencja Wyborcza.pl)<\/em><\/span><\/p>\n<hr>\n<h5 style=\"text-align: center;\"><a href=\"https:\/\/warszawa.wyborcza.pl\/\" target=\"_blank\" rel=\"noopener noreferrer\"><img decoding=\"async\" class=\"center alignleft\" src=\"http:\/\/www.reunion68.com\/Biuletyn\/img\/wyborcza-wa.png\" alt=\"\" width=\"35%\"><\/a><span style=\"text-decoration: underline; color: #000080;\"><strong><a style=\"color: #000080; text-decoration: underline;\" href=\"https:\/\/warszawa.wyborcza.pl\/warszawa\/7,54420,30818976,izrael-po-ataku-hamasu-zdjecia-ziva-korena-w-zydowskim-instytucie.html\" target=\"_blank\" rel=\"noopener noreferrer\">Izrael po ataku Hamasu. Zdj\u0119cia Ziva Korena w \u017bydowskim Instytucie Historycznym na jednodniowym pokazie<\/a><\/strong><\/span><\/h5>\n<p style=\"text-align: center;\"><span style=\"color: #000000;\"><strong>Tomasz Urzykowski<\/strong><\/span><\/p>\n<hr style=\"height: 15px; background: #d0e6fa; width: 100%;\">\n<p style=\"text-align: left;\"><span style=\"color: #000080;\"><strong>7 pa\u017adziernika<\/strong> by\u0142 najstraszniejszym, najbardziej tragicznym dniem dla narodu \u017cydowskiego od czas\u00f3w Zag\u0142ady. Nadal zastanawiamy si\u0119, zar\u00f3wno w Izraelu, jak i w ca\u0142ym cywilizowanym \u015bwiecie zachodnim, jak mog\u0142o do tego doj\u015b\u0107 &#8211; powiedzia\u0142 ambasador Izraela Yacov Livne otwieraj\u0105c wystaw\u0119 zdj\u0119\u0107 ukazuj\u0105cych skutki ataku Hamasu na ten kraj.<\/span><\/p>\n<div class=\"article--underlead\" style=\"text-align: left;\"><span style=\"color: #000080;\">Terrory\u015bci z kontroluj\u0105cej Stref\u0119 Gazy fundamentalistycznej organizacji palesty\u0144skiej Hamas najechali na po\u0142udniowy Izrael w sobotni ranek 7 pa\u017adziernika 2023 r. Dokonali masakry jego mieszka\u0144c\u00f3w. Zamordowali 1,2 tys. os\u00f3b, zabijaj\u0105c niekiedy ca\u0142e rodziny. Oko\u0142o 240 os\u00f3b porwali do Gazy i do dzi\u015b przetrzymuj\u0105 jako zak\u0142adnik\u00f3w.<\/span><\/div>\n<div>.<\/div>\n<p style=\"text-align: center;\"><img decoding=\"async\" class=\"aligncenter\" src=\"https:\/\/bi.im-g.pl\/im\/84\/64\/1d\/z30818436IH,Wystawa-zdjec-Ziva-Korena-w-Zydowskim-Instytucie-H.jpg\" width=\"100%\"><span style=\"color: #808080;\"><em>Wystawa zdj\u0119\u0107 Ziva Korena w \u017bydowskim Instytucie Historycznym im. Emanuela Ringelbluma Fot. Jacek Marczewski \/ Agencja Wyborcza.pl<\/em><\/span><\/p>\n<h4 class=\"text--title font-head-700\" style=\"text-align: left;\"><strong>Wystawa w \u017bIH przygotowana przez Ambasad\u0119 Izraela<\/strong><\/h4>\n<p class=\"text--title font-head-700\" style=\"text-align: left;\">&#8220;<span style=\"color: #000080;\">W pierwszym straszliwym okresie wojny dzieci, kobiety, rodziny i ocaleni z Holokaustu, setki cywil\u00f3w zosta\u0142y zastrzelone, zgwa\u0142cone, spalone i zmasakrowane z zimn\u0105 krwi\u0105. (&#8230;)&nbsp;Ma\u0142e dzieci wyrwane w pi\u017camach z w\u0142asnych \u0142\u00f3\u017cek, nastolatkowie, kt\u00f3rzy sp\u0119dzili noc na festiwalu muzycznym, \u017co\u0142nierze i \u017co\u0142nierki \u2013 przemoc\u0105 porwani znale\u017ali si\u0119 w bunkrach i skrytkach Gazy. Najm\u0142odszy z&nbsp;porwanych to dziewi\u0119ciomiesi\u0119czny ch\u0142opiec, najstarsza mia\u0142a 90 lat.&nbsp;Jedna z porwanych, trzyletnia dziewczynka, jest jedyn\u0105 ze swojej rodziny, kt\u00f3ra prze\u017cy\u0142a atak na rodzinny dom. Terrory\u015bci zamordowali ca\u0142\u0105 jej rodzin\u0119 i porwali j\u0105 ca\u0142kiem sam\u0105.&nbsp;Hamas w okrutny spos\u00f3b bi\u0142, gwa\u0142ci\u0142 i bezcze\u015bci\u0142 swoje ofiary, utrwalaj\u0105c wszystko w koszmarnej relacji na \u017cywo&#8221; &#8211; czytamy w opisie&nbsp;wystawy zdj\u0119\u0107 przygotowanej przez Ambasad\u0119 Izraela w Warszawie we wsp\u00f3\u0142pracy z \u017bydowskim Instytutem Historycznym im. Emanuela Ringelbluma. Jednodniowy pokaz ponad 20 fotografii dokumentuj\u0105cych skutki ataku Hamasu na Izrael&nbsp;odby\u0142 si\u0119 w czwartek, 21 marca,&nbsp;w holu gmachu \u017bIH przy ul. T\u0142omackie.<\/span><\/p>\n<p><span style=\"color: #000080;\">&#8211; \u017badne z nas nie my\u015bla\u0142o, \u017ce podczas naszego \u017cycia b\u0119dziemy \u015bwiadkami wydarze\u0144, kt\u00f3re b\u0119d\u0105 przypomina\u0142y&nbsp;to, co si\u0119 dzia\u0142o na tej ziemi 80 lat temu.&nbsp;7 pa\u017adziernika by\u0142 najstraszniejszym, najbardziej tragicznym dniem dla narodu \u017cydowskiego od czas\u00f3w Zag\u0142ady. Nadal zastanawiamy si\u0119, zar\u00f3wno w Izraelu, jak i w ca\u0142ym cywilizowanym \u015bwiecie zachodnim, jak mog\u0142o do tego doj\u015b\u0107. I jak z tym walczy\u0107. Te zdj\u0119cia pokazuj\u0105 niewielki wycinek rzeczywisto\u015bci.&nbsp;Staramy si\u0119 zrozumie\u0107, co si\u0119 wtedy wydarzy\u0142o &#8211; powiedzia\u0142 podczas otwarcia pokazu ambasador Izraela w Polsce Yacov Livne. Zaznaczy\u0142, \u017ce na wystawie nie ma najbardziej drastycznych obraz\u00f3w, kt\u00f3rych nie da si\u0119 pokazywa\u0107, ani ogl\u0105da\u0107.<\/span><\/p>\n<p>.<\/p>\n<p style=\"text-align: center;\"><img decoding=\"async\" class=\"aligncenter\" src=\"https:\/\/bi.im-g.pl\/im\/72\/64\/1d\/z30818418IH,Wystawa-zdjec-Ziva-Korena-w-Zydowskim-Instytucie-H.jpg\" width=\"100%\"><span style=\"color: #808080;\"><em>Wystawa zdj\u0119\u0107 Ziva Korena w \u017bydowskim Instytucie Historycznym im. Emanuela Ringelbluma Fot. Jacek Marczewski \/ Agencja Wyborcza.pl<\/em><\/span><\/p>\n<p class=\"text--paragraph\" style=\"text-align: left;\"><span style=\"color: #000080;\">Zdj\u0119cia wykona\u0142 znany izraelski fotoreporter Ziv Koren, kt\u00f3ry od ponad 30 lat zajmuje si\u0119 zawodowo fotografi\u0105. W swojej pracy skupia si\u0119 na&nbsp;problemach humanitarnych w Izraelu i na \u015bwiecie.&nbsp;Dokumentowa\u0142 dramatyczne wydarzenia, takie jak wojna w Ukrainie, trz\u0119sienie ziemi w Turcji, Covid-19 w Izraelu, konflikt izraelsko-palesty\u0144ski, tsunami w Azji Po\u0142udniowo-Wschodniej, trz\u0119sienie ziemi na Haiti, czy AIDS w Republice Po\u0142udniowej Afryki. Jego fotografie by\u0142y publikowane w mi\u0119dzynarodowych mediach, prezentowane na wystawach na ca\u0142ym \u015bwiecie i wielokrotnie nagradzane.&nbsp;Obecnie Ziv Koren pracuje dla izraelskiego dziennika &#8220;Yedioth Ahronoth&#8221; i&nbsp;reprezentuje agencj\u0119 fotograficzn\u0105 \u201ePolaris Images&#8221;.<\/span><\/p>\n<h4 class=\"text--title font-head-700\" style=\"text-align: left;\"><strong>Spalone domy, spalone samochody, pogrzeby ofiar<\/strong><\/h4>\n<p class=\"text--paragraph\" style=\"text-align: left;\"><span style=\"color: #000080;\">Na wie\u015b\u0107 o&nbsp;ataku Hamasu na Izrael pojecha\u0142 na tereny odbite z r\u0105k terroryst\u00f3w. Na miejscu fotografowa\u0142 cia\u0142a zabitych ludzi le\u017c\u0105ce na ulicy w mie\u015bcie Sderot, spalone domy w kibucu Be&#8217;eri,&nbsp;spalone&nbsp;samochody w kibucu Reim i na drodze nr 34 ko\u0142o kampusu college&#8217;u Sapir, zalane krwi\u0105 pi\u0119trowe dzieci\u0119ce \u0142\u00f3\u017ceczko w kibucu Nir Oz, zw\u0142oki w worku wk\u0142adane do furgonetki w kibucu Be&#8217;eri, pogrzeby ofiar masakry, w tym rodziny Kutz (rodzic\u00f3w i tr\u00f3jki nastolatk\u00f3w), kt\u00f3ra zgin\u0119\u0142a w swoim domu w kibucu Kfar Aza,&nbsp;a tak\u017ce&nbsp;ci\u0119\u017cko rann\u0105 p\u00f3\u0142toraroczn\u0105 Yael Golan, kt\u00f3rej \u017cycie ratuj\u0105 lekarze&nbsp;ze szpitala&nbsp;w Tel HaShomer. Zdj\u0119cia Ziva Korena przedstawiaj\u0105 te\u017c spo\u0142eczny ruch w Izraelu przeciw terroryzmowi i na rzecz uwolnienia os\u00f3b porwanych do Gazy. Z inicjatywy rektora, samorz\u0105du i spo\u0142eczno\u015bci akademickiej Uniwersytetu Telawiwskiego zrealizowano projekt &#8220;Zjednoczeni wobec terroryzmu&#8221;. Na widowni uczelnianej auli umieszczono ponad tysi\u0105c fotografii os\u00f3b porwanych, zaginionych i zamordowanych przez Hamas. Z kolei w centrum Tel Awiwu stan\u0119\u0142a instalacja artystyczna w postaci \u015bwi\u0105tecznego sto\u0142u czekaj\u0105cego na powr\u00f3t porwanych.<\/span><\/p>\n<p class=\"text--paragraph\" style=\"text-align: left;\"><span style=\"color: #000080;\">&#8211; Rodziny i bliscy czekaj\u0105cy na uwolnienie zak\u0142adnik\u00f3w s\u0105 wi\u0119\u017aniami czasu. Jeste\u015bmy wi\u0119\u017aniami w tragicznym dniu 7 pa\u017adziernika tak d\u0142ugo, dop\u00f3ki wszyscy zak\u0142adnicy nie zostan\u0105 uwolnieni, przywr\u00f3ceni swoim rodzinom i bezpiecznie wr\u00f3c\u0105 do domu &#8211; powiedzia\u0142a Anna R\u00f3\u017ca\u0144ska, towarzyszka \u017cycia Alexa Dancyga, polskiego i izraelskiego historyka, uprowadzonego przez Hamas z kibucu Nir Oz.<\/span><\/p>\n<p style=\"text-align: center;\"><img decoding=\"async\" class=\"aligncenter\" src=\"https:\/\/bi.im-g.pl\/im\/83\/64\/1d\/z30818435IH,Wystawa-zdjec-Ziva-Korena-w-Zydowskim-Instytucie-H.jpg\" width=\"100%\"><span style=\"color: #808080;\"><em>Wystawa zdj\u0119\u0107 Ziva Korena w \u017bydowskim Instytucie Historycznym im. Emanuela Ringelbluma Fot. Jacek Marczewski \/ Agencja Wyborcza.pl<\/em><\/span><\/p>\n<p style=\"text-align: left;\"><span style=\"color: #000080;\">Pokaz w \u017bydowskim Instytucie Historycznym&nbsp;odby\u0142 si\u0119 w czasie, gdy \u015bwiat obiegaj\u0105 zdj\u0119cia zniszczonych miast w Strefie Gazy.&nbsp;W odpowiedzi na atak Hamasu z 7 pa\u017adziernika&nbsp;Izrael od prawie p\u00f3\u0142 roku prowadzi w tej enklawie&nbsp;operacj\u0119 zbrojn\u0105 &#8220;\u017belazne Miecze&#8221;, kt\u00f3rej celem jest unicestwienie&nbsp;terrorystycznej organizacji. W wyniku nalot\u00f3w bombowych i inwazji l\u0105dowej zgin\u0119\u0142o ju\u017c ponad 31 tys. Palesty\u0144czyk\u00f3w. W Strefie Gazy brakuje jedzenia, wody pitnej i lekarstw, a pomoc humanitarna nie dociera do mieszka\u0144c\u00f3w. Na alarm bije \u015awiatowa Organizacja Zdrowia (WHO). Do&nbsp;dzia\u0142a\u0144&nbsp;Izraela w Gazie krytycznie odnie\u015bli si\u0119&nbsp;m.in. prezydent USA Joe Biden i szef dyplomacji Unii Europejskiej Josep Borrell.&nbsp;<\/span><\/p>\n<hr style=\"height: 15px; background: #d0e6fa; width: 100%;\">\n<div id=\"content\" class=\"content-alignment\">\n<div id=\"watch-description\" class=\"yt-uix-button-panel\">\n<div id=\"watch-description-text\" style=\"text-align: center;\">\n<p><em>Zawarto\u015b\u0107 publikowanych artyku\u0142\u00f3w i materia\u0142\u00f3w nie reprezentuje pogl\u0105d\u00f3w ani opinii Reunion&#8217;68,<\/em><em><br \/>\nani te\u017c webmastera Blogu Reunion&#8217;68, chyba ze jest to wyra\u017anie zaznaczone.<br \/>\nTwoje uwagi, linki, w\u0142asne artyku\u0142y lub wiadomo\u015bci prze\u015blij na adres:<br \/>\n<\/em><span style=\"color: #000080;\"><strong><em><a style=\"color: #000080;\" href=\"mailto:webmaster@reunion68.com\"><span style=\"text-decoration: underline;\">webmaster@reunion68.com<\/span><\/a><\/em><\/strong><\/span><\/p>\n<\/div>\n<\/div>\n<\/div>\n<hr style=\"width: 100%;\">\n","protected":false},"excerpt":{"rendered":"<p>Wystawa zdj\u0119\u0107 Ziva Korena w \u017bydowskim Instytucie Historycznym im. Emanuela Ringelbluma. Fotografie dokumentuj\u0105 rozmiary tragedii spowodowanej atakiem Hamasu na Izrael 7 pa\u017adziernika 2023 r. (Fot. Jacek Marczewski \/ Agencja Wyborcza.pl) Izrael po ataku Hamasu. Zdj\u0119cia Ziva Korena w \u017bydowskim Instytucie Historycznym na jednodniowym pokazie Tomasz Urzykowski 7 pa\u017adziernika by\u0142 najstraszniejszym, najbardziej tragicznym dniem dla narodu [&hellip;]<\/p>\n","protected":false},"author":1,"featured_media":0,"comment_status":"closed","ping_status":"closed","sticky":false,"template":"","format":"standard","meta":[],"categories":[6],"tags":[26,24],"_links":{"self":[{"href":"https:\/\/www.reunion68.se\/index.php?rest_route=\/wp\/v2\/posts\/111687"}],"collection":[{"href":"https:\/\/www.reunion68.se\/index.php?rest_route=\/wp\/v2\/posts"}],"about":[{"href":"https:\/\/www.reunion68.se\/index.php?rest_route=\/wp\/v2\/types\/post"}],"author":[{"embeddable":true,"href":"https:\/\/www.reunion68.se\/index.php?rest_route=\/wp\/v2\/users\/1"}],"replies":[{"embeddable":true,"href":"https:\/\/www.reunion68.se\/index.php?rest_route=%2Fwp%2Fv2%2Fcomments&post=111687"}],"version-history":[{"count":14,"href":"https:\/\/www.reunion68.se\/index.php?rest_route=\/wp\/v2\/posts\/111687\/revisions"}],"predecessor-version":[{"id":111703,"href":"https:\/\/www.reunion68.se\/index.php?rest_route=\/wp\/v2\/posts\/111687\/revisions\/111703"}],"wp:attachment":[{"href":"https:\/\/www.reunion68.se\/index.php?rest_route=%2Fwp%2Fv2%2Fmedia&parent=111687"}],"wp:term":[{"taxonomy":"category","embeddable":true,"href":"https:\/\/www.reunion68.se\/index.php?rest_route=%2Fwp%2Fv2%2Fcategories&post=111687"},{"taxonomy":"post_tag","embeddable":true,"href":"https:\/\/www.reunion68.se\/index.php?rest_route=%2Fwp%2Fv2%2Ftags&post=111687"}],"curies":[{"name":"wp","href":"https:\/\/api.w.org\/{rel}","templated":true}]}}