{"id":111745,"date":"2024-04-01T17:00:46","date_gmt":"2024-04-01T15:00:46","guid":{"rendered":"http:\/\/www.reunion68.se\/?p=111745"},"modified":"2024-04-01T12:09:05","modified_gmt":"2024-04-01T10:09:05","slug":"28-09-94","status":"publish","type":"post","link":"https:\/\/www.reunion68.se\/?p=111745","title":{"rendered":"Karl Pfeifer, Journalist Who Documented 20th Century With A Jewish Eye, Dies at 94: A Personal Memoriam"},"content":{"rendered":"<h5 style=\"text-align: center;\"><a href=\"https:\/\/www.algemeiner.com\/\" target=\"_blank\" rel=\"noopener noreferrer\"><img decoding=\"async\" class=\"center alignleft\" src=\"http:\/\/www.reunion68.com\/Biuletyn\/img\/algem.png\" alt=\"\" width=\"35%\"><\/a><span style=\"text-decoration: underline; color: #000080;\"><span><strong><a style=\"color: #000080; text-decoration: underline;\" href=\"https:\/\/www.algemeiner.com\/2023\/01\/09\/karl-pfeifer-journalist-who-documented-20th-century-with-a-jewish-eye-dies-at-94-a-personal-memoriam\/\" target=\"_blank\" rel=\"noopener noreferrer\">Karl Pfeifer, Journalist Who Documented 20th Century With A Jewish Eye, Dies at 94: A Personal Memoriam<\/a><\/strong><\/span><\/span><\/h5>\n<p style=\"text-align: center;\"><span style=\"color: #000000;\"><strong>Ben Cohen<\/strong><\/span><\/p>\n<hr style=\"height: 15px; background: #d0e6fa; width: 100%;\">\n<p style=\"text-align: center;\"><img decoding=\"async\" class=\"aligncenter\" src=\"https:\/\/www.algemeiner.com\/wp-content\/uploads\/2023\/01\/karl-pfeifer.width-900.jpg\" width=\"100%\"><span style=\"color: #808080;\"><em>The Austrian Jewish journalist Karl Pfeifer. Photo: Austrian Cultural Forum<\/em><\/span><\/p>\n<p style=\"text-align: left;\"><span style=\"color: #000080;\">The death of&nbsp;<a style=\"color: #000080;\" href=\"https:\/\/www.algemeiner.com\/2018\/11\/08\/hungary-zero-tolerance-for-antisemitism\/\" target=\"_blank\" rel=\"noopener noreferrer\">Karl Pfeifer<\/a>&nbsp;last Friday marks the end of an unforgettable and unparalleled chapter in the history of Jewish journalism after World War II.<\/span><\/p>\n<p style=\"text-align: left;\"><span style=\"color: #000080;\">Karl \u2014 who passed away in Vienna at the grand age of 94 \u2014 was buried on Sunday in the Jewish cemetery in Baden, the Austrian spa town where he was born in 1928 into a secular Jewish family. Karl\u2019s personal odyssey, and later his career as a journalist, spanned the Holocaust, the creation of the State of Israel, the depths of the Cold War and then the implosion of the communist bloc, the subsequent trials of democratization, and the emergence of a renewed, full-throated nationalism in the last decade of his life. But while most people of his generation were spectators at these events, Karl was an active participant in body, mind and soul.<\/span><\/p>\n<p style=\"text-align: left;\"><span style=\"color: #000080;\">I was proud to call Karl a friend and a mentor. His passing leaves me greatly saddened, yet grateful for the profound impact he had on me and so many other Jewish writers and scholars who knew him to be a fount of experience and insight.<\/span><\/p>\n<p style=\"text-align: left;\"><span style=\"color: #000080;\">My favorite memory of Karl is a deeply personal one. In August 2014, in the middle of the war between Israel and the Hamas rulers of Gaza, my older son celebrated his Bar Mitzvah in Jerusalem. Following the service at a Sephardic synagogue in the Yemin Moshe quarter, our guests trooped in glorious sunshine to a nearby restaurant, where Karl delivered a joyful, inspirational speech. Listening to him speak, I was struck by how profoundly different his life had been at the age of 13 when compared with my son or, indeed, myself. At the same time, observing Karl standing alongside my son with the walls of the Old City visible in the background, I felt a deep sense of continuity and perhaps triumph that we had arrived at this beautiful moment, knowing that the history that got us there could have been even more punishing.<\/span><\/p>\n<p style=\"text-align: left;\"><span style=\"color: #000080;\">The next time I saw Karl was about one year later, when he came to New York for the premiere of a German documentary about his life,&nbsp;<a style=\"color: #000080;\" href=\"https:\/\/vimeo.com\/124834106\" target=\"_blank\" rel=\"noopener noreferrer\">\u201cSomehow in Between.\u201d<\/a>&nbsp;The 90-minute film takes the viewer through the milestones of Karl\u2019s life, beginning with his family\u2019s departure from Austria to Hungary in the summer of 1938, shortly after the \u201cAnschluss,\u201d or unification, of the Austrian state with the Nazi Reich. He recalled in the film how, on his first day at a Jewish day school in Budapest, he was called a \u201cdirty Jew\u201d by a passerby who spotted the school\u2019s symbol on his cap. \u201cI was back where I was in 1938,\u201d he reflected. \u201cThat evoked a great anger and hate in me. I wasn\u2019t an Austrian, and if the Hungarians called me [dirty Jew], then I wasn\u2019t a Hungarian. Then I want to be a Jew.\u201d Suddenly, he realized that his anxiety at not having mastered the Hungarian language didn\u2019t matter. \u201cIt seemed silly to learn this difficult language,\u201d he said (though he did learn it, becoming a key contact for Hungarian dissidents decades later, during the Cold War). \u201cWhy should I learn it? I don\u2019t want to stay here.\u201d<\/span><\/p>\n<p style=\"text-align: left;\"><span style=\"color: #000080;\">In 1943, at the age of 14, Karl \u2014 by now a member of the Socialist Zionist organization Hashomer Hatzair \u2014 left Hungary for a kibbutz in British Mandate Palestine. A full 36 of his relatives who remained behind were exterminated during the Holocaust. One year after his arrival, he joined the Gadna, an agency that prepared young people for service in the Haganah, the Jewish military organization. By 1946, Karl was serving in the Palmach, the Haganah\u2019s elite fighting force. A few months before Israel\u2019s Declaration of Independence in May 1948, Karl was transferred to a tank unit that escorted convoys carrying provisions through the Negev desert. \u201cYou sat in the dark tank, you couldn\u2019t even raise your head, there was just a small opening,\u201d he remembered. One one occasion, he sustained a flesh wound from a bullet to his leg. The tiny shards remained there for the rest of his life; \u201cI still feel them when the weather changes,\u201d he said.<\/span><\/p>\n<p style=\"text-align: left;\"><span style=\"color: #000080;\">After being discharged from the Haganah, and unprepared for civilian life, Karl drifted back to Europe, settling in Vienna during the early 1950s. He spent the next two decades working in the hospitality industry around Europe before suddenly turning his hand to journalism in the 1970s. The economic crisis at the beginning of that decade meant that Karl lost his job in London, forcing him to return to Vienna. Unemployed, he began traveling to Hungary, then under communist rule, delivering medical supplies from Austria. On one of his trips, he met a dissident sociologist, Tamas Foldvari, who introduced him to a group of intellectuals opposed to the regime. Back in Vienna, he told his friend, the journalist Georg Hoffman-Ostenhoff, some of the stories he\u2019d heard while in Hungary. With Hoffman-Ostenhoff\u2019s encouragement, Karl wrote his first newspaper article using an old Hermes typewriter. \u201cI\u2019ve never done anything like this before,\u201d Karl told his friend anxiously before sitting down to write. \u201cYou\u2019ll figure it out,\u201d came the reply.<\/span><\/p>\n<p style=\"text-align: left;\"><span style=\"color: #000080;\">So began a journalistic career that sustained Karl for half a century. As well as becoming a voice for the Hungarian opposition, he became increasingly concerned with Jewish matters, waging a courageous campaign to broadcast the truth about Kurt Waldheim \u2014 the former SS officer who later became Austria\u2019s president and then Secretary-General of the UN from 1972-81. And at the turn of this century, his encyclopedic knowledge of Zionism and of the mutations of antisemitism under communism were invaluable tools in the face of a new anti-Zionist offensive that placed a comprehensive boycott of Israel at the heart of its strategy. Throughout this time, his work was published in general and Jewish news outlets in Austria and Germany, as well as on specialist websites covering antisemitism and extremism and in his weekly column for the Budapest journal&nbsp;<em>Hetek<\/em>.<\/span><\/p>\n<p style=\"text-align: left;\"><span style=\"color: #000080;\">In his marvelous&nbsp;<a style=\"color: #000080;\" href=\"https:\/\/www.tabletmag.com\/sections\/news\/articles\/lives-of-others\" target=\"_blank\" rel=\"noopener noreferrer\">profile<\/a>&nbsp;of Karl published by&nbsp;<em>Tablet<\/em>&nbsp;magazine in 2011, James Kirchick related how Karl was asked by a group of Austrian teenagers whether, in the wake of the trauma of the Holocaust, he had ever contemplated suicide. \u201cSuicide, never,\u201d he answered. \u201cBut occasionally, murder.\u201d Yet as Kirchick pointed out, Karl did not follow the path of vengeance, motivated instead by liberal values \u201clearned through personal experience with the two totalitarianisms of the 20th century.\u201d<\/span><\/p>\n<p style=\"text-align: left;\"><span style=\"color: #000080;\">Now that Karl is no longer with us, it falls to the rest of us to preserve his contribution and his legacy. Any one of the several antisemitism research institutes that have emerged in the US and Europe in recent years would provide an ideal home for a fellowship in his name, with a focus on the two great passions of Karl\u2019s life: penetrating, investigative journalism and the fight against antisemitism and racism.<\/span><\/p>\n<p style=\"text-align: left;\"><span style=\"color: #000080;\">May his memory be for a blessing.<\/span><\/p>\n<hr style=\"height: 15px; background: #d0e6fa; width: 100%;\">\n<div id=\"content\" class=\"content-alignment\">\n<div id=\"watch-description\" class=\"yt-uix-button-panel\">\n<div id=\"watch-description-text\" style=\"text-align: center;\">\n<p><em>Zawarto\u015b\u0107 publikowanych artyku\u0142\u00f3w i materia\u0142\u00f3w nie reprezentuje pogl\u0105d\u00f3w ani opinii Reunion&#8217;68,<\/em><em><br \/>\nani te\u017c webmastera Blogu Reunion&#8217;68, chyba ze jest to wyra\u017anie zaznaczone.<br \/>\nTwoje uwagi, linki, w\u0142asne artyku\u0142y lub wiadomo\u015bci prze\u015blij na adres:<br \/>\n<\/em><span style=\"color: #000080;\"><strong><em><a style=\"color: #000080;\" href=\"mailto:webmaster@reunion68.com\"><span style=\"text-decoration: underline;\">webmaster@reunion68.com<\/span><\/a><\/em><\/strong><\/span><\/p>\n<\/div>\n<\/div>\n<\/div>\n<hr style=\"width: 100%;\">\n","protected":false},"excerpt":{"rendered":"<p>Karl Pfeifer, Journalist Who Documented 20th Century With A Jewish Eye, Dies at 94: A Personal Memoriam Ben Cohen The Austrian Jewish journalist Karl Pfeifer. Photo: Austrian Cultural Forum The death of&nbsp;Karl Pfeifer&nbsp;last Friday marks the end of an unforgettable and unparalleled chapter in the history of Jewish journalism after World War II. Karl \u2014 [&hellip;]<\/p>\n","protected":false},"author":1,"featured_media":0,"comment_status":"closed","ping_status":"closed","sticky":false,"template":"","format":"standard","meta":[],"categories":[6],"tags":[26,24],"_links":{"self":[{"href":"https:\/\/www.reunion68.se\/index.php?rest_route=\/wp\/v2\/posts\/111745"}],"collection":[{"href":"https:\/\/www.reunion68.se\/index.php?rest_route=\/wp\/v2\/posts"}],"about":[{"href":"https:\/\/www.reunion68.se\/index.php?rest_route=\/wp\/v2\/types\/post"}],"author":[{"embeddable":true,"href":"https:\/\/www.reunion68.se\/index.php?rest_route=\/wp\/v2\/users\/1"}],"replies":[{"embeddable":true,"href":"https:\/\/www.reunion68.se\/index.php?rest_route=%2Fwp%2Fv2%2Fcomments&post=111745"}],"version-history":[{"count":6,"href":"https:\/\/www.reunion68.se\/index.php?rest_route=\/wp\/v2\/posts\/111745\/revisions"}],"predecessor-version":[{"id":111864,"href":"https:\/\/www.reunion68.se\/index.php?rest_route=\/wp\/v2\/posts\/111745\/revisions\/111864"}],"wp:attachment":[{"href":"https:\/\/www.reunion68.se\/index.php?rest_route=%2Fwp%2Fv2%2Fmedia&parent=111745"}],"wp:term":[{"taxonomy":"category","embeddable":true,"href":"https:\/\/www.reunion68.se\/index.php?rest_route=%2Fwp%2Fv2%2Fcategories&post=111745"},{"taxonomy":"post_tag","embeddable":true,"href":"https:\/\/www.reunion68.se\/index.php?rest_route=%2Fwp%2Fv2%2Ftags&post=111745"}],"curies":[{"name":"wp","href":"https:\/\/api.w.org\/{rel}","templated":true}]}}