{"id":111844,"date":"2024-03-28T18:09:36","date_gmt":"2024-03-28T16:09:36","guid":{"rendered":"http:\/\/www.reunion68.se\/?p=111844"},"modified":"2024-03-28T13:06:08","modified_gmt":"2024-03-28T11:06:08","slug":"01-09-80","status":"publish","type":"post","link":"https:\/\/www.reunion68.se\/?p=111844","title":{"rendered":"Nie wi\u0144 Izraele za wybuch antysemityzmu"},"content":{"rendered":"<p style=\"text-align: center;\"><img decoding=\"async\" class=\"aligncenter\" src=\"https:\/\/www.jerusalemprayerteam.org\/wp-content\/uploads\/2024\/01\/JPT-FOZ_Dec_Israel-Real-Battle_Missouri-1024x1024.jpg\" width=\"100%\" \/><span style=\"color: #808080;\"><em>Propalesty\u0144ski wiec w Kansas City, Mo. Credit: Catboy69 via Wikimedia Commons.<\/em><\/span><\/p>\n<hr \/>\n<h5 style=\"text-align: center;\"><a href=\"http:\/\/www.listyznaszegosadu.pl\/\" target=\"_blank\" rel=\"noopener noreferrer\"><img decoding=\"async\" class=\"center alignleft\" src=\"http:\/\/www.reunion68.com\/Biuletyn\/img\/z-naszego.jpg\" alt=\"\" width=\"50%\" \/><\/a><span style=\"text-decoration: underline; color: #000080;\"><strong><a style=\"color: #000080; text-decoration: underline;\" href=\"http:\/\/www.listyznaszegosadu.pl\/syjonizm\/nie-win-izraele-za-wybuch-antysemityzmu\" target=\"_blank\" rel=\"noopener noreferrer\">Nie wi\u0144 Izraele za wybuch antysemityzmu<\/a><\/strong><\/span><\/h5>\n<p style=\"text-align: center;\"><span style=\"color: #000000;\"><strong>Jonathan S. Tobin<br \/>\n<\/strong><span style=\"color: #808080;\"><em>T\u0142umaczenie: <\/em><\/span><strong>Ma\u0142gorzata Koraszewska<\/strong><\/span><\/p>\n<hr style=\"height: 15px; background: #d0e6fa; width: 100%;\" \/>\n<div class=\"templateArticleIngress\" style=\"text-align: left;\"><span style=\"color: #000080;\">Liberalni \u017cydowscy krytycy Izraela maj\u0105 trudno\u015bci w nawigowaniu w \u015bwiecie po 7 pa\u017adziernika. Mi\u0119dzynarodowa kampania oczerniaj\u0105ca wojn\u0119 obronn\u0105 prowadzon\u0105 przeciwko grupie terrorystycznej, kt\u00f3rej celem jest zar\u00f3wno zniszczenie pa\u0144stwa \u017cydowskiego, jak i masowa rze\u017a jego narodu, wepchn\u0119\u0142a ich w k\u0105t. Fala nienawi\u015bci do \u017byd\u00f3w, kt\u00f3ra rozprzestrzeni\u0142a si\u0119 po ca\u0142ym \u015bwiecie, a szczeg\u00f3lnie w Stanach Zjednoczonych na ulicach i na kampusach uniwersyteckich, uderza w nich i ich dzieci w takim samym stopniu, jak w ka\u017cd\u0105 inn\u0105 cz\u0119\u015b\u0107 spo\u0142ecze\u0144stwa \u017cydowskiego.<\/span><\/div>\n<p style=\"text-align: left;\">\n<div class=\"templateArticleBrodtext\">\n<p style=\"text-align: left;\"><span style=\"color: #000080;\">Co najgorsze, nie robi\u0105 tego ich tradycyjni prawicowi wrogowie polityczni ani nawet Donald Trump. Odpowiedzialni s\u0105 za to ich d\u0142ugoletni sojusznicy z lewicy. Przyj\u0119li oni zjadliw\u0105 form\u0119 antysemityzmu, ale uwa\u017caj\u0105, \u017ce ich nienawi\u015b\u0107 jest uzasadniona \u201eprzebudzonymi\u201d ideologiami, takimi jak krytyczna teoria rasy i intersekcjonalno\u015b\u0107, kt\u00f3re pi\u0119tnuj\u0105 Izrael i \u017byd\u00f3w jako \u201ebia\u0142ych\u201d prze\u015bladowc\u00f3w.<\/span><\/p>\n<p style=\"text-align: left;\">\n<span style=\"color: #000080;\">Zamiast to przyzna\u0107, niekt\u00f3rym libera\u0142om \u0142atwiej jest obwinia\u0107 Izrael za ich k\u0142opoty.<\/span><\/p>\n<h4 style=\"text-align: left;\"><span style=\"color: #000000;\"><strong><br \/>\nInternalizacja nienawi\u015bci<\/strong><\/span><\/h4>\n<p style=\"text-align: left;\">\n<span style=\"color: #000080;\">Taka jest koncepcja niedawnego\u00a0<a style=\"color: #000080;\" href=\"blank\" target=\"_blank\" rel=\"noopener noreferrer\">artyku\u0142u<\/a>\u00a0Roba Eshmana w\u00a0\u201eForward\u201d, kt\u00f3ry jest godny uwagi nie tyle ze wzgl\u0119du na zawarte w nim fa\u0142szywe argumenty, ile dlatego, \u017ce jest najnowszym przyk\u0142adem tego, jak znaczna liczba \u017byd\u00f3w zawsze reagowa\u0142a na antysemityzm. Zamiast uzna\u0107 prawd\u0119 o tych, kt\u00f3rzy staraj\u0105 si\u0119 wytyka\u0107 palcem \u017byd\u00f3w i ich pa\u0144stwo, obwiniaj\u0105c ich o dyskryminacj\u0119 i przemoc, zawsze znajd\u0105 si\u0119 tacy, kt\u00f3rzy internalizuj\u0105 t\u0119 nienawi\u015b\u0107 i b\u0119d\u0105 starali si\u0119 obwinia\u0107 ofiary za to, \u017ce sta\u0142y si\u0119 celem ataku.<\/span><\/p>\n<p style=\"text-align: left;\">\n<span style=\"color: #000080;\">Eshman nie pierwszym autorem, kt\u00f3ry twierdzi, \u017ce rzekomo z\u0142e zachowanie Izraela zagra\u017ca \u017bydom. Jednak po masowych morderstwach, gwa\u0142tach i innych okrucie\u0144stwach pope\u0142nionych 7 pa\u017adziernika przez terroryst\u00f3w Hamasu, otwarcie nawo\u0142uj\u0105cych do ludob\u00f3jstwa \u017byd\u00f3w, potrzeba szczeg\u00f3lnie urojeniowego sposobu my\u015blenia, by s\u0105dzi\u0107, \u017ce otwarta pogarda dla praw i bezpiecze\u0144stwa \u017byd\u00f3w, kt\u00f3ra sta\u0142a si\u0119 g\u0142\u00f3wnym dyskursem w Ameryce w ostatnich miesi\u0105cach, mo\u017ce zosta\u0107 cofni\u0119ta przez Izraelczyk\u00f3w, je\u015bli tylko b\u0119d\u0105 \u0142agodnie traktowa\u0107 tych, kt\u00f3rzy pr\u00f3buj\u0105 ich zabi\u0107. Wyobra\u017canie sobie, tak jak on to robi, \u017ce t\u0142umy na ulicach ameryka\u0144skich miast i kampus\u00f3w uniwersyteckich, kt\u00f3re wrzaskliwie wzywaj\u0105 do zniszczenia pa\u0144stwa \u017cydowskiego (has\u0142o \u201eod rzeki do morza\u201d) lub do terroryzmu przeciwko \u017bydom na ca\u0142ym \u015bwiecie (\u201eglobalizowa\u0107 intifad\u0119\u201d), mo\u017cna uczyni\u0107 mniej niebezpiecznymi, gdyby tylko Izrael dzia\u0142a\u0142 w spos\u00f3b, kt\u00f3ry wzbudzi\u0142by wi\u0119cej wsp\u00f3\u0142czucia ze strony jego liberalnych krytyk\u00f3w, jest nie tylko b\u0142\u0119dne. Odzwierciedla to zasadnicze niezrozumienie tego, dlaczego Izrael jest krytykowany za swoje dzia\u0142ania po 7 pa\u017adziernika.<\/span><\/p>\n<p style=\"text-align: left;\">\n<span style=\"color: #000080;\">Eshman twierdzi, \u017ce nie chce racjonalizowa\u0107 ani usprawiedliwia\u0107 antysemityzmu i chce pot\u0119pienia jawnych akt\u00f3w nienawi\u015bci wobec \u017byd\u00f3w. Przyznaje tak\u017ce, \u017ce s\u0105 ludzie, kt\u00f3rzy \u017cycz\u0105 \u017bydom \u017ale, bez wzgl\u0119du na to, co robi\u0105. Niemniej upiera si\u0119, \u017ce dzia\u0142ania \u017byd\u00f3w \u2013 a w szczeg\u00f3lno\u015bci izraelska taktyka wojskowa \u2013 mog\u0105 mie\u0107 wp\u0142yw na poziom antysemityzmu, jakiego do\u015bwiadczaj\u0105 mili ameryka\u0144scy \u017bydzi, kt\u00f3rzy chc\u0105 by\u0107 kochani przez lewic\u0119 i postrzegani jako jej sojusznicy. I cho\u0107 jego argumentacja mo\u017ce by\u0107 g\u0142upia, prawdopodobnie odzwierciedla to, co czuje obecnie wielu ameryka\u0144skich \u017byd\u00f3w.<\/span><\/p>\n<h4 style=\"text-align: left;\"><strong><br \/>\nAkceptacja k\u0142amstw na temat Izraela<\/strong><\/h4>\n<p><span style=\"color: #000080;\">Pierwsz\u0105 wad\u0105 jego rozumowania jest spos\u00f3b, w jaki bez wi\u0119kszych protest\u00f3w akceptuje oszczerstwa o kontrofensywie Si\u0142 Obronnych Izraela w Gazie. Kiedy akceptuje si\u0119 wielkie k\u0142amstwo, \u017ce Izrael dokonuje ludob\u00f3jstwa na Palesty\u0144czykach, wszystko jest stracone. Gdyby zamiast na\u015bladowa\u0107 ekspert\u00f3w od korporacyjnych medi\u00f3w, takich jak Nicholas Kristof\u00a0z \u201eNew York Timesa\u201d, pojecha\u0142, by zrobi\u0107 jakie\u015b faktyczne reporta\u017ce o walce Izraela, wiedzia\u0142by, \u017ce IDF nie stosuje \u201ebrutalnego podej\u015bcia do ofiar cywilnych\u201d, kt\u00f3re zas\u0142uguje na pot\u0119pienie \u015bwiata. Zobaczy\u0142by, \u017ce IDF dzia\u0142a\u00a0<a style=\"color: #000080;\" href=\"blank\" target=\"_blank\" rel=\"noopener noreferrer\">z wi\u0119ksz\u0105 dba\u0142o\u015bci\u0105<\/a>\u00a0o unikni\u0119cie krzywdy dla os\u00f3b niewalcz\u0105cych ni\u017c jakakolwiek inna nowoczesna armia w najnowszej historii. Uczciwi dziennikarze przeciwstawiaj\u0105 si\u0119\u00a0<a style=\"color: #000080;\" href=\"blank\" target=\"_blank\" rel=\"noopener noreferrer\">fa\u0142szywym statystykom<\/a>\u00a0opracowanym przez Hamas, zamiast \u015blepo je akceptowa\u0107.<\/span><\/p>\n<p><span style=\"color: #000080;\">Nawet pod\u0105\u017canie t\u0105 drog\u0105 w pr\u00f3bie uporania si\u0119 z antysemityzmem, jest b\u0142\u0119dem. Ci, kt\u00f3rzy demonizuj\u0105 Izrael i traktuj\u0105 wszelkie jego \u015brodki samoobrony jako nielegalne, tak naprawd\u0119 nie s\u0105 zainteresowani szczeg\u00f3\u0142ami walk w Gazie tak samo, jak nie przejmuj\u0105 si\u0119 szczeg\u00f3\u0142ami jakiejkolwiek innej wojny toczonej w najnowszej historii. Mimo wszystkich pr\u00f3b robienia szumu wok\u00f3\u0142 \u201erzezi\u201d w Strefie Gazy jako rodzaju historycznego barbarzy\u0144stwa, to, co si\u0119 tam dzieje, jest niczym w por\u00f3wnaniu z liczb\u0105 ofiar \u015bmiertelnych i wysiedle\u0144 spowodowanych gdzie indziej, na przyk\u0142ad w takich miejscach jak Syria, nie m\u00f3wi\u0105c ju\u017c o ludob\u00f3jczej kampanii chi\u0144skiego rz\u0105du przeciwko muzu\u0142ma\u0144skim Ujgurom.<\/span><\/p>\n<p><span style=\"color: #000080;\">Jedynym powodem, dla kt\u00f3rego kogokolwiek obchodzi \u015bmier\u0107 Palesty\u0144czyk\u00f3w w Gazie, jest to, \u017ce mo\u017cna obwinia\u0107 za ni\u0105 \u017byd\u00f3w, nawet je\u015bli dzieje si\u0119 to w trakcie wojny obronnej rozpocz\u0119tej morderstwami, gwa\u0142tami, torturami i porwaniami przez ludzi, kt\u00f3rzy obecnie twierdz\u0105, \u017ce s\u0105 g\u0142\u00f3wnymi ofiarami.<\/span><\/p>\n<h4><strong><br \/>\n\u017bydzi nie powoduj\u0105 antysemityzmu<\/strong><\/h4>\n<p style=\"text-align: left;\">\n<span style=\"color: #000080;\">Problem z pr\u00f3b\u0105 obwiniania Izraela za antysemityzm wobec ameryka\u0144skich \u017byd\u00f3w jest bardziej fundamentalny. Jak w przypadku ka\u017cdego wybuchu antysemityzmu w przesz\u0142o\u015bci, przyczyn\u0105 nigdy nie jest to, co \u017bydzi robi\u0105 lub czego nie robi\u0105. \u017byd\u00f3w nienawidzono za to, \u017ce byli bogaci i za to, \u017ce byli biedni; za asymilowanie si\u0119 i za utrzymywanie w\u0142asnej odr\u0119bno\u015bci. Jednak pr\u00f3ba spojrzenia w g\u0142\u0105b siebie w celu znalezienia powodu, dla kt\u00f3rego \u017bydzi s\u0105 nienawidzeni, jest zawsze g\u0142upim posuni\u0119ciem. Antysemityzm zawsze dotyczy antysemit\u00f3w.<\/span><\/p>\n<p style=\"text-align: left;\">\n<span style=\"color: #000080;\">Pogl\u0105d, kt\u00f3ry przekonuje Eshmana i podobnych mu libera\u0142\u00f3w \u2013 \u017ce milszy, \u0142agodniejszy Izraelczyk b\u0119dzie mniej znienawidzony \u2013 jest r\u00f3wnie tragicznie \u015blepy, jak ci, kt\u00f3rzy w przesz\u0142o\u015bci my\u015bleli, \u017ce mo\u017cna ug\u0142aska\u0107 wrog\u00f3w, kt\u00f3rzy chcieli zag\u0142ady \u017byd\u00f3w.<\/span><\/p>\n<p style=\"text-align: left;\">\n<span style=\"color: #000080;\">W ko\u0144cu tak zwani post\u0119powcy nawet nie czekali, a\u017c Izrael zacz\u0105\u0142 atakowa\u0107 Gaz\u0119, \u017ceby zmieni\u0107 narracj\u0119 z tej o wojnie Hamasu rozpocz\u0119tej przeciwko Izraelowi na t\u0119 o palesty\u0144skiej ofierze. Ani ci, kt\u00f3rzy szerz\u0105 k\u0142amstwa na temat Izraelczyk\u00f3w dokonuj\u0105cych \u201eludob\u00f3jstwa\u201d, nie przejmuj\u0105 si\u0119 zbytnio tym, co rzeczywi\u015bcie IDF robi w terenie.<\/span><\/p>\n<p style=\"text-align: left;\">\n<span style=\"color: #000080;\">\u0141agodne podej\u015bcie do Hamasu nie uciszy antysemit\u00f3w. To tylko zach\u0119ci ich do uwierzenia, \u017ce ich fantazje na temat wymazania Izraela z mapy s\u0105 o wiele bli\u017csze spe\u0142nienia.<\/span><\/p>\n<p style=\"text-align: left;\">\n<span style=\"color: #000080;\">Niekt\u00f3rzy na lewicy \u017cydowskiej chc\u0105 wypracowa\u0107 sobie pozycj\u0119, na kt\u00f3rej b\u0119d\u0105 mogli zachowa\u0107 swoje liberalne\u00a0<em>bona fide<\/em>, nie przechodz\u0105c r\u00f3wnocze\u015bnie do obozu \u017cydowskich antysemit\u00f3w i antysyjonist\u00f3w, takich jak ci, kt\u00f3rzy nale\u017c\u0105 do grup Jewish Voice for Peace i IfNotNow, kt\u00f3rzy przez dziesi\u0119ciolecie szerzyli nowoczesne oszczerstwa o rytuale krwi. Podobnie jak Eshman twierdz\u0105, \u017ce wsparcie dla zawieszenia broni teraz i zako\u0144czenia wojny, a nast\u0119pnie naciski na Izrael, by zaakceptowa\u0142 pa\u0144stwo palesty\u0144skie, jest w\u0142a\u015bciw\u0105 odpowiedzi\u0105 na 7 pa\u017adziernika, a tak\u017ce sposobem na st\u0142umienie burzy antysemityzmu. Eshman uwa\u017ca, \u017ce d\u0105\u017cenie do \u201esprawiedliwego kompromisu\u201d z Palesty\u0144czykami, co wzmocni\u0142by te w\u0142a\u015bnie si\u0142y, kt\u00f3re s\u0105 odpowiedzialne za pogrom z 7 pa\u017adziernika, jest w\u0142a\u015bciw\u0105 odpowiedzi\u0105. Jest to co\u015b, co przewa\u017caj\u0105ca wi\u0119kszo\u015b\u0107 Izraelczyk\u00f3w uwa\u017ca nie tylko za niem\u0105dre, ale tak\u017ce za czyste szale\u0144stwo.<\/span><\/p>\n<p style=\"text-align: left;\">\n<span style=\"color: #000080;\">Problemem tego sposobu my\u015blenia nie jest tylko brak realizmu czy pragnienie, by znikn\u0105\u0142 nierozwi\u0105zywalny konflikt zakorzeniony w czystej nienawi\u015bci do \u017byd\u00f3w. Eshman z aprobat\u0105 cytuje lewicowego izraelskiego autora Yuvala Harariego, kt\u00f3ry m\u00f3wi, \u017ce prawdziwa walka nie jest oczywist\u0105 walk\u0105 egzystencjaln\u0105 przeciwko tym, kt\u00f3rzy d\u0105\u017c\u0105 do \u015bmierci i wysiedlenia \u017byd\u00f3w. Zamiast tego stara si\u0119 o\u017cywi\u0107 niedawny sp\u00f3r na temat reformy s\u0105downictwa, kt\u00f3ry w zesz\u0142ym roku podzieli\u0142 Izrael, kiedy \u017cydowska lewica pr\u00f3bowa\u0142a przedstawi\u0107 w\u0142asne pragnienie utrzymania nieodpowiadaj\u0105cej przed nikim w\u0142adzy jako op\u00f3r o\u015bwieconych \u017byd\u00f3w wobec pogr\u0105\u017conych w ciemno\u015bciach prawicowych i religijnych Izraelczyk\u00f3w, kt\u00f3rzy wygrywaj\u0105 wybory, ale nadal powinni by\u0107 pod rz\u0105dami lepszej od nich lewicy.<\/span><\/p>\n<p style=\"text-align: left;\">\n<span style=\"color: #000080;\">Zar\u00f3wno Eshman, jak i Harari wydaj\u0105 si\u0119 uwa\u017ca\u0107, \u017ce problemem nie jest Hamas, ale prawicowi \u017bydzi, kt\u00f3rzy widz\u0105 \u201esprzeczno\u015b\u0107\u201d mi\u0119dzy prawami \u017byd\u00f3w i Palesty\u0144czyk\u00f3w. Podobnie jak poprzednie pokolenia \u017byd\u00f3w, kt\u00f3re pr\u00f3bowa\u0142y wynegocjowa\u0107 sobie drog\u0119 do wydobycia si\u0119 spod ataku, postrzegaj\u0105 t\u0119 kwesti\u0119 jako sytuacj\u0119, w kt\u00f3rej \u201e\u017ali \u017bydzi\u201d robi\u0105 rzeczy, za kt\u00f3re niesprawiedliwie obwinia si\u0119 \u201edobrych \u017byd\u00f3w\u201d.<\/span><\/p>\n<p style=\"text-align: left;\">\n<span style=\"color: #000080;\">Niemniej problem polega na tym, \u017ce Palesty\u0144czycy \u2013 zar\u00f3wno \u201eumiarkowani\u201d, jak i Hamas \u2013 wszyscy definiuj\u0105 swoje prawa w spos\u00f3b zaprzeczaj\u0105cy prawom \u017byd\u00f3w. Dla nich jest to gra o sumie zerowej i zawsze taka by\u0142a. Tylko liberalni \u017bydzi pragn\u0119li \u00a0\u2013 bezskutecznie \u2013 aby ta rzeczywisto\u015b\u0107 znikn\u0119\u0142a. Taka by\u0142a zarozumia\u0142o\u015b\u0107 stoj\u0105ca za kolosaln\u0105 pora\u017ck\u0105 Porozumie\u0144 z Oslo i wycofaniem si\u0119 by\u0142ego izraelskiego premiera Ariela Szarona z Gazy latem 2005 roku, co ostatecznie umo\u017cliwi\u0142o rze\u017a z 7 pa\u017adziernika.<\/span><\/p>\n<p style=\"text-align: left;\">\n<span style=\"color: #000080;\">Jednak zamiast stawi\u0107 czo\u0142a tej rzeczywisto\u015bci, Eshman woli udawa\u0107, \u017ce wi\u0119ksza wymiana ziemi za terror, jak robi\u0142 to Izrael w przesz\u0142o\u015bci, tym razem w jaki\u015b spos\u00f3b za\u0142atwi spraw\u0119, nawet je\u015bli robienie tego teraz jest nie tylko niemoralne, ale stanowi zaproszenie do kolejnej, jeszcze wi\u0119kszej masowej rzezi. Eshman widzi determinacj\u0119 Izraela do zlikwidowania Hamasu oraz tych ameryka\u0144skich \u017byd\u00f3w, kt\u00f3rzy popieraj\u0105 ten racjonalny cel, jako przyczyn\u0119, dla kt\u00f3rej antysemityzm sta\u0142 si\u0119 takim problemem.<\/span><\/p>\n<p style=\"text-align: left;\">\n<span style=\"color: #000080;\">Jest to w r\u00f3wnym stopniu haniebne, co nielogiczne.<\/span><\/p>\n<p style=\"text-align: left;\">\n<span style=\"color: #000080;\">Izrael i jego zwolennicy nie s\u0105 w \u017caden spos\u00f3b odpowiedzialni za antysemityzm, kt\u00f3rego jeste\u015bmy \u015bwiadkami w Stanach Zjednoczonych. Jedynymi winnymi s\u0105 \u017cydo\u017cercy, kt\u00f3rzy wspieraj\u0105 islamistyczn\u0105 wojn\u0119 przeciwko \u017cyciu \u017byd\u00f3w.<\/span><\/p>\n<p style=\"text-align: left;\">\n<span style=\"color: #000080;\">Liberalni syjoni\u015bci nie mog\u0105 mie\u0107 i jednego, i drugiego. Nie mog\u0105 twierdzi\u0107, \u017ce opowiadaj\u0105 si\u0119 za pokojem, wzywaj\u0105c do zawieszenia broni, kt\u00f3re pozostawi najwi\u0119kszych wrog\u00f3w pokoju \u2013 Hamas \u2013 wci\u0105\u017c stoj\u0105cych i gotowych dotrzyma\u0107 swoich obietnic powt\u00f3rzenia zniszcze\u0144 z 7 pa\u017adziernika. Mog\u0105 albo stan\u0105\u0107 po stronie Izraela przeciwko lewicowcom, kt\u00f3rzy s\u0105 ideologicznie przeciwni prawom \u017byd\u00f3w, lub mog\u0105 do\u0142\u0105czy\u0107 do antysyjonist\u00f3w, kt\u00f3rzy d\u0105\u017c\u0105 do legitymizacji lewicowego antysemityzmu.<\/span><\/p>\n<p style=\"text-align: left;\">\n<span style=\"color: #000080;\">Co wi\u0119cej, musz\u0105 zrozumie\u0107, \u017ce ich wysi\u0142ki maj\u0105ce na celu podwa\u017cenie \u017cydowskiej samoobrony poprzez obwinianie Izraela jedynie zach\u0119caj\u0105 Hamas i jego apologet\u00f3w. To liberalni \u017bydzi, nawet po nieszcz\u0119\u015bciu, kt\u00f3re mia\u0142o miejsce w po\u0142udniowym Izraelu, staraj\u0105 si\u0119 os\u0105dzi\u0107 pa\u0144stwo \u017cydowskie, s\u0105 w b\u0142\u0119dzie. To oni, celowo lub nie, wspieraj\u0105 wysi\u0142ki terroryst\u00f3w zmierzaj\u0105ce do wygrania tej wojny, jeszcze bardziej zmniejszaj\u0105 prawdopodobie\u0144stwo, \u017ce Palesty\u0144czycy kiedykolwiek dojrzej\u0105 do zasadniczej zmiany swojej kultury politycznej, co ostatecznie mog\u0142oby umo\u017cliwi\u0107 kompromisowe rozwi\u0105zanie.<\/span><\/p>\n<\/div>\n<hr \/>\n<p style=\"text-align: left;\"><span style=\"color: #808080;\"><em><strong>Jonathan S. Tobin<\/strong> jest redaktorem naczelnym ameryka\u0144skiego magazynu JNS (Jewish News Syndicate).<\/em><\/span><\/p>\n<hr style=\"height: 15px; background: #d0e6fa; width: 100%;\" \/>\n<div id=\"content\" class=\"content-alignment\">\n<div id=\"watch-description\" class=\"yt-uix-button-panel\">\n<div id=\"watch-description-text\" style=\"text-align: center;\">\n<p><em>Zawarto\u015b\u0107 publikowanych artyku\u0142\u00f3w i materia\u0142\u00f3w nie reprezentuje pogl\u0105d\u00f3w ani opinii Reunion&#8217;68,<\/em><em><br \/>\nani te\u017c webmastera Blogu Reunion&#8217;68, chyba ze jest to wyra\u017anie zaznaczone.<br \/>\nTwoje uwagi, linki, w\u0142asne artyku\u0142y lub wiadomo\u015bci prze\u015blij na adres:<br \/>\n<\/em><span style=\"color: #000080;\"><strong><em><a style=\"color: #000080;\" href=\"mailto:webmaster@reunion68.com\"><span style=\"text-decoration: underline;\">webmaster@reunion68.com<\/span><\/a><\/em><\/strong><\/span><\/p>\n<\/div>\n<\/div>\n<\/div>\n<hr style=\"width: 100%;\" \/>\n","protected":false},"excerpt":{"rendered":"<p>Propalesty\u0144ski wiec w Kansas City, Mo. Credit: Catboy69 via Wikimedia Commons. Nie wi\u0144 Izraele za wybuch antysemityzmu Jonathan S. Tobin T\u0142umaczenie: Ma\u0142gorzata Koraszewska Liberalni \u017cydowscy krytycy Izraela maj\u0105 trudno\u015bci w nawigowaniu w \u015bwiecie po 7 pa\u017adziernika. Mi\u0119dzynarodowa kampania oczerniaj\u0105ca wojn\u0119 obronn\u0105 prowadzon\u0105 przeciwko grupie terrorystycznej, kt\u00f3rej celem jest zar\u00f3wno zniszczenie pa\u0144stwa \u017cydowskiego, jak i masowa [&hellip;]<\/p>\n","protected":false},"author":1,"featured_media":0,"comment_status":"closed","ping_status":"closed","sticky":false,"template":"","format":"standard","meta":[],"categories":[6],"tags":[26,24],"_links":{"self":[{"href":"https:\/\/www.reunion68.se\/index.php?rest_route=\/wp\/v2\/posts\/111844"}],"collection":[{"href":"https:\/\/www.reunion68.se\/index.php?rest_route=\/wp\/v2\/posts"}],"about":[{"href":"https:\/\/www.reunion68.se\/index.php?rest_route=\/wp\/v2\/types\/post"}],"author":[{"embeddable":true,"href":"https:\/\/www.reunion68.se\/index.php?rest_route=\/wp\/v2\/users\/1"}],"replies":[{"embeddable":true,"href":"https:\/\/www.reunion68.se\/index.php?rest_route=%2Fwp%2Fv2%2Fcomments&post=111844"}],"version-history":[{"count":6,"href":"https:\/\/www.reunion68.se\/index.php?rest_route=\/wp\/v2\/posts\/111844\/revisions"}],"predecessor-version":[{"id":111854,"href":"https:\/\/www.reunion68.se\/index.php?rest_route=\/wp\/v2\/posts\/111844\/revisions\/111854"}],"wp:attachment":[{"href":"https:\/\/www.reunion68.se\/index.php?rest_route=%2Fwp%2Fv2%2Fmedia&parent=111844"}],"wp:term":[{"taxonomy":"category","embeddable":true,"href":"https:\/\/www.reunion68.se\/index.php?rest_route=%2Fwp%2Fv2%2Fcategories&post=111844"},{"taxonomy":"post_tag","embeddable":true,"href":"https:\/\/www.reunion68.se\/index.php?rest_route=%2Fwp%2Fv2%2Ftags&post=111844"}],"curies":[{"name":"wp","href":"https:\/\/api.w.org\/{rel}","templated":true}]}}