{"id":111907,"date":"2024-03-31T17:09:43","date_gmt":"2024-03-31T15:09:43","guid":{"rendered":"http:\/\/www.reunion68.se\/?p=111907"},"modified":"2024-03-31T18:01:54","modified_gmt":"2024-03-31T16:01:54","slug":"04-09-91","status":"publish","type":"post","link":"https:\/\/www.reunion68.se\/?p=111907","title":{"rendered":"Ismail Al Ghoul \u2013 studium przypadku przek\u0142ama\u0144 zachodnich medi\u00f3w"},"content":{"rendered":"<p><img decoding=\"async\" src=\"https:\/\/www.listyznaszegosadu.pl\/upload\/article\/bild\/7784\/1059733\/ham2-1920x768_s.jpg\" width=\"100%\"><\/p>\n<hr>\n<h5 style=\"text-align: center;\"><a href=\"https:\/\/www.listyznaszegosadu.pl\/\" target=\"_blank\" rel=\"noopener noreferrer\"><img decoding=\"async\" class=\"center alignleft\" src=\"http:\/\/www.reunion68.com\/Biuletyn\/img\/z-naszego.jpg\" alt=\"\" width=\"50%\"><\/a><span style=\"text-decoration: underline; color: #000080;\"><strong><a style=\"color: #000080; text-decoration: underline;\" href=\"https:\/\/www.listyznaszegosadu.pl\/brunatna-fala\/ismail-al-ghoul-studium-przypadku-przeklaman-zachodnich-medialw\" target=\"_blank\" rel=\"noopener noreferrer\">Ismail Al Ghoul \u2013 studium przypadku przek\u0142ama\u0144 zachodnich medi\u00f3w<\/a><\/strong><\/span><\/h5>\n<p style=\"text-align: center;\"><span style=\"color: #000000;\"><strong><br \/>\nDavid Collier T\u0142umaczenie: Ma\u0142gorzata Koraszewska<\/strong><\/span><\/p>\n<hr style=\"height: 15px; background: #d0e6fa; width: 100%;\">\n<div class=\"templateArticleIngress\">\n<p style=\"text-align: left;\"><span style=\"color: #000080;\">W poniedzia\u0142ek 18 marca Izrael aresztowa\u0142 \u201edziennikarza\u201d Al D\u017caziry, Ismaila Al Ghoula. Jak zwykle nie wszystko by\u0142o takie, jakim si\u0119 wydawa\u0142o.<\/span><\/p>\n<h5><strong><br \/>\nUpadek uczciwo\u015bci medi\u00f3w<\/strong><\/h5>\n<p style=\"text-align: left;\"><span style=\"color: #000080;\">Od 7 pa\u017adziernika jeste\u015bmy \u015bwiadkami ca\u0142kowitego za\u0142amania jako\u015bci i uczciwo\u015bci relacji zachodnich medi\u00f3w na temat Izraela.&nbsp;Media nigdy nie traktowa\u0142y Izraela sprawiedliwie, ale od czasu ataku Hamasu wiele najs\u0142ynniejszych marek medialnych na \u015bwiecie osi\u0105gn\u0119\u0142o zupe\u0142nie nowy poziom toksyczno\u015bci.<\/span><\/p>\n<\/div>\n<p style=\"text-align: left;\">\n<div class=\"templateArticleBrodtext\">\n<p style=\"text-align: left;\"><span style=\"color: #000080;\">W rzeczywisto\u015bci media g\u0142\u00f3wnego nurtu zosta\u0142y&nbsp;<strong><a style=\"color: #000080;\" href=\"https:\/\/david-collier.com\/bbc-verify\/\" target=\"_blank\" rel=\"noopener noreferrer\">przy\u0142apane&nbsp;<\/a><\/strong>na k\u0142amstwach tak wiele razy, \u017ce zacz\u0119\u0142y si\u0119 broni\u0107, obwiniaj\u0105c Izrael \u2013 sugeruj\u0105c, \u017ce dzieje si\u0119 tak dlatego, \u017ce Izrael&nbsp;<a style=\"color: #000080;\" href=\"https:\/\/pressgazette.co.uk\/news\/gaza-journalists-foreign-correspondents-israel-egypt-access\/\">ich&nbsp; nie wpuszcza<\/a>.&nbsp;Jest to nonsensowne twierdzenie<a style=\"color: #000080;\" href=\"https:\/\/www.bbc.com\/news\/world-middle-east-67592794\" target=\"_blank\" rel=\"noopener noreferrer\"><strong>, bior\u0105c pod uwag\u0119<\/strong><\/a>, \u017ce pod koniec listopada BBC zabra\u0142a w\u0142asnego cz\u0142owieka z Gazy ze wzgl\u0119du na jego \u201ebezpiecze\u0144stwo\u201d.<\/span><\/p>\n<p style=\"text-align: left;\"><span style=\"color: #000080;\">A w ka\u017cdym razie, je\u015bli ja mog\u0119 przeprowadzi\u0107 badania w Londynie i dowiedzie\u0107 si\u0119, \u017ce ludzie&nbsp;<strong><a style=\"color: #000080;\" href=\"https:\/\/david-collier.com\/the-lie-about-palestinian-journalists\/\" target=\"_blank\" rel=\"noopener noreferrer\">udaj\u0105cy&nbsp;<\/a><\/strong>dziennikarzy w Gazie pracuj\u0105 dla Hamasu lub IRGC \u2013 to samo jest w stanie zrobi\u0107 BBC, CNN, NYT i Sky News.<\/span><\/p>\n<p style=\"text-align: left;\"><span style=\"color: #000080;\">Fatalna jako\u015b\u0107 informowania nie wynika z braku dost\u0119pu.&nbsp;Wynika z ca\u0142kowitej oboj\u0119tno\u015bci na k\u0142amstwa Palesty\u0144czyk\u00f3w, kt\u00f3ra trwa od dziesi\u0119cioleci.&nbsp;Palesty\u0144czycy dawno temu nauczyli si\u0119, \u017ce mog\u0105 m\u00f3wi\u0107, co im si\u0119 podoba, a ich s\u0142owa trafi\u0105 na pierwsze strony gazet na ca\u0142ym \u015bwiecie i nikt nie b\u0119dzie ich pyta\u0142 o dowody.<\/span><\/p>\n<p style=\"text-align: left;\"><span style=\"color: #000080;\">Cz\u0142onkowie Hamasu musz\u0105 jedynie&nbsp;<a style=\"color: #000080;\" href=\"https:\/\/david-collier.com\/bbc-news-unaccountable\/\" target=\"_blank\" rel=\"noopener noreferrer\"><strong>za\u0142o\u017cy\u0107 kamizelk\u0119 z napisen \u201ePrasa\u201d,<\/strong><\/a>&nbsp;by otrzyma\u0107 mo\u017cliwo\u015b\u0107 prezentowania propagandy Hamasu na \u017cywo w BBC lub Sky News.&nbsp;Ta kultura oszustwa definiuje nie tylko palesty\u0144skie do\u015bwiadczenia z zachodni\u0105 pras\u0105 i politykami, ale tak\u017ce spos\u00f3b, w jaki ewoluowa\u0142o spo\u0142ecze\u0144stwo palesty\u0144skie.&nbsp;To, co widzicie dzisiaj, jest wynikiem spo\u0142ecze\u0144stwa, kt\u00f3re nigdy nie by\u0142o zmuszone stawi\u0107 czo\u0142a w\u0142asnym niepowodzeniom.&nbsp;Zbyt wielu na Zachodzie z rado\u015bci\u0105 przyjmuje mo\u017cliwo\u015b\u0107 udzielenia pomocy Palesty\u0144czykom w szerzeniu oszczerstw i obwinianiu Izraela o absolutnie wszystko.<\/span><\/p>\n<p style=\"text-align: left;\"><span style=\"color: #000080;\">W rezultacie nic, co widzimy na ekranie z Gazy, nie jest wiarygodne.&nbsp;W tym tygodniu otrzymali\u015bmy kolejny doskona\u0142y przyk\u0142ad aresztowania dziennikarza Al D\u017caziry, Ismaila Al Ghoula.<\/span><\/p>\n<h5 style=\"text-align: left;\"><strong>Wiadomo\u015b\u0107 o aresztowaniu dziennikarza<\/strong><\/h5>\n<p style=\"text-align: left;\"><span style=\"color: #000080;\">Wczesnym rankiem w poniedzia\u0142ek IDF ponownie wkroczy\u0142y do szpitala Szifa. Hamas&nbsp;<a style=\"color: #000080;\" href=\"https:\/\/www.timesofisrael.com\/idf-650-terrorists-including-hamas-officers-detained-in-shifa-hospital-raid-so-far\/\" target=\"_blank\" rel=\"noopener noreferrer\">przegrupowa\u0142&nbsp;<\/a>tam swoje si\u0142y \u2013 ukrywaj\u0105c si\u0119 w\u015br\u00f3d cywil\u00f3w i pacjent\u00f3w.<\/span><\/p>\n<p><span style=\"color: #000080;\">W poniedzia\u0142kowe popo\u0142udnie kr\u0105\u017cy\u0142y zwyk\u0142e historie propagandowe Hamasu.&nbsp;Pojawi\u0142a si\u0119 tak\u017ce wiadomo\u015b\u0107 o&nbsp;<a style=\"color: #000080;\" href=\"https:\/\/www.aljazeera.com\/news\/liveblog\/2024\/3\/18\/israels-war-on-gaza-live-ceasefire-push-as-rafah-invasion-looms\" target=\"_blank\" rel=\"noopener noreferrer\"><strong>aresztowaniu<\/strong><\/a>&nbsp;dziennikarza Al Jazeery Ismaila Al Ghoula. Wed\u0142ug&nbsp;<a style=\"color: #000080;\" href=\"https:\/\/twitter.com\/EyeonPalestine\/status\/1769680499696341196\" target=\"_blank\" rel=\"noopener noreferrer\"><strong>pierwszych doniesie\u0144<\/strong><\/a>&nbsp;zosta\u0142 \u201ebrutalnie pobity\u201d i \u201ezabrany w nieznane miejsce\u201d:<\/span><\/p>\n<\/div>\n<div class=\"webnewsArticleImageContainer \">\n<div>\n<div class=\"webnewsArticleImage\"><img decoding=\"async\" loading=\"lazy\" class=\"aligncenter\" src=\"https:\/\/www.listyznaszegosadu.pl\/upload\/article\/bild\/9519\/1059737\/1_s.png\" alt=\"\" width=\"300\" height=\"223\" border=\"0\"><\/div>\n<\/div>\n<\/div>\n<div class=\"templateArticleBrodtext\">\n<p style=\"text-align: left;\"><span style=\"color: #000080;\">W ci\u0105gu godziny kana\u0142 propagandowy Hamasu, QNN,&nbsp;<a style=\"color: #000080;\" href=\"https:\/\/twitter.com\/QudsNen\/status\/1769703779752972550\" target=\"_blank\" rel=\"noopener noreferrer\"><strong>zamie\u015bci\u0142<\/strong><\/a>&nbsp;na ten temat post, a pi\u0119tna\u015bcie minut p\u00f3\u017aniej katarski rzecznik Middle East Eye&nbsp;<a style=\"color: #000080;\" href=\"https:\/\/twitter.com\/MiddleEastEye\/status\/1769707755047162295\" target=\"_blank\" rel=\"noopener noreferrer\"><strong>poszed\u0142 w jego \u015blady<\/strong><\/a>.<\/span><\/p>\n<p style=\"text-align: left;\"><span style=\"color: #000080;\">O 13:14 Mi\u0119dzynarodowa Federacja Dziennikarzy&nbsp;<a style=\"color: #000080;\" href=\"https:\/\/twitter.com\/IFJGlobal\/status\/1769714060256252402\" target=\"_blank\" rel=\"noopener noreferrer\"><strong>opublikowa\u0142a<\/strong><\/a>&nbsp;relacj\u0119 wraz z twierdzeniem, \u017ce zosta\u0142 dotkliwie pobity.&nbsp;Kilka godzin p\u00f3\u017aniej&nbsp;<a style=\"color: #000080;\" href=\"blank\" target=\"_blank\" rel=\"noopener noreferrer\"><strong>t\u0119<\/strong><\/a>&nbsp;wiadomo\u015b\u0107 opublikowa\u0142 tak\u017ce Komitet Ochrony Dziennikarzy.<\/span><\/p>\n<\/div>\n<div class=\"webnewsArticleImageContainer \">\n<div>\n<div class=\"webnewsArticleImage\"><img decoding=\"async\" loading=\"lazy\" class=\"aligncenter\" src=\"https:\/\/www.listyznaszegosadu.pl\/upload\/article\/bild\/3688\/1059739\/2_s.png\" alt=\"\" width=\"300\" height=\"90\" border=\"0\"><\/div>\n<\/div>\n<\/div>\n<div class=\"templateArticleBrodtext\">\n<p style=\"text-align: left;\"><span style=\"color: #000080;\">Al Ghoul zosta\u0142 zwolniony oko\u0142o 12 godzin po aresztowaniu.&nbsp;Oto&nbsp;<a style=\"color: #000080;\" href=\"blank\" target=\"_blank\" rel=\"noopener noreferrer\"><strong>jego zdj\u0119cie<\/strong><\/a>&nbsp;(po lewej na zdj\u0119ciu) nast\u0119pnego dnia \u2013 24 godziny po tym, jak zosta\u0142 \u201ebrutalnie pobity\u201d:<\/span><\/p>\n<\/div>\n<div class=\"webnewsArticleImageContainer \">\n<div>\n<div class=\"webnewsArticleImage\"><img decoding=\"async\" loading=\"lazy\" class=\"aligncenter\" src=\"https:\/\/www.listyznaszegosadu.pl\/upload\/article\/bild\/8756\/1059741\/3__1__s.png\" alt=\"\" width=\"300\" height=\"249\" border=\"0\"><\/div>\n<\/div>\n<\/div>\n<div class=\"templateArticleBrodtext\">\n<h5><strong>Ismail Al Ghoul \u2013 natychmiastowe w\u0105tpliwo\u015bci<\/strong><\/h5>\n<p><span style=\"color: #000080;\">Zaj\u0119\u0142o mi oko\u0142o dw\u00f3ch minut, zanim zauwa\u017cy\u0142em co\u015b podejrzanego w Ismailu Al-Ghoulu. <a style=\"color: #000080;\" href=\"https:\/\/twitter.com\/ismail_gh2\" target=\"_blank\" rel=\"noopener noreferrer\"><strong>Jego konto<\/strong><\/a>&nbsp;X&nbsp;zosta\u0142o utworzone w styczniu 2024 r. Jego konto na Instagramie&nbsp;<a style=\"color: #000080;\" href=\"blank\" target=\"_blank\" rel=\"noopener noreferrer\"><strong>pojawi\u0142o si\u0119<\/strong><\/a>&nbsp;28 listopada, a jego strona na Facebooku powsta\u0142a&nbsp;<a style=\"color: #000080;\" href=\"blank\" target=\"_blank\" rel=\"noopener noreferrer\"><strong>17<\/strong><\/a>&nbsp;grudnia.<\/span><\/p>\n<p><span style=\"color: #000080;\">W ci\u0105gu kilku dni od jego oddelegowania jako dziennikarza Al D\u017caziry wyg\u0142asza\u0142&nbsp;<strong><a style=\"color: #000080;\" href=\"https:\/\/twitter.com\/jacksonhinklle\/status\/1738983742176366600\" target=\"_blank\" rel=\"noopener noreferrer\">skandaliczne&nbsp;<\/a><\/strong>twierdzenia \u2013 takie jak to \u2013 gdzie twierdzi\u0142, \u017ce Izrael wyrzuci\u0142 kobiet\u0119 przez okno, a nast\u0119pnie dokona\u0142 na niej egzekucji na oczach jej rodziny:<\/span><\/p>\n<\/div>\n<div class=\"webnewsArticleImageContainer \">\n<div>\n<div class=\"webnewsArticleImage\"><img decoding=\"async\" loading=\"lazy\" class=\"aligncenter\" src=\"https:\/\/www.listyznaszegosadu.pl\/upload\/article\/bild\/7491\/1059743\/4_s.png\" alt=\"\" width=\"300\" height=\"182\" border=\"0\"><\/div>\n<\/div>\n<\/div>\n<div class=\"templateArticleBrodtext\">\n<p><span style=\"color: #000080;\">Na znak tego, jak nisko stoczy\u0142y si\u0119 relacje medialne na temat tego konfliktu, nagrania zrobione przez Al Ghoula&nbsp;<a style=\"color: #000080;\" href=\"blank\" target=\"_blank\" rel=\"noopener noreferrer\"><strong>znalaz\u0142y si\u0119<\/strong><\/a>&nbsp;w raportach na temat konfliktu w BBC,&nbsp;<a style=\"color: #000080;\" href=\"blank\" target=\"_blank\" rel=\"noopener noreferrer\"><strong>NYT<\/strong><\/a>&nbsp;i&nbsp;<a style=\"color: #000080;\" href=\"https:\/\/www.lemonde.fr\/en\/international\/article\/2023\/11\/04\/iron-fire-and-blood-rain-down-on-encircled-gaza-city_6227315_4.html\" target=\"_blank\" rel=\"noopener noreferrer\"><strong>Le Monde.&nbsp;<\/strong><\/a>Nale\u017ca\u0142 tak\u017ce do zespo\u0142u&nbsp;<a style=\"color: #000080;\" href=\"https:\/\/www.deccanherald.com\/world\/13-dead-in-israeli-airstrike-near-gaza-strip-hospital-2756472\" target=\"_blank\" rel=\"noopener noreferrer\"><strong>propagandowego<\/strong><\/a>&nbsp;w Al Szifa, kt\u00f3ry w listopadzie donosi\u0142 o rzekomo dziej\u0105cych si\u0119 tam \u201emasakrach\u201d.<\/span><\/p>\n<p><span style=\"color: #000080;\">Jednak \u017cadne z tych medi\u00f3w g\u0142\u00f3wnego nurtu nie kwestionowa\u0142o tego, kim by\u0142 ten cz\u0142owiek na dzie\u0144 przed tym, jak sta\u0142 si\u0119 now\u0105 twarz\u0105 w Al Dzazirze.&nbsp;Wszyscy po prostu opublikowali histori\u0119 jego aresztowania.<\/span><\/p>\n<h5><strong>Poznaj Ismaila Al Ghoula<\/strong><\/h5>\n<p style=\"text-align: left;\"><span style=\"color: #000080;\">Zanim otrzyma\u0142 plakietk\u0119 Al D\u017caziry, Ismail Al Ghoul&nbsp;<a style=\"color: #000080;\" href=\"blank\" target=\"_blank\" rel=\"noopener noreferrer\"><strong>zamie\u015bci\u0142 nast\u0119puj\u0105cy post<\/strong><\/a>:<\/span><\/p>\n<\/div>\n<div class=\"webnewsArticleImageContainer \">\n<div>\n<div class=\"webnewsArticleImage\"><img decoding=\"async\" loading=\"lazy\" class=\"aligncenter\" src=\"https:\/\/www.listyznaszegosadu.pl\/upload\/article\/bild\/1666\/1059747\/5_s.jpg\" alt=\"\" width=\"300\" height=\"97\" border=\"0\"><\/div>\n<\/div>\n<\/div>\n<div class=\"templateArticleBrodtext\">\n<p style=\"text-align: left;\"><span style=\"color: #000080;\">Opublikowany 20 listopada 2021 r. post \u015bwi\u0119ci&nbsp;<strong><a style=\"color: #000080;\" href=\"https:\/\/www.timesofisrael.com\/jerusalem-terror-attack-fatality-named-as-south-african-immigrant-eliyahu-david-kay\/\" target=\"_blank\" rel=\"noopener noreferrer\">zamordowanie&nbsp;<\/a><\/strong>Eliyahu Davida Kaya, kt\u00f3ry zosta\u0142 zastrzelony w Jerozolimie.&nbsp;W po\u015bcie Al. GHoul oddawa\u0142 cze\u015b\u0107 Jerozolimie, kt\u00f3ra stawia op\u00f3r.<\/span><\/p>\n<p style=\"text-align: left;\"><span style=\"color: #000080;\">Z jego starego konta na Twitterze mo\u017cna wyczyta\u0107, \u017ce pracowa\u0142 dla gazet kierowanych przez Hamas, takich jak&nbsp;<strong>Felesteen<\/strong>&nbsp;i Al Resalah.&nbsp;Nawet AP&nbsp;<strong><a style=\"color: #000080;\" href=\"https:\/\/www.refworld.org\/reference\/annualreport\/freehou\/2010\/en\/76192\" target=\"_blank\" rel=\"noopener noreferrer\">zdelegalizowa\u0142a&nbsp;<\/a><\/strong>oba te media ze wzgl\u0119du na ich przynale\u017cno\u015b\u0107 do Hamasu.<\/span><\/p>\n<\/div>\n<div class=\"webnewsArticleImageContainer \">\n<div>\n<div class=\"webnewsArticleImage\"><img decoding=\"async\" loading=\"lazy\" class=\"aligncenter\" src=\"https:\/\/www.listyznaszegosadu.pl\/upload\/article\/bild\/5649\/1059749\/6_s.png\" alt=\"\" width=\"300\" height=\"182\" border=\"0\"><\/div>\n<\/div>\n<\/div>\n<div class=\"templateArticleBrodtext\">\n<p><span style=\"color: #000080;\">Zamieszcza\u0142 tak\u017ce nieustannie wyrazy poparcia dla terroryzmu i \u015bmierci izraelskiej ludno\u015bci cywilnej.&nbsp;W tym przyk\u0142adzie celebruje morderstwo&nbsp;<a style=\"color: #000080;\" href=\"https:\/\/www.timesofisrael.com\/2-killed-by-rockets-in-ashkelon-amid-massive-barrages-from-gaza\/\" target=\"_blank\" rel=\"noopener noreferrer\"><strong>cywil\u00f3w<\/strong><\/a>, kt\u00f3rzy zgin\u0119li podczas ataku rakietowego 11 maja 2021 r.:<\/span><\/p>\n<\/div>\n<div class=\"webnewsArticleImageContainer \">\n<div>\n<div class=\"webnewsArticleImage\"><img decoding=\"async\" loading=\"lazy\" class=\"aligncenter\" src=\"https:\/\/www.listyznaszegosadu.pl\/upload\/article\/bild\/1771\/1059751\/7_s.jpg\" alt=\"\" width=\"300\" height=\"249\" border=\"0\"><\/div>\n<\/div>\n<\/div>\n<div class=\"templateArticleBrodtext\">\n<p style=\"text-align: left;\"><span style=\"color: #000080;\">Al Ghoul wielbi tak\u017ce Jahj\u0119 Sinwara, przyw\u00f3dc\u0119 Hamasu:<\/span><\/p>\n<\/div>\n<div class=\"webnewsArticleImageContainer \">\n<div>\n<div class=\"webnewsArticleImage\"><img decoding=\"async\" loading=\"lazy\" class=\"aligncenter\" src=\"https:\/\/www.listyznaszegosadu.pl\/upload\/article\/bild\/602\/1059753\/8_s.jpg\" alt=\"\" width=\"300\" height=\"118\" border=\"0\"><\/div>\n<\/div>\n<\/div>\n<div class=\"templateArticleBrodtext\">\n<p><span style=\"color: #000080;\">W nast\u0119pnym przyk\u0142adzie Al Ghoul \u201e<a style=\"color: #000080;\" href=\"blank\" target=\"_blank\" rel=\"noopener noreferrer\"><strong>pami\u0119ta<\/strong><\/a>\u201d i oddaje cze\u015b\u0107 sze\u015bciu terrorystom Hamasu, kt\u00f3rzy zgin\u0119li w \u201e<a style=\"color: #000080;\" href=\"blank\" target=\"_blank\" rel=\"noopener noreferrer\"><strong>wypadku przy pracy<\/strong><\/a>\u201d (przy obs\u0142udze materia\u0142\u00f3w wybuchowych) 5 maja 2018 r.<\/span><\/p>\n<\/div>\n<div class=\"webnewsArticleImageContainer \">\n<div>\n<div class=\"webnewsArticleImage\"><img decoding=\"async\" loading=\"lazy\" class=\"aligncenter\" src=\"https:\/\/www.listyznaszegosadu.pl\/upload\/article\/bild\/3413\/1059755\/9_s.png\" alt=\"\" width=\"300\" height=\"286\" border=\"0\"><\/div>\n<\/div>\n<\/div>\n<div class=\"templateArticleBrodtext\">\n<p><span style=\"color: #000080;\">Obchodzi \u015bwi\u0119to Eid, przez pochwa\u0142\u0119 atak\u00f3w rakietowych na Izrael.<\/span><\/p>\n<\/div>\n<div class=\"webnewsArticleImageContainer \">\n<div>\n<div class=\"webnewsArticleImage\"><img decoding=\"async\" loading=\"lazy\" class=\"aligncenter\" src=\"https:\/\/www.listyznaszegosadu.pl\/upload\/article\/bild\/1955\/1059757\/10_s.png\" alt=\"\" width=\"300\" height=\"152\" border=\"0\"><\/div>\n<\/div>\n<\/div>\n<div class=\"templateArticleBrodtext\">\n<p><span style=\"color: #000080;\">A tutaj&nbsp;<a style=\"color: #000080;\" href=\"blank\" target=\"_blank\" rel=\"noopener noreferrer\"><strong>gloryfikuje<\/strong><\/a>&nbsp;boj\u00f3wkarzy Hamasu podczas parady Kasam:<\/span><\/p>\n<\/div>\n<div class=\"webnewsArticleImageContainer \">\n<div>\n<div class=\"webnewsArticleImage\"><img decoding=\"async\" loading=\"lazy\" class=\"aligncenter\" src=\"https:\/\/www.listyznaszegosadu.pl\/upload\/article\/bild\/5831\/1059759\/11_s.png\" alt=\"\" width=\"300\" height=\"401\" border=\"0\"><\/div>\n<\/div>\n<\/div>\n<div class=\"templateArticleBrodtext\">\n<p><span style=\"color: #000080;\"><span class=\"css-1qaijid\">Nie ja jeden zauwa\u017cy\u0142em podejrzane dzia\u0142ania.&nbsp;<\/span><a style=\"color: #000080;\" href=\"https:\/\/twitter.com\/EFischberger\/status\/1769836495722987533\" target=\"_blank\" rel=\"noopener noreferrer\"><strong>Zrobi\u0142 to tak\u017ce inny<\/strong><\/a><span class=\"css-1qaijid\">&nbsp;detektyw, Eitan Fischberger, a jego w\u0105tek na X zawiera kilka innych zdj\u0119\u0107 \u2013 w tym to przedstawiaj\u0105ce klasyczny antysemityzm \u201e\u017bydzi jako wirus\u201d:<\/span><\/span><\/p>\n<\/div>\n<div class=\"webnewsArticleImageContainer \">\n<div>\n<div class=\"webnewsArticleImage\"><img decoding=\"async\" loading=\"lazy\" class=\"aligncenter\" src=\"https:\/\/www.listyznaszegosadu.pl\/upload\/article\/bild\/8784\/1059761\/12_s.jpg\" alt=\"\" width=\"300\" height=\"365\" border=\"0\"><\/div>\n<\/div>\n<\/div>\n<div class=\"templateArticleBrodtext\">\n<p><span style=\"color: #000080;\">Jak to zawsze bywa w przypadku odrobiny zainteresowania, kiedy zdejmiesz kamizelk\u0119 z napisem \u201ePrasa\u201d, zobaczysz zwolennika Hamasu, kt\u00f3ry ta\u0144czy, gdy rozlewa si\u0119 krew \u017cydowskich cywil\u00f3w.<\/span><\/p>\n<h5><strong>Z\u0142owrogo\u015b\u0107<\/strong><\/h5>\n<p><span style=\"color: #000080;\">To tak\u017ce przypomnienie, jak z\u0142owroga jest Al D\u017cazira.&nbsp;Historia Ismaila Al Ghoula zosta\u0142a celowo wyczyszczona, aby stworzy\u0107 now\u0105, czyst\u0105 twarz.&nbsp;I ca\u0142y \u015bwiat si\u0119 na to nabra\u0142.&nbsp;I oczywi\u015bcie, \u017ce to ma znaczenie.&nbsp;Je\u015bli Ismail Al Ghoul ma powi\u0105zania z Hamasem \u2013 dlaczego, u licha, IDF nie mia\u0142o zabra\u0107 go na przes\u0142uchanie?<\/span><\/p>\n<p><span style=\"color: #000080;\">Kiedy Al Jazeera zatrudni\u0142a Ismaila Al Ghoula \u2013 wszystkie jego stare konta by\u0142y publicznie dost\u0119pne.&nbsp;Co by\u0142o w jego CV, co sprawi\u0142o, \u017ce Al D\u017cazira go zatrudni\u0142a \u2013 wsparcie dla terroryzmu?&nbsp;Powi\u0105zania z Hamasem?<\/span><\/p>\n<p><span style=\"color: #000080;\">I nawet dzisiaj dow\u00f3d ten jest \u0142atwy do znalezienia, je\u015bli WYBIERASZ szukanie.&nbsp;Nale\u017cy wi\u0119c zada\u0107 pytanie \u2013 dlaczego, u licha, \u017bADEN DZIENNIKARZ w \u017bADNYM z medi\u00f3w g\u0142\u00f3wnego nurtu nie prowadzi takich bada\u0144?<\/span><\/p>\n<\/div>\n<hr>\n<p style=\"text-align: left;\"><span style=\"color: #808080;\"><em><strong>David Collier&nbsp;<\/strong>jest brytyjskim badaczem i blogerem torpi\u0105cym antysemityzm w mediach i organizacjach.<\/em><\/span><\/p>\n<hr style=\"height: 15px; background: #d0e6fa; width: 100%;\">\n<div id=\"content\" class=\"content-alignment\">\n<div id=\"watch-description\" class=\"yt-uix-button-panel\">\n<div id=\"watch-description-text\" style=\"text-align: center;\">\n<p><em>Zawarto\u015b\u0107 publikowanych artyku\u0142\u00f3w i materia\u0142\u00f3w nie reprezentuje pogl\u0105d\u00f3w ani opinii Reunion&#8217;68,<\/em><em><br \/>\nani te\u017c webmastera Blogu Reunion&#8217;68, chyba ze jest to wyra\u017anie zaznaczone.<br \/>\nTwoje uwagi, linki, w\u0142asne artyku\u0142y lub wiadomo\u015bci prze\u015blij na adres:<br \/>\n<\/em><span style=\"color: #000080;\"><strong><em><a style=\"color: #000080;\" href=\"mailto:webmaster@reunion68.com\"><span style=\"text-decoration: underline;\">webmaster@reunion68.com<\/span><\/a><\/em><\/strong><\/span><\/p>\n<\/div>\n<\/div>\n<\/div>\n<hr style=\"width: 100%;\">\n","protected":false},"excerpt":{"rendered":"<p>Ismail Al Ghoul \u2013 studium przypadku przek\u0142ama\u0144 zachodnich medi\u00f3w David Collier T\u0142umaczenie: Ma\u0142gorzata Koraszewska W poniedzia\u0142ek 18 marca Izrael aresztowa\u0142 \u201edziennikarza\u201d Al D\u017caziry, Ismaila Al Ghoula. Jak zwykle nie wszystko by\u0142o takie, jakim si\u0119 wydawa\u0142o. Upadek uczciwo\u015bci medi\u00f3w Od 7 pa\u017adziernika jeste\u015bmy \u015bwiadkami ca\u0142kowitego za\u0142amania jako\u015bci i uczciwo\u015bci relacji zachodnich medi\u00f3w na temat Izraela.&nbsp;Media nigdy [&hellip;]<\/p>\n","protected":false},"author":1,"featured_media":0,"comment_status":"closed","ping_status":"closed","sticky":false,"template":"","format":"standard","meta":[],"categories":[6],"tags":[26,24],"_links":{"self":[{"href":"https:\/\/www.reunion68.se\/index.php?rest_route=\/wp\/v2\/posts\/111907"}],"collection":[{"href":"https:\/\/www.reunion68.se\/index.php?rest_route=\/wp\/v2\/posts"}],"about":[{"href":"https:\/\/www.reunion68.se\/index.php?rest_route=\/wp\/v2\/types\/post"}],"author":[{"embeddable":true,"href":"https:\/\/www.reunion68.se\/index.php?rest_route=\/wp\/v2\/users\/1"}],"replies":[{"embeddable":true,"href":"https:\/\/www.reunion68.se\/index.php?rest_route=%2Fwp%2Fv2%2Fcomments&post=111907"}],"version-history":[{"count":7,"href":"https:\/\/www.reunion68.se\/index.php?rest_route=\/wp\/v2\/posts\/111907\/revisions"}],"predecessor-version":[{"id":111934,"href":"https:\/\/www.reunion68.se\/index.php?rest_route=\/wp\/v2\/posts\/111907\/revisions\/111934"}],"wp:attachment":[{"href":"https:\/\/www.reunion68.se\/index.php?rest_route=%2Fwp%2Fv2%2Fmedia&parent=111907"}],"wp:term":[{"taxonomy":"category","embeddable":true,"href":"https:\/\/www.reunion68.se\/index.php?rest_route=%2Fwp%2Fv2%2Fcategories&post=111907"},{"taxonomy":"post_tag","embeddable":true,"href":"https:\/\/www.reunion68.se\/index.php?rest_route=%2Fwp%2Fv2%2Ftags&post=111907"}],"curies":[{"name":"wp","href":"https:\/\/api.w.org\/{rel}","templated":true}]}}