{"id":11206,"date":"2014-12-21T19:10:31","date_gmt":"2014-12-21T17:10:31","guid":{"rendered":"http:\/\/www.reunion68.se\/?p=11206"},"modified":"2014-12-21T09:23:12","modified_gmt":"2014-12-21T07:23:12","slug":"11206","status":"publish","type":"post","link":"https:\/\/www.reunion68.se\/?p=11206","title":{"rendered":"Chcieli uciec, Pa\u0144stwo Islamskie by\u0142o szybsze."},"content":{"rendered":"<h5 style=\"text-align: center;\"><a href=\"http:\/\/www.tvn24.pl\/\" target=\"_blank\"><img decoding=\"async\" class=\"center alignleft\" src=\"http:\/\/www.reunion68.com\/Biuletyn\/img\/TVN24.jpg\" alt=\"\" \/><\/a><span style=\"text-decoration: underline; color: #000080;\"><span style=\"text-decoration: underline;\"><strong><a style=\"color: #000080; text-decoration: underline;\" href=\"http:\/\/www.tvn24.pl\/panstwo-islamskie-zabilo-stu-swych-zagranicznych-bojownikow,500349,s.html\" target=\"_blank\">Chcieli uciec, Pa\u0144stwo Islamskie by\u0142o szybsze. Masowa egzekucja bojownik\u00f3w z Europy <\/a><\/strong><\/span><\/span><\/h5>\n<p style=\"text-align: center;\"><span style=\"color: #333333;\"><strong>Autor: eos\/\/gak\/kwoj \/ \u0179r\u00f3d\u0142o: PAP<\/strong><\/span><\/p>\n<hr style=\"height: 15px; background: #d0e6fa; width: 710px;\" \/>\n<div style=\"width: 360px\" class=\"wp-caption alignright\"><img decoding=\"async\" src=\"http:\/\/r-scale-84.dcs.redcdn.pl\/scale\/o2\/tvn\/web-content\/m\/p1\/i\/489d0396e6826eb0c1e611d82ca8b215\/7f107d1a-f468-11e3-b2d2-0025b511229e.jpg?type=1&amp;srcmode=0&amp;srcx=9\/100&amp;srcy=97\/100&amp;srcw=41\/50&amp;srch=41\/50&amp;dstw=640&amp;dsth=360 \" alt=\"\" width=\"350\" \/><p class=\"wp-caption-text\"><span style=\"color: #000080;\"><em>Pa\u0144stwo Islamskie dopuszcza si\u0119 nieludzkich zbrodni \/ Foto: ISIL<\/em><\/span><\/p><\/div>\n<p style=\"text-align: left;\"><span style=\"color: #333333;\"><strong>Pa\u0144stwo Islamskie (IS) dokona\u0142o egzekucji stu swych zagranicznych bojownik\u00f3w, kt\u00f3rzy pr\u00f3bowali opu\u015bci\u0107 syryjskie miasto Ar-Rakka &#8211; napisa\u0142 w sobot\u0119 dziennik &#8220;The Financial Times&#8221;, powo\u0142uj\u0105c si\u0119 na aktywist\u0119, b\u0119d\u0105cego przeciwnikiem re\u017cimu w Damaszku i IS.<\/strong><\/span><\/p>\n<p style=\"text-align: left;\"><span style=\"color: #000080;\">Dzia\u0142acz, kt\u00f3ry wypowiada\u0142 si\u0119 anonimowo i, kt\u00f3ry jest dobrze znany &#8220;FT&#8221;, powiedzia\u0142 brytyjskiej gazecie, \u017ce &#8220;zweryfikowa\u0142 egzekucje&#8221; zagranicznych d\u017cihadyst\u00f3w, usi\u0142uj\u0105cych zbiec z pola walki.<\/span><\/p>\n<p style=\"text-align: left;\"><span style=\"color: #000080;\">Wed\u0142ug cz\u0142onk\u00f3w IS w mie\u015bcie Ar-Rakka na p\u00f3\u0142nocy Syrii utworzono \u017candarmeri\u0119 wojskow\u0105, zajmuj\u0105c\u0105 si\u0119 zagranicznymi bojownikami, kt\u00f3rzy pr\u00f3buj\u0105 zdezerterowa\u0107. Dokonano dziesi\u0105tek rewizji w domach bojownik\u00f3w i aresztowano wiele os\u00f3b. Ar-Rakk\u0119 mo\u017cna uzna\u0107 za matecznik IS.<\/span><\/p>\n<p style=\"text-align: left;\"><span style=\"color: #000080;\">Chcieliby wr\u00f3ci\u0107, ale obawiaj\u0105 si\u0119 aresztowania<\/span><\/p>\n<p style=\"text-align: left;\"><span style=\"color: #000080;\">Brytyjska prasa pisa\u0142a w po\u0142owie pa\u017adziernika, \u017ce IS uwi\u0119zi\u0142o pi\u0119ciu Brytyjczyk\u00f3w, trzech Francuz\u00f3w, dw\u00f3ch Niemc\u00f3w i dw\u00f3ch Belg\u00f3w, kt\u00f3rzy chcieli wr\u00f3ci\u0107 do swych kraj\u00f3w po walkach w szeregach grup rebelianckich.<\/span><\/p>\n<p style=\"text-align: left;\"><span style=\"color: #000080;\">Badacze z londy\u0144skiego King&#8217;s College szacowali w po\u0142owie pa\u017adziernika, \u017ce nawet 50 Brytyjczyk\u00f3w chcia\u0142oby wr\u00f3ci\u0107 do ojczyzny, ale obawiaj\u0105 si\u0119 aresztowania.<\/span><\/p>\n<p style=\"text-align: left;\"><span style=\"color: #000080;\">Od rozpocz\u0119cia w sierpniu nalot\u00f3w przez mi\u0119dzynarodow\u0105 koalicj\u0119 z USA na czele, IS utraci\u0142o kontrol\u0119 nad niekt\u00f3rymi terenami w Iraku i Syrii. Znacznie ro\u015bnie te\u017c liczba islamist\u00f3w, kt\u00f3rzy gin\u0105 w walkach i atakach z powietrza &#8211; pisze agencja AFP.<\/span><\/p>\n<p><span style=\"color: #000080;\">Kilka dni temu przewodnicz\u0105cy kolegium szef\u00f3w sztab\u00f3w si\u0142 zbrojnych USA genera\u0142 Martin Dempsey poinformowa\u0142, \u017ce trzech dow\u00f3dc\u00f3w wojskowych IS zosta\u0142o ostatnio zabitych w Iraku w nalotach mi\u0119dzynarodowej koalicji.<\/span><\/p>\n<hr style=\"height: 15px; background: #d0e6fa; width: 710px;\" \/>\n<div id=\"content\" class=\"  content-alignment&lt;br \/&gt;&lt;br \/&gt; \">\n<div id=\"watch-description\" class=\"yt-uix-button-panel\">\n<div id=\"watch-description-text\">\n<p style=\"text-align: center;\"><span style=\"color: #808080;\"> twoje uwagi, linki, wlasne artykuly, lub wiadomosci przeslij do: <strong><span style=\"text-decoration: underline;\"><span style=\"color: #808080; text-decoration: underline;\"><a href=\"mailto:webmaster@reunion68.com\">webmaster@reunion68.com<\/a><\/span><\/span><\/strong><\/span><\/p>\n<\/div>\n<\/div>\n<\/div>\n<p>&nbsp;<\/p>\n<hr style=\"width: 710px;\" \/>\n","protected":false},"excerpt":{"rendered":"<p>Chcieli uciec, Pa\u0144stwo Islamskie by\u0142o szybsze. Masowa egzekucja bojownik\u00f3w z Europy Autor: eos\/\/gak\/kwoj \/ \u0179r\u00f3d\u0142o: PAP Pa\u0144stwo Islamskie (IS) dokona\u0142o egzekucji stu swych zagranicznych bojownik\u00f3w, kt\u00f3rzy pr\u00f3bowali opu\u015bci\u0107 syryjskie miasto Ar-Rakka &#8211; napisa\u0142 w sobot\u0119 dziennik &#8220;The Financial Times&#8221;, powo\u0142uj\u0105c si\u0119 na aktywist\u0119, b\u0119d\u0105cego przeciwnikiem re\u017cimu w Damaszku i IS. Dzia\u0142acz, kt\u00f3ry wypowiada\u0142 si\u0119 anonimowo [&hellip;]<\/p>\n","protected":false},"author":1,"featured_media":0,"comment_status":"closed","ping_status":"closed","sticky":false,"template":"","format":"standard","meta":[],"categories":[6],"tags":[24],"_links":{"self":[{"href":"https:\/\/www.reunion68.se\/index.php?rest_route=\/wp\/v2\/posts\/11206"}],"collection":[{"href":"https:\/\/www.reunion68.se\/index.php?rest_route=\/wp\/v2\/posts"}],"about":[{"href":"https:\/\/www.reunion68.se\/index.php?rest_route=\/wp\/v2\/types\/post"}],"author":[{"embeddable":true,"href":"https:\/\/www.reunion68.se\/index.php?rest_route=\/wp\/v2\/users\/1"}],"replies":[{"embeddable":true,"href":"https:\/\/www.reunion68.se\/index.php?rest_route=%2Fwp%2Fv2%2Fcomments&post=11206"}],"version-history":[{"count":21,"href":"https:\/\/www.reunion68.se\/index.php?rest_route=\/wp\/v2\/posts\/11206\/revisions"}],"predecessor-version":[{"id":11220,"href":"https:\/\/www.reunion68.se\/index.php?rest_route=\/wp\/v2\/posts\/11206\/revisions\/11220"}],"wp:attachment":[{"href":"https:\/\/www.reunion68.se\/index.php?rest_route=%2Fwp%2Fv2%2Fmedia&parent=11206"}],"wp:term":[{"taxonomy":"category","embeddable":true,"href":"https:\/\/www.reunion68.se\/index.php?rest_route=%2Fwp%2Fv2%2Fcategories&post=11206"},{"taxonomy":"post_tag","embeddable":true,"href":"https:\/\/www.reunion68.se\/index.php?rest_route=%2Fwp%2Fv2%2Ftags&post=11206"}],"curies":[{"name":"wp","href":"https:\/\/api.w.org\/{rel}","templated":true}]}}