{"id":112240,"date":"2024-04-14T17:09:57","date_gmt":"2024-04-14T15:09:57","guid":{"rendered":"http:\/\/www.reunion68.se\/?p=112240"},"modified":"2024-04-14T12:35:46","modified_gmt":"2024-04-14T10:35:46","slug":"14-09-93","status":"publish","type":"post","link":"https:\/\/www.reunion68.se\/?p=112240","title":{"rendered":"\u201cGUARDIAN\u201d podburza antysemick\u0105 t\u0142uszcz\u0119"},"content":{"rendered":"<p><img decoding=\"async\" class=\"aligncenter\" src=\"https:\/\/encyclopedia.ushmm.org\/images\/large\/d9768d29-1c70-4095-ac6b-7d7f1ad6a98b.jpg\" width=\"100%&gt;Kobieta przy trumnach \u017byd\u00f3w zamordowanych w pogromie kieleckim w lipcu 1946 roku. \u0179r\u00f3d\u0142o zdj\u0119cia: US Holocaust Memorial Museum.&lt;\/p&gt;\n&lt;hr&gt;\n&lt;h5 style=\" \/><a href=\"https:\/\/www.listyznaszegosadu.pl\/\" target=\"_blank\" rel=\"noopener noreferrer\"><img decoding=\"async\" class=\"center alignleft\" src=\"http:\/\/www.reunion68.com\/Biuletyn\/img\/z-naszego.jpg\" alt=\"\" width=\"50%\" \/><\/a><span style=\"text-decoration: underline; color: #000080;\"><strong><a style=\"color: #000080; text-decoration: underline;\" href=\"https:\/\/www.listyznaszegosadu.pl\/brunatna-fala\/guardian-podburza-antysemicka-tluszcze\" target=\"_blank\" rel=\"noopener noreferrer\"><br \/>\n\u201cGUARDIAN\u201d podburza antysemick\u0105 t\u0142uszcz\u0119<\/a><\/strong><\/span><\/p>\n<p style=\"text-align: center;\"><span style=\"color: #000000;\"><strong>Adam Levick T\u0142umaczenie: Ma\u0142gorzata Koraszewska<\/strong><\/span><\/p>\n<hr style=\"height: 15px; background: #d0e6fa; width: 100%;\" \/>\n<div class=\"templateArticleIngress\" style=\"text-align: left;\"><span style=\"color: #000080;\">Pierwsze znane\u00a0<a style=\"color: #000080;\" href=\"https:\/\/encyclopedia.ushmm.org\/content\/en\/article\/blood-libel\" target=\"_blank\" rel=\"noopener noreferrer\">oszczerstwo o rytuale krwi<\/a>\u00a0mia\u0142o miejsce w 1144 r., kiedy w Norwich w Anglii znaleziono zamordowanego 12-letniego ch\u0142opca Williama. Chocia\u017c nie by\u0142o \u017cadnych dowod\u00f3w \u0142\u0105cz\u0105cych \u017byd\u00f3w z tym morderstwem, mnich Thomas z Monmouth odwiedzi\u0142 Norwich cztery lata p\u00f3\u017aniej i oskar\u017cy\u0142 \u017byd\u00f3w z miasta o torturowanie i zabicie ch\u0142opca. Wkr\u00f3tce po ca\u0142ym kraju rozesz\u0142y si\u0119 oskar\u017cenia o mordy rytualne na dzieciach. Dodatkowe przypadki odnotowano w Anglii i ca\u0142ej Europie w XII i XIII wieku.<\/span><\/div>\n<div class=\"templateArticleBrodtext\">\n<p style=\"text-align: left;\"><span style=\"color: #000080;\">\u201eOpowie\u015b\u0107 przeoryszy\u201d zamieszczona przez \u00a0Geoffreya Chaucera (w\u00a0\u00a0<em>Opowie\u015bciach kanterberyjskich<\/em>), napisana pod koniec XIV wieku, r\u00f3wnie\u017c odwo\u0142uje si\u0119 do motywu oszczerstwa o rytuale krwi, opisuje \u017byd\u00f3w jako pobudzanych przez szata\u0144skie pop\u0119dy do mordowania chrze\u015bcija\u0144skich dzieci.<\/span><\/p>\n<p style=\"text-align: left;\"><span style=\"color: #000080;\">Chocia\u017c r\u00f3\u017cne odmiany tego oszczerstwa powtarza\u0142y si\u0119 w kolejnych stuleciach, w czasach nazizmu, a nawet po jego upadku, powoduj\u0105c pogromy i rzezie dziesi\u0105tek niewinnych \u017cydowskich m\u0119\u017cczyzn, kobiet i dzieci, ta \u015bmiertelna nienawi\u015b\u0107 nie zako\u0144czy\u0142a si\u0119 wraz z narodzinami pa\u0144stwa \u017cydowskiego w 1948 roku.<\/span><\/p>\n<p style=\"text-align: left;\"><span style=\"color: #000080;\">Wsp\u00f3\u0142czesne odmiany oszczerstwa o rytuale krwi \u2013 oskar\u017cenia, w kt\u00f3rych Izrael wyst\u0119puje jako zbiorowy \u017byd, celowo morduje nie\u017cydowskie dzieci palesty\u0144skie w celach religijnych, w celu kradzie\u017cy ich organ\u00f3w lub z powodu domniemanej nikczemnej natury \u017byd\u00f3w \u2013 s\u0105 stosunkowo\u00a0\u00a0<a style=\"color: #000080;\" href=\"https:\/\/en.wikipedia.org\/wiki\/Ash-Shatat\" target=\"_blank\" rel=\"noopener noreferrer\">powszechne<\/a>\u00a0w\u00a0<a style=\"color: #000080;\" href=\"https:\/\/palwatch.org\/all\/12-19\" target=\"_blank\" rel=\"noopener noreferrer\">Palestynie\u00a0<\/a>i w ca\u0142ym\u00a0<a style=\"color: #000080;\" href=\"https:\/\/www.memri.org\/reports\/blood-libel-arab-tv-reports-jews-using-christian-childrens-blood-passover-matzos-%E2%80%93-memri-tv\" target=\"_blank\" rel=\"noopener noreferrer\">\u015bwiecie arabskim.<\/a><\/span><\/p>\n<p style=\"text-align: left;\"><span style=\"color: #000080;\">Chocia\u017c takie groteskowe i toksyczne przejawy nienawi\u015bci do \u017byd\u00f3w zazwyczaj nie przenikaj\u0105 do krajobrazu zachodnich medi\u00f3w, w listopadzie 2009 r. szwedzki tabloid \u201eAftonbladet\u201d opublikowa\u0142\u00a0<a style=\"color: #000080;\" href=\"https:\/\/jcpa.org\/article\/the-aftonbladet-organ-trafficking-accusations-against-israel-a-case-study\/\" target=\"_blank\" rel=\"noopener noreferrer\">artyku\u0142 sugeruj\u0105cy<\/a>, \u017ce IDF zabija Palesty\u0144czyk\u00f3w, aby zapewni\u0107 izraelskiemu establishmentowi medycznemu narz\u0105dy. Artyku\u0142 spotka\u0142 si\u0119 z ostr\u0105 krytyk\u0105 w szwedzkich mediach i zosta\u0142 powszechnie pot\u0119piony jako antysemicki. Jak napisa\u0142a dyrektorka CAMERA, Andrea Levin, dementuj\u0105c\u00a0<a style=\"color: #000080;\" href=\"https:\/\/www.camera.org\/article\/sweden-s-aftonbladet-spreads-libels-bigotry\/\" target=\"_blank\" rel=\"noopener noreferrer\">k\u0142amstwa\u00a0<\/a>rozpowszechniane w artykule, artyku\u0142 Aftonbladet szybko \u201eprzekszta\u0142ci\u0142 si\u0119 w mediach bliskowschodnich w ponure wariacje starego oszczerstwa o rytuale krwi, tym razem o \u017bydach kradn\u0105cych narz\u0105dy i pij\u0105cych krew nie-\u017byd\u00f3w\u201d.<\/span><\/p>\n<p style=\"text-align: left;\"><span style=\"color: #000080;\">W nast\u0119pnym miesi\u0105cu \u201eGuardian\u201d by\u0142 zmuszony\u00a0<a style=\"color: #000080;\" href=\"https:\/\/www.haaretz.com\/2009-12-24\/ty-article\/guardian-our-israeli-organ-harvesting-headline-was-serious-error\/0000017f-e1f9-d804-ad7f-f1fb64ae0000\" target=\"_blank\" rel=\"noopener noreferrer\">przeprosi\u0107\u00a0<\/a>i zmieni\u0107 nag\u0142\u00f3wek artyku\u0142u pr\u00f3buj\u0105cego podbudowa\u0107 histori\u0119 \u201eAftonbladet\u201d, kt\u00f3ry pocz\u0105tkowo nosi\u0142 tytu\u0142 \u201eIzrael przyznaje si\u0119 do pobierania narz\u0105d\u00f3w palesty\u0144skich\u201d.<\/span><\/p>\n<p style=\"text-align: center;\"><img decoding=\"async\" class=\"aligncenter\" src=\"https:\/\/camera-uk.org\/wp-content\/uploads\/2024\/04\/Screenshot-2024-04-07-095457-570x154.jpg\" alt=\"24 grudnia 2009 (Haaretz)\" width=\"100%\" \/><span style=\"color: #808080;\"><em><span class=\"templateArticleBildtext\">24 grudnia 2009 (Haaretz)<\/span><\/em><\/span><\/p>\n<p style=\"text-align: left;\"><span style=\"color: #000080;\">Najnowszym przyk\u0142adem zachodnich medi\u00f3w promuj\u0105cych form\u0119 oszczerstwa o rytuale krwi jest artyku\u0142 z listopada 2023 r. w EuroNews, w kt\u00f3rym opublikowano\u00a0<a style=\"color: #000080;\" href=\"https:\/\/www.euronews.com\/2023\/11\/27\/israel-stealing-organs-from-bodies-in-gaza-alleges-human-right-group\" target=\"_blank\" rel=\"noopener noreferrer\">artyku\u0142\u00a0<\/a>\u201eIzrael \u2018kradnie narz\u0105dy\u2019 z cia\u0142 w Gazie, twierdzi grupa praw cz\u0142owieka\u201d. Oskar\u017cenie by\u0142o oczywi\u015bcie pozbawione jakichkolwiek dowod\u00f3w i opiera\u0142o si\u0119 na o\u015bwiadczeniu organizacji\u00a0<a style=\"color: #000080;\" href=\"blank\" target=\"_blank\" rel=\"noopener noreferrer\">Euro-Med Human Rights Monitor<\/a>. Jednak mimo swojej nazwy, misja grupy jest ca\u0142kowitym przeciwie\u0144stwem praw cz\u0142owieka. Od 7 pa\u017adziernika EMHRM promuje w mediach narracje antysemickie i propagand\u0119 terroru, co nie jest zaskakuj\u0105ce, bior\u0105c pod uwag\u0119 silne\u00a0<a style=\"color: #000080;\" href=\"https:\/\/twitter.com\/EFischberger\/status\/1749534831489466710\" target=\"_blank\" rel=\"noopener noreferrer\">dowody\u00a0<\/a>ich\u00a0<a style=\"color: #000080;\" href=\"https:\/\/www.ngo-monitor.org\/ngos\/euro-med-human-rights-monitor\/\" target=\"_blank\" rel=\"noopener noreferrer\">\u00a0powi\u0105za\u0144 z Hamasem<\/a>.<\/span><\/p>\n<p style=\"text-align: left;\"><span style=\"color: #000080;\">Nie jest zatem zaskakuj\u0105ce, \u017ce\u00a0<a style=\"color: #000080;\" href=\"https:\/\/www.theguardian.com\/world\/2024\/apr\/02\/gaza-palestinian-children-killed-idf-israel-war\" target=\"_blank\" rel=\"noopener noreferrer\">artyku\u0142\u00a0<\/a>z 2 kwietnia autorstwa\u00a0<a style=\"color: #000080;\" href=\"https:\/\/camera-uk.org\/topic\/chris-mcgreal\/\">Chrisa McGreala<\/a>\u00a0z \u201eGuardiana\u201d \u2013 kt\u00f3ry opisuje oddzia\u0142ywanie \u201eameryka\u0144skiej si\u0142y \u017cydowskiej\u201d \u2013 a kt\u00f3ry cz\u0119\u015bciowo opiera\u0142 si\u0119 na informacjach tej samej grupie sprzymierzonej z Hamasem, \u017ceby pokaza\u0107 bardziej ug\u0142adzon\u0105 wersj\u0119 tego toksycznego oszczerstwa.<\/span><\/p>\n<p style=\"text-align: left;\"><img decoding=\"async\" class=\"aligncenter\" src=\"https:\/\/pbs.twimg.com\/media\/GKK4pVWXwAAa_T4?format=jpg&amp;name=small\" width=\"100%\" border=\"0\" \/><\/p>\n<p><span style=\"color: #000080;\">McGreal, kt\u00f3ry w 2005 roku opublikowa\u0142\u00a0<a style=\"color: #000080;\" href=\"blank\" target=\"_blank\" rel=\"noopener noreferrer\">artyku\u0142<\/a>\u00a0(kt\u00f3ry zosta\u0142 nast\u0119pnie\u00a0<a style=\"color: #000080;\" href=\"https:\/\/rense.com\/general53\/rising.htm\" target=\"_blank\" rel=\"noopener noreferrer\">przedrukowany<\/a>\u00a0na\u00a0<a style=\"color: #000080;\" href=\"https:\/\/www.adl.org\/resources\/news\/rense-web-site-promotes-anti-semitic-view\" target=\"_blank\" rel=\"noopener noreferrer\">stronie szerz\u0105cej antysemickie teorie spiskowe,<\/a>)\u00a0<a style=\"color: #000080;\" href=\"https:\/\/camera-uk.org\/2013\/01\/08\/the-guardians-lethal-narrative-about-snipers-who-murder-innocent-children\/\">twierdz\u0105c<\/a>\u00a0m. in., \u017ce snajperzy IDF celowo strzelali do palesty\u0144skich dzieci, zaczyna artyku\u0142 od bezkrytycznego przytoczenia danych dostarczonych przez zakazan\u0105 organizacj\u0119 terrorystyczn\u0105 z Gazy \u2013 t\u0119 ewidentnie \u201eapolityczn\u0105\u201d grup\u0119 medycznych specjalist\u00f3w, kt\u00f3rych pracy wyra\u017anie broni\u0142 w poprzednim\u00a0<a style=\"color: #000080;\" href=\"https:\/\/www.theguardian.com\/world\/2023\/oct\/26\/can-we-trust-casualty-figures-from-the-hamas-run-gaza-health-ministry\" target=\"_blank\" rel=\"noopener noreferrer\">artykule<\/a>.<\/span><\/p>\n<p><span style=\"color: #000080;\">Dziennikarz \u201eGuardiana\u201d cytuje liczby Hamasu, aby stwierdzi\u0107, \u017ce\u00a0<em>\u201edzieci stanowi\u0105 wi\u0119cej ni\u017c jedn\u0105 trzeci\u0105 z ponad 32 tysi\u0119cy os\u00f3b zabitych w trwaj\u0105cym od miesi\u0119cy izraelskim ataku na Gaz\u0119\u201d<\/em>, a t\u0119 liczb\u0119 podwa\u017caj\u0105 dwie\u00a0<a style=\"color: #000080;\" href=\"https:\/\/www.washingtoninstitute.org\/policy-analysis\/gaza-fatality-data-has-become-completely-unreliable\" target=\"_blank\" rel=\"noopener noreferrer\">niedawne\u00a0<\/a><a style=\"color: #000080;\" href=\"blank\" target=\"_blank\" rel=\"noopener noreferrer\">analizy<\/a>\u00a0przeprowadzone przez do\u015bwiadczonych statystyk\u00f3w.<\/span><\/p>\n<p><span style=\"color: #000080;\">Jest to powa\u017cne oszustwo, gdy\u017c wykorzystuje te dane na poparcie swojej tezy o rzekomej \u201eizraelskiej wojnie z dzie\u0107mi\u201d.<\/span><\/p>\n<p><span style=\"color: #000080;\">Nast\u0119pnie McGreal pisze o kilku lekarzach, kt\u00f3rzy przekazali \u201eGuardianowi\u201d relacje z pracy w szpitalach w Gazie w tym roku, kt\u00f3rzy uwa\u017caj\u0105, \u017ce niekt\u00f3re z leczonych przez nich dzieci, z kt\u00f3rych wiele mia\u0142o rany postrza\u0142owe, by\u0142y \u201e<strong>bezpo\u015brednim celem wojsk izraelskich<\/strong>\u201d. Dziennikarz nie wyja\u015bnia szczeg\u00f3\u0142owo, w jaki spos\u00f3b do tego przekonania doszli.<\/span><\/p>\n<p><span style=\"color: #000080;\">Czytelnikom powiedziano nast\u0119pnie, \u017ce \u201e\u00a0<em>w po\u0142owie lutego grupa\u00a0<strong>ekspert\u00f3w ONZ\u00a0<\/strong>\u00a0<\/em><em><a style=\"color: #000080;\" href=\"https:\/\/www.ohchr.org\/en\/press-releases\/2024\/02\/israelopt-un-experts-appalled-reported-human-rights-violations-against\" target=\"_blank\" rel=\"noopener noreferrer\">oskar\u017cy\u0142a\u00a0\u00a0<\/a><\/em><em>izraelskie wojsko o atakowanie palesty\u0144skich cywil\u00f3w, kt\u00f3rzy najwyra\u017aniej nie s\u0105 bojownikami,\u00a0<strong>w tym dzieci<\/strong>, gdy szuka\u0142y schronienia<\/em>\u00a0\u201d.<\/span><\/p>\n<p><span style=\"color: #000080;\">Jednak\u00a0\u201eraport\u201d\u00a0<a style=\"color: #000080;\" href=\"https:\/\/www.ohchr.org\/en\/press-releases\/2024\/02\/israelopt-un-experts-appalled-reported-human-rights-violations-against\" target=\"_blank\" rel=\"noopener noreferrer\">ONZ<\/a>, w kt\u00f3rym bez dowod\u00f3w oskar\u017cano izraelskich \u017co\u0142nierzy o zgwa\u0142cenie palesty\u0144skich kobiet, by\u0142\u00a0<a style=\"color: #000080;\" href=\"https:\/\/www.camera.org\/article\/tracing-the-dubious-allegations-of-sexual-violence-by-israeli-forces\/\" target=\"_blank\" rel=\"noopener noreferrer\">niepowa\u017cn\u0105 propagand\u0105<\/a>\u00a0i nie jest raportem w \u017cadnym znaczeniu tego s\u0142owa. To jednostronicowa wypowied\u017a sk\u0142adaj\u0105ca si\u0119 z 448 s\u0142\u00f3w i dos\u0142ownie pozbawiona jakichkolwiek \u017ar\u00f3de\u0142. Co wi\u0119cej, w\u015br\u00f3d \u201eekspert\u00f3w\u201d cytowanych w ich \u201eraporcie\u201d, jak zauwa\u017cy\u0142 nasz kolega, znajduje si\u0119\u00a0<a style=\"color: #000080;\" href=\"https:\/\/www.camera.org\/article\/people\/albanese-francesca\/\" target=\"_blank\" rel=\"noopener noreferrer\">Francesca Albanese<\/a>, specjalna sprawozdawczyni ONZ, znana ze swoich\u00a0<a style=\"color: #000080;\" href=\"https:\/\/unwatch.org\/germany-france-condemn-uns-francesca-albanese-for-disgraceful-antisemitism\/\" target=\"_blank\" rel=\"noopener noreferrer\">wypowiedzi\u00a0<\/a>usprawiedliwiaj\u0105cych masakr\u0119 z 7 pa\u017adziernika, a tak\u017ce z innych przejaw\u00f3w\u00a0<a style=\"color: #000080;\" href=\"https:\/\/www.algemeiner.com\/2024\/02\/22\/un-representative-to-the-palestinians-claims-israelis-are-colonialists-with-fake-identities\/\" target=\"_blank\" rel=\"noopener noreferrer\">niepohamowanej nienawi\u015bci<\/a>\u00a0do Izraela i\u00a0<a style=\"color: #000080;\" href=\"https:\/\/twitter.com\/HillelNeuer\/status\/1772792100372852893\" target=\"_blank\" rel=\"noopener noreferrer\">retoryki\u00a0<\/a><a style=\"color: #000080;\" href=\"blank\" target=\"_blank\" rel=\"noopener noreferrer\">antysemickiej<\/a>.<\/span><\/p>\n<p><span style=\"color: #000080;\">Inn\u0105 \u201eekspertk\u0105\u201d jest Reem Alsalem, Palestynka z Jordanii, kt\u00f3ra nie tylko\u00a0nie pot\u0119pi\u0142a (udowodnionego) stosowania przez Hamas przemocy seksualnej, ale aktywnie pomaga\u0142a Albanese w pr\u00f3bach podania w w\u0105tpliwo\u015b\u0107\u00a0tej historii, twierdz\u0105c, \u017ce rz\u0105dy \u201enie zastosowa\u0142y zwyczajowych standard\u00f3w rozeznania i oceny wiarygodno\u015bci\u201d.<\/span><\/p>\n<p><span style=\"color: #000080;\">Oto jedyne zdanie w tym raporcie ONZ \u2013 cytowane przez McGreala \u2013 kt\u00f3re odnosi si\u0119 do jego oskar\u017cenia, \u017ce \u017co\u0142nierze IDF celowo bior\u0105 na cel dzieci:<\/span><\/p>\n<blockquote><p><strong>Z otrzymanych informacji\u00a0\u00a0wynika, \u017ce w Gazie dokonywano samowolnych egzekucji na palesty\u0144skich kobietach i dziewcz\u0119tach, cz\u0119sto wraz z cz\u0142onkami ich rodzin,\u00a0<em>w tym dzieci<\/em>.<\/strong><\/p><\/blockquote>\n<p><span style=\"color: #000080;\">Nie wiemy, jakie \u201einformacje\u201d \u201eotrzymali\u201d, poniewa\u017c, jak zauwa\u017cyli\u015bmy, nie ma w nich \u017bADNYCH przypis\u00f3w ani jakichkolwiek \u017ar\u00f3de\u0142.<\/span><\/p>\n<p><span style=\"color: #000080;\">McGreal pisze nast\u0119pnie, \u017ce \u201erelacje naocznych \u015bwiadk\u00f3w i nagrania wideo wydaj\u0105 si\u0119 potwierdza\u0107 twierdzenia, \u017ce izraelscy \u017co\u0142nierze strzelali do cywil\u00f3w,\u00a0<strong>w tym do dzieci<\/strong>, poza walk\u0105 z Hamasem lub innymi grupami zbrojnymi\u201d i cytuje artyku\u0142 z\u00a0\u201eHaaretz\u201d. Jednak\u00a0<a style=\"color: #000080;\" href=\"https:\/\/www.haaretz.com\/israel-news\/2024-03-31\/ty-article-magazine\/.premium\/israel-created-kill-zones-in-gaza-anyone-who-crosses-into-them-is-shot\/0000018e-946c-d4de-afee-f46da9ee0000\" target=\"_blank\" rel=\"noopener noreferrer\">artyku\u0142\u00a0<\/a>z 31 marca, o kt\u00f3rym mowa, nie zawiera niczego na temat IDF atakuj\u0105cego dzieci. W rzeczywisto\u015bci, w jednym akapicie artyku\u0142u opisano incydent, w kt\u00f3rym dow\u00f3dca IDF\u00a0<strong>odwo\u0142a\u0142<\/strong>\u00a0atak na podejrzanego o terroryzm w strefie dzia\u0142a\u0144 wojennych, gdy zauwa\u017cono \u201edzieci na rowerach\u201d.<\/span><\/p>\n<p><span style=\"color: #000080;\">McGreal w kolejnym akapicie pisze: \u201eIzraelskie i zagraniczne organizacje praw cz\u0142owieka udokumentowa\u0142y\u00a0<strong>d\u0142ug\u0105 histori\u0119 strzelania przez snajper\u00f3w do nieuzbrojonych Palesty\u0144czyk\u00f3w, w tym dzieci<\/strong>, w Gazie i na Zachodnim Brzegu\u201d, nie podaj\u0105c jednak \u017ar\u00f3d\u0142a jakichkolwiek raport\u00f3w dokumentuj\u0105cych celowe strzelanie przez IDF do niewinnych dzieci.<\/span><\/p>\n<p><span style=\"color: #000080;\">Nast\u0119pnie, po zacytowaniu przez IDF zaprzeczenia zarzutom, \u017ce ich \u017co\u0142nierze celowo strzelaj\u0105 do dzieci lub os\u00f3b nie bior\u0105cych udzia\u0142u w walce, cytuje \u201elekarzy, kt\u00f3rzy twierdz\u0105 inaczej\u201d:<\/span><\/p>\n<blockquote><p><strong>Doktor Vanita Gupta<\/strong>, lekarka intensywnej terapii w szpitalu w Nowym Jorku, w styczniu zg\u0142osi\u0142a si\u0119 jako wolontariuszka do europejskiego szpitala w Gazie. Pewnego ranka\u00a0<strong>w kr\u00f3tkich odst\u0119pach czasu przyby\u0142a tr\u00f3jka ci\u0119\u017cko rannych dzieci. Ich rodziny powiedzia\u0142y Gupcie, \u017ce dzieci by\u0142y razem na ulicy, kiedy znalaz\u0142y si\u0119 pod ostrza\u0142em, i \u017ce w okolicy nie by\u0142o \u017cadnej innej strzelaniny<\/strong>. Powiedzia\u0142a, \u017ce \u017cadnych rannych doros\u0142ych nie przywieziono do szpitala w tym samym czasie i z tego samego miejsca.<\/p>\n<p>\u201eJedno dziecko, widzia\u0142am to, zosta\u0142o postrzelone w g\u0142ow\u0119\u2026. By\u0142a jeszcze jedna ma\u0142a dziewczynka, mniej wi\u0119cej w tym samym wieku. Widzia\u0142em ran\u0119 wlotow\u0105 po kuli na jej g\u0142owie\u201d. Gupta powiedzia\u0142, \u017ce trzecie ma\u0142e dziecko r\u00f3wnie\u017c zosta\u0142o postrzelone w g\u0142ow\u0119 i zosta\u0142o wys\u0142ane na tomografi\u0119 komputerow\u0105.<\/p>\n<p><strong>Cz\u0142onkowie rodziny powiedzieli Gupcie, \u017ce armia izraelska wycofa\u0142a si\u0119 z okolicy na odleg\u0142o\u015b\u0107 oko\u0142o czterech kilometr\u00f3w od szpitala.<\/strong><\/p>\n<p>\u201ePowiedzieli, \u017ce ludzie zacz\u0119li wraca\u0107 do swoich dom\u00f3w, poniewa\u017c wojska nie by\u0142o.\u00a0<strong>Ale snajperzy pozostali.\u00a0<\/strong><strong>Rodziny powiedzia\u0142y, \u017ce otworzyli ogie\u0144 do dzieci\u201d \u2013 doda\u0142a.<\/strong><\/p><\/blockquote>\n<p style=\"text-align: left;\"><span style=\"color: #000080;\">Co ciekawe, dr Vanita Gupta by\u0142a autork\u0105\u00a0artyku\u0142u w\u00a0\u201eLos Angeles Times\u201d, kt\u00f3ry<a style=\"color: #000080;\" href=\"https:\/\/www.camera.org\/article\/la-times-refuses-to-substantiate-retract-toxic-charge-that-idf-snipers-targeted-children\/\" target=\"_blank\" rel=\"noopener noreferrer\">zanalizowa\u0142a nasza kole\u017canka Tamar Sternthal.<\/a>\u00a0Sternthal, odnotowuj\u0105c brak jakichkolwiek dowod\u00f3w lub szczeg\u00f3\u0142\u00f3w potwierdzaj\u0105cych s\u0142owa lekarki, skontaktowa\u0142 si\u0119 z IDF w sprawie twierdzenia\u00a0\u201eLA Times\u201d, jakoby snajperzy strzelili w g\u0142ow\u0119 tr\u00f3jce dzieci, a rzecznik stanowczo zaprzeczy\u0142 tym oskar\u017ceniom.<\/span><\/p>\n<p style=\"text-align: left;\"><span style=\"color: #000080;\">Nast\u0119pnie McGreal wspomina inny rzekomy incydent, pisz\u0105c, \u017ce \u201e<em>Lekarze pracuj\u0105cy w szpitalu Nassera w po\u0142udniowej Gazie powiedzieli,\u00a0<strong>\u017ce izraelski ogie\u0144 spowodowa\u0142<\/strong>\u00a0\u015bmier\u0107\u2026 14-letniej Ruwy Kdeih. Lekarze twierdz\u0105, \u017ce zosta\u0142a\u00a0\u00a0<\/em><a style=\"color: #000080;\" href=\"blank\" target=\"_blank\" rel=\"noopener noreferrer\"><em>zastrzelona<\/em><\/a><em>\u00a0przed szpitalem w Chan Younis, gdy sz\u0142a po wod\u0119.<\/em>\u00a0Co znamienne, McGreal da\u0142 link do reporta\u017cu wideo katarskiej Al D\u017caziry, najwyra\u017aniej dlatego, \u017ce oskar\u017cenie nie zosta\u0142o zg\u0142oszone w \u017cadnych zachodnich mediach. W rzeczywisto\u015bci nasze badania wykaza\u0142y, \u017ce zg\u0142oszono to jedynie w Wafa\u00a0i Electronic Intifada \u2013 przy czym ta ostatnia potwierdzi\u0142a, \u017ce OCHA\u00a0<a style=\"color: #000080;\" href=\"blank\" target=\"_blank\" rel=\"noopener noreferrer\">m\u00f3wi\u0142a<\/a>, \u017ce zabit\u0105 osob\u0105 by\u0142a kobieta,\u00a0<em>a nie<\/em>\u00a0dziecko.<\/span><\/p>\n<p style=\"text-align: left;\"><span style=\"color: #000080;\">Nast\u0119pnie McGreal podaje inny domniemany przyk\u0142ad, pisz\u0105c, \u017ce\u00a0<em>\u201ew mie\u015bcie Gaza trzyletni Emad Abu al-Kura zosta\u0142 zastrzelony przed swoim domem, gdy szed\u0142 kupi\u0107 owoce ze swoim kuzynem Hadeelem, 20-letnim studentem medycyny, kt\u00f3ry r\u00f3wnie\u017c zgin\u0105\u0142.\u00a0<strong>Rodzina powiedzia\u0142a, \u017ce<\/strong>\u00a0byli celem izraelskiego snajpera\u201d<\/em>.<\/span><\/p>\n<p style=\"text-align: left;\"><span style=\"color: #000080;\">Rodzina mog\u0142a rzeczywi\u015bcie to powiedzie\u0107, ale McGreal podaje tylko link do\u00a0<a style=\"color: #000080;\" href=\"blank\" target=\"_blank\" rel=\"noopener noreferrer\">film<\/a>u\u00a0na YouTube opublikowanego przez Middle East Eye (MEE), w\u015bciekle antyizraelsk\u0105 publikacj\u0119 uwa\u017can\u0105 za\u00a0w\u0142asno\u015b\u0107 Kataru i kt\u00f3ra\u00a0zosta\u0142a oskar\u017cona\u00a0publikowanie artyku\u0142\u00f3w zawieraj\u0105cych plotki i sfabrykowane historie wymierzone w wrog\u00f3w Doha. Szerzy\u00a0tak\u017ce antysemityzm\u00a0a jej wsp\u00f3\u0142za\u0142o\u017cycielem i obecnie kierowanym przez Davida Hearsta, by\u0142ego\u00a0<a style=\"color: #000080;\" href=\"https:\/\/www.middleeasteye.net\/users\/david-hearst\" target=\"_blank\" rel=\"noopener noreferrer\">zagranicznego korespondenta \u201eGuardiana<\/a>\u201d, kt\u00f3ry najwyra\u017aniej uwa\u017ca\u0142, \u017ce podej\u015bcie \u201eGuardiana\u201d do Izraela by\u0142o zbyt \u0142agodne.<\/span><\/p>\n<p style=\"text-align: left;\"><span style=\"color: #000080;\">Chocia\u017c nie byli\u015bmy w stanie znale\u017a\u0107 \u017cadnych dowod\u00f3w na poparcie lub zaprzeczenie temu konkretnemu twierdzeniu, nie znale\u017ali\u015bmy \u017cadnych raport\u00f3w w zachodnim, g\u0142\u00f3wnym nurcie, potwierdzaj\u0105cych oskar\u017cenie. Ponownie nale\u017cy zada\u0107 sobie pytanie, dlaczego McGreal musia\u0142 ucieka\u0107 si\u0119 do tak niepowa\u017cnych publikacji, aby wysun\u0105\u0107 swoje oskar\u017cenie \u2013 co prowadzi nas z powrotem do Euro-Med Human Rights Monitor.<\/span><\/p>\n<p style=\"text-align: left;\"><span style=\"color: #000080;\">McGreal pisze, co nast\u0119puje, cytuj\u0105c grup\u0119 sprzymierzon\u0105 z Hamasem.<\/span><\/p>\n<blockquote><p><strong>Inne m\u0142ode ofiary to 14-letni Nahedh Barbach, kt\u00f3ry wraz ze swoim 20-letnim bratem Ramezem zosta\u0142 trafiony ogniem snajperskim, gdy pod koniec stycznia zgodnie z izraelskimi rozkazami wojskowymi ewakuowa\u0142 si\u0119 z obszaru na zach\u00f3d od Chan Younis \u2013 podaje\u00a0Euro-Med Human Rights Monitor\u00a0z siedzib\u0105 w Genewie.<\/strong><\/p><\/blockquote>\n<p><a href=\"https:\/\/euromedmonitor.org\/en\/article\/6121\/Gaza:-Israeli-army-executes-two-brothers-who-were-following-orders-to-evacuate-Khan-Yunis\" target=\"_blank\" rel=\"noopener noreferrer\">Nic dziwnego, \u017ce o\u015bwiadczenie<\/a>\u00a0EMHRM\u00a0brzmi jak angloj\u0119zyczny komunikat prasowy Hamasu, cytuje jedynie twierdzenia anonimowego naocznego \u015bwiadka i wydaje si\u0119, \u017ce zosta\u0142o podchwycone jedynie przez Al D\u017cazir\u0119, ira\u0144sk\u0105 Press TV\u00a0i \u2013 jak si\u0119 domy\u015blacie \u2013\u00a0<a href=\"blank\" target=\"_blank\" rel=\"noopener noreferrer\">Middle East Eye:<\/a>\u00a0ira\u0144sko-katarsko-guardia\u0144sk\u0105 o\u015b propagandy.<\/p>\n<p>Innym przyk\u0142adem McGreala jest oczywi\u015bcie kolejna informacja wy\u0142\u0105cznie od Euro-Med Human Rights Monitor. Pisze: \u201eStowarzyszenie Czerwonego P\u00f3\u0142ksi\u0119\u017cyca poinformowa\u0142o, \u017ce 13-letni Amir Odeh zosta\u0142 zabity przez izraelski dron w szpitalu Al-Amal w Chan Jounis. Rodzina powiedzia\u0142a\u00a0\u00a0<a href=\"blank\" target=\"_blank\" rel=\"noopener noreferrer\">Euro-Med Monitor,<\/a>\u00a0\u017ce zosta\u0142 zastrzelony przez okno, gdy bawi\u0142 si\u0119 z kuzynami na \u00f3smym pi\u0119trze budynku, w kt\u00f3rym szukali schronienia przed walkami\u201d. Nale\u017cy zauwa\u017cy\u0107, \u017ce Palesty\u0144skie Towarzystwo Czerwonego P\u00f3\u0142ksi\u0119\u017cyca, cytowane przez Guardiana, to jedynie tekst bez \u017cadnych dowod\u00f3w potwierdzaj\u0105cych.<\/p>\n<div class=\"webnewsArticleImage\"><img decoding=\"async\" class=\"aligncenter\" src=\"https:\/\/www.listyznaszegosadu.pl\/upload\/article\/bild\/1997\/1062887\/_00aa_2d___1aa1__s.png\" alt=\"\" width=\"100%\" \/><\/div>\n<\/div>\n<div class=\"templateArticleBrodtext\">\n<p style=\"text-align: left;\"><span style=\"color: #000080;\">Artyku\u0142 zawiera wi\u0119cej niczym niepodbudowanych twierdze\u0144, kiedy McGreal pisze o \u201eThaerze Ahmadzie\u201d, kt\u00f3ry \u201esp\u0119dzi\u0142 w styczniu trzy tygodnie w szpitalu Nassera jako wolontariusz w medycznej organizacji charytatywnej MedGlobal\u201d i kt\u00f3ry \u201epowiedzia\u0142, \u017ce leczy\u0142 pi\u0119cioro dzieci, kt\u00f3re\u00a0<strong>wed\u0142ug niego<\/strong>\u00a0zosta\u0142y postrzelone\u201d przez snajper\u00f3w, poniewa\u017c rozmieszczenie kul sugerowa\u0142o, \u017ce nie zosta\u0142y trafione przypadkowo, ale celowo\u201d. Nawet Ahmad nie utrzymuje, \u017ce ma dowody na to, \u017ce zostali zabici, nie m\u00f3wi\u0105c o tym, \u017ce celowo, przez izraelskich \u017co\u0142nierzy.<\/span><\/p>\n<p style=\"text-align: left;\"><span style=\"color: #000080;\">Nast\u0119pnie McGreal cytuje uwagi dr Irfana Galarii, ameryka\u0144skiego chirurga, kt\u00f3ry zg\u0142osi\u0142 si\u0119 na ochotnika do Szpitala Europejskiego. Dowiadujemy si\u0119, \u017ce Galaria\u00a0\u201e<em>powiedzia\u0142, \u017ce do szpitala przyby\u0142 14-letni ch\u0142opiec, kt\u00f3ry zosta\u0142 raz postrzelony w plecy. Podczas operacji chirurdzy znale\u017ali kul\u0119 w brzuchu ch\u0142opca\u201d. Jednak\u017ce, cho\u0107 Galaria podejrzewa\u0142 IDF, nawet on przyzna\u0142, \u017ce \u201e<strong>[by\u0142o] trudno ustali\u0107, czy celem by\u0142o dziecko<\/strong>\u201d<\/em>.<\/span><\/p>\n<p style=\"text-align: left;\"><span style=\"color: #000080;\">Sama ilo\u015b\u0107 rzekomych przyk\u0142ad\u00f3w McGreala nie \u0142agodzi fatalnych b\u0142\u0119d\u00f3w \u2013 w szczeg\u00f3lno\u015bci niemal ca\u0142kowitego braku faktycznych dowod\u00f3w lub jakichkolwiek konkretnych szczeg\u00f3\u0142\u00f3w dotycz\u0105cych omawianych zab\u00f3jstw.<\/span><\/p>\n<p style=\"text-align: left;\"><span style=\"color: #000080;\">Typowe jest to, \u017ce w dalszej cz\u0119\u015bci artyku\u0142u licz\u0105cego prawie 4000 s\u0142\u00f3w pisze o \u201elekarzach\u201d, kt\u00f3rzy s\u0105 \u201ezszokowani liczb\u0105 ofiar w\u015br\u00f3d dzieci i<strong><em>wierz\u0105<\/em>,\u00a0\u017ce\u00a0strzelanie stanowi cz\u0119\u015b\u0107 szerszego wzorca wymierzonego w palesty\u0144sk\u0105 ludno\u015b\u0107 cywiln\u0105<\/strong>, w tym osoby starsze\u201d.\u00a0 Mog\u0105 oczywi\u015bcie w to \u201ewierzy\u0107\u201d. Jednak, jak wie ka\u017cdy reporter, wyra\u017cona \u201ewiara\u201d lekarza \u2013 zw\u0142aszcza \u017cyj\u0105cego pod rz\u0105dami Hamasu i w zwi\u0105zku z tym obawiaj\u0105cego si\u0119 konsekwencji wyra\u017cania odmiennych \u201eprzekona\u0144\u201d \u2013 nie jest tym samym, co dow\u00f3d.<\/span><\/p>\n<p style=\"text-align: left;\"><span style=\"color: #000080;\">Na koniec warto zauwa\u017cy\u0107, \u017ce chocia\u017c McGreal po\u015bwi\u0119ca du\u017co miejsca, pr\u00f3buj\u0105c uzna\u0107 Izrael za winnego obierania za cel os\u00f3b poni\u017cej osiemnastego roku \u017cycia, znaczna cz\u0119\u015b\u0107 artyku\u0142u zawiera szersze oskar\u017cenie, \u017ce armia celowo strzela do nieuzbrojonych niewalcz\u0105cych os\u00f3b w ka\u017cdym wieku. Jest to wa\u017cny fakt, poniewa\u017c redaktorzy \u201eGuardiana\u201d \u2013 prawie na pewno za zgod\u0105 McGreala \u2013 zdecydowali si\u0119 na najbardziej podburzaj\u0105cy nag\u0142\u00f3wek z mo\u017cliwych, przedstawiaj\u0105cy izraelskich \u017co\u0142nierzy jako potwory, kt\u00f3re \u2013 niczym anty\u017cydowskie oszczerstwa z przesz\u0142o\u015bci \u2013 czerpi\u0105 przyjemno\u015b\u0107 z mordowania niewinnych dzieci.<\/span><\/p>\n<p style=\"text-align: left;\"><span style=\"color: #000080;\">Co wi\u0119cej, podj\u0119li t\u0119 decyzj\u0119 redakcyjn\u0105 pomimo niedostatku dowod\u00f3w na poparcie tego szerokiego zarzutu i doskonale wiedz\u0105c, jakie\u00a0<a style=\"color: #000080;\" href=\"https:\/\/cst.org.uk\/news\/blog\/2024\/02\/15\/antisemitic-incidents-report-2023\" target=\"_blank\" rel=\"noopener noreferrer\">tsunami antysemityzmu<\/a>\u00a0w Wielkiej Brytanii mia\u0142o miejsce od 7 pa\u017adziernika, a kt\u00f3re w du\u017cej mierze by\u0142o spowodowane propagowaniem tak prymitywnych karykatur izraelskiej nikczemno\u015bci.<\/span><\/p>\n<p style=\"text-align: left;\"><span style=\"color: #000080;\">Czasami dostajemy pytanie, czy Guardian\u00a0<em>jest<\/em>\u00a0antysemicki. Pytanie jest zrozumia\u0142e, ale mija si\u0119 z sednem.<\/span><\/p>\n<p style=\"text-align: left;\"><span style=\"color: #000080;\">Oszczerstwa rozpowszechniane przez McGreala, przywo\u0142uj\u0105ce ci\u0105g\u0142o\u015b\u0107 starodawnych antysemickich motyw\u00f3w dotycz\u0105cych \u017cydowskiej \u017c\u0105dzy krwi, nale\u017cy postrzega\u0107 jako jeden element schematu tre\u015bci publikowanych na temat Izraela i \u017byd\u00f3w, kt\u00f3ry mo\u017cna dok\u0142adniej okre\u015bli\u0107 jako tworzenie struktury przyzwolenia dla antysemityzmu. Ich z\u0142o\u015bliwa obsesja na punkcie pa\u0144stwa \u017cydowskiego nie tylko czasami przeradza si\u0119 w antysemityzm. Jest tak\u017ce \u2013 przedstawiaj\u0105c pa\u0144stwo, kt\u00f3re jest okrutne, opresyjne, rasistowskie, nielegalne i, jak to okre\u015bli\u0142 Robert S. Wistrich, reprezentuj\u0105ce \u201eorganiczn\u0105 przeszkod\u0119 dla pokoju i post\u0119pu\u201d \u2013 potwierdzeniem najciemniejszych i najbardziej urojonych przekona\u0144 prawdziwych \u017cydo\u017cerc\u00f3w.<\/span><\/p>\n<p style=\"text-align: left;\"><span style=\"color: #000080;\">Obro\u0144cy \u201eGuardiana\u201d mogliby skomentowa\u0107 nasz\u0105 krytyk\u0119, cytuj\u0105c artyku\u0142y wst\u0119pne, w kt\u00f3rych pot\u0119pili r\u00f3wnie\u017c atak Hamasu z 7 pa\u017adziernika. Jednak pod\u017cegaj\u0105ce, nieuczciwe i ideologicznie motywowane tre\u015bci antyizraelskie publikowane dzie\u0144 po dniu na ich stronie internetowej maj\u0105 o wiele wi\u0119ksze konsekwencje ni\u017c okazjonalne moralne odchrz\u0105kni\u0119cie. Kiedy b\u0119dzie si\u0119 pisa\u0107 histori\u0119 tego okresu, zostanie zauwa\u017cone, \u017ce po najgorszym antysemickim ataku od czasu Holokaustu i najgorszej epidemii antysemityzmu, jak\u0105 Wielka Brytania pami\u0119ta, \u201eGuardian\u201d nie tylko podwoi\u0142\u00a0sw\u0105 nienawi\u015b\u0107, ale zapewni\u0142 wsparcie pogromszczykom.<\/span><\/p>\n<\/div>\n<hr \/>\n<p style=\"text-align: left;\"><span style=\"color: #808080;\"><em><strong>Adam Levick<\/strong>\u00a0jest wsp\u00f3\u0142za\u0142o\u017cycielem i prezesem Camera UK<\/em><\/span><\/p>\n<hr style=\"height: 15px; background: #d0e6fa; width: 100%;\" \/>\n<div id=\"content\" class=\"content-alignment\">\n<div id=\"watch-description\" class=\"yt-uix-button-panel\">\n<div id=\"watch-description-text\" style=\"text-align: center;\">\n<p><em>Zawarto\u015b\u0107 publikowanych artyku\u0142\u00f3w i materia\u0142\u00f3w nie reprezentuje pogl\u0105d\u00f3w ani opinii Reunion&#8217;68,<\/em><em><br \/>\nani te\u017c webmastera Blogu Reunion&#8217;68, chyba ze jest to wyra\u017anie zaznaczone.<br \/>\nTwoje uwagi, linki, w\u0142asne artyku\u0142y lub wiadomo\u015bci prze\u015blij na adres:<br \/>\n<\/em><span style=\"color: #000080;\"><strong><em><a style=\"color: #000080;\" href=\"mailto:webmaster@reunion68.com\"><span style=\"text-decoration: underline;\">webmaster@reunion68.com<\/span><\/a><\/em><\/strong><\/span><\/p>\n<\/div>\n<\/div>\n<\/div>\n<hr style=\"width: 100%;\" \/>\n","protected":false},"excerpt":{"rendered":"<p>\u201cGUARDIAN\u201d podburza antysemick\u0105 t\u0142uszcz\u0119 Adam Levick T\u0142umaczenie: Ma\u0142gorzata Koraszewska Pierwsze znane\u00a0oszczerstwo o rytuale krwi\u00a0mia\u0142o miejsce w 1144 r., kiedy w Norwich w Anglii znaleziono zamordowanego 12-letniego ch\u0142opca Williama. Chocia\u017c nie by\u0142o \u017cadnych dowod\u00f3w \u0142\u0105cz\u0105cych \u017byd\u00f3w z tym morderstwem, mnich Thomas z Monmouth odwiedzi\u0142 Norwich cztery lata p\u00f3\u017aniej i oskar\u017cy\u0142 \u017byd\u00f3w z miasta o torturowanie i [&hellip;]<\/p>\n","protected":false},"author":1,"featured_media":0,"comment_status":"closed","ping_status":"closed","sticky":false,"template":"","format":"standard","meta":[],"categories":[6],"tags":[26,24],"_links":{"self":[{"href":"https:\/\/www.reunion68.se\/index.php?rest_route=\/wp\/v2\/posts\/112240"}],"collection":[{"href":"https:\/\/www.reunion68.se\/index.php?rest_route=\/wp\/v2\/posts"}],"about":[{"href":"https:\/\/www.reunion68.se\/index.php?rest_route=\/wp\/v2\/types\/post"}],"author":[{"embeddable":true,"href":"https:\/\/www.reunion68.se\/index.php?rest_route=\/wp\/v2\/users\/1"}],"replies":[{"embeddable":true,"href":"https:\/\/www.reunion68.se\/index.php?rest_route=%2Fwp%2Fv2%2Fcomments&post=112240"}],"version-history":[{"count":8,"href":"https:\/\/www.reunion68.se\/index.php?rest_route=\/wp\/v2\/posts\/112240\/revisions"}],"predecessor-version":[{"id":112256,"href":"https:\/\/www.reunion68.se\/index.php?rest_route=\/wp\/v2\/posts\/112240\/revisions\/112256"}],"wp:attachment":[{"href":"https:\/\/www.reunion68.se\/index.php?rest_route=%2Fwp%2Fv2%2Fmedia&parent=112240"}],"wp:term":[{"taxonomy":"category","embeddable":true,"href":"https:\/\/www.reunion68.se\/index.php?rest_route=%2Fwp%2Fv2%2Fcategories&post=112240"},{"taxonomy":"post_tag","embeddable":true,"href":"https:\/\/www.reunion68.se\/index.php?rest_route=%2Fwp%2Fv2%2Ftags&post=112240"}],"curies":[{"name":"wp","href":"https:\/\/api.w.org\/{rel}","templated":true}]}}