{"id":11228,"date":"2014-12-22T19:00:05","date_gmt":"2014-12-22T17:00:05","guid":{"rendered":"http:\/\/www.reunion68.se\/?p=11228"},"modified":"2014-12-22T15:09:42","modified_gmt":"2014-12-22T13:09:42","slug":"11228","status":"publish","type":"post","link":"https:\/\/www.reunion68.se\/?p=11228","title":{"rendered":"UE popiera palesty\u0144sk\u0105 dyktatur\u0119"},"content":{"rendered":"<h5 style=\"text-align: center;\"><a href=\"http:\/\/www.listyznaszegosadu.pl\/\" target=\"_blank\"><img decoding=\"async\" class=\"center alignleft\" src=\"http:\/\/www.reunion68.com\/Biuletyn\/img\/z-naszego.jpg\" alt=\"\" width=\"400\" \/><\/a><span style=\"text-decoration: underline; color: #000080;\"><span style=\"text-decoration: underline;\"><strong><a style=\"color: #000080; text-decoration: underline;\" href=\"http:\/\/www.listyznaszegosadu.pl\/dysydenci\/ue-popiera-palestynska-dyktature\" target=\"_blank\">UE popiera palesty\u0144sk\u0105 dyktatur\u0119<\/a><\/strong><\/span><\/span><\/h5>\n<p style=\"text-align: center;\"><span style=\"color: #333333;\"><strong>Khaled Abu Toameh<\/strong><\/span><\/p>\n<p style=\"text-align: center;\"><span style=\"color: #333333;\">T\u0142umaczenie: Ma\u0142gorzata Koraszewska<\/span><\/p>\n<hr style=\"height: 15px; background: #d0e6fa; width: 710px;\" \/>\n<p><img decoding=\"async\" class=\" alignright\" src=\"http:\/\/www.listyznaszegosadu.pl\/upload\/article\/bild\/3901\/607928\/844_s.jpg\" alt=\"\" width=\"350\" border=\"0\" \/><\/p>\n<p style=\"text-align: left;\"><span style=\"color: #333333;\"><strong>Parlamenty europejskie, kt\u00f3re spiesz\u0105, by uzna\u0107 pa\u0144stwo palesty\u0144skie, ignoruj\u0105 fakt, \u017ce Palesty\u0144czycy od siedmiu lat nie maj\u0105 funkcjonuj\u0105cego parlamentu.<\/strong><\/span><\/p>\n<p style=\"text-align: left;\"><span style=\"color: #333333;\"><strong>Parlament palesty\u0144ski, znany jako Palesty\u0144ska Rada Ustawodawcza [PLC] jest sparali\u017cowany od 2007 r., kiedy Hamas przemoc\u0105 przechwyci\u0142 panowanie nad Stref\u0105 Gazy i wygna\u0142 Autonomi\u0119 Palesty\u0144sk\u0105 [AP].<\/strong><\/span><\/p>\n<p style=\"text-align: left;\"><span style=\"color: #000080;\">Te parlamenty europejskie zamykaj\u0105 tak\u017ce oczy na fakt, \u017ce pod rz\u0105dami AP na Zachodnim Brzegu i Hamasu w Strefie Gazy nie ma \u017cadnego szacunku dla rz\u0105d\u00f3w prawa, wolno\u015bci s\u0142owa, przejrzysto\u015bci lub odpowiedzialno\u015bci.<\/span><\/p>\n<p style=\"text-align: left;\"><span style=\"color: #000080;\">W tym tygodniu r\u00f3wnie\u017c Parlament Europejski przyj\u0105\u0142 rezolucj\u0119 uznaj\u0105c\u0105 jako zasad\u0119 pa\u0144stwowo\u015b\u0107 palesty\u0144sk\u0105. 489 cz\u0142onk\u00f3w Parlamentu Europejskiego g\u0142osowa\u0142o za, 88 przeciwko.<\/span><\/p>\n<p style=\"text-align: left;\"><span style=\"color: #000080;\">Jak na ironi\u0119 g\u0142osowanie w parlamencie UE zbieg\u0142o si\u0119 w czasie z bezprecedensow\u0105 rozpraw\u0105 kierownictwa Autonomii Palesty\u0144skiej z Palesty\u0144sk\u0105 Rad\u0105 Ustawodawcz\u0105 i jej sekretarzem generalnym, Ibrahimem Chraiszehem w Ramallah.<\/span><\/p>\n<p style=\"text-align: left;\"><span style=\"color: #000080;\">Prezydent AP, Mahmoud Abbas wyda\u0142 nakaz aresztowania Chraiszeha za krytykowanie premiera Ramiego Hamdallaha. Po ostrych protestach przyw\u00f3dc\u00f3w rozmaitych frakcji palesty\u0144skich, kt\u00f3rzy opisali t\u0119 decyzj\u0119 jako ra\u017c\u0105ce naruszenie wolno\u015bci s\u0142owa, Abbas musia\u0142 wycofa\u0107 si\u0119.<\/span><\/p>\n<p style=\"text-align: left;\"><span style=\"color: #000080;\">Dla Abbasa jednak nie by\u0142 to koniec historii. Po anulowaniu rozkazu aresztowania Chraiszeha Abbas wys\u0142a\u0142 policje do budynku parlamentu w Ramallah, \u017ceby nie wpu\u015bci\u0107 na jego teren najwy\u017cszych rang\u0105 urz\u0119dnik\u00f3w i funkcjonariuszy. Obecno\u015b\u0107 policji przy wej\u015bciu g\u0142\u00f3wnym wywo\u0142a\u0142a ostre pot\u0119pienie ze strony wielu Palesty\u0144czyk\u00f3w.<\/span><\/p>\n<p style=\"text-align: left;\"><span style=\"color: #000080;\">Chraiszeh zosta\u0142 usuni\u0119ty ze stanowiska, poniewa\u017c o\u015bmieli\u0142 si\u0119 skrytykowa\u0107 rz\u0105d palesty\u0144ski za aresztowanie Bassama Zakarneha, przewodnicz\u0105cego zwi\u0105zku zawodowego pracownik\u00f3w s\u0142u\u017cb publicznych na Zachodnim Brzegu. Wielu Palesty\u0144czyk\u00f3w r\u00f3wnie\u017c pot\u0119pi\u0142o aresztowanie Zakarneha jako zamach na prawa pracownik\u00f3w i pr\u00f3b\u0119 ich zastraszenia.<\/span><\/p>\n<p style=\"text-align: left;\"><span style=\"color: #000080;\">Parlament UE i inne parlamenty, kt\u00f3re g\u0142osowa\u0142y za uznaniem pa\u0144stwowo\u015bci palesty\u0144skiej, nie widzia\u0142y jednak potrzeby komentowania krok\u00f3w Abbasa przeciwko Palesty\u0144skiej Radzie Ustawodawczej i jednemu z jej najwy\u017cszych przedstawicieli.<\/span><\/p>\n<p style=\"text-align: left;\"><span style=\"color: #000080;\">Parlamentarzy\u015bci UE, kt\u00f3rzy g\u0142osowali za uznaniem pa\u0144stwowo\u015bci palesty\u0144skiej, s\u0105 prawdopodobnie nie\u015bwiadomi tego, co by\u0142y minister sprawiedliwo\u015b\u0107 AP, Freih Abu Medein, mia\u0142 do powiedzenia o rz\u0105dach prawa w Autonomii Palesty\u0144skiej.<\/span><\/p>\n<p style=\"text-align: left;\"><span style=\"color: #000080;\">Abu Medein przedstawi\u0142 ponury obraz tego, jak b\u0119dzie wygl\u0105da\u0107 przysz\u0142e pa\u0144stwo palesty\u0144skie. W artykule, kt\u00f3ry opublikowa\u0142 w ubieg\u0142ym tygodniu, Abu Medein napisa\u0142: &#8220;Sytuacja w Palestynie zupe\u0142nie nie jest zgodna z demokracj\u0105 lub rz\u0105dami prawa, poniewa\u017c mentalno\u015b\u0107 palesty\u0144ska jest zbyt prostacka, by da\u0107 sobie rad\u0119 z przejrzysto\u015bci\u0105 prawa, jego regulacjami i zabezpieczeniami&#8221;.<\/span><\/p>\n<p style=\"text-align: left;\"><span style=\"color: #000080;\">Zjadliwy atak Abu Medeina, kt\u00f3ry skierowany jest przede wszystkim przeciwko Abbasowi, ko\u0144czy si\u0119 apelem do Palesty\u0144czyk\u00f3w, by \u201cobudzili si\u0119 i zobaczyli deptanie prawa, praw i bezpiecze\u0144stwa\u201d na terenach kontrolowanych przez AP i Hamas.<\/span><\/p>\n<p style=\"text-align: left;\"><span style=\"color: #000080;\">By\u0142y minister sprawiedliwo\u015bci Autonomii Palesty\u0144skiej nie jest jedynym znanym Palesty\u0144czykiem, kt\u00f3ry wydaje si\u0119 rozumie\u0107, \u017ce pa\u0144stwo palesty\u0144skie w obecnej sytuacji w \u017cadnym razie nie by\u0142oby demokratyczne.<\/span><\/p>\n<p style=\"text-align: left;\"><span style=\"color: #000080;\">Jasser Abed Rabbo, sekretarz generalny OWP, kt\u00f3ry do niedawna uwa\u017cany by\u0142 za jednego z najbardziej zaufanych ludzi Abbasa, w zesz\u0142ym tygodniu ostro pot\u0119pi\u0142 \u201edyktatorskie\u201d rz\u0105dy prezydenta Autonomii Palesty\u0144skiej.<\/span><\/p>\n<p style=\"text-align: right;\"><span style=\"color: #000080;\">Czytaj dalej tu: <strong><span style=\"text-decoration: underline;\"><a style=\"color: #000080; text-decoration: underline;\" href=\"http:\/\/www.listyznaszegosadu.pl\/dysydenci\/ue-popiera-palestynska-dyktature\" target=\"_blank\">UE popiera palesty\u0144sk\u0105 dyktatur\u0119<\/a><\/span><\/strong><\/span><\/p>\n<hr style=\"height: 15px; background: #d0e6fa; width: 710px;\" \/>\n<div id=\"content\" class=\"  content-alignment&lt;br \/&gt;&lt;br \/&gt; \">\n<div id=\"watch-description\" class=\"yt-uix-button-panel\">\n<div id=\"watch-description-text\">\n<p style=\"text-align: center;\"><span style=\"color: #808080;\"> twoje uwagi, linki, wlasne artykuly, lub wiadomosci przeslij do: <strong><span style=\"text-decoration: underline;\"><span style=\"color: #808080; text-decoration: underline;\"><a href=\"mailto:webmaster@reunion68.com\">webmaster@reunion68.com<\/a><\/span><\/span><\/strong><\/span><\/p>\n<\/div>\n<\/div>\n<\/div>\n<p>&nbsp;<\/p>\n<hr style=\"width: 710px;\" \/>\n","protected":false},"excerpt":{"rendered":"<p>UE popiera palesty\u0144sk\u0105 dyktatur\u0119 Khaled Abu Toameh T\u0142umaczenie: Ma\u0142gorzata Koraszewska Parlamenty europejskie, kt\u00f3re spiesz\u0105, by uzna\u0107 pa\u0144stwo palesty\u0144skie, ignoruj\u0105 fakt, \u017ce Palesty\u0144czycy od siedmiu lat nie maj\u0105 funkcjonuj\u0105cego parlamentu. Parlament palesty\u0144ski, znany jako Palesty\u0144ska Rada Ustawodawcza [PLC] jest sparali\u017cowany od 2007 r., kiedy Hamas przemoc\u0105 przechwyci\u0142 panowanie nad Stref\u0105 Gazy i wygna\u0142 Autonomi\u0119 Palesty\u0144sk\u0105 [AP]. [&hellip;]<\/p>\n","protected":false},"author":1,"featured_media":0,"comment_status":"closed","ping_status":"closed","sticky":false,"template":"","format":"standard","meta":[],"categories":[6],"tags":[24],"_links":{"self":[{"href":"https:\/\/www.reunion68.se\/index.php?rest_route=\/wp\/v2\/posts\/11228"}],"collection":[{"href":"https:\/\/www.reunion68.se\/index.php?rest_route=\/wp\/v2\/posts"}],"about":[{"href":"https:\/\/www.reunion68.se\/index.php?rest_route=\/wp\/v2\/types\/post"}],"author":[{"embeddable":true,"href":"https:\/\/www.reunion68.se\/index.php?rest_route=\/wp\/v2\/users\/1"}],"replies":[{"embeddable":true,"href":"https:\/\/www.reunion68.se\/index.php?rest_route=%2Fwp%2Fv2%2Fcomments&post=11228"}],"version-history":[{"count":15,"href":"https:\/\/www.reunion68.se\/index.php?rest_route=\/wp\/v2\/posts\/11228\/revisions"}],"predecessor-version":[{"id":11231,"href":"https:\/\/www.reunion68.se\/index.php?rest_route=\/wp\/v2\/posts\/11228\/revisions\/11231"}],"wp:attachment":[{"href":"https:\/\/www.reunion68.se\/index.php?rest_route=%2Fwp%2Fv2%2Fmedia&parent=11228"}],"wp:term":[{"taxonomy":"category","embeddable":true,"href":"https:\/\/www.reunion68.se\/index.php?rest_route=%2Fwp%2Fv2%2Fcategories&post=11228"},{"taxonomy":"post_tag","embeddable":true,"href":"https:\/\/www.reunion68.se\/index.php?rest_route=%2Fwp%2Fv2%2Ftags&post=11228"}],"curies":[{"name":"wp","href":"https:\/\/api.w.org\/{rel}","templated":true}]}}