{"id":112292,"date":"2024-04-17T17:09:27","date_gmt":"2024-04-17T15:09:27","guid":{"rendered":"http:\/\/www.reunion68.se\/?p=112292"},"modified":"2024-04-16T09:34:48","modified_gmt":"2024-04-16T07:34:48","slug":"21-00-94","status":"publish","type":"post","link":"https:\/\/www.reunion68.se\/?p=112292","title":{"rendered":"Zniszczenie ira\u0144skiego centrum terrorystycznego w Damaszku by\u0142o ca\u0142kowicie uzasadnione"},"content":{"rendered":"<p style=\"text-align: center;\"><img decoding=\"async\" class=\"aligncenter\" src=\"https:\/\/www.gatestoneinstitute.org\/pics\/5004.jpg\" width=\"100%\" \/><span style=\"color: #808080;\"><em>Zamach bombowy na konsulat Iranu w Damaszku w Syrii nie by\u0142, jak twierdz\u0105 Ira\u0144czycy, zwyk\u0142ym atakiem na niewinn\u0105 misj\u0119 dyplomatyczn\u0105. By\u0142 to starannie ukierunkowany atak na kwater\u0119 g\u0142\u00f3wn\u0105 ekspansywnej siatki terrorystycznej, kt\u00f3r\u0105 Teheran utworzy\u0142 na ca\u0142ym Bliskim Wschodzie. Na zdj\u0119ciu: teren ambasady Iranu w Damaszku, 1 kwietnia 2024 r. po nalocie, kt\u00f3ry zniszczy\u0142 budynek konsulatu. (Photo by Maher Al Mounes\/AFP via Getty Images)<\/em><\/span><\/p>\n<hr \/>\n<h5 style=\"text-align: center;\"><a href=\"https:\/\/pl.gatestoneinstitute.org\/\" target=\"_blank\" rel=\"noopener noreferrer\"><img decoding=\"async\" class=\"center alignleft\" src=\"https:\/\/pl.gatestoneinstitute.org\/images\/gatestone-logo-1000.gif\" alt=\"\" width=\"50%\" \/><\/a><span style=\"text-decoration: underline; color: #000080;\"><span><strong><a style=\"color: #000080; text-decoration: underline;\" href=\"https:\/\/pl.gatestoneinstitute.org\/20576\/zniszczenie-iranskiego-centrum-terrorystycznego-damaszku\" target=\"_blank\" rel=\"noopener noreferrer\">Zniszczenie ira\u0144skiego centrum terrorystycznego w Damaszku by\u0142o ca\u0142kowicie uzasadnione<\/a><\/strong><\/span><\/span><\/h5>\n<p style=\"text-align: center;\"><span style=\"color: #000000;\"><strong>Con Coughlin<br \/>\n<\/strong><span style=\"color: #808080;\"><em>T\u0142umaczenie: <\/em><\/span><strong>Ma\u0142gorzata Koraszewska<\/strong><\/span><\/p>\n<hr style=\"height: 15px; background: #d0e6fa; width: 100%;\" \/>\n<p style=\"text-align: left;\"><span style=\"color: #000080;\">Zamach\u00a0<a style=\"color: #000080;\" href=\"https:\/\/www.reuters.com\/world\/middle-east\/israel-bombs-iran-embassy-syria-iranian-commanders-among-dead-2024-04-01\/\" target=\"_blank\" rel=\"noopener noreferrer\">bombowy<\/a>\u00a0na konsulat Iranu w Damaszku w Syrii nie by\u0142, jak twierdz\u0105 Ira\u0144czycy, zwyk\u0142ym atakiem na niewinn\u0105 misj\u0119 dyplomatyczn\u0105.<\/span><\/p>\n<p style=\"text-align: left;\"><span style=\"color: #000080;\">By\u0142 to starannie ukierunkowany atak na kwater\u0119 g\u0142\u00f3wn\u0105 ekspansywnej siatki terrorystycznej, kt\u00f3r\u0105 Teheran utworzy\u0142 na ca\u0142ym Bliskim Wschodzie.<\/span><\/p>\n<p style=\"text-align: left;\"><span style=\"color: #000080;\">Prawdziwy cel budynku konsulatu Iranu, przylegaj\u0105cego do ambasady Iranu w Damaszku, zosta\u0142 ujawniony, gdy sami Ira\u0144czycy przyznali, \u017ce w nalocie zgin\u0119\u0142o dw\u00f3ch wysokich dow\u00f3dc\u00f3w elitarnej Si\u0142y Kuds ira\u0144skiego Korpusu Stra\u017cnik\u00f3w Rewolucji Islamskiej (IRGC), co powszechnie przypisuje si\u0119 izraelskiemu lotnictwu.<\/span><\/p>\n<p style=\"text-align: left;\"><span style=\"color: #000080;\">Si\u0142a Kuds, kt\u00f3ra ponosi bezpo\u015bredni\u0105 odpowiedzialno\u015b\u0107 za nadzorowanie globalnych operacji terrorystycznych Iranu, podlega bezpo\u015brednio najwy\u017cszemu przyw\u00f3dcy Iranu, ajatollahowi Alemu Chameneiemu, i zosta\u0142a utworzona, by spe\u0142ni\u0107 ambicje ajatollah\u00f3w dotycz\u0105ce eksportu ira\u0144skiej rewolucji islamskiej do \u015bwiata muzu\u0142ma\u0144skiego.<\/span><\/p>\n<p style=\"text-align: left;\"><span style=\"color: #000080;\">W szczeg\u00f3lno\u015bci Si\u0142a Kuds jest g\u0142\u00f3wnym \u0142\u0105cznikiem mi\u0119dzy IRGC a sieci\u0105 zast\u0119pczych grup terrorystycznych, takich jak Hezbollah i Hamas, kt\u00f3rych Iran u\u017cywa jako jednostek pierwszej linii frontu w swojej ci\u0105g\u0142ej kampanii atak\u00f3w na Izrael.<\/span><\/p>\n<p style=\"text-align: left;\"><span style=\"color: #000080;\">Fakt zatem, \u017ce dw\u00f3ch wysokich rang\u0105 dow\u00f3dc\u00f3w Si\u0142y Kuds zgin\u0119\u0142o w ataku 1 kwietnia na ira\u0144ski konsulat, stanowi niezbity dow\u00f3d na to, \u017ce obiekt ten, daleki od podejmowania podstawowych obowi\u0105zk\u00f3w konsularnych, takich jak wydawanie wiz, by\u0142 wykorzystywany jako centrum dowodzenia i kontroli dla dzia\u0142alno\u015bci terrorystycznej Iranu w ca\u0142ym regionie.<\/span><\/p>\n<p style=\"text-align: left;\"><span style=\"color: #000080;\">W\u015br\u00f3d tych, kt\u00f3rzy zgin\u0119li w ataku, by\u0142 genera\u0142 brygady Mohammad Reza Zahedi, jeden z dow\u00f3dc\u00f3w Si\u0142y Kuds, kt\u00f3ry by\u0142 odpowiedzialny za koordynacj\u0119 wsparcia Iranu dla jego organizacji terrorystycznej Hezbollah w s\u0105siednim Libanie, a tak\u017ce rozleg\u0142ej sieci grup terrorystycznych Teheranu w Syrii. W ataku zgin\u0105\u0142 tak\u017ce jego zast\u0119pca, genera\u0142 Mohammad Hadi Had\u017criahimi.<\/span><\/p>\n<p style=\"text-align: left;\"><span style=\"color: #000080;\">Si\u0142y Hezbollahu, kt\u00f3re stanowi\u0105 cz\u0119\u015b\u0107 tak zwanej ira\u0144skiej &#8220;osi oporu&#8221; przeciwko Izraelowi, regularnie inicjuj\u0105 ataki na p\u00f3\u0142nocny Izrael, odk\u0105d 7 pa\u017adziernika wspierani przez Iran terrory\u015bci Hamasu rozpocz\u0119li swoj\u0105 \u015bmierciono\u015bn\u0105 inwazj\u0119 na Izrael. W rezultacie du\u017ce obszary p\u00f3\u0142nocnego Izraela zosta\u0142y opuszczone, kiedy dziesi\u0105tki tysi\u0119cy Izraelczyk\u00f3w musia\u0142o\u00a0<a style=\"color: #000080;\" href=\"https:\/\/www.jpost.com\/opinion\/article-771441\" target=\"_blank\" rel=\"noopener noreferrer\">uciec<\/a>\u00a0ze swoich dom\u00f3w.<\/span><\/p>\n<p style=\"text-align: left;\"><span style=\"color: #000080;\">Decyzja Iranu o poleganiu na grupach takich jak Hezbollah i Hamas w prowadzeniu wojny przeciwko Izraelowi spowodowa\u0142a, \u017ce Izraelczycy regularnie musz\u0105 bra\u0107 odwet za pomoc\u0105 atak\u00f3w powietrznych na cele Iranu i Hezbollahu w Syrii i Libanie, pr\u00f3buj\u0105c zak\u0142\u00f3ci\u0107 ich infrastruktur\u0119 terrorystyczn\u0105.<\/span><\/p>\n<p style=\"text-align: left;\"><span style=\"color: #000080;\">W szczeg\u00f3lno\u015bci Izraelskie Si\u0142y Obronne (IDF) obra\u0142y za cel dow\u00f3dc\u00f3w Si\u0142y Kuds, kt\u00f3rzy odgrywaj\u0105 kluczow\u0105 rol\u0119 we wspieraniu dzia\u0142a\u0144 terrorystycznych Hezbollahu.<\/span><\/p>\n<p style=\"text-align: left;\"><span style=\"color: #000080;\">W grudniu wed\u0142ug doniesie\u0144 izraelskie samoloty bojowe zabi\u0142y\u00a0<a style=\"color: #000080;\" href=\"https:\/\/www.reuters.com\/world\/middle-east\/israeli-air-strike-syria-kills-senior-iranian-revolutionary-guards-member-2023-12-25\/\" target=\"_blank\" rel=\"noopener noreferrer\">Raziego Musawiego<\/a>, \u00f3wczesnego szefa operacji Si\u0142y Kuds w Syrii.<\/span><\/p>\n<p style=\"text-align: left;\"><span style=\"color: #000080;\">Zabicie Mousawiego by\u0142o najg\u0142o\u015bniejszym wyeliminowaniem wysokiego rang\u0105 dow\u00f3dcy Si\u0142y Kuds od czasu likwidacji przez administracj\u0119 Trumpa\u00a0<a style=\"color: #000080;\" href=\"https:\/\/edition.cnn.com\/2020\/01\/03\/asia\/soleimani-profile-intl-hnk\/index.html\" target=\"_blank\" rel=\"noopener noreferrer\">Kasema Solejmaniego<\/a>, charyzmatycznego szefa Si\u0142y Kuds, kt\u00f3ry zgin\u0105\u0142 w styczniu 2020 r. w wyniku ameryka\u0144skiego ataku dron\u00f3w w Bagdadzie w Iraku.<\/span><\/p>\n<p style=\"text-align: left;\"><span style=\"color: #000080;\">Co wi\u0119cej, to pod nadzorem Solejmaniego konsulat ira\u0144ski w Damaszku przekszta\u0142ci\u0142 si\u0119 w kluczow\u0105 kwater\u0119 g\u0142\u00f3wn\u0105 ira\u0144skiej siatki terrorystycznej na ca\u0142ym Bliskim Wschodzie.<\/span><\/p>\n<p style=\"text-align: left;\"><span style=\"color: #000080;\">Rola konsulatu we wspieraniu dzia\u0142alno\u015bci terrorystycznej Teheranu si\u0119ga pocz\u0105tk\u00f3w lat 80. XX w., kiedy Iran po raz pierwszy utworzy\u0142 Hezbollah w po\u0142udniowym Libanie.<\/span><\/p>\n<p style=\"text-align: left;\"><span style=\"color: #000080;\">Wed\u0142ug \u017ar\u00f3de\u0142 zachodniego wywiadu to w\u0142a\u015bnie z tego budynku Iran nadzorowa\u0142 kryzys dotycz\u0105cy zak\u0142adnik\u00f3w w Libanie w po\u0142owie lat 80., w wyniku kt\u00f3rego islamistyczni terrory\u015bci wzi\u0119li do niewoli dziesi\u0105tki zak\u0142adnik\u00f3w ameryka\u0144skich, brytyjskich i francuskich.<\/span><\/p>\n<p style=\"text-align: left;\"><span style=\"color: #000080;\"><a style=\"color: #000080;\" href=\"https:\/\/www.washingtonpost.com\/world\/national-security\/cia-and-mossad-killed-senior-hezbollah-figure-in-car-bombing\/2015\/01\/30\/ebb88682-968a-11e4-8005-1924ede3e54a_story.html\" target=\"_blank\" rel=\"noopener noreferrer\">Imad Mughnija<\/a>, liba\u0144ski terrorysta, organizator fali \u015bmierciono\u015bnych zamach\u00f3w bombowych na ci\u0119\u017car\u00f3wki, w tym na ambasad\u0119 USA i kompleks ameryka\u0144skiej piechoty morskiej w Bejrucie w 1983 r., zosta\u0142 zabity przez zesp\u00f3\u0142 izraelskich agent\u00f3w Mossadu w 2008 r. wkr\u00f3tce po wyje\u017adzie z terenu, na kt\u00f3rym znajdowa\u0142 si\u0119 konsulat.<\/span><\/p>\n<p style=\"text-align: left;\"><span style=\"color: #000080;\"><a style=\"color: #000080;\" href=\"https:\/\/www.atlanticcouncil.org\/blogs\/iransource\/why-assad-s-alliance-with-iran-and-hezbollah-will-endure-2\/\" target=\"_blank\" rel=\"noopener noreferrer\">Niedawno wykorzystywano go jako centrum stara\u0144<\/a>\u00a0Iranu o utrzymanie re\u017cimu prezydenta Syrii Bashara al-Assada u w\u0142adzy podczas brutalnej wojny domowej w Syrii.<\/span><\/p>\n<p style=\"text-align: left;\"><span style=\"color: #000080;\">Od 7 pa\u017adziernika konsulat pe\u0142ni\u0142 funkcj\u0119 g\u0142\u00f3wnego regionalnego centrum dowodzenia Teheranu, pomagaj\u0105c nadzorowa\u0107 dzia\u0142ania ira\u0144skiej tzw. &#8220;osi oporu&#8221;.<\/span><\/p>\n<p style=\"text-align: left;\"><span style=\"color: #000080;\">Zahedi, kt\u00f3ry zgin\u0105\u0142 w ataku na konsulat 1 kwietnia, pe\u0142ni\u0142 t\u0119 sam\u0105 rol\u0119 \u0142\u0105cznika, kt\u00f3r\u0105 pe\u0142ni\u0142 wcze\u015bniej Mughnija w koordynowaniu powi\u0105za\u0144 mi\u0119dzy Iranem a Hezbollahem.<\/span><\/p>\n<p style=\"text-align: left;\"><span style=\"color: #000080;\">Bior\u0105c pod uwag\u0119 d\u0142ug\u0105 histori\u0119 zaanga\u017cowania konsulatu w kierowanie ira\u0144sk\u0105 siatk\u0105 terrorystyczn\u0105, Izrael mia\u0142by ca\u0142kowite uzasadnienie do ataku, szczeg\u00f3lnie bior\u0105c pod uwag\u0119 jego rol\u0119 w nadzorowaniu ci\u0105g\u0142ych salw rakietowych wystrzeliwanych przez Hezbollah na p\u00f3\u0142nocny Izrael.<\/span><\/p>\n<p style=\"text-align: left;\"><span style=\"color: #000080;\">Bowiem, jak pokaza\u0142y ostatnie wydarzenia, Izrael nie tylko toczy wojn\u0119 przeciwko wspieranym przez Iran terrorystom Hamasu, kt\u00f3rzy dopu\u015bcili si\u0119 straszliwych okrucie\u0144stw 7 pa\u017adziernika. Prowadzi egzystencjaln\u0105 walk\u0119 o przetrwanie przeciwko ira\u0144skiemu re\u017cimowi i jego licznym pe\u0142nomocnikom, kt\u00f3rzy, je\u015bli pozostawi si\u0119 ich bez reakcji, b\u0119d\u0105 w dalszym ci\u0105gu d\u0105\u017cy\u0107 do osi\u0105gni\u0119cia swojego ostatecznego\u00a0<a style=\"color: #000080;\" href=\"https:\/\/www.memri.org\/reports\/hamas-official-ghazi-hamad-we-will-repeat-october-7-attack-time-and-again-until-israel\" target=\"_blank\" rel=\"noopener noreferrer\">celu<\/a>, jakim jest zniszczenie pa\u0144stwa \u017cydowskiego.<\/span><\/p>\n<hr style=\"height: 15px; background: #d0e6fa; width: 100%;\" \/>\n<div id=\"content\" class=\"content-alignment\">\n<div id=\"watch-description\" class=\"yt-uix-button-panel\">\n<div id=\"watch-description-text\" style=\"text-align: center;\">\n<p><em>Zawarto\u015b\u0107 publikowanych artyku\u0142\u00f3w i materia\u0142\u00f3w nie reprezentuje pogl\u0105d\u00f3w ani opinii Reunion&#8217;68,<\/em><em><br \/>\nani te\u017c webmastera Blogu Reunion&#8217;68, chyba ze jest to wyra\u017anie zaznaczone.<br \/>\nTwoje uwagi, linki, w\u0142asne artyku\u0142y lub wiadomo\u015bci prze\u015blij na adres:<br \/>\n<\/em><span style=\"color: #000080;\"><strong><em><a style=\"color: #000080;\" href=\"mailto:webmaster@reunion68.com\"><span style=\"text-decoration: underline;\">webmaster@reunion68.com<\/span><\/a><\/em><\/strong><\/span><\/p>\n<\/div>\n<\/div>\n<\/div>\n<hr style=\"width: 100%;\" \/>\n","protected":false},"excerpt":{"rendered":"<p>Zamach bombowy na konsulat Iranu w Damaszku w Syrii nie by\u0142, jak twierdz\u0105 Ira\u0144czycy, zwyk\u0142ym atakiem na niewinn\u0105 misj\u0119 dyplomatyczn\u0105. By\u0142 to starannie ukierunkowany atak na kwater\u0119 g\u0142\u00f3wn\u0105 ekspansywnej siatki terrorystycznej, kt\u00f3r\u0105 Teheran utworzy\u0142 na ca\u0142ym Bliskim Wschodzie. Na zdj\u0119ciu: teren ambasady Iranu w Damaszku, 1 kwietnia 2024 r. po nalocie, kt\u00f3ry zniszczy\u0142 budynek konsulatu. [&hellip;]<\/p>\n","protected":false},"author":1,"featured_media":0,"comment_status":"closed","ping_status":"closed","sticky":false,"template":"","format":"standard","meta":[],"categories":[6],"tags":[26,24],"_links":{"self":[{"href":"https:\/\/www.reunion68.se\/index.php?rest_route=\/wp\/v2\/posts\/112292"}],"collection":[{"href":"https:\/\/www.reunion68.se\/index.php?rest_route=\/wp\/v2\/posts"}],"about":[{"href":"https:\/\/www.reunion68.se\/index.php?rest_route=\/wp\/v2\/types\/post"}],"author":[{"embeddable":true,"href":"https:\/\/www.reunion68.se\/index.php?rest_route=\/wp\/v2\/users\/1"}],"replies":[{"embeddable":true,"href":"https:\/\/www.reunion68.se\/index.php?rest_route=%2Fwp%2Fv2%2Fcomments&post=112292"}],"version-history":[{"count":8,"href":"https:\/\/www.reunion68.se\/index.php?rest_route=\/wp\/v2\/posts\/112292\/revisions"}],"predecessor-version":[{"id":112308,"href":"https:\/\/www.reunion68.se\/index.php?rest_route=\/wp\/v2\/posts\/112292\/revisions\/112308"}],"wp:attachment":[{"href":"https:\/\/www.reunion68.se\/index.php?rest_route=%2Fwp%2Fv2%2Fmedia&parent=112292"}],"wp:term":[{"taxonomy":"category","embeddable":true,"href":"https:\/\/www.reunion68.se\/index.php?rest_route=%2Fwp%2Fv2%2Fcategories&post=112292"},{"taxonomy":"post_tag","embeddable":true,"href":"https:\/\/www.reunion68.se\/index.php?rest_route=%2Fwp%2Fv2%2Ftags&post=112292"}],"curies":[{"name":"wp","href":"https:\/\/api.w.org\/{rel}","templated":true}]}}