{"id":112360,"date":"2024-04-21T17:09:40","date_gmt":"2024-04-21T15:09:40","guid":{"rendered":"http:\/\/www.reunion68.se\/?p=112360"},"modified":"2024-04-21T08:39:49","modified_gmt":"2024-04-21T06:39:49","slug":"27-09-92","status":"publish","type":"post","link":"https:\/\/www.reunion68.se\/?p=112360","title":{"rendered":"Obchody 81. rocznicy wybuchu powstania w getcie warszawskim. Incydent podczas uroczysto\u015bci"},"content":{"rendered":"<p style=\"text-align: center;\"><img decoding=\"async\" class=\"aligncenter\" src=\"https:\/\/bi.im-g.pl\/im\/ad\/78\/1d\/z30902957IHG.jpg\" width=\"100%\" \/><span style=\"color: #808080;\"><em>Fot. Dawid \u017buchowicz \/ Agencja Wyborcza.pl<\/em><\/span><\/p>\n<hr \/>\n<h5 style=\"text-align: center;\"><a href=\"https:\/\/warszawa.wyborcza.pl\/\" target=\"_blank\" rel=\"noopener noreferrer\"><img decoding=\"async\" class=\"center alignleft\" src=\"http:\/\/www.reunion68.com\/Biuletyn\/img\/wyborcza.png\" alt=\"\" width=\"35%\" \/><\/a><span style=\"text-decoration: underline; color: #000080;\"><strong><a style=\"color: #000080; text-decoration: underline;\" href=\"https:\/\/warszawa.wyborcza.pl\/warszawa\/7,54420,30903679,obchody-81-rocznicy-wybuchu-powstania-w-getcie-warszawskim.html\" target=\"_blank\" rel=\"noopener noreferrer\">Obchody 81. rocznicy wybuchu powstania w getcie warszawskim. Incydent podczas uroczysto\u015bci<\/a><\/strong><\/span><\/h5>\n<p style=\"text-align: center;\"><span style=\"color: #000000;\"><strong>Tomasz Urzykowski<\/strong><\/span><\/p>\n<hr style=\"height: 15px; background: #d0e6fa; width: 100%;\" \/>\n<div class=\"text--lead \" style=\"text-align: left;\" data-progress-bar-content=\"\"><span style=\"color: #000080;\">Podczas uroczysto\u015bci przed pomnikiem Bohater\u00f3w Getta na Muranowie dosz\u0142o incydentu. Na schody pomnika wszed\u0142 m\u0119\u017cczyzna z flag\u0105 Palestyny. Interweniowa\u0142a policja.<\/span><\/div>\n<div data-progress-bar-content=\"\">.<\/div>\n<div data-progress-bar-content=\"\"><\/div>\n<div style=\"text-align: left;\"><\/div>\n<div class=\"article--underlead\" style=\"text-align: left;\"><span style=\"color: #000080;\">G\u0142\u00f3wne uroczysto\u015bci organizowa\u0142o Towarzystwo Spo\u0142eczno-Kulturalne \u017byd\u00f3w w Polsce przed pomnikiem Bohater\u00f3w Getta na <a style=\"color: #000080;\" href=\"https:\/\/warszawa.wyborcza.pl\/warszawa\/0,112418.html?tag=Muran%F3w#anchorLink\">Muranowie<\/a>.\u00a0<a id=\"LinkArea:embed_link\" class=\"text--link \" style=\"color: #000080;\" title=\"Wzi\u0105\u0142 w nich udzia\u0142 ambasador Izraela w Polsce Yacov Livne, przedstawiciele w\u0142adz pa\u0144stwowych i samorz\u0105dowych, plac\u00f3wek dyplomatycznych.\" href=\"https:\/\/warszawa.wyborcza.pl\/warszawa\/7,54420,30902239,81-lat-temu-wybuchlo-powstanie-w-getcie-warszawskim.html#S.embed_link-K.C-B.1-L.1.zw\" rel=\"dofollow\" data-bd-viewability=\"1\" data-bd-viewability-id=\"embed_link\" data-bd-viewability-href=\"https:\/\/warszawa.wyborcza.pl\/warszawa\/7,54420,30902239,81-lat-temu-wybuchlo-powstanie-w-getcie-warszawskim.html#S.embed_link-K.C-B.1-L.1.zw\">Wzi\u0105\u0142 w nich udzia\u0142 ambasador Izraela w Polsce Yacov Livne, przedstawiciele w\u0142adz pa\u0144stwowych i samorz\u0105dowych, plac\u00f3wek dyplomatycznych.<\/a>\u00a0Obecny na uroczysto\u015bci naczelny rabin Polski Michael Schudrich od\u015bpiewa\u0142 Psalm 13 oraz modlitwy El Male Rachamim (Bo\u017ce Pe\u0142en Mi\u0142osierdzia) i Kadisz. Ch\u00f3r Kameleon Dzielnicy\u00a0<a style=\"color: #000080;\" href=\"https:\/\/warszawa.wyborcza.pl\/warszawa\/0,112418.html?tag=mokot%F3w#anchorLink\">Mokot\u00f3w<\/a>\u00a0i zesp\u00f3\u0142 Euforia pod dyrekcj\u0105 Katarzyny Marii Bonieckiej wykona\u0142y \u017cydowskie pie\u015bni. Ostatnim punktem programu by\u0142o sk\u0142adanie kwiat\u00f3w pod pomnikiem Bohater\u00f3w Getta przez delegacje i osoby prywatne. O godz. 12.35, gdy w kolejce do z\u0142o\u017cenia wie\u0144ca sta\u0142 ambasador Izraela w Polsce Yacov Livne na podstaw\u0119 monumentu wszed\u0142 m\u0119\u017cczyzna z flag\u0105 Palestyny. Mia\u0142 na sobie bluz\u0119 w jej kolorach. Dw\u00f3ch innych m\u0119\u017cczyzn pr\u00f3bowa\u0142o mu wyrwa\u0107 flag\u0119 i go stamt\u0105d sprowadzi\u0107. Dosz\u0142o do szarpaniny. Po dw\u00f3ch minutach m\u0119\u017cczyzna zszed\u0142 z pomnika. Zosta\u0142 wylegitymowany przez policjant\u00f3w. M\u00f3wi\u0142 po polsku.<\/span><\/div>\n<div>\n<p class=\"text--paragraph\" style=\"text-align: left;\"><span style=\"color: #000080;\">&#8211; Na miejscu policjanci podj\u0119li interwencj\u0119 wobec tego m\u0119\u017cczyzny &#8211; potwierdza w rozmowie z &#8220;Wyborcz\u0105&#8221; sier\u017cant sztabowy Jakub Pacyniak, oficer prasowy \u015br\u00f3dmiejskiej Komendy Rejonowej Policji Warszawa I w\u00a0<a style=\"color: #000080;\" href=\"https:\/\/warszawa.wyborcza.pl\/warszawa\/0,112418.html?tag=%A6r%F3dmie%B6cie#anchorLink\">\u015ar\u00f3dmie\u015bciu<\/a>. &#8211; W zwi\u0105zku ze zdarzeniem funkcjonariusze sporz\u0105dzili stosown\u0105 dokumentacj\u0119. M\u0119\u017cczyzna nie jest w dyspozycji policji. Nie mamy te\u017c w tej chwili oficjalnego zawiadomienia od organizator\u00f3w uroczysto\u015bci o jej zak\u0142\u00f3ceniu &#8211; dodaje policjant.<\/span><\/p>\n<p class=\"text--paragraph\" style=\"text-align: left;\"><span style=\"color: #000080;\">&#8211; Ten pan chcia\u0142 co\u015b zamanifestowa\u0107. Na szcz\u0119\u015bcie policja bardzo szybko zareagowa\u0142a i ta sytuacja si\u0119 nie rozwin\u0119\u0142a. Wiele os\u00f3b nawet nie by\u0142o \u015bwiadomych, \u017ce co\u015b takiego si\u0119 zadzia\u0142o &#8211; m\u00f3wi Magdalena Borkowska z Towarzystwa Spo\u0142eczno-Kulturalnego \u017byd\u00f3w w Polsce. Zaznacza, \u017ce w tym momencie nie wie, czy TSK\u017b podejmie w sprawie incydentu jakie\u015b kroki. &#8211; To si\u0119 dopiero wydarzy\u0142o. B\u0119dziemy o tym dyskutowa\u0107 w naszym gronie.<\/span><\/p>\n<\/div>\n<hr \/>\n<p style=\"text-align: center;\"><span style=\"color: #808080;\"><em>G\u0142\u00f3wne uroczysto\u015bci 81. rocznicy wybuchu powstania w getcie warszawskim. Na zdj\u0119ciu: m\u0119\u017cczyzna z flag\u0105 Palestyny stoj\u0105cy na stopniach pomnika Bohater\u00f3w Getta<\/em><\/span><br \/>\n<img decoding=\"async\" src=\"https:\/\/bi.im-g.pl\/im\/a6\/78\/1d\/z30902950IHG.jpg\" width=\"100%\" \/><\/p>\n<hr \/>\n<p><img decoding=\"async\" src=\"https:\/\/bi.im-g.pl\/im\/a8\/78\/1d\/z30902952IHG,Glowne-uroczystosci-81--rocznicy-wybuchu-powstania.jpg\" width=\"100%\" \/><\/p>\n<hr \/>\n<p><img decoding=\"async\" src=\"https:\/\/bi.im-g.pl\/im\/aa\/78\/1d\/z30902954IHG.jpg\" width=\"100%\" \/><\/p>\n<hr \/>\n<p><img decoding=\"async\" src=\"https:\/\/bi.im-g.pl\/im\/ab\/78\/1d\/z30902955IHG.jpg\" width=\"100%\" \/><\/p>\n<hr style=\"height: 15px; background: #d0e6fa; width: 100%;\" \/>\n<div id=\"content\" class=\"content-alignment\">\n<div id=\"watch-description\" class=\"yt-uix-button-panel\">\n<div id=\"watch-description-text\" style=\"text-align: center;\">\n<p><em>Zawarto\u015b\u0107 publikowanych artyku\u0142\u00f3w i materia\u0142\u00f3w nie reprezentuje pogl\u0105d\u00f3w ani opinii Reunion&#8217;68,<\/em><em><br \/>\nani te\u017c webmastera Blogu Reunion&#8217;68, chyba ze jest to wyra\u017anie zaznaczone.<br \/>\nTwoje uwagi, linki, w\u0142asne artyku\u0142y lub wiadomo\u015bci prze\u015blij na adres:<br \/>\n<\/em><span style=\"color: #000080;\"><strong><em><a style=\"color: #000080;\" href=\"mailto:webmaster@reunion68.com\"><span style=\"text-decoration: underline;\">webmaster@reunion68.com<\/span><\/a><\/em><\/strong><\/span><\/p>\n<\/div>\n<\/div>\n<\/div>\n<hr style=\"width: 100%;\" \/>\n","protected":false},"excerpt":{"rendered":"<p>Fot. Dawid \u017buchowicz \/ Agencja Wyborcza.pl Obchody 81. rocznicy wybuchu powstania w getcie warszawskim. Incydent podczas uroczysto\u015bci Tomasz Urzykowski Podczas uroczysto\u015bci przed pomnikiem Bohater\u00f3w Getta na Muranowie dosz\u0142o incydentu. Na schody pomnika wszed\u0142 m\u0119\u017cczyzna z flag\u0105 Palestyny. Interweniowa\u0142a policja. . G\u0142\u00f3wne uroczysto\u015bci organizowa\u0142o Towarzystwo Spo\u0142eczno-Kulturalne \u017byd\u00f3w w Polsce przed pomnikiem Bohater\u00f3w Getta na Muranowie.\u00a0Wzi\u0105\u0142 w [&hellip;]<\/p>\n","protected":false},"author":1,"featured_media":0,"comment_status":"closed","ping_status":"closed","sticky":false,"template":"","format":"standard","meta":[],"categories":[6],"tags":[26,24],"_links":{"self":[{"href":"https:\/\/www.reunion68.se\/index.php?rest_route=\/wp\/v2\/posts\/112360"}],"collection":[{"href":"https:\/\/www.reunion68.se\/index.php?rest_route=\/wp\/v2\/posts"}],"about":[{"href":"https:\/\/www.reunion68.se\/index.php?rest_route=\/wp\/v2\/types\/post"}],"author":[{"embeddable":true,"href":"https:\/\/www.reunion68.se\/index.php?rest_route=\/wp\/v2\/users\/1"}],"replies":[{"embeddable":true,"href":"https:\/\/www.reunion68.se\/index.php?rest_route=%2Fwp%2Fv2%2Fcomments&post=112360"}],"version-history":[{"count":12,"href":"https:\/\/www.reunion68.se\/index.php?rest_route=\/wp\/v2\/posts\/112360\/revisions"}],"predecessor-version":[{"id":112386,"href":"https:\/\/www.reunion68.se\/index.php?rest_route=\/wp\/v2\/posts\/112360\/revisions\/112386"}],"wp:attachment":[{"href":"https:\/\/www.reunion68.se\/index.php?rest_route=%2Fwp%2Fv2%2Fmedia&parent=112360"}],"wp:term":[{"taxonomy":"category","embeddable":true,"href":"https:\/\/www.reunion68.se\/index.php?rest_route=%2Fwp%2Fv2%2Fcategories&post=112360"},{"taxonomy":"post_tag","embeddable":true,"href":"https:\/\/www.reunion68.se\/index.php?rest_route=%2Fwp%2Fv2%2Ftags&post=112360"}],"curies":[{"name":"wp","href":"https:\/\/api.w.org\/{rel}","templated":true}]}}