{"id":112514,"date":"2024-04-28T17:09:02","date_gmt":"2024-04-28T15:09:02","guid":{"rendered":"http:\/\/www.reunion68.se\/?p=112514"},"modified":"2024-04-28T12:38:03","modified_gmt":"2024-04-28T10:38:03","slug":"04-09-92","status":"publish","type":"post","link":"https:\/\/www.reunion68.se\/?p=112514","title":{"rendered":"Jest wielu winnych wzrostu antysemityzmu, w tym media"},"content":{"rendered":"<p style=\"text-align: center;\"><img decoding=\"async\" class=\"aligncenter\" src=\"https:\/\/www.listyznaszegosadu.pl\/upload\/article\/bild\/7706\/1065037\/_00aa_2d___1yxb__s.png\" width=\"80%\"><span style=\"color: #808080;\"><em>Kto jest winien fali nienawi\u015bci do \u017byd\u00f3w, kt\u00f3ra zalewa kanadyjskie miejsca pracy, uniwersytety, zwi\u0105zki zawodowe, wpisy w mediach spo\u0142eczno\u015bciowych, a nawet nasze ulice i dzielnice? Kim s\u0105 zwolennicy antysemityzmu? Na zdj\u0119ciu: Policja bada miejsce, z kt\u00f3rego zosta\u0142a ostrzelana \u017cydowska szko\u0142a w listopadzie 2023r. (Zrzut z ekranu wideo)<\/em><\/span><\/p>\n<hr>\n<h5 style=\"text-align: center;\"><a href=\"https:\/\/www.listyznaszegosadu.pl\/\" target=\"_blank\" rel=\"noopener noreferrer\"><img decoding=\"async\" class=\"center alignleft\" src=\"http:\/\/www.reunion68.com\/Biuletyn\/img\/z-naszego.jpg\" alt=\"\" width=\"50%\"><\/a><span style=\"text-decoration: underline; color: #000080;\"><span><strong><a style=\"color: #000080; text-decoration: underline;\" href=\"https:\/\/www.listyznaszegosadu.pl\/brunatna-fala\/jest-wielu-winnych-wzrostu-antysemityzmu-w-tym-media\" target=\"_blank\" rel=\"noopener noreferrer\">Jest wielu winnych wzrostu antysemityzmu, w tym media<\/a><\/strong><\/span><\/span><\/h5>\n<p style=\"text-align: center;\"><span style=\"color: #000000;\"><strong>Howard Levitt<br \/>\n<\/strong><span style=\"color: #808080;\"><em>T\u0142umaczenie: <\/em><\/span><strong>Ma\u0142gorzata Koraszewska<\/strong><\/span><\/p>\n<hr style=\"height: 15px; background: #d0e6fa; width: 100%;\">\n<div class=\"templateArticleIngress\">\n<p style=\"text-align: left;\"><span style=\"color: #000080;\">W ci\u0105gu ostatnich kilku lat kanadyjscy pracodawcy coraz cz\u0119\u015bciej zatrudniali trener\u00f3w \u201er\u00f3\u017cnorodno\u015bci, r\u00f3wno\u015bci i w\u0142\u0105czenia\u201d (DEI), aby uwolni\u0107 swoich pracownik\u00f3w od \u015bwiadomego, a nawet pod\u015bwiadomego rasizmu. Na pierwszy rzut oka, kto mo\u017ce sprzeciwi\u0107 si\u0119 r\u00f3\u017cnorodno\u015bci, r\u00f3wno\u015bci i w\u0142\u0105czeniu? To jakby sprzeciwi\u0107 si\u0119 \u015awi\u0119temu Miko\u0142ajowi.<\/span><\/p>\n<p style=\"text-align: left;\">\n<span style=\"color: #000080;\">Niestety, warsztaty te zbyt cz\u0119sto by\u0142y przejmowane przez radykalnych ideolog\u00f3w, kt\u00f3rzy w efekcie pod\u017cegali do konflikt\u00f3w rasowych. Nieszcz\u0119\u015bliwa historia Richarda Bilkszto, kt\u00f3ry pope\u0142ni\u0142 samob\u00f3jstwo po tym, jak jeden z takich szkoleniowc\u00f3w uzna\u0142 go za rasist\u0119, poniewa\u017c powiedzia\u0142, \u017ce Kanadyjczycy nie s\u0105 bardziej rasistowscy ni\u017c Amerykanie, by\u0142a tylko nag\u0142o\u015bnion\u0105 spraw\u0105 b\u0119d\u0105c\u0105 czubkiem g\u00f3ry lodowej.<\/span><\/p>\n<\/div>\n<p style=\"text-align: left;\">\n<div class=\"templateArticleBrodtext\">\n<p style=\"text-align: left;\"><span style=\"color: #000080;\">Wielu moich \u017cydowskich klient\u00f3w, jeszcze przed 7 pa\u017adziernika skar\u017cy\u0142o si\u0119 na spos\u00f3b, w jaki traktowano \u017byd\u00f3w na seminariach DEI. W jakim stopniu to radykalne szkolenie odegra\u0142o rol\u0119 w nag\u0142ym wybuchu antysemityzmu w Kanadzie?<\/span><\/p>\n<p style=\"text-align: left;\">\n<span style=\"color: #000080;\">Kto tak naprawd\u0119 jest winien fali nienawi\u015bci do \u017byd\u00f3w, kt\u00f3ra zalewa kanadyjskie miejsca pracy, uniwersytety, zwi\u0105zki zawodowe, media spo\u0142eczno\u015bciowe, a nawet nasze ulice i dzielnice?<\/span><\/p>\n<p style=\"text-align: left;\">\n<span style=\"color: #000080;\">Antysemityzm ma w Kanadzie&nbsp;<a style=\"color: #000080;\" href=\"https:\/\/financialpost.com\/tag\/antisemitism\/\" target=\"_blank\" rel=\"noopener noreferrer\">d\u0142ug\u0105, paskudn\u0105 histori\u0119<\/a>&nbsp;i dla niekt\u00f3rych (jak na ironi\u0119 wielu z tych, kt\u00f3rzy nigdy \u015bwiadomie nie spotkali \u017byda) zawsze by\u0142 ukryty tu\u017c pod powierzchni\u0105. Przez pewien czas by\u0142o pewne wyt\u0142umienie antysemityzmu z powodu poczucia winy wywo\u0142anego okrucie\u0144stwami II wojny \u015bwiatowej. Ale zn\u00f3w ro\u015bnie w si\u0142\u0119 i, co zaskakuj\u0105ce, jego zwolennicy s\u0105 z tego dumni.<\/span><\/p>\n<p style=\"text-align: left;\">\n<span style=\"color: #000080;\">Kim s\u0105 propagatorzy antysemityzmu?<\/span><\/p>\n<p style=\"text-align: left;\">\n<span style=\"color: #000080;\">Oczywi\u015bcie, na pierwszym miejscu s\u0105 radykalni islami\u015bci, kt\u00f3rzy importuj\u0105 starodawn\u0105, historyczn\u0105 nienawi\u015b\u0107 do \u017byd\u00f3w w oparciu o Koran. Ich nienawi\u015b\u0107 do chrze\u015bcijan i innych \u201eniewiernych\u201d jest tylko nieznacznie mniejsza.<\/span><\/p>\n<p style=\"text-align: left;\">\n<span style=\"color: #000080;\">Dalej jest radykalna lewica, kt\u00f3ra od czasu, kiedy s\u0142aby Izrael pokona\u0142 po\u0142\u0105czone armie Jordanii, Egiptu i Syrii w 1967 roku, postrzega Izrael jako ciemi\u0119\u017cyciela. Wierz\u0119, \u017ce du\u017c\u0105 cz\u0119\u015b\u0107 antysemityzmu w ruchu zwi\u0105zkowym w sektorze publicznym mo\u017cna przypisa\u0107 temu nurtowi.<\/span><\/p>\n<p style=\"text-align: left;\">\n<span style=\"color: #000080;\">Jest te\u017c wp\u0142yw DEI, kt\u00f3ry zbyt cz\u0119sto umieszcza \u017byd\u00f3w na szczycie hierarchii rasowej, ignoruj\u0105c fakt, \u017ce \u017bydzi zawsze byli i pozostaj\u0105 dramatycznie bardziej dyskryminowani ni\u017c jakakolwiek inna grupa, \u0142\u0105cznie z grupami znajduj\u0105cymi si\u0119 na rzekomym dole hierarchii intersekcjonalno\u015bci ruchu DEI: rdzenna ludno\u015b\u0107, czarni, muzu\u0142manie i LGBTQIA+.<\/span><\/p>\n<p style=\"text-align: left;\">\n<span style=\"color: #000080;\">Z tymi si\u0142ami sprzymierzone s\u0105 uniwersytety i uczelnie, kt\u00f3re od lat s\u0105 \u015bwi\u0105tyniami \u201eprzebudzenia\u201d i karz\u0105 student\u00f3w wyra\u017caj\u0105cych niezgod\u0119 z ich lewicowymi o\u015bwiadczeniami. Podczas gdy kampusy s\u0105 wyl\u0119garniami poparcia dla Hamasu, sonda\u017ce wykaza\u0142y, \u017ce m\u0142odzi ludzie, kt\u00f3rzy nie byli w szponach profesor\u00f3w naszych uniwersytet\u00f3w i szk\u00f3\u0142 wy\u017cszych, w zdecydowanej wi\u0119kszo\u015bci popieraj\u0105 Izrael, podobnie jak wi\u0119kszo\u015b\u0107 innych grup w Kanadzie.<\/span><\/p>\n<p style=\"text-align: left;\">\n<span style=\"color: #000080;\">Cho\u0107 wymieniam je tu osobno i je rozr\u00f3\u017cniam, lewica, uniwersytety i praktycy DEI s\u0105 w pewnym stopniu wymienni i maj\u0105 wielu tych samych cz\u0142onk\u00f3w.<\/span><\/p>\n<p style=\"text-align: left;\">\n<span style=\"color: #000080;\">Ostatni\u0105 grup\u0105, kt\u00f3ra moim zdaniem jest odpowiedzialna za wzrost antysemityzmu, s\u0105 dziennikarze i ich nieodpowiedzialne publikacje w mediach.<\/span><\/p>\n<p style=\"text-align: left;\">\n<span style=\"color: #000080;\">Kanadyjski nadawca publiczny, CBC, by\u0142 szczeg\u00f3lnie jednostronny i nieub\u0142agany w swoich relacjach z konfliktu mi\u0119dzy Izraelem a Hamasem. Nadal nie opisuje Hamasu jako organizacji terrorystycznej i jeszcze nie przeprosi\u0142 za fa\u0142szywe oskar\u017cenie Izraela o zbombardowanie szpitala i zabicie setek os\u00f3b \u2013 mimo \u017ce od dawna przyznano, \u017ce win\u0119 ponosi wadliwie wystrzelona rakieta Palesty\u0144skiego Islamskiego D\u017cihadu i \u017ce liczba ofiar \u015bmiertelnych by\u0142a du\u017co ni\u017csza. (Rakieta spad\u0142a na parking szpitala i zabi\u0142a kilkana\u015bcie os\u00f3b.)<\/span><\/p>\n<p style=\"text-align: left;\">\n<span style=\"color: #000080;\">CBC konsekwentnie przedstawia\u0142 pogl\u0105d na wojn\u0119 wypaczony na korzy\u015b\u0107 Hamasu.<\/span><\/p>\n<p style=\"text-align: left;\">\n<span style=\"color: #000080;\">W niedawnym artykule w gazecie&nbsp;\u201eToronto Sun\u201d&nbsp;Warren Kinsella ujawni\u0142, \u017ce w CBC powo\u0142ano komitet, kt\u00f3ry ma bezpo\u015brednio nadzorowa\u0107 programy na temat Izraela. Poinformowa\u0142 r\u00f3wnie\u017c, \u017ce tamtejsi \u017cydowscy dziennikarze twierdz\u0105, \u017ce programy i artyku\u0142y, kt\u00f3re proponuj\u0105 na temat wojny, s\u0105 rutynowo ignorowane.<\/span><\/p>\n<p style=\"text-align: left;\">\n<span style=\"color: #000080;\">CBC jest najgorszy, ale nie samotny. Montrealska gazeta&nbsp;\u201eLa Presse\u201d&nbsp;zamie\u015bci\u0142a upiorn\u0105 karykatur\u0119 przedstawiaj\u0105c\u0105 izraelskiego premiera Benjamina Netanjahu jako odra\u017caj\u0105cego wampira z haczykowatym nosem i ostrymi pazurami, gotowego wyssa\u0107 \u017cycie z Palesty\u0144czyk\u00f3w, nazywaj\u0105c go \u201eNosfenjahu\u201d w nawi\u0105zaniu do niemieckiego niemego horroru z 1922 roku Nosferatu, kt\u00f3ry od dawna by\u0142 postrzegany jako g\u0142\u0119boko antysemicki.&nbsp;\u201eToronto Star\u201d tak\u017ce publikowa\u0142a artyku\u0142y przedstawiaj\u0105ce zdecydowanie antyizraelskie stanowisko.<\/span><\/p>\n<p style=\"text-align: left;\">\n<span style=\"color: #000080;\">Zako\u0144cz\u0119 niepokoj\u0105c\u0105, ale nie zaskakuj\u0105c\u0105 histori\u0105 naszego nadawcy publicznego. To m\u00f3wi wszystko.<\/span><\/p>\n<p style=\"text-align: left;\">\n<span style=\"color: #000080;\">Na pocz\u0105tku wojny CBC poszukiwa\u0142 \u201eg\u0142\u0119boko osobistych esej\u00f3w\u201d na temat tego, co dzisiaj znaczy by\u0107 \u017bydem i Kanadyjczykiem, i zaprasza\u0142 Kanadyjczyk\u00f3w pochodzenia \u017cydowskiego do przedstawiania swoich historii.<\/span><\/p>\n<p style=\"text-align: left;\">\n<span style=\"color: #000080;\">Shawna Cohen z Toronto przes\u0142a\u0142a artyku\u0142. Producent z CBC odpowiedzia\u0142:<\/span><\/p>\n<blockquote><p><strong>\u201eW szczeg\u00f3lno\u015bci chcia\u0142bym us\u0142ysze\u0107 opini\u0119 kogo\u015b, kto chce zawieszenia broni\/ma trudno\u015bci w byciu proizraelskim w tej chwili LUB kogo\u015b, kto wspiera wojn\u0119 mimo wysokich strat \u017cycia cywil\u00f3w \u2013 i jak ich osobiste do\u015bwiadczenia wp\u0142ywaj\u0105 na te pogl\u0105dy. Daj mi zna\u0107, je\u015bli chcia\u0142aby\u015b napisa\u0107 co\u015b w tym stylu, a je\u015bli tak, jak by\u015b to uj\u0119\u0142a\u201d.<\/strong><\/p><\/blockquote>\n<p style=\"text-align: left;\"><span style=\"color: #000080;\">Pani Cohen odpisa\u0142a:<\/span><\/p>\n<blockquote><p><strong>\u201eJako \u017byd\u00f3wka czuj\u0119 si\u0119 zobowi\u0105zana poinformowa\u0107, \u017ce specyficzny punkt widzenia, kt\u00f3rego szuka CBC, jest niebezpieczny i ograniczony. Spo\u0142eczno\u015b\u0107 \u017cydowska czuje si\u0119 wyj\u0105tkowo zagro\u017cona \u2013 w Kanadzie i poza ni\u0105.<\/strong><\/p>\n<p><strong>Zamiast da\u0107 autorom mo\u017cliwo\u015b\u0107 podzielenia si\u0119 tym, jak i dlaczego \u017bydzi czuj\u0105 si\u0119 w ten spos\u00f3b, CBC dokona\u0142 in\u017cynierii wstecznej narracji. W szczeg\u00f3lno\u015bci poszukuje rzadkiego gatunku \u017byd\u00f3w, kt\u00f3rzy nie popieraj\u0105 Izraela i\/lub s\u0105 sk\u0142onni negocjowa\u0107 z organizacj\u0105 terrorystyczn\u0105. Przyjmowanie takiego podej\u015bcia przyczynia si\u0119 jedynie do propagandy antyizraelskiej.<\/strong><\/p>\n<p><strong>Szczerze m\u00f3wi\u0105c, waha\u0142am si\u0119 przed przes\u0142aniem mojego artyku\u0142u CBC ze wzgl\u0119du na ugruntowan\u0105 histori\u0119 antyizraelskich i antysyjonistycznych uprzedze\u0144 tej redakcji. Z Twojej odpowiedzi jasno wynika, \u017ce CBC nie przyjmuje prawdziwych opinii ani perspektyw, kt\u00f3re nie s\u0105 postrzegane przez pryzmat w\u0142asnego w\u0105skiego, socjopolitycznego punktu widzenia. Taka rzeczywisto\u015b\u0107 jest nie do przyj\u0119cia dla nadawcy finansowanego ze \u015brodk\u00f3w publicznych, kt\u00f3ry uwa\u017ca si\u0119 za g\u0142os narodu\u201d.<\/strong><\/p><\/blockquote>\n<p style=\"text-align: left;\"><span style=\"color: #000080;\">Nigdy nie otrzyma\u0142a odpowiedzi.<\/span><\/p>\n<p style=\"text-align: left;\">\n<span style=\"color: #000080;\">Mamy nadziej\u0119, \u017ce nasz nadawca publiczny wkr\u00f3tce zostanie pozbawiony \u015brodk\u00f3w publicznych. Sta\u0142 si\u0119 ha\u0144b\u0105 narodow\u0105.<\/span><\/p>\n<\/div>\n<hr>\n<p style=\"text-align: left;\"><span style=\"color: #808080;\"><em><strong>Howard Levitt<\/strong> \u2013 kanadyjski prawnik, przewodnicz\u0105cy Stowarzyszenia Prawnik\u00f3w w Ontario.<\/em><\/span><\/p>\n<hr style=\"height: 15px; background: #d0e6fa; width: 100%;\">\n<div id=\"content\" class=\"content-alignment\">\n<div id=\"watch-description\" class=\"yt-uix-button-panel\">\n<div id=\"watch-description-text\" style=\"text-align: center;\">\n<p><em>Zawarto\u015b\u0107 publikowanych artyku\u0142\u00f3w i materia\u0142\u00f3w nie reprezentuje pogl\u0105d\u00f3w ani opinii Reunion&#8217;68,<\/em><em><br \/>\nani te\u017c webmastera Blogu Reunion&#8217;68, chyba ze jest to wyra\u017anie zaznaczone.<br \/>\nTwoje uwagi, linki, w\u0142asne artyku\u0142y lub wiadomo\u015bci prze\u015blij na adres:<br \/>\n<\/em><span style=\"color: #000080;\"><strong><em><a style=\"color: #000080;\" href=\"mailto:webmaster@reunion68.com\"><span style=\"text-decoration: underline;\">webmaster@reunion68.com<\/span><\/a><\/em><\/strong><\/span><\/p>\n<\/div>\n<\/div>\n<\/div>\n<hr style=\"width: 100%;\">\n","protected":false},"excerpt":{"rendered":"<p>Kto jest winien fali nienawi\u015bci do \u017byd\u00f3w, kt\u00f3ra zalewa kanadyjskie miejsca pracy, uniwersytety, zwi\u0105zki zawodowe, wpisy w mediach spo\u0142eczno\u015bciowych, a nawet nasze ulice i dzielnice? Kim s\u0105 zwolennicy antysemityzmu? Na zdj\u0119ciu: Policja bada miejsce, z kt\u00f3rego zosta\u0142a ostrzelana \u017cydowska szko\u0142a w listopadzie 2023r. (Zrzut z ekranu wideo) Jest wielu winnych wzrostu antysemityzmu, w tym media [&hellip;]<\/p>\n","protected":false},"author":1,"featured_media":0,"comment_status":"closed","ping_status":"closed","sticky":false,"template":"","format":"standard","meta":[],"categories":[6],"tags":[26,24],"_links":{"self":[{"href":"https:\/\/www.reunion68.se\/index.php?rest_route=\/wp\/v2\/posts\/112514"}],"collection":[{"href":"https:\/\/www.reunion68.se\/index.php?rest_route=\/wp\/v2\/posts"}],"about":[{"href":"https:\/\/www.reunion68.se\/index.php?rest_route=\/wp\/v2\/types\/post"}],"author":[{"embeddable":true,"href":"https:\/\/www.reunion68.se\/index.php?rest_route=\/wp\/v2\/users\/1"}],"replies":[{"embeddable":true,"href":"https:\/\/www.reunion68.se\/index.php?rest_route=%2Fwp%2Fv2%2Fcomments&post=112514"}],"version-history":[{"count":9,"href":"https:\/\/www.reunion68.se\/index.php?rest_route=\/wp\/v2\/posts\/112514\/revisions"}],"predecessor-version":[{"id":112528,"href":"https:\/\/www.reunion68.se\/index.php?rest_route=\/wp\/v2\/posts\/112514\/revisions\/112528"}],"wp:attachment":[{"href":"https:\/\/www.reunion68.se\/index.php?rest_route=%2Fwp%2Fv2%2Fmedia&parent=112514"}],"wp:term":[{"taxonomy":"category","embeddable":true,"href":"https:\/\/www.reunion68.se\/index.php?rest_route=%2Fwp%2Fv2%2Fcategories&post=112514"},{"taxonomy":"post_tag","embeddable":true,"href":"https:\/\/www.reunion68.se\/index.php?rest_route=%2Fwp%2Fv2%2Ftags&post=112514"}],"curies":[{"name":"wp","href":"https:\/\/api.w.org\/{rel}","templated":true}]}}