{"id":112614,"date":"2024-05-02T17:00:03","date_gmt":"2024-05-02T15:00:03","guid":{"rendered":"http:\/\/www.reunion68.se\/?p=112614"},"modified":"2024-05-02T07:39:59","modified_gmt":"2024-05-02T05:39:59","slug":"08-00-93","status":"publish","type":"post","link":"https:\/\/www.reunion68.se\/?p=112614","title":{"rendered":"Amy Schumer Discusses Backlash for Supporting Israel, Receiving \u2018Hatred\u2019 for Being Jewish"},"content":{"rendered":"<h5 style=\"text-align: center;\"><a href=\"https:\/\/www.algemeiner.com\/\" target=\"_blank\" rel=\"noopener noreferrer\"><img decoding=\"async\" class=\"center alignleft\" src=\"http:\/\/www.reunion68.com\/Biuletyn\/img\/algem.png\" alt=\"\" width=\"35%\" \/><\/a><span style=\"text-decoration: underline; color: #000080;\"><span><strong><a style=\"color: #000080; text-decoration: underline;\" href=\"https:\/\/www.algemeiner.com\/2024\/05\/01\/amy-schumer-discusses-backlash-supporting-israel-hatred-being-jewish\/\" target=\"_blank\" rel=\"noopener noreferrer\">Amy Schumer Discusses Backlash for Supporting Israel, Receiving \u2018Hatred\u2019 for Being Jewish<\/a><\/strong><\/span><\/span><\/h5>\n<p style=\"text-align: center;\"><span style=\"color: #000000;\"><strong>Shiryn Ghermezian<\/strong><\/span><\/p>\n<hr style=\"height: 15px; background: #d0e6fa; width: 100%;\" \/>\n<p style=\"text-align: center;\"><img decoding=\"async\" class=\"aligncenter\" src=\"https:\/\/www.algemeiner.com\/wp-content\/uploads\/2024\/05\/2023-10-09T185133Z_1430400475_MT1SIPA000U3T1NS_RTRMADP_3_SIPA-USA-2.jpg\" width=\"100%\" \/><span style=\"color: #808080;\"><em>Amy Schumer attends the 2023 Bring Change to Mind Gala at City Winery, New York, NY, Oct. 9, 2023. Photo Anthony Behar\/Sipa USA via Reuters Connect<\/em><\/span><\/p>\n<p style=\"text-align: left;\"><span style=\"color: #000080;\">Jewish actress Amy Schumer discussed in a new interview the negative attention she\u2019s received for speaking in support of the Jewish community and commenting on the Israel-Hamas war, as well as how discussions about the ongoing conflict are usually one-sided.<\/span><\/p>\n<p style=\"text-align: left;\"><span style=\"color: #000080;\">\u201cThe focus is so razor-sharp on Jewish people but not on Hamas. It\u2019s very strange,\u201d the\u00a0<em>Trainwreck<\/em>\u00a0star, 42, told\u00a0<em>Variety<\/em>\u00a0magazine, while talking about the war that began following Hamas\u2019 deadly Oct. 7 terrorist attacks in southern Israel.<\/span><\/p>\n<p class=\"paragraph larva \/\/ lrv-u-margin-lr-auto lrv-a-font-body-m \" style=\"text-align: left;\"><span style=\"color: #000080;\">\u201cIt\u2019s gotten to this place where you can\u2019t speak up for other Jews without people feeling like it\u2019s a slight to the conditions in Gaza,\u201d added the actress, who was\u00a0<a style=\"color: #000080;\" href=\"https:\/\/www.algemeiner.com\/2022\/08\/31\/amy-schumer-says-she-dealt-with-antisemitic-bullying-as-child\/\" target=\"_blank\" rel=\"noopener noreferrer\">bullied<\/a>\u00a0as a teenager for being Jewish. She also recommended that people read\u00a0<em>Israel: A Simple Guide to the Most Misunderstood Country on Earth\u00a0<\/em>by Noa Tishby to better understand the Jewish state or anything written by Jews because \u201cJewish people wrote everything down.\u201d<\/span><\/p>\n<p style=\"text-align: left;\"><span style=\"color: #000080;\">Schumer was in New York in March filming her new movie\u00a0<em>Kinda Pregnant<\/em>\u00a0when a stranger shouted at her from the sidewalk: \u201cF\u2014k you, Amy Schumer! You\u2019re a Zionist! You love genocide!\u201d Meanwhile, during her interview with\u00a0<em>Variety<\/em>\u00a0in Brooklyn, a woman approached the actress\u2019s table and told her: \u201cThank you for everything you\u2019re doing for Israel. I follow you on social media. I used to live in Israel and \u2026 thank you. We support you.\u201d Afterward, Schumer told the reporter from\u00a0<em>Variety<\/em>, \u201cThat moment you just saw? Maybe 10 times a day that happens to me.\u201d<\/span><\/p>\n<p style=\"text-align: left;\"><span style=\"color: #000080;\">The\u00a0<em>Life &amp; Beth<\/em>\u00a0star, writer, director, and stand-up comedian has been vocal in her support for Israel since the Oct. 7 attacks \u2014 and has been criticized for doing so.<\/span><\/p>\n<p style=\"text-align: left;\"><span style=\"color: #000080;\">In November, she shared on X\/Twitter a video of Martin Luther King Jr. denouncing antisemitism and stating that Israel has the right to exist. Bernice King, the activist\u2019s daughter,\u00a0<a style=\"color: #000080;\" href=\"https:\/\/www.algemeiner.com\/2023\/11\/02\/martin-luther-king-jr-s-daughter-responds-after-amy-schumer-notes-his-support-for-israel-in-social-media-post\/\" target=\"_blank\" rel=\"noopener noreferrer\">responded<\/a>\u00a0to Schumer\u2019s post by saying that although she and her father were against antisemitism, she was certain the civil rights leader \u201cwould call for Israel\u2019s bombing of Palestinians to cease, for hostages to be released, and for us to work for true peace, which includes justice.\u201d<\/span><\/p>\n<p style=\"text-align: left;\"><span style=\"color: #000080;\">Schumer clarified her stance on the Israel-Hamas war during her interview with\u00a0<em>Variety,<\/em>\u00a0saying that she doesn\u2019t support the Israeli government.<\/span><\/p>\n<p class=\"paragraph larva \/\/ lrv-u-margin-lr-auto lrv-a-font-body-m \" style=\"text-align: left;\"><span style=\"color: #000080;\">\u201cI don\u2019t agree with anything that [Israeli Prime Minister Benjamin] Netanyahu is doing, and neither do the Israelis I know. Of course what\u2019s going on in Gaza is sickening, horrifying, and unthinkable,\u201d she said. \u201cAnd, I don\u2019t think it\u2019s OK to hate anyone because they were born Jewish.\u201d<\/span><\/p>\n<p style=\"text-align: left;\"><span style=\"color: #000080;\">Schumer\u2019s friend and fellow actress Jennifer Lawrence also told<em>\u00a0Variety<\/em>\u00a0that she thinks Schumer is better than most at handling scrutiny, regardless of what it\u2019s about. \u201cAmy\u2019s choice to use her voice to speak for justice puts her under immense fire,\u201d Lawrence said. \u201cI wouldn\u2019t say she navigates it so much as she throws her middle fingers up and walks away from negative comments like a gas station fire in a Michael Bay movie.\u201d<\/span><\/p>\n<hr style=\"height: 15px; background: #d0e6fa; width: 100%;\" \/>\n<div id=\"content\" class=\"content-alignment\">\n<div id=\"watch-description\" class=\"yt-uix-button-panel\">\n<div id=\"watch-description-text\" style=\"text-align: center;\">\n<p><em>Zawarto\u015b\u0107 publikowanych artyku\u0142\u00f3w i materia\u0142\u00f3w nie reprezentuje pogl\u0105d\u00f3w ani opinii Reunion&#8217;68,<\/em><em><br \/>\nani te\u017c webmastera Blogu Reunion&#8217;68, chyba ze jest to wyra\u017anie zaznaczone.<br \/>\nTwoje uwagi, linki, w\u0142asne artyku\u0142y lub wiadomo\u015bci prze\u015blij na adres:<br \/>\n<\/em><span style=\"color: #000080;\"><strong><em><a style=\"color: #000080;\" href=\"mailto:webmaster@reunion68.com\"><span style=\"text-decoration: underline;\">webmaster@reunion68.com<\/span><\/a><\/em><\/strong><\/span><\/p>\n<\/div>\n<\/div>\n<\/div>\n<hr style=\"width: 100%;\" \/>\n","protected":false},"excerpt":{"rendered":"<p>Amy Schumer Discusses Backlash for Supporting Israel, Receiving \u2018Hatred\u2019 for Being Jewish Shiryn Ghermezian Amy Schumer attends the 2023 Bring Change to Mind Gala at City Winery, New York, NY, Oct. 9, 2023. Photo Anthony Behar\/Sipa USA via Reuters Connect Jewish actress Amy Schumer discussed in a new interview the negative attention she\u2019s received for [&hellip;]<\/p>\n","protected":false},"author":1,"featured_media":0,"comment_status":"closed","ping_status":"closed","sticky":false,"template":"","format":"standard","meta":[],"categories":[6],"tags":[26,24],"_links":{"self":[{"href":"https:\/\/www.reunion68.se\/index.php?rest_route=\/wp\/v2\/posts\/112614"}],"collection":[{"href":"https:\/\/www.reunion68.se\/index.php?rest_route=\/wp\/v2\/posts"}],"about":[{"href":"https:\/\/www.reunion68.se\/index.php?rest_route=\/wp\/v2\/types\/post"}],"author":[{"embeddable":true,"href":"https:\/\/www.reunion68.se\/index.php?rest_route=\/wp\/v2\/users\/1"}],"replies":[{"embeddable":true,"href":"https:\/\/www.reunion68.se\/index.php?rest_route=%2Fwp%2Fv2%2Fcomments&post=112614"}],"version-history":[{"count":4,"href":"https:\/\/www.reunion68.se\/index.php?rest_route=\/wp\/v2\/posts\/112614\/revisions"}],"predecessor-version":[{"id":112628,"href":"https:\/\/www.reunion68.se\/index.php?rest_route=\/wp\/v2\/posts\/112614\/revisions\/112628"}],"wp:attachment":[{"href":"https:\/\/www.reunion68.se\/index.php?rest_route=%2Fwp%2Fv2%2Fmedia&parent=112614"}],"wp:term":[{"taxonomy":"category","embeddable":true,"href":"https:\/\/www.reunion68.se\/index.php?rest_route=%2Fwp%2Fv2%2Fcategories&post=112614"},{"taxonomy":"post_tag","embeddable":true,"href":"https:\/\/www.reunion68.se\/index.php?rest_route=%2Fwp%2Fv2%2Ftags&post=112614"}],"curies":[{"name":"wp","href":"https:\/\/api.w.org\/{rel}","templated":true}]}}