{"id":112705,"date":"2024-05-06T17:05:53","date_gmt":"2024-05-06T15:05:53","guid":{"rendered":"http:\/\/www.reunion68.se\/?p=112705"},"modified":"2024-05-06T07:05:57","modified_gmt":"2024-05-06T05:05:57","slug":"12-05-99","status":"publish","type":"post","link":"https:\/\/www.reunion68.se\/?p=112705","title":{"rendered":"Eden Golan touches down in Malm\u00f6 ahead of Eurovision"},"content":{"rendered":"<h5 style=\"text-align: center;\"><a href=\"https:\/\/www.jns.org\/\" target=\"_blank\" rel=\"noopener noreferrer\"><img decoding=\"async\" class=\"center alignleft\" src=\"http:\/\/www.reunion68.com\/Biuletyn\/img\/jns-1.png\" alt=\"\" width=\"35%\" \/><\/a><span style=\"text-decoration: underline; color: #000080;\"><span><strong><a style=\"color: #000080; text-decoration: underline;\" href=\"https:\/\/www.jns.org\/eden-golan-touches-down-in-malmo-ahead-of-eurovision\/\" target=\"_blank\" rel=\"noopener noreferrer\">Eden Golan touches down in Malm\u00f6 ahead of Eurovision<\/a><\/strong><\/span><\/span><\/h5>\n<p style=\"text-align: center;\"><span style=\"color: #000000;\"><strong>AMELIE BOTBOL<\/strong><\/span><\/p>\n<hr style=\"height: 15px; background: #d0e6fa; width: 100%;\" \/>\n<h4 style=\"text-align: center;\"><strong>&#8220;We can\u2019t run away from reality, sadly, but we can focus on the good,\u201d says Israeli Eurovision contestant Eden Golan.<\/strong><br \/>\n.<\/h4>\n<p style=\"text-align: center;\"><img decoding=\"async\" class=\"aligncenter\" src=\"https:\/\/cdn.jns.org\/uploads\/2024\/05\/Eden-1320x880.jpg\" width=\"100%\" \/><span style=\"color: #808080;\"><em>Israeli Eurovision contestant Eden Golan.<\/em><\/span><\/p>\n<p class=\"wp-block-paragraph\" style=\"text-align: left;\"><span style=\"color: #000080;\">Israeli Eurovision contestant Eden Golan landed in Malm\u00f6, Sweden, on Tuesday to prepare for the competition, scheduled to begin on May 7.<\/span><\/p>\n<p class=\"wp-block-paragraph\" style=\"text-align: left;\"><span style=\"color: #000080;\">\u201cI feel like the main message is that we are here, we are strong, we will show our voices, the warmth, the strength and the emotion that we have inside us,\u201d Golan told JNS.<\/span><\/p>\n<p class=\"wp-block-paragraph\" style=\"text-align: left;\"><span style=\"color: #000080;\">\u201cThere are truly so many people who support us, people who like the song, are there for us and love us. We are a huge family, and we want to spread good, love and unity,\u201d she added.<\/span><\/p>\n<p class=\"wp-block-paragraph\" style=\"text-align: left;\"><span style=\"color: #000080;\">The Eurovision Song Contest is an internationally televised songwriting competition comprising three live shows: two semi-finals and a grand final.<\/span><\/p>\n<p class=\"wp-block-paragraph\" style=\"text-align: left;\"><span style=\"color: #000080;\">All songs must be original and no more than three minutes in length. Lead vocals must be performed live, and no more than six performers can take to the stage during any one performance.<\/span><\/p>\n<p class=\"wp-block-paragraph\" style=\"text-align: left;\"><span style=\"color: #000080;\">In each show, after all songs have been performed, each country participating awards two sets of points (1, 2, 3, 4, 5, 6, 7, 8, 10 and 12) to their favorite songs; one set is awarded by a jury of five music industry professionals and one is awarded by viewers.<\/span><\/p>\n<p class=\"wp-block-paragraph\" style=\"text-align: left;\"><span style=\"color: #000080;\">The five countries in each semi-final with the most points advance to the grand final.<\/span><\/p>\n<p class=\"wp-block-paragraph\" style=\"text-align: left;\"><span style=\"color: #000080;\">Last year, Israeli pop star\u00a0<a style=\"color: #000080;\" href=\"https:\/\/www.jns.org\/israels-noa-kirel-finishes-third-at-eurovision\/\" target=\"_blank\" rel=\"noreferrer noopener\">Noa\u00a0Kirel<\/a>\u00a0finished in third place in the Eurovision final in Liverpool, behind Sweden and Finland. She was aiming to become the fifth Israeli to win the song contest since the Jewish state first entered the annual event in 1973 and the first since\u00a0<a style=\"color: #000080;\" href=\"https:\/\/www.jns.org\/netta-barzilais-hanukkah-performance-lights-up-nba-game-in-los-angeles\/\" target=\"_blank\" rel=\"noreferrer noopener\">Netta Barzilai<\/a>\u00a0and her song \u201cToy\u201d won in 2018.<\/span><\/p>\n<p class=\"wp-block-paragraph\" style=\"text-align: left;\"><span style=\"color: #000080;\">Past winners include Izhar Cohen and Alphabeta in 1978, with the song \u201cA-Ba-Ni-Bi,\u201d Milk and Honey in 1979 with \u201cHallelujah\u201d and Dana International in 1998 with \u201cDiva.\u201d<\/span><\/p>\n<p class=\"wp-block-paragraph\" style=\"text-align: left;\"><span style=\"color: #000080;\">This year, Eden Golan, 20, will represent the Jewish state in the second semifinal on May 9. The grand final will take place on May 11.<\/span><\/p>\n<p class=\"wp-block-paragraph\" style=\"text-align: left;\"><span style=\"color: #000080;\">The coming days will be busy ones for Golan.<\/span><\/p>\n<p class=\"wp-block-paragraph\" style=\"text-align: left;\"><span style=\"color: #000080;\">\u201cEach day revolves around Eurovision, from rehearsals and vocal lessons to interviews, photoshoots and fittings to prepare the wonderful outfits that I will be wearing on stage,\u201d she said.<\/span><\/p>\n<p class=\"wp-block-paragraph\" style=\"text-align: left;\"><span style=\"color: #000080;\">\u201cI am concentrating on our goal: to give a great performance, and I am constantly working towards it,\u201d she added.<\/span><\/p>\n<p class=\"wp-block-paragraph\" style=\"text-align: left;\"><span style=\"color: #000080;\">Organizers of the\u00a0<a style=\"color: #000080;\" href=\"https:\/\/www.jns.org\/eurovision-organizers-reject-calls-to-expel-israel\/\" target=\"_blank\" rel=\"noreferrer noopener\">Eurovision<\/a>\u00a0Song Contest reaffirmed in February that Israel would be allowed to compete despite calls to exclude it from the competition.<\/span><\/p>\n<p class=\"wp-block-paragraph\" style=\"text-align: left;\"><span style=\"color: #000080;\">\u201cOf course, there were thoughts and uncertainties at certain points. I don\u2019t think I really let it get to me. I was very focused, I truly wanted to believe that we would be there on stage, I visualized it, I just saw myself performing on stage,\u201d said Golan.<\/span><\/p>\n<p class=\"wp-block-paragraph\" style=\"text-align: left;\"><span style=\"color: #000080;\">\u201cGood thoughts, good vibes, good energy; here we are now,\u201d she added.\u00a0<\/span><\/p>\n<p class=\"wp-block-paragraph\" style=\"text-align: left;\"><span style=\"color: #000080;\">Rejecting parallels drawn by pro-Palestinian activists with Russia\u2019s exclusion from the competition over its invasion of Ukraine, Noel Curran, director-general of the European Broadcasting Union (EBU), said that \u201ccomparisons between war and conflict are complex and difficult and, as an apolitical media organization, it is not our place to make them.\u201d<\/span><\/p>\n<p class=\"wp-block-paragraph\" style=\"text-align: left;\"><span style=\"color: #000080;\">In March, Israel\u2019s\u00a0<em><a style=\"color: #000080;\" href=\"https:\/\/www.jns.org\/israel-unveils-reworked-eurovision-song\/\" target=\"_blank\" rel=\"noreferrer noopener\">Kan\u00a0News<\/a>\u00a0<\/em>public broadcaster revealed the Jewish state\u2019s final entry for this year\u2019s contest, after the EBU had threatened to disqualify two earlier entries over perceived political messaging. A week earlier, the EBU informed Israel that\u00a0<a style=\"color: #000080;\" href=\"https:\/\/www.jns.org\/eurovision-organizers-approve-revised-israeli-song\/\" target=\"_blank\" rel=\"noreferrer noopener\">Golan<\/a>\u00a0would be allowed to compete with \u201cHurricane.\u201d\u00a0<\/span><\/p>\n<p class=\"wp-block-paragraph\" style=\"text-align: left;\"><span style=\"color: #000080;\">\u201cWhen we finally got the news that everything was sorted out, it was amazing, it felt like a weight was lifted off my shoulders,\u201d said Golan.\u00a0<\/span><\/p>\n<p class=\"wp-block-paragraph\" style=\"text-align: left;\"><span style=\"color: #000080;\">\u201cIt was exciting, heartwarming and uplifting because I really think that this year more than ever it\u2019s important for us to be there on stage and show our voice,\u201d she added.\u00a0<\/span><\/p>\n<p class=\"wp-block-paragraph\" style=\"text-align: left;\"><span style=\"color: #000080;\">The last lines of \u201cOctober Rain,\u201d one of Israel\u2019s earlier entries, described the condition of Israelis during the\u00a0<a style=\"color: #000080;\" href=\"https:\/\/www.jns.org\/israel-building-biggest-case-against-hamas-since-eichmann-trial\/\" target=\"_blank\" rel=\"noreferrer noopener\">Oct. 7<\/a>\u00a0terror attacks, in which 1,200 people were slaughtered: \u201cThere\u2019s no air left to breathe\/No place, no me from day to day.\u201d<\/span><\/p>\n<p class=\"wp-block-paragraph\" style=\"text-align: left;\"><span style=\"color: #000080;\">In one of the verses,\u00a0<a style=\"color: #000080;\" href=\"https:\/\/www.jns.org\/revealed-the-words-that-could-keep-israel-out-eurovision\/\" target=\"_blank\" rel=\"noreferrer noopener\">Golan<\/a>\u00a0sang the word \u201cflowers,\u201d which is Israel Defense Forces slang for fallen soldiers, but which does not carry that connotation for European viewers.<\/span><\/p>\n<p class=\"wp-block-paragraph\" style=\"text-align: left;\"><span style=\"color: #000080;\">Israel\u2019s second-choice song, \u201cDance Forever,\u201d was an apparent reference to the massacre at the\u00a0<a style=\"color: #000080;\" href=\"https:\/\/www.jns.org\/watch-israeli-doc-on-nova-music-festival-massacre\/\" target=\"_blank\" rel=\"noreferrer noopener\">Supernova<\/a>\u00a0music festival near Kibbutz Re\u2019im, where Hamas terrorists murdered 364 people on Oct. 7.<\/span><\/p>\n<p class=\"wp-block-paragraph\" style=\"text-align: left;\"><span style=\"color: #000080;\"><em>Kan<\/em>\u00a0has said that the final submission, set to the tune of \u201cOctober Rain,\u201d tells the story of a \u201cyoung woman who is surviving a personal crisis.\u201d<\/span><\/p>\n<p class=\"wp-block-paragraph\" style=\"text-align: left;\"><span style=\"color: #000080;\">\u201cHonestly, when the news got out to me that they did not want to approve the song, I was shocked, to say the least,\u201d said Golan. \u201cNow that it\u2019s done, I\u2019m not looking back. I know that we have a great song that will represent us proudly and that\u2019s all that matters,\u201d she continued.\u00a0<\/span><\/p>\n<p class=\"wp-block-paragraph\" style=\"text-align: left;\"><span style=\"color: #000080;\">\u201cI am very happy with the final product. I think we have a great, powerful and emotional song that conveys so many feelings, in which every single person can find themselves and connect to it in some way or another,\u201d Golan added.\u00a0<\/span><\/p>\n<p class=\"wp-block-paragraph\" style=\"text-align: left;\"><span style=\"color: #000080;\">She told JNS she is well aware of the worldwide surge of antisemitism.\u00a0<\/span><\/p>\n<p class=\"wp-block-paragraph\" style=\"text-align: left;\"><span style=\"color: #000080;\"><strong>\u2018We can focus on the good\u2019<\/strong><\/span><\/p>\n<p class=\"wp-block-paragraph\" style=\"text-align: left;\"><span style=\"color: #000080;\">In March, a\u00a0<a style=\"color: #000080;\" href=\"https:\/\/www.jns.org\/london-cinema-to-scrub-eurovision-screening-if-israel-in-final\/\" target=\"_blank\" rel=\"noreferrer noopener\">London<\/a>\u00a0movie theater threatened to cancel the screening of the Eurovision Grand Final if Israel remains in the competition, according to\u00a0<em>Deadline<\/em>.<\/span><\/p>\n<p class=\"wp-block-paragraph\" style=\"text-align: left;\"><span style=\"color: #000080;\">The Rio Cinema in East London, known for its ties with Eurovision Party London, declared the decision via social media, and added that it will continue to support Palestinian charities.<\/span><\/p>\n<p class=\"wp-block-paragraph\" style=\"text-align: left;\"><span style=\"color: #000080;\">\u201cI am not naive. I know what is going on in the world. It\u2019s not something we can really hide from,\u201d said Golan.\u00a0<\/span><\/p>\n<p class=\"wp-block-paragraph\" style=\"text-align: left;\"><span style=\"color: #000080;\">\u201cI wouldn\u2019t say I\u2019m scared because I will be taken care of, and the whole delegation is going to be taken care of as well. Once again, I am very focused on our main goal: to give a great performance. We can\u2019t run away from reality, sadly, but we can focus on the good,\u201d she added.\u00a0<\/span><\/p>\n<p class=\"wp-block-paragraph\" style=\"text-align: left;\"><span style=\"color: #000080;\">While Eurovision is the main focus, Golan said she had a lot of projects in the works, which she said she approaches with the same optimism and belief as she does the competition.\u00a0\u00a0<\/span><\/p>\n<p class=\"wp-block-paragraph\" style=\"text-align: left;\"><span style=\"color: #000080;\">\u201cMy dreams, my mind, my vision, life, people, but first of all my vision and the way that I see myself is what keeps me motivated and working every single day,\u201d she told JNS.<\/span><\/p>\n<p class=\"wp-block-paragraph\" style=\"text-align: left;\"><span style=\"color: #000080;\">\u201cAfter Eurovision, I\u2019m still going to do the things I love most, releasing songs, maybe music videos and albums. Everything will happen at some point, so whoever is interested, keep following and stay tuned,\u201d she added.<\/span><\/p>\n<p class=\"wp-block-paragraph\" style=\"text-align: left;\"><span style=\"color: #000080;\">This week \u201cHurricane\u201d surpassed 4 million streams on Spotify.<\/span><\/p>\n<hr style=\"height: 15px; background: #d0e6fa; width: 100%;\" \/>\n<div id=\"content\" class=\"content-alignment\">\n<div id=\"watch-description\" class=\"yt-uix-button-panel\">\n<div id=\"watch-description-text\" style=\"text-align: center;\">\n<p><em>Zawarto\u015b\u0107 publikowanych artyku\u0142\u00f3w i materia\u0142\u00f3w nie reprezentuje pogl\u0105d\u00f3w ani opinii Reunion&#8217;68,<\/em><em><br \/>\nani te\u017c webmastera Blogu Reunion&#8217;68, chyba ze jest to wyra\u017anie zaznaczone.<br \/>\nTwoje uwagi, linki, w\u0142asne artyku\u0142y lub wiadomo\u015bci prze\u015blij na adres:<br \/>\n<\/em><span style=\"color: #000080;\"><strong><em><a style=\"color: #000080;\" href=\"mailto:webmaster@reunion68.com\"><span style=\"text-decoration: underline;\">webmaster@reunion68.com<\/span><\/a><\/em><\/strong><\/span><\/p>\n<\/div>\n<\/div>\n<\/div>\n<hr style=\"width: 100%;\" \/>\n","protected":false},"excerpt":{"rendered":"<p>Eden Golan touches down in Malm\u00f6 ahead of Eurovision AMELIE BOTBOL &#8220;We can\u2019t run away from reality, sadly, but we can focus on the good,\u201d says Israeli Eurovision contestant Eden Golan. . Israeli Eurovision contestant Eden Golan. Israeli Eurovision contestant Eden Golan landed in Malm\u00f6, Sweden, on Tuesday to prepare for the competition, scheduled to [&hellip;]<\/p>\n","protected":false},"author":1,"featured_media":0,"comment_status":"closed","ping_status":"closed","sticky":false,"template":"","format":"standard","meta":[],"categories":[6],"tags":[26,24],"_links":{"self":[{"href":"https:\/\/www.reunion68.se\/index.php?rest_route=\/wp\/v2\/posts\/112705"}],"collection":[{"href":"https:\/\/www.reunion68.se\/index.php?rest_route=\/wp\/v2\/posts"}],"about":[{"href":"https:\/\/www.reunion68.se\/index.php?rest_route=\/wp\/v2\/types\/post"}],"author":[{"embeddable":true,"href":"https:\/\/www.reunion68.se\/index.php?rest_route=\/wp\/v2\/users\/1"}],"replies":[{"embeddable":true,"href":"https:\/\/www.reunion68.se\/index.php?rest_route=%2Fwp%2Fv2%2Fcomments&post=112705"}],"version-history":[{"count":7,"href":"https:\/\/www.reunion68.se\/index.php?rest_route=\/wp\/v2\/posts\/112705\/revisions"}],"predecessor-version":[{"id":112720,"href":"https:\/\/www.reunion68.se\/index.php?rest_route=\/wp\/v2\/posts\/112705\/revisions\/112720"}],"wp:attachment":[{"href":"https:\/\/www.reunion68.se\/index.php?rest_route=%2Fwp%2Fv2%2Fmedia&parent=112705"}],"wp:term":[{"taxonomy":"category","embeddable":true,"href":"https:\/\/www.reunion68.se\/index.php?rest_route=%2Fwp%2Fv2%2Fcategories&post=112705"},{"taxonomy":"post_tag","embeddable":true,"href":"https:\/\/www.reunion68.se\/index.php?rest_route=%2Fwp%2Fv2%2Ftags&post=112705"}],"curies":[{"name":"wp","href":"https:\/\/api.w.org\/{rel}","templated":true}]}}