{"id":112724,"date":"2024-05-07T17:09:28","date_gmt":"2024-05-07T15:09:28","guid":{"rendered":"http:\/\/www.reunion68.se\/?p=112724"},"modified":"2024-05-07T08:43:42","modified_gmt":"2024-05-07T06:43:42","slug":"13-09-78","status":"publish","type":"post","link":"https:\/\/www.reunion68.se\/?p=112724","title":{"rendered":"Tysi\u0105ce \u017byd\u00f3w idzie w Marszu \u017bywych na terenie by\u0142ego obozu Auschwitz-Birkenau. Na trasie demonstracja palesty\u0144ska"},"content":{"rendered":"<p style=\"text-align: center;\"><img decoding=\"async\" class=\"aligncenter\" src=\"https:\/\/bi.im-g.pl\/im\/26\/82\/1d\/z30943526AMP.jpg\" width=\"100%\"><span style=\"color: #808080;\"><em>(Fot. Konrad Koz\u0142owski \/ Agencja Wyborcza.pl)<\/em><\/span><\/p>\n<hr>\n<h5 style=\"text-align: center;\"><a href=\"https:\/\/krakow.wyborcza.pl\/\" target=\"_blank\" rel=\"noopener noreferrer\"><img decoding=\"async\" class=\"center alignleft\" src=\"http:\/\/www.reunion68.com\/Biuletyn\/img\/wyborcza-krak.png\" alt=\"\" width=\"35%\"><\/a><span style=\"text-decoration: underline; color: #000080;\"><strong><a style=\"color: #000080; text-decoration: underline;\" href=\"https:\/\/krakow.wyborcza.pl\/krakow\/7,44425,30941579,6-maja-marsz-zywych-przechodzi-przez-teren-bylego-obozu-auschwitz-birkenau.html\" target=\"_blank\" rel=\"noopener noreferrer\">Tysi\u0105ce \u017byd\u00f3w idzie w Marszu \u017bywych na terenie by\u0142ego obozu Auschwitz-Birkenau. Na trasie demonstracja palesty\u0144ska<\/a><\/strong><\/span><\/h5>\n<p style=\"text-align: center;\"><span style=\"color: #000000;\"><strong>Bart\u0142omiej Kura\u015b<\/strong><\/span><\/p>\n<hr style=\"height: 15px; background: #d0e6fa; width: 100%;\">\n<div class=\"text--lead \" style=\"text-align: left;\" data-progress-bar-content=\"\"><span style=\"color: #000080;\">Tysi\u0105ce \u017byd\u00f3w z r\u00f3\u017cnych stron \u015bwiata przejdzie w poniedzia\u0142ek w tradycyjnym Marszu \u017bywych przez teren by\u0142ego niemieckiego, nazistowskiego obozu Auschwitz-Birkenau. Towarzysz\u0105 im m\u0142odzi Polacy. W tym roku, ze wzgl\u0119du na wojn\u0119 izraelsko-palesty\u0144sk\u0105, uroczysto\u015bciom towarzysz\u0105 szczeg\u00f3lne \u015brodki ostro\u017cno\u015bci.<\/span><\/div>\n<div class=\"column-54\" style=\"text-align: left;\" data-position=\"54,4\"><\/div>\n<div class=\"article--underlead\" style=\"text-align: left;\"><span style=\"color: #000080;\">W poniedzia\u0142ek 6 maja 2024 roku na terenie O\u015bwi\u0119cimia, Brzezinki i Harm\u0119\u017c odbywa si\u0119 Marsz \u017bywych. Jego uczestnicy przechodz\u0105 przez teren z by\u0142ego niemieckiego, nazistowskiego obozu koncentracyjnego Auschwitz-Birkenau. Towarzysz\u0105 im m\u0142odzi Polacy.<\/span><\/div>\n<div class=\"article--content article--content-free  \">\n<p class=\"text--paragraph\" style=\"text-align: left;\"><span style=\"color: #000080;\">Trzykilometrowa trasa prowadzi spod bramy \u201eArbeit macht frei&#8221; w by\u0142ym niemieckim obozie Auschwitz I do dawnego obozu Auschwitz II \u2014 Birkenau. Co roku w uroczysto\u015bci uczestnicy kilka tysi\u0119cy os\u00f3b, w tym roku jest ich ok. 6 tys. S\u0105 to g\u0142\u00f3wnie \u017bydzi z r\u00f3\u017cnych stron \u015bwiata. Towarzyszy im kilkusetosobowa grupa polskiej m\u0142odzie\u017cy.<\/span><\/p>\n<\/div>\n<h4 class=\"text--title font-head-700\"><strong>D\u017awi\u0119k szofaru, baraniego rogu, w \u017cydowskiej tradycji nawo\u0142uje do pokuty<\/strong><\/h4>\n<p class=\"text--paragraph\"><span style=\"color: #000080;\">Sygna\u0142em do rozpocz\u0119cia marszu spod bramy z napisem &#8220;Arbeit macht frei&#8221; jest d\u017awi\u0119k szofaru, baraniego rogu, w \u017cydowskiej tradycji nawo\u0142uj\u0105cego do pokuty. G\u0142\u00f3wne uroczysto\u015bci ob\u0119d\u0105 si\u0119 na terenie by\u0142ego obozu Birkenau przy ruinach dawnych krematori\u00f3w, gdzie stoi pomnik ofiar Holokaustu.<\/span><\/p>\n<p style=\"text-align: center;\"><img decoding=\"async\" class=\"preview aligncenter\" src=\"https:\/\/bi.im-g.pl\/im\/72\/4c\/1c\/z29674866IH.jpg\" srcset=\"https:\/\/bi.im-g.pl\/im\/72\/4c\/1c\/z29674866IH.jpg, https:\/\/bi.im-g.pl\/im\/72\/4c\/1c\/z29674866IHR.jpg 2x\" alt=\"\" width=\"100%\"> <span style=\"color: #808080;\"><em>Fot. Jakub Porzycki \/ Agencja Wyborcza.pl<\/em><\/span><\/p>\n<p class=\"text--paragraph\" style=\"text-align: left;\"><span style=\"color: #000080;\">W tym roku ze wzgl\u0119du na wojn\u0119 izraelsko-palesty\u0144sk\u0105 uroczysto\u015bciom towarzysz\u0105 szczeg\u00f3lne \u015brodki ostro\u017cno\u015bci.<\/span><\/p>\n<p class=\"text--paragraph\" style=\"text-align: left;\"><span style=\"color: #000080;\">Tegoroczny marsz odbywa si\u0119 w 80. rocznic\u0119 zag\u0142ady w\u0119gierskich \u017byd\u00f3w. Stanowili oni najwi\u0119ksz\u0105 grup\u0119 deportowanych do KL Auschwitz w ramach przeprowadzanego przez Niemc\u00f3w tak zwanego &#8220;ostatecznego rozwi\u0105zania kwestii \u017cydowskiej&#8221;. Muzeum Auschwitz poda\u0142o, \u017ce od ko\u0144ca kwietnia do sierpnia 1944 roku z W\u0119gier przywieziono oko\u0142o 430 tysi\u0119cy os\u00f3b, w tym dzieci. Ponad 75 procent z nich zg\u0142adzono.<\/span><\/p>\n<p class=\"text--paragraph\" style=\"text-align: left;\"><span style=\"color: #000080;\">G\u0142\u00f3wna ceremonia Marszu \u017bywych tradycyjnie przypada w Dniu Pami\u0119ci o Ofiarach Zag\u0142ady (Jom Ha-Szoa), kt\u00f3rego data w kalendarzu gregoria\u0144skim jest ruchoma.<\/span><\/p>\n<p class=\"text--paragraph\" style=\"text-align: left;\"><span style=\"color: #000080;\">W marszu udzia\u0142 bior\u0105 tak\u017ce osoby, kt\u00f3re ucierpia\u0142y w wyniku ataku Hamasu 7 pa\u017adziernika ubieg\u0142ego roku, w tym byli zak\u0142adnicy. Wi\u0119kszo\u015b\u0107 uczestnik\u00f3w stanowi\u0142a b\u0119dzie \u017cydowska m\u0142odzie\u017c mi\u0119dzy innymi z Argentyny, Australii, Belgii, Izraela, Kanady, Litwy, Stan\u00f3w Zjednoczonych, W\u0119gier i Wielkiej Brytanii. Wsp\u00f3lnie z nimi p\u00f3jd\u0105 m\u0142odzi Polacy.<\/span><\/p>\n<p class=\"text--paragraph\" style=\"text-align: left;\"><span style=\"color: #000080;\">Organizatorzy marszu Shmuel Rosenman i Phyllis Greenberg Heideman, w komunikacie przed wydarzeniem stwierdzili, \u017ce tegoroczna edycja ma g\u0142\u0119bokie znaczenie z uwagi na fakt, i\u017c przesz\u0142o\u015b\u0107 przeplata si\u0119 z masakr\u0105 z 7 pa\u017adziernika.<\/span><\/p>\n<h4 class=\"text--title font-head-700\"><strong>Na trasie Marszu \u017bywych ustawi\u0142a si\u0119 demonstracja palesty\u0144ska<\/strong><\/h4>\n<p class=\"text--paragraph\"><span style=\"color: #000080;\">&#8211; Nie przychodzimy tutaj, aby zak\u0142\u00f3ca\u0107 uroczysto\u015b\u0107 po\u015bwi\u0119con\u0105 oddawaniu czci ofiarom Holokaustu. Sami i same pochylamy g\u0142owy w milczeniu oraz nadziei, \u017ce nigdy wi\u0119cej na tej ziemi nie dojdzie do tak haniebnego i nieludzkiego aktu barbarzy\u0144stwa, jakim by\u0142o Shoah zgotowane \u017bydom i \u017byd\u00f3wkom przez nazist\u00f3w &#8211; t\u0142umaczy Omar Faris, przedstawiciel spo\u0142eczno\u015bci palesty\u0144skiej z Krakowa. &#8211; Pochylamy tak\u017ce g\u0142owy w milczeniu, oddaj\u0105c ho\u0142d wszystkim nie\u017cydowskim ofiarom hitlerowskich oboz\u00f3w koncentracyjnych. W\u015br\u00f3d nich by\u0142y Polki i Polacy, obywatele innych pa\u0144stw, w tym Niemcy, oraz osoby narodowo\u015bci romskiej, osoby o odmiennej orientacji seksualnej i osoby z niepe\u0142nosprawno\u015bciami. Wszyscy ci ludzie, kt\u00f3rzy nie pasowali do nazistowskiego idea\u0142u nadcz\u0142owieka \u2013 Aryjczyka, kt\u00f3ry mia\u0142 cieszy\u0107 si\u0119 pe\u0142ni\u0105 w\u0142adzy w III Rzeszy oraz na terytoriach przez III Rzesz\u0119 podbitych \u2013 zas\u0142uguj\u0105 na nasz\u0105 pami\u0119\u0107 i szacunek. Ale przychodz\u0105c tutaj nie mo\u017cemy tylko milcze\u0107. Nie mo\u017cemy milcze\u0107 w obliczu zbrodni pope\u0142nianych przez rz\u0105d Benjamina Netanjahu, w obliczu pe\u0142noskalowej inwazji oraz czystki etnicznej &#8211; dodaje.<\/span><\/p>\n<p class=\"text--paragraph\"><span style=\"color: #000080;\">W o\u015bwiadczeniu uczestnicy demonstracji napisali: &#8220;Nie mo\u017cemy milcze\u0107, gdy rz\u0105d Benjamina Netanjahu dokonuje masakry dziesi\u0105tek tysi\u0119cy ludzi w Gazie i planuje wysiedlenie pozosta\u0142ych 2 milion\u00f3w Palesty\u0144czyk\u00f3w. Netanjahu od zawsze sprzeciwia\u0142 si\u0119 procesowi pokojowemu i stworzeniu niepodleg\u0142ego pa\u0144stwa palesty\u0144skiego, de facto pogrzebuj\u0105c uk\u0142ad pokojowy z Oslo. Jego dzia\u0142ania s\u0105 nie do zaakceptowania i wymagaj\u0105 stanowczego pot\u0119pienia. Nie mo\u017cemy milcze\u0107, gdy na naszych oczach i na oczach ca\u0142ego \u015bwiata odbywa si\u0119 ludob\u00f3jstwo. Nie mo\u017cemy pozosta\u0107 oboj\u0119tni, gdy pot\u0119pianie okupacji oraz polityki prowadzonej przez Izrael w spos\u00f3b nieuzasadniony \u0142\u0105czone jest stale z antysemityzmem. Jako obywatele wolnego i demokratycznego \u015bwiata, musimy wyrazi\u0107 nasz sprzeciw wobec barbarzy\u0144skich metod, kt\u00f3re przekraczaj\u0105 granice moralno\u015bci, praw cz\u0142owieka i cywilizowanego post\u0119powania. Wzywamy Organizacj\u0119 Narod\u00f3w Zjednoczonych do podj\u0119cia obiektywnych dzia\u0142a\u0144 w celu rozwi\u0105zania konfliktu i zapewnienia poszanowania praw cz\u0142owieka oraz przestrzegania zasad prawa wojennego. \u017b\u0105damy, aby izraelski rz\u0105d respektowa\u0142 te zasady, a osoby odpowiedzialne za naruszenia ponosi\u0142y odpowiedzialno\u015b\u0107 przed mi\u0119dzynarodowym wymiarem sprawiedliwo\u015bci. Wyznajemy przekonanie, \u017ce prawo mi\u0119dzynarodowe powinno by\u0107 respektowane i przestrzegane przez wszystkie pa\u0144stwa, bez wzgl\u0119du na ich status czy po\u0142o\u017cenie geograficzne.&#8221;<\/span><\/p>\n<h4 class=\"text--title font-head-700\" style=\"text-align: left;\"><strong>Auschwitz-Birkenau. Miejsce zag\u0142ady co najmniej 1,1 mln ludzi<\/strong><\/h4>\n<p class=\"text--paragraph\"><span style=\"color: #000080;\">Marsz \u017bywych to projekt edukacyjny, pod kt\u00f3rego auspicjami \u017bydzi z r\u00f3\u017cnych kraj\u00f3w, g\u0142\u00f3wnie uczniowie i studenci, odwiedzaj\u0105 miejsca zag\u0142ady, kt\u00f3re Niemcy utworzyli podczas wojny na okupowanych ziemiach polskich. Poznaj\u0105 r\u00f3wnie\u017c histori\u0119 polskich \u017byd\u00f3w. Spotykaj\u0105 si\u0119 m.in. z r\u00f3wie\u015bnikami i polskimi sprawiedliwymi w\u015br\u00f3d narod\u00f3w \u015bwiata. Przemarsz mi\u0119dzy by\u0142ymi obozami w \u015bwi\u0119to Jom Ha-Szoa jest kulminacj\u0105 projektu.<\/span><\/p>\n<p class=\"text--paragraph\"><span style=\"color: #000080;\">Pierwszy marsz odby\u0142 si\u0119 w 1988 r. Kolejne odbywa\u0142y si\u0119 co dwa lata, a od 1996 r. rokrocznie. W najliczniejszym uczestniczy\u0142o 20 tys. os\u00f3b, w tym delegacje z prawie 50 kraj\u00f3w. W przesz\u0142o\u015bci w ramach uroczysto\u015bci na terenie by\u0142ego niemieckiego nazistowskiego obozu Auschwitz-Birkenau maszerowali mi\u0119dzy innymi prezydenci i premierzy Polski oraz Izraela, nobli\u015bci i duchowni r\u00f3\u017cnych wyzna\u0144.<\/span><\/p>\n<hr>\n<p><iframe loading=\"lazy\" id=\"twitter-widget-0\" class=\"\" title=\"X Post\" src=\"https:\/\/platform.twitter.com\/embed\/Tweet.html?dnt=false&amp;embedId=twitter-widget-0&amp;features=eyJ0ZndfdGltZWxpbmVfbGlzdCI6eyJidWNrZXQiOltdLCJ2ZXJzaW9uIjpudWxsfSwidGZ3X2ZvbGxvd2VyX2NvdW50X3N1bnNldCI6eyJidWNrZXQiOnRydWUsInZlcnNpb24iOm51bGx9LCJ0ZndfdHdlZXRfZWRpdF9iYWNrZW5kIjp7ImJ1Y2tldCI6Im9uIiwidmVyc2lvbiI6bnVsbH0sInRmd19yZWZzcmNfc2Vzc2lvbiI6eyJidWNrZXQiOiJvbiIsInZlcnNpb24iOm51bGx9LCJ0ZndfZm9zbnJfc29mdF9pbnRlcnZlbnRpb25zX2VuYWJsZWQiOnsiYnVja2V0Ijoib24iLCJ2ZXJzaW9uIjpudWxsfSwidGZ3X21peGVkX21lZGlhXzE1ODk3Ijp7ImJ1Y2tldCI6InRyZWF0bWVudCIsInZlcnNpb24iOm51bGx9LCJ0ZndfZXhwZXJpbWVudHNfY29va2llX2V4cGlyYXRpb24iOnsiYnVja2V0IjoxMjA5NjAwLCJ2ZXJzaW9uIjpudWxsfSwidGZ3X3Nob3dfYmlyZHdhdGNoX3Bpdm90c19lbmFibGVkIjp7ImJ1Y2tldCI6Im9uIiwidmVyc2lvbiI6bnVsbH0sInRmd19kdXBsaWNhdGVfc2NyaWJlc190b19zZXR0aW5ncyI6eyJidWNrZXQiOiJvbiIsInZlcnNpb24iOm51bGx9LCJ0ZndfdXNlX3Byb2ZpbGVfaW1hZ2Vfc2hhcGVfZW5hYmxlZCI6eyJidWNrZXQiOiJvbiIsInZlcnNpb24iOm51bGx9LCJ0ZndfdmlkZW9faGxzX2R5bmFtaWNfbWFuaWZlc3RzXzE1MDgyIjp7ImJ1Y2tldCI6InRydWVfYml0cmF0ZSIsInZlcnNpb24iOm51bGx9LCJ0ZndfbGVnYWN5X3RpbWVsaW5lX3N1bnNldCI6eyJidWNrZXQiOnRydWUsInZlcnNpb24iOm51bGx9LCJ0ZndfdHdlZXRfZWRpdF9mcm9udGVuZCI6eyJidWNrZXQiOiJvbiIsInZlcnNpb24iOm51bGx9fQ%3D%3D&amp;frame=false&amp;hideCard=false&amp;hideThread=false&amp;id=1712093791325126913&amp;lang=pl&amp;origin=https%3A%2F%2Fkrakow.wyborcza.pl%2Fkrakow%2F7%2C44425%2C30941579%2C6-maja-marsz-zywych-przechodzi-przez-teren-bylego-obozu-auschwitz-birkenau.html&amp;sessionId=d0e4654be73528cacc314c5b7d916c58bf3e6a67&amp;theme=light&amp;widgetsVersion=2615f7e52b7e0%3A1702314776716&amp;width=550px\" width=\"650\" height=\"600\" frameborder=\"0\" scrolling=\"yes\" allowfullscreen=\"allowfullscreen\" data-tweet-id=\"1712093791325126913\" data-mce-fragment=\"1\"><\/iframe><\/p>\n<hr>\n<p class=\"text--paragraph\"><span style=\"color: #000080;\">Niemcy za\u0142o\u017cyli ob\u00f3z Auschwitz w 1940 r., pierwotnie po to, aby wi\u0119zi\u0107 w nim Polak\u00f3w. Auschwitz II -Birkenau powsta\u0142 dwa lata p\u00f3\u017aniej. Sta\u0142 si\u0119 miejscem zag\u0142ady \u017byd\u00f3w. W kompleksie obozowym funkcjonowa\u0142a tak\u017ce sie\u0107 podoboz\u00f3w. W Auschwitz Niemcy zg\u0142adzili co najmniej 1,1 mln ludzi, g\u0142\u00f3wnie \u017byd\u00f3w, a tak\u017ce Polak\u00f3w, Rom\u00f3w, je\u0144c\u00f3w sowieckich i osoby innych narodowo\u015bci.<\/span><\/p>\n<hr>\n<p style=\"text-align: left;\"><strong><span style=\"color: #808080;\"><em>Red. Ma\u0142gorzata Skowro\u0144ska<\/em><\/span><\/strong><\/p>\n<p style=\"text-align: left;\"><span style=\"color: #808080;\"><em><strong>Bart\u0142omiej Kura\u015b<\/strong> &#8211; Wyda\u0142 &#8220;Niech to szlak&#8221;, z Paw\u0142em Smole\u0144skim napisa\u0142 trzy ksi\u0105\u017cki: &#8220;Bedzies wisio\u0142 za cosik&#8221;, &#8220;Kruca fuks&#8221;, &#8220;Krzy\u017cyk niespodziany&#8221;. T\u0142umaczy\u0142 na gwar\u0119 g\u00f3rali komiksy &#8220;Kajko i Kokosz&#8221;. Nagrodzony m. in. przez Press Club Polska i Kryszta\u0142owym Pi\u00f3rem.<\/em><\/span><\/p>\n<hr style=\"height: 15px; background: #d0e6fa; width: 100%;\">\n<div id=\"content\" class=\"content-alignment\">\n<div id=\"watch-description\" class=\"yt-uix-button-panel\">\n<div id=\"watch-description-text\" style=\"text-align: center;\">\n<p><em>Zawarto\u015b\u0107 publikowanych artyku\u0142\u00f3w i materia\u0142\u00f3w nie reprezentuje pogl\u0105d\u00f3w ani opinii Reunion&#8217;68,<\/em><em><br \/>\nani te\u017c webmastera Blogu Reunion&#8217;68, chyba ze jest to wyra\u017anie zaznaczone.<br \/>\nTwoje uwagi, linki, w\u0142asne artyku\u0142y lub wiadomo\u015bci prze\u015blij na adres:<br \/>\n<\/em><span style=\"color: #000080;\"><strong><em><a style=\"color: #000080;\" href=\"mailto:webmaster@reunion68.com\"><span style=\"text-decoration: underline;\">webmaster@reunion68.com<\/span><\/a><\/em><\/strong><\/span><\/p>\n<\/div>\n<\/div>\n<\/div>\n<hr style=\"width: 100%;\">\n","protected":false},"excerpt":{"rendered":"<p>(Fot. Konrad Koz\u0142owski \/ Agencja Wyborcza.pl) Tysi\u0105ce \u017byd\u00f3w idzie w Marszu \u017bywych na terenie by\u0142ego obozu Auschwitz-Birkenau. Na trasie demonstracja palesty\u0144ska Bart\u0142omiej Kura\u015b Tysi\u0105ce \u017byd\u00f3w z r\u00f3\u017cnych stron \u015bwiata przejdzie w poniedzia\u0142ek w tradycyjnym Marszu \u017bywych przez teren by\u0142ego niemieckiego, nazistowskiego obozu Auschwitz-Birkenau. Towarzysz\u0105 im m\u0142odzi Polacy. W tym roku, ze wzgl\u0119du na wojn\u0119 izraelsko-palesty\u0144sk\u0105, [&hellip;]<\/p>\n","protected":false},"author":1,"featured_media":0,"comment_status":"closed","ping_status":"closed","sticky":false,"template":"","format":"standard","meta":[],"categories":[6],"tags":[26,24],"_links":{"self":[{"href":"https:\/\/www.reunion68.se\/index.php?rest_route=\/wp\/v2\/posts\/112724"}],"collection":[{"href":"https:\/\/www.reunion68.se\/index.php?rest_route=\/wp\/v2\/posts"}],"about":[{"href":"https:\/\/www.reunion68.se\/index.php?rest_route=\/wp\/v2\/types\/post"}],"author":[{"embeddable":true,"href":"https:\/\/www.reunion68.se\/index.php?rest_route=\/wp\/v2\/users\/1"}],"replies":[{"embeddable":true,"href":"https:\/\/www.reunion68.se\/index.php?rest_route=%2Fwp%2Fv2%2Fcomments&post=112724"}],"version-history":[{"count":10,"href":"https:\/\/www.reunion68.se\/index.php?rest_route=\/wp\/v2\/posts\/112724\/revisions"}],"predecessor-version":[{"id":112738,"href":"https:\/\/www.reunion68.se\/index.php?rest_route=\/wp\/v2\/posts\/112724\/revisions\/112738"}],"wp:attachment":[{"href":"https:\/\/www.reunion68.se\/index.php?rest_route=%2Fwp%2Fv2%2Fmedia&parent=112724"}],"wp:term":[{"taxonomy":"category","embeddable":true,"href":"https:\/\/www.reunion68.se\/index.php?rest_route=%2Fwp%2Fv2%2Fcategories&post=112724"},{"taxonomy":"post_tag","embeddable":true,"href":"https:\/\/www.reunion68.se\/index.php?rest_route=%2Fwp%2Fv2%2Ftags&post=112724"}],"curies":[{"name":"wp","href":"https:\/\/api.w.org\/{rel}","templated":true}]}}