{"id":112726,"date":"2024-05-07T17:05:58","date_gmt":"2024-05-07T15:05:58","guid":{"rendered":"http:\/\/www.reunion68.se\/?p=112726"},"modified":"2024-05-07T08:55:57","modified_gmt":"2024-05-07T06:55:57","slug":"13-05-99","status":"publish","type":"post","link":"https:\/\/www.reunion68.se\/?p=112726","title":{"rendered":"Facebook usun\u0105\u0142 21 post\u00f3w Muzeum Auschwitz. Teraz przeprasza, ale jedno ze zdj\u0119\u0107 nie wr\u00f3ci\u0142o"},"content":{"rendered":"<h5 style=\"text-align: center;\"><a href=\"https:\/\/krakow.wyborcza.pl\/\" target=\"_blank\" rel=\"noopener noreferrer\"><img decoding=\"async\" class=\"center alignleft\" src=\"http:\/\/www.reunion68.com\/Biuletyn\/img\/wyborcza-krak.png\" alt=\"\" width=\"35%\" \/><\/a><span style=\"text-decoration: underline; color: #000080;\"><strong><a style=\"color: #000080; text-decoration: underline;\" href=\"https:\/\/krakow.wyborcza.pl\/krakow\/7,44425,30894498,meta-przeprasza-muzeum-auschwitz-za-bledne-oznaczenie-21-postow.html#S.embed_article-K.C-B.1-L.1.zw\" target=\"_blank\" rel=\"noopener noreferrer\">Facebook usun\u0105\u0142 21 post\u00f3w Muzeum Auschwitz. Teraz przeprasza, ale jedno ze zdj\u0119\u0107 nie wr\u00f3ci\u0142o<\/a><\/strong><\/span><\/h5>\n<p style=\"text-align: center;\"><span style=\"color: #000000;\"><strong>Dominika Wantuch<\/strong><\/span><\/p>\n<hr style=\"height: 15px; background: #d0e6fa; width: 100%;\" \/>\n<p style=\"text-align: center;\"><img decoding=\"async\" class=\"aligncenter\" src=\"https:\/\/bi.im-g.pl\/im\/14\/0a\/1c\/z29402900AMP,Muzeum-Auschwitz.jpg\" width=\"100%\" \/><span style=\"color: #808080;\"><em>Muzeum Auschwitz (Fot. Jakub Porzycki \/ Agencja Wyborcza.pl)<\/em><\/span><\/p>\n<div class=\"text--lead \" data-progress-bar-content=\"\"><span style=\"color: #000080;\">&#8220;Pragniemy wyrazi\u0107 nasze g\u0142\u0119bokie zaniepokojenie w zwi\u0105zku z ostatni\u0105 akcj\u0105 Facebook jednoczesnego oflagowania 21 post\u00f3w, opublikowanych przez Muzeum Auschwitz&#8221; &#8211; napisali 12 kwietnia przedstawiciele muzeum. Meta przywr\u00f3ci\u0142a wpisy dopiero po interwencji.<\/span><\/div>\n<div class=\"column-54\" data-position=\"54,4\"><\/div>\n<div class=\"article--underlead\"><span style=\"color: #000080;\">Chodzi o 21 post\u00f3w opatrzonych zdj\u0119ciami, kt\u00f3re upami\u0119tniaj\u0105 ofiary Auschwitz. Muzeum codziennie publikuje po kilka takich wpis\u00f3w, kt\u00f3re opowiadaj\u0105 histori\u0119 poszczeg\u00f3lnych os\u00f3b. Informacje o nich s\u0105 publikowane w dniu urodzin wi\u0119\u017ani\u00f3w.<\/span><\/div>\n<div>.<\/div>\n<div class=\"article--content article--content-free  \">\n<h4 class=\"text--title font-head-700\" style=\"text-align: left;\"><strong>Muzeum Auschwitz: Absurdalne uzasadnienia<\/strong><\/h4>\n<p class=\"text--paragraph\"><span style=\"color: #000080;\">12 kwietnia dosz\u0142o jednak do kuriozalnej sytuacji. Wpisy, &#8220;kt\u00f3re\u00a0s\u0142u\u017c\u0105 jako ho\u0142d dla poszczeg\u00f3lnych ofiar Auschwitz, zosta\u0142y nies\u0142usznie ukierunkowane przez system moderowania tre\u015bci tej platformy&#8221;. Meta, do kt\u00f3rej nale\u017cy X i Facebook, flaguj\u0105c posty, powo\u0142a\u0142a si\u0119 na &#8220;absurdalne powody, takie jak &#8220;nago\u015b\u0107 i aktywno\u015b\u0107 seksualna doros\u0142ych&#8221;, &#8220;n\u0119kanie i molestowanie&#8221;, &#8220;mowa nienawi\u015bci&#8221; i &#8220;pod\u017ceganie do przemocy&#8221; &#8211; relacjonowali przedstawiciele Muzeum.<\/span><\/p>\n<p><span style=\"color: #000080;\">Podkre\u015blali przy tym, \u017ce Muzeum\u00a0Auschwitz to instytucja, po\u015bwi\u0119cona zachowaniu pami\u0119ci o ofiarach niemieckiego nazistowskiego obozu, a publikowane posty nie zawieraj\u0105 nic poza dokumentacj\u0105 historyczn\u0105, ukazuj\u0105 twarze i informacje o tych, &#8220;kt\u00f3rzy ucierpieli i zostali zamordowani w miejscu, kt\u00f3re symbolizuje jeden z najczarniejszych rozdzia\u0142\u00f3w historii&#8221;.<\/span><\/p>\n<p><span style=\"color: #000080;\">Podkre\u015blali przy tym, \u017ce Muzeum\u00a0Auschwitz to instytucja, po\u015bwi\u0119cona zachowaniu pami\u0119ci o ofiarach niemieckiego nazistowskiego obozu, a publikowane posty nie zawieraj\u0105 nic poza dokumentacj\u0105 historyczn\u0105, ukazuj\u0105 twarze i informacje o tych, &#8220;kt\u00f3rzy ucierpieli i zostali zamordowani w miejscu, kt\u00f3re symbolizuje jeden z najczarniejszych rozdzia\u0142\u00f3w historii&#8221;.<\/span><\/p>\n<p><span style=\"color: #000080;\">Podkre\u015blali przy tym, \u017ce Muzeum\u00a0Auschwitz to instytucja, po\u015bwi\u0119cona zachowaniu pami\u0119ci o ofiarach niemieckiego nazistowskiego obozu, a publikowane posty nie zawieraj\u0105 nic poza dokumentacj\u0105 historyczn\u0105, ukazuj\u0105 twarze i informacje o tych, &#8220;kt\u00f3rzy ucierpieli i zostali zamordowani w miejscu, kt\u00f3re symbolizuje jeden z najczarniejszych rozdzia\u0142\u00f3w historii&#8221;.<\/span><\/p>\n<p class=\"text--paragraph\"><span style=\"color: #000080;\">&#8220;Uzasadnienie przedstawione przez Facebooka i twierdzenie, \u017ce te posty przypominaj\u0105 tre\u015bci naruszaj\u0105ce standardy spo\u0142eczno\u015bci, jest ca\u0142kowicie myl\u0105ce. Od lat\u00a0Muzeum Auschwitz udost\u0119pnia podobne tre\u015bci bez \u017cadnych problem\u00f3w, a jednak nagle 21 post\u00f3w zosta\u0142o jednocze\u015bnie oflagowanych. To budzi powa\u017cne w\u0105tpliwo\u015bci co do skuteczno\u015bci i dok\u0142adno\u015bci technologii moderowania tre\u015bci.\u00a0Ten okropny incydent nie tylko podwa\u017ca wa\u017cn\u0105 prac\u0119 naszej instytucji. Taki czyn jest niedopuszczalny i obra\u017aliwy dla pami\u0119ci ofiar Auschwitz, kt\u00f3r\u0105 staramy si\u0119 zachowa\u0107. To krzywdzi tych, kt\u00f3rzy prze\u017cyli, potomk\u00f3w i wszystkich, kt\u00f3rzy chc\u0105 zachowa\u0107 prawd\u0119 historyczn\u0105&#8221; &#8211; napisa\u0142o Muzeum w o\u015bwiadczeniu.<\/span><\/p>\n<h4 class=\"text--title font-head-700\"><strong>Muzeum Auschwitz sk\u0142ada odwo\u0142anie, Meta przeprasza<\/strong><\/h4>\n<p class=\"text--paragraph\"><span style=\"color: #000080;\">&#8211; Gdy tylko otrzymali\u015bmy powiadomienia o oflagowaniu biograficznych post\u00f3w dotycz\u0105cych los\u00f3w ofiar obozu Auschwitz, natychmiast skorzystali\u015bmy z dost\u0119pnego w systemie odwo\u0142ania, kt\u00f3re zadzia\u0142a\u0142o tylko w kilku przypadkach. Ze wzgl\u0119du na wag\u0119 sprawy, postanowili\u015bmy opisa\u0107 j\u0105 publicznie, oczywi\u015bcie oznaczaj\u0105c Met\u0119 i prosz\u0105c o wyja\u015bnienie ca\u0142ego zdarzenia &#8211; podkre\u015bla Pawe\u0142 Sawicki z biura prasowego Muzeum Auschwitz.<\/span><\/p>\n<p class=\"text--paragraph\"><span style=\"color: #000080;\">W weekend w tej sprawie interweniowa\u0142 minister cyfryzacji Krzysztof Gawkowski. &#8220;Ukrywanie post\u00f3w upami\u0119tniaj\u0105cych ofiary\u00a0Auschwitz\u00a0to skandal i ilustracja problem\u00f3w z automatyczn\u0105 moderacj\u0105 tre\u015bci.\u00a0B\u0119dziemy domaga\u0107 si\u0119 od Meta\u00a0informacji o powodach tej sytuacji. Moderator\u00f3w powinno by\u0107 wi\u0119cej, a ci, kt\u00f3rzy pracuj\u0105 na polskim rynku, powinni zna\u0107 nie tylko j\u0119zyk (kt\u00f3ry tu nie by\u0142 problemem), ale i kontekst &#8211; napisa\u0142 na portalu X minister Gawkowski, zaznaczaj\u0105c, \u017ce w\u0142a\u015bnie ten powracaj\u0105cy problem z moderacj\u0105 tre\u015bci jest jednym z powod\u00f3w,\u00a0dla kt\u00f3rych\u00a0trwaj\u0105 prace nad wdro\u017ceniem europejskiego prawa DSA (Digital Services Act).<\/span><\/p>\n<p class=\"text--paragraph\"><span style=\"color: #000080;\">Na reakcj\u0119 Mety trzeba by\u0142o poczeka\u0107 jednak kilka dni. Posty wr\u00f3ci\u0142y na stron\u0119 16 kwietnia, a Meta w wydanym o\u015bwiadczeniu przekazanym Informacyjnej Agencji Radiowej przeprosi\u0142a za zaistnia\u0142\u0105 sytuacj\u0119 i stwierdzi\u0142a, \u017ce dosz\u0142o do pomy\u0142ki i &#8220;b\u0142\u0119du technicznego&#8221;.<\/span><\/p>\n<p class=\"text--paragraph\" style=\"text-align: left;\"><span style=\"color: #000080;\">&#8220;Omy\u0142kowo wys\u0142ali\u015bmy powiadomienia do Muzeum Auschwitz, informuj\u0105ce o tym, \u017ce kilka opublikowanych przez muzeum post\u00f3w b\u0119dzie wy\u015bwietlanych ni\u017cej w Aktualno\u015bciach. Tak naprawd\u0119 tre\u015bci te nie naruszaj\u0105 naszych zasad i nigdy te\u017c nie zosta\u0142y przeniesione ni\u017cej na karcie Aktualno\u015bci. Serdecznie przepraszamy za t\u0119 pomy\u0142k\u0119&#8221; &#8211; napisa\u0142a Meta w o\u015bwiadczeniu.<\/span><\/p>\n<p class=\"text--paragraph\" style=\"text-align: left;\"><span style=\"color: #000080;\">Przedstawiciel Mety w Polsce skontaktowa\u0142 si\u0119 r\u00f3wnie\u017c z Muzeum Auschwitz.\u00a0&#8211; Wyja\u015bni\u0142 nam, \u017ce oflagowanie post\u00f3w by\u0142o b\u0142\u0119dem technicznym, kt\u00f3ry nie wp\u0142yn\u0105\u0142 na ich widoczno\u015b\u0107 &#8211; m\u00f3wi Pawe\u0142 Sawicki.<\/span><\/p>\n<h4 class=\"text--title font-head-700\" style=\"text-align: left;\"><strong>Meta przywraca posty. Ale nie ten o dzieciach z sieroci\u0144ca<\/strong><\/h4>\n<p class=\"text--paragraph\"><span style=\"color: #000080;\">Czy rzeczywi\u015bcie to pomy\u0142ka, czy jednak kompletna ignorancja i brak podstawowej wiedzy historycznej? &#8211; zastanawiaj\u0105 si\u0119 komentuj\u0105cy spraw\u0119 internauci.<\/span><\/p>\n<p class=\"text--paragraph\"><span style=\"color: #000080;\">Facebook bowiem przywr\u00f3ci\u0142 posty, ale z wyj\u0105tkiem jednego: wpisu upami\u0119tniaj\u0105cego tragiczny los \u017cydowskich dzieci z sieroci\u0144ca w Izieu. To post z 6 kwietnia, kt\u00f3ry zosta\u0142 usuni\u0119ty bez mo\u017cliwo\u015bci odwo\u0142ania.<\/span><\/p>\n<hr \/>\n<div class=\"text--embed\"><iframe loading=\"lazy\" class=\"fb-embed\" src=\"https:\/\/www.facebook.com\/plugins\/post.php?href=https%3A%2F%2Fwww.facebook.com%2Fauschwitzmemorial%2Fposts%2F838552371649462&amp;show_text=true&amp;width=700\" width=\"700\" height=\"900\" frameborder=\"0\" scrolling=\"yes\" allowfullscreen=\"allowfullscreen\" data-mce-fragment=\"1\"><\/iframe><\/div>\n<hr \/>\n<p class=\"text--paragraph\">\n<span style=\"color: #000080;\">Pawe\u0142 Sawicki przyznaje, \u017ce budzi to w\u0105tpliwo\u015bci. &#8211;\u00a0Mieli\u015bmy przypadki, gdy np. Meta reagowa\u0142a na post dotycz\u0105cy historii Rom\u00f3w, kt\u00f3ry by\u0142 ilustrowany zdj\u0119ciem romskich bli\u017aniaczek, ofiar Auschwitz. Rzeczywi\u015bcie, to zdj\u0119cie bardzo trudne w odbiorze i nie zamieszczamy go ju\u017c. W og\u00f3le staramy si\u0119 nie korzysta\u0107 z bardzo drastycznych obraz\u00f3w, a gdy dochodzi do takich sytuacji, korzystamy z narz\u0119dzia do oznaczenia wra\u017cliwych tre\u015bci. Natomiast w przypadku posta dotycz\u0105cego \u017cydowskich dzieci z sieroci\u0144ca w Izieu nie by\u0142o mowy o jakichkolwiek kontrowersjach &#8211; zaznacza Pawe\u0142 Sawicki.<\/span><\/p>\n<p class=\"text--paragraph\"><span style=\"color: #000080;\">Podkre\u015bla przy tym, \u017ce Muzeum oczekiwa\u0142oby, aby platformy spo\u0142eczno\u015bciowe wi\u0119ksz\u0105 wag\u0119 przywi\u0105zywa\u0142y do tre\u015bci antysemickich, mowy nienawi\u015bci, tre\u015bci neguj\u0105cych Holocaust, kt\u00f3re s\u0105 sprzeczne z regulaminem Mety.<\/span><\/p>\n<p class=\"text--paragraph\"><span style=\"color: #000080;\">Takich tre\u015bci &#8211; w r\u00f3\u017cnych j\u0119zykach &#8211; jest du\u017co r\u00f3wnie\u017c na platformie X (nie nale\u017c\u0105cej do Mety), a reakcji czasami brakuje.<\/span><\/p>\n<p class=\"text--paragraph\"><span style=\"color: #000080;\">We wrze\u015bniu 2023 r.\u00a0&#8220;Jerusalem Post&#8221; donosi\u0142 o wzro\u015bcie antysemickich postaw internaut\u00f3w na portalu X. O antysemickie komentarze by\u0142 oskar\u017cany te\u017c w\u0142a\u015bciciel m.in. SpaceX, Elon Musk, kt\u00f3ry udost\u0119pni\u0142 w sieci wpis popieraj\u0105cy antysemick\u0105 teori\u0119 spiskow\u0105, nazywaj\u0105c j\u0105 &#8220;prawd\u0105&#8221;. Musk przeprosi\u0142 p\u00f3\u017aniej za niego i zaprzeczy\u0142, by by\u0142 antysemit\u0105, a na pocz\u0105tku tego roku odwiedzi\u0142 Muzeum Auschwitz.<\/span><\/p>\n<\/div>\n<hr style=\"height: 15px; background: #d0e6fa; width: 100%;\" \/>\n<div id=\"content\" class=\"content-alignment\">\n<div id=\"watch-description\" class=\"yt-uix-button-panel\">\n<div id=\"watch-description-text\" style=\"text-align: center;\">\n<p><em>Zawarto\u015b\u0107 publikowanych artyku\u0142\u00f3w i materia\u0142\u00f3w nie reprezentuje pogl\u0105d\u00f3w ani opinii Reunion&#8217;68,<\/em><em><br \/>\nani te\u017c webmastera Blogu Reunion&#8217;68, chyba ze jest to wyra\u017anie zaznaczone.<br \/>\nTwoje uwagi, linki, w\u0142asne artyku\u0142y lub wiadomo\u015bci prze\u015blij na adres:<br \/>\n<\/em><span style=\"color: #000080;\"><strong><em><a style=\"color: #000080;\" href=\"mailto:webmaster@reunion68.com\"><span style=\"text-decoration: underline;\">webmaster@reunion68.com<\/span><\/a><\/em><\/strong><\/span><\/p>\n<\/div>\n<\/div>\n<\/div>\n<hr style=\"width: 100%;\" \/>\n","protected":false},"excerpt":{"rendered":"<p>Facebook usun\u0105\u0142 21 post\u00f3w Muzeum Auschwitz. Teraz przeprasza, ale jedno ze zdj\u0119\u0107 nie wr\u00f3ci\u0142o Dominika Wantuch Muzeum Auschwitz (Fot. Jakub Porzycki \/ Agencja Wyborcza.pl) &#8220;Pragniemy wyrazi\u0107 nasze g\u0142\u0119bokie zaniepokojenie w zwi\u0105zku z ostatni\u0105 akcj\u0105 Facebook jednoczesnego oflagowania 21 post\u00f3w, opublikowanych przez Muzeum Auschwitz&#8221; &#8211; napisali 12 kwietnia przedstawiciele muzeum. Meta przywr\u00f3ci\u0142a wpisy dopiero po interwencji. [&hellip;]<\/p>\n","protected":false},"author":1,"featured_media":0,"comment_status":"closed","ping_status":"closed","sticky":false,"template":"","format":"standard","meta":[],"categories":[6],"tags":[26,24],"_links":{"self":[{"href":"https:\/\/www.reunion68.se\/index.php?rest_route=\/wp\/v2\/posts\/112726"}],"collection":[{"href":"https:\/\/www.reunion68.se\/index.php?rest_route=\/wp\/v2\/posts"}],"about":[{"href":"https:\/\/www.reunion68.se\/index.php?rest_route=\/wp\/v2\/types\/post"}],"author":[{"embeddable":true,"href":"https:\/\/www.reunion68.se\/index.php?rest_route=\/wp\/v2\/users\/1"}],"replies":[{"embeddable":true,"href":"https:\/\/www.reunion68.se\/index.php?rest_route=%2Fwp%2Fv2%2Fcomments&post=112726"}],"version-history":[{"count":11,"href":"https:\/\/www.reunion68.se\/index.php?rest_route=\/wp\/v2\/posts\/112726\/revisions"}],"predecessor-version":[{"id":112749,"href":"https:\/\/www.reunion68.se\/index.php?rest_route=\/wp\/v2\/posts\/112726\/revisions\/112749"}],"wp:attachment":[{"href":"https:\/\/www.reunion68.se\/index.php?rest_route=%2Fwp%2Fv2%2Fmedia&parent=112726"}],"wp:term":[{"taxonomy":"category","embeddable":true,"href":"https:\/\/www.reunion68.se\/index.php?rest_route=%2Fwp%2Fv2%2Fcategories&post=112726"},{"taxonomy":"post_tag","embeddable":true,"href":"https:\/\/www.reunion68.se\/index.php?rest_route=%2Fwp%2Fv2%2Ftags&post=112726"}],"curies":[{"name":"wp","href":"https:\/\/api.w.org\/{rel}","templated":true}]}}