{"id":11284,"date":"2014-12-23T19:00:27","date_gmt":"2014-12-23T17:00:27","guid":{"rendered":"http:\/\/www.reunion68.se\/?p=11284"},"modified":"2014-12-22T18:06:55","modified_gmt":"2014-12-22T16:06:55","slug":"11284","status":"publish","type":"post","link":"https:\/\/www.reunion68.se\/?p=11284","title":{"rendered":"We Francji m\u0119\u017cczyzna wjecha\u0142 autem w przechodni\u00f3w. \u015awiadkowie: krzycza\u0142 &#8220;Allah jest wielki!&#8221;"},"content":{"rendered":"<h5 style=\"text-align: center;\"><a href=\"http:\/\/wiadomosci.wp.pl\/\" target=\"_blank\"><img decoding=\"async\" class=\"center alignleft\" src=\"http:\/\/www.reunion68.com\/Biuletyn\/img\/wp1.png\" alt=\"\" \/><\/a><span style=\"text-decoration: underline; color: #000080;\"><span style=\"text-decoration: underline;\"><strong><a style=\"color: #000080; text-decoration: underline;\" href=\"http:\/\/wiadomosci.wp.pl\/kat,1329,title,We-Francji-mezczyzna-wjechal-autem-w-przechodniow-Swiadkowie-krzyczal-Allah-jest-wielki,wid,17123502,wiadomosc.html?ticaid=114069\" target=\"_blank\">We Francji m\u0119\u017cczyzna wjecha\u0142 autem w przechodni\u00f3w. \u015awiadkowie: krzycza\u0142 &#8220;Allah jest wielki!&#8221;<\/a><\/strong><\/span><\/span><\/h5>\n<p style=\"text-align: center;\"><span style=\"color: #333333;\"><strong>IAR, PAP <\/strong><\/span><\/p>\n<hr style=\"height: 15px; background: #d0e6fa; width: 710px;\" \/>\n<div style=\"width: 360px\" class=\"wp-caption alignright\"><img decoding=\"async\" class=\"fot\" src=\"http:\/\/i.wp.pl\/a\/f\/jpeg\/34247\/epa_muzulmanie_francja_600.jpeg\" alt=\"Muzu\u0142manie stanowi\u0105 coraz wi\u0119ksz\u0105 cz\u0119\u015b\u0107 spo\u0142ecze\u0144stwa francuskiego \" width=\"350\" \/><p class=\"wp-caption-text\"><center><span style=\"color: #000080;\"><em>Muzu\u0142manie stanowi\u0105 coraz wi\u0119ksz\u0105 cz\u0119\u015b\u0107 spo\u0142ecze\u0144stwa francuskiego \/ PAP\/EPA \/ Lucas Dolega<\/em><\/span><\/center><\/p><\/div>\n<p style=\"text-align: left;\"><span style=\"color: #333333;\"><strong>Francuskie media informuj\u0105 o kolejnym niepokoj\u0105cym zdarzeniu z udzia\u0142em muzu\u0142man\u00f3w. Dzisiaj w Dijon &#8211; we wschodniej Francji &#8211; kierowca wjecha\u0142 samochodem w przechodni\u00f3w. 15 os\u00f3b zosta\u0142o rannych, dwie s\u0105 w &#8220;stanie bardzo ci\u0119\u017ckim&#8221;. Wed\u0142ug \u015bwiadk\u00f3w, relacjonuj\u0105cych zdarzenie dla francuskich medi\u00f3w, kierowca krzycza\u0142 &#8220;Allah jest wielki!&#8221;. Dzie\u0144 wcze\u015bniej, policja zastrzeli\u0142a m\u0119\u017cczyzn\u0119, kt\u00f3ry z tym samym okrzykiem rzuci\u0142 si\u0119 na nich z no\u017cem<\/strong>.<\/span><\/p>\n<p style=\"text-align: left;\"><span style=\"color: #000080;\">M\u0119\u017cczyzna jecha\u0142 po chodniku przez p\u00f3\u0142tora kilometra. W samochodzie, opr\u00f3cz kierowcy, by\u0142o dw\u00f3ch pasa\u017cer\u00f3w. Prowadz\u0105cy pojazd zosta\u0142 zatrzymany przez policj\u0119, pasa\u017cerowie uciekli.<\/span><\/p>\n<p style=\"text-align: left;\"><span style=\"color: #000080;\">Jednocze\u015bnie rzecznik francuskiego MSW poinformowa\u0142, \u017ce wszcz\u0119to dochodzenie, by sprawdzi\u0107 intencje m\u0119\u017cczyzny i sprawdzi\u0107 jego ew. powi\u0105zania z grupami terrorystycznymi.<\/span><\/p>\n<p style=\"text-align: left;\"><span style=\"color: #000080;\">Zamordowa\u0142 z okrzykiem &#8220;Allah jest wielki!&#8221;<\/span><\/p>\n<p style=\"text-align: left;\"><span style=\"color: #000080;\">Do opisywanego incydentu dosz\u0142o dzie\u0144 po tym, jak m\u0142ody m\u0119\u017cczyzna, tak\u017ce z okrzykiem &#8220;Allah jest wielki!&#8221;, rani\u0142 no\u017cem trzech policjant\u00f3w w miejscowo\u015bci Joue-les-Tours w \u015brodkowej Francji. Zosta\u0142 zastrzelony.<\/span><\/p>\n<p style=\"text-align: left;\"><span style=\"color: #000080;\">Po tym ataku prokuratura antyterrorystyczna poda\u0142a, \u017ce otwarto \u015bledztwo w kierunku zamachu islamistycznego.<\/span><\/p>\n<p style=\"text-align: left;\"><span style=\"color: #000080;\">\u017byciu rannych funkcjonariuszy nie zagra\u017ca niebezpiecze\u0144stwo. 20-latek by\u0142 od d\u0142u\u017cszego czasu pod obserwacj\u0105 francuskiego wywiadu.<\/span><\/p>\n<p style=\"text-align: left;\"><span style=\"color: #333333;\"><strong>&#8220;\u015awi\u0119ta wojna&#8221; na ulice Zachodu?<\/strong><\/span><\/p>\n<p style=\"text-align: left;\"><span style=\"color: #000080;\">Wed\u0142ug cz\u0119\u015bci ekspert\u00f3w, Pa\u0144stwo Islamskie chce przenie\u015b\u0107 d\u017cihad &#8211; &#8220;\u015bwi\u0119t\u0105 wojn\u0119&#8221; &#8211; z Syrii i Iraku na ulice miast tych kraj\u00f3w, kt\u00f3re uczestnicz\u0105 w operacjach wymierzonych w islamist\u00f3w.<\/span><\/p>\n<p style=\"text-align: left;\"><span style=\"color: #000080;\">Chodzi o to, aby atakowa\u0107 i nieustannie n\u0119ka\u0107 r\u00f3\u017cne obiekty pa\u0144stwowe w metropoliach, ale tak\u017ce mniejszych miejscowo\u015bciach &#8211; t\u0142umacz\u0105 eksperci<\/span>.<\/p>\n<hr style=\"height: 15px; background: #d0e6fa; width: 710px;\" \/>\n<div id=\"content\" class=\"  content-alignment&lt;br \/&gt;&lt;br \/&gt; \">\n<div id=\"watch-description\" class=\"yt-uix-button-panel\">\n<div id=\"watch-description-text\">\n<p style=\"text-align: center;\"><span style=\"color: #808080;\"> twoje uwagi, linki, wlasne artykuly, lub wiadomosci przeslij do: <strong><span style=\"text-decoration: underline;\"><span style=\"color: #808080; text-decoration: underline;\"><a href=\"mailto:webmaster@reunion68.com\">webmaster@reunion68.com<\/a><\/span><\/span><\/strong><\/span><\/p>\n<\/div>\n<\/div>\n<\/div>\n<p>&nbsp;<\/p>\n<hr style=\"width: 710px;\" \/>\n","protected":false},"excerpt":{"rendered":"<p>We Francji m\u0119\u017cczyzna wjecha\u0142 autem w przechodni\u00f3w. \u015awiadkowie: krzycza\u0142 &#8220;Allah jest wielki!&#8221; IAR, PAP Francuskie media informuj\u0105 o kolejnym niepokoj\u0105cym zdarzeniu z udzia\u0142em muzu\u0142man\u00f3w. Dzisiaj w Dijon &#8211; we wschodniej Francji &#8211; kierowca wjecha\u0142 samochodem w przechodni\u00f3w. 15 os\u00f3b zosta\u0142o rannych, dwie s\u0105 w &#8220;stanie bardzo ci\u0119\u017ckim&#8221;. Wed\u0142ug \u015bwiadk\u00f3w, relacjonuj\u0105cych zdarzenie dla francuskich medi\u00f3w, kierowca [&hellip;]<\/p>\n","protected":false},"author":1,"featured_media":0,"comment_status":"closed","ping_status":"closed","sticky":false,"template":"","format":"standard","meta":[],"categories":[6],"tags":[24],"_links":{"self":[{"href":"https:\/\/www.reunion68.se\/index.php?rest_route=\/wp\/v2\/posts\/11284"}],"collection":[{"href":"https:\/\/www.reunion68.se\/index.php?rest_route=\/wp\/v2\/posts"}],"about":[{"href":"https:\/\/www.reunion68.se\/index.php?rest_route=\/wp\/v2\/types\/post"}],"author":[{"embeddable":true,"href":"https:\/\/www.reunion68.se\/index.php?rest_route=\/wp\/v2\/users\/1"}],"replies":[{"embeddable":true,"href":"https:\/\/www.reunion68.se\/index.php?rest_route=%2Fwp%2Fv2%2Fcomments&post=11284"}],"version-history":[{"count":15,"href":"https:\/\/www.reunion68.se\/index.php?rest_route=\/wp\/v2\/posts\/11284\/revisions"}],"predecessor-version":[{"id":11287,"href":"https:\/\/www.reunion68.se\/index.php?rest_route=\/wp\/v2\/posts\/11284\/revisions\/11287"}],"wp:attachment":[{"href":"https:\/\/www.reunion68.se\/index.php?rest_route=%2Fwp%2Fv2%2Fmedia&parent=11284"}],"wp:term":[{"taxonomy":"category","embeddable":true,"href":"https:\/\/www.reunion68.se\/index.php?rest_route=%2Fwp%2Fv2%2Fcategories&post=11284"},{"taxonomy":"post_tag","embeddable":true,"href":"https:\/\/www.reunion68.se\/index.php?rest_route=%2Fwp%2Fv2%2Ftags&post=11284"}],"curies":[{"name":"wp","href":"https:\/\/api.w.org\/{rel}","templated":true}]}}