{"id":112859,"date":"2024-05-13T17:09:52","date_gmt":"2024-05-13T15:09:52","guid":{"rendered":"http:\/\/www.reunion68.se\/?p=112859"},"modified":"2024-05-13T15:00:37","modified_gmt":"2024-05-13T13:00:37","slug":"19-09-97","status":"publish","type":"post","link":"https:\/\/www.reunion68.se\/?p=112859","title":{"rendered":"Jom Haszoah po 7 pa\u017adziernika: Jak zawiod\u0142a edukacja o Holokau\u015bcie"},"content":{"rendered":"<p style=\"text-align: center;\"><img decoding=\"async\" class=\"aligncenter\" src=\"https:\/\/www.tovima.com\/wp-content\/uploads\/2024\/01\/05\/israel-1536x1024.jpg\" width=\"100%\" \/><span style=\"color: #808080;\"><em>P\u0142on\u0105ca \u015bwieca na tle flagi izraelskiej w Jom Haszoah, Dniu Pami\u0119ci o Holokau\u015bcie. Zdj\u0119cie: Melnikov Dmitriy\/Shutterstock<\/em><\/span><\/p>\n<hr \/>\n<h5 style=\"text-align: center;\"><a href=\"https:\/\/www.listyznaszegosadu.pl\/\" target=\"_blank\" rel=\"noopener noreferrer\"><img decoding=\"async\" class=\"center alignleft\" src=\"http:\/\/www.reunion68.com\/Biuletyn\/img\/z-naszego.jpg\" alt=\"\" width=\"50%\" \/><\/a><span style=\"text-decoration: underline; color: #000080;\"><strong><a style=\"color: #000080; text-decoration: underline;\" href=\"https:\/\/www.listyznaszegosadu.pl\/syjonizm\/jom-haszoah-po-7-pazdziernika-jak-zawiodla-edukacja-o-holokausciepokolenie-mlodych-amerykanalw-uczono-uniwersalizowac-nazistowska-wojne-z-zydami-powodujac-ze-latwo-bylo-ich-uwiesc-antysemityzmem-i-a-przebudzonymi-klamstwami-na-temat-izraela\" target=\"_blank\" rel=\"noopener noreferrer\">Jom Haszoah po 7 pa\u017adziernika: Jak zawiod\u0142a edukacja o Holokau\u015bcie<\/a><\/strong><\/span><\/h5>\n<p style=\"text-align: center;\"><span style=\"color: #000000;\"><strong>Jonathan S. Tobin<br \/>\n<\/strong><span style=\"color: #808080;\"><em>T\u0142umaczenie: <\/em><\/span><strong>Ma\u0142gorzata Koraszewska<\/strong><\/span><\/p>\n<hr style=\"height: 15px; background: #d0e6fa; width: 100%;\" \/>\n<h4 style=\"text-align: center;\"><strong>Pokolenie m\u0142odych Amerykan\u00f3w uczono uniwersalizowa\u0107 nazistowsk\u0105 wojn\u0119 z \u017bydami, powoduj\u0105c, \u017ce \u0142atwo by\u0142o ich uwie\u015b\u0107 antysemityzmem i \u201eprzebudzonymi\u201d k\u0142amstwami na temat Izraela.<\/strong><\/h4>\n<p>.<\/p>\n<div class=\"templateArticleIngress\" style=\"text-align: left;\"><span style=\"color: #000080;\">Przez dziesi\u0119ciolecia ameryka\u0144skie \u017cydostwo obchodzi\u0142o Jom Haszoah \u2013 Dzie\u0144 Pami\u0119ci o Holokau\u015bcie \u2013 tymi samymi rytua\u0142ami i retoryk\u0105. S\u0142uchali ocala\u0142ych, kt\u00f3rych liczba stale maleje i kt\u00f3rzy opowiadali o swoich przera\u017caj\u0105cych do\u015bwiadczeniach. S\u0142uchali tak\u017ce opinii uczonych, kt\u00f3rzy byli cz\u0119\u015bci\u0105 rozwijaj\u0105cego si\u0119 przemys\u0142u skupiaj\u0105cego si\u0119 na studiach nad Holokaustem, co dla wielu \u017byd\u00f3w i nie-\u017byd\u00f3w sta\u0142o si\u0119 sum\u0105 ich wiedzy o historii narodu \u017cydowskiego. S\u0142uchali tak\u017ce polityk\u00f3w i przyw\u00f3dc\u00f3w spo\u0142ecznych, kt\u00f3rzy bez przerwy wypowiadali puste s\u0142owa o \u00a0niedopuszczeniu \u201enigdy wi\u0119cej\u201d do tak okropnej rzeczy.<\/span><\/div>\n<p style=\"text-align: left;\">\n<div class=\"templateArticleBrodtext\">\n<p style=\"text-align: left;\"><span style=\"color: #000080;\">By\u0142o to konieczne, poniewa\u017c nie bez powodu \u017bydzi obawiali si\u0119, \u017ce bez ceremonii, pomnik\u00f3w i muze\u00f3w, kt\u00f3re rozros\u0142y si\u0119 w ci\u0105gu ostatnich kilku dekad, pami\u0119\u0107 o zag\u0142adzie europejskiego \u017cydostwa przez niemieckich nazist\u00f3w i ich kolaborant\u00f3w zostanie utracona lub wymazana. Zachowanie tej pami\u0119ci b\u0119dzie wymaga\u0142o ci\u0105g\u0142ej pracy dzisiejszych \u017byd\u00f3w i naszych nast\u0119pc\u00f3w.<\/span><\/p>\n<p style=\"text-align: left;\">\n<span style=\"color: #000080;\">Jednak po 7 pa\u017adziernika 2023 r. \u2013 i po wszystkim, co wydarzy\u0142o si\u0119 od tego czasu \u2013 nie mo\u017cemy dalej wykonywa\u0107 tych samych rytua\u0142\u00f3w w taki sam spos\u00f3b, jak wcze\u015bniej.<\/span><\/p>\n<p style=\"text-align: left;\">\n<span style=\"color: #000080;\">Zamiast tego musimy zacz\u0105\u0107 w\u0142\u0105cza\u0107 nasze niezb\u0119dne upami\u0119tnienia Holokaustu w szerszy kontekst \u017cydowskiej historii i walki o przetrwanie \u017byd\u00f3w na przestrzeni wiek\u00f3w oraz w obecn\u0105 wojn\u0119 przeciwko Izraelowi.<\/span><\/p>\n<p style=\"text-align: left;\">\n<span style=\"color: #000080;\">Co r\u00f3wnie wa\u017cne, musimy ponownie oceni\u0107 nasze podej\u015bcie do edukacji o Holokau\u015bcie w \u015bwietle przera\u017caj\u0105cych reakcji na najwi\u0119ksz\u0105 masow\u0105 rze\u017a \u017byd\u00f3w od czasu Holokaustu i gwa\u0142towny wzrost antysemityzmu, kt\u00f3ry mia\u0142 miejsce na ca\u0142ym \u015bwiecie, a zw\u0142aszcza na kampusach uniwersyteckich w Ameryce P\u00f3\u0142nocnej.<\/span><\/p>\n<h5 style=\"text-align: left;\"><span style=\"color: #000080;\"><strong><br \/>\n<span style=\"color: #000000;\">Ju\u017c nie bezbronni<\/span><\/strong><\/span><\/h5>\n<p style=\"text-align: left;\">\n<span style=\"color: #000080;\">Przez ostatnich osiemdziesi\u0105t lat od Holokaustu, a nast\u0119pnie narodzin wsp\u00f3\u0142czesnego Izraela w 1948 r., \u015bwiat pozostaje miejscem og\u00f3lnie niebezpiecznym dla \u017byd\u00f3w. Jednak pokolenia, kt\u00f3re dorasta\u0142y po tych epokowych wydarzeniach, szczeg\u00f3lnie w Stanach Zjednoczonych, uwa\u017ca\u0142y antysemityzm i pr\u00f3by ludob\u00f3jstwa \u017byd\u00f3w za co\u015b, co odesz\u0142o w odleg\u0142\u0105 przesz\u0142o\u015b\u0107. Jednak po horrorze Czarnego Szabatu i Simchat Tora \u2013 kiedy Hamas i jego palesty\u0144scy sojusznicy zaatakowali mieszka\u0144c\u00f3w 22 spo\u0142eczno\u015bci izraelskich i setki uczestnik\u00f3w festiwalu muzycznego w orgii morderstw, gwa\u0142t\u00f3w, tortur, porwa\u0144 i bezmy\u015blnych zniszcze\u0144 \u2013 to przekonanie nie jest ju\u017c do utrzymania.<\/span><\/p>\n<p style=\"text-align: left;\">\n<span style=\"color: #000080;\">Cho\u0107 wypowiedziano wiele frazes\u00f3w o upami\u0119tnianiu Holokaustu i sk\u0142adano obietnice, \u017ce nie b\u0119dzie zapomniany, po 7 pa\u017adziernika zwyk\u0142a rutyna wyci\u0105gania wniosk\u00f3w z wydarze\u0144 z przesz\u0142o\u015bci ju\u017c si\u0119 nie nadaje. Mimo tego, \u017ce \u017bydzi doznali niewypowiedzianych okrucie\u0144stw ze strony zaciek\u0142ych wrog\u00f3w, kt\u00f3rzy po raz kolejny pragn\u0119li ich eksterminacji, spo\u0142eczno\u015b\u0107 mi\u0119dzynarodowa zwr\u00f3ci\u0142a si\u0119 przeciwko nim.<\/span><\/p>\n<p style=\"text-align: left;\">\n<span style=\"color: #000080;\">Podczas gdy wi\u0119kszo\u015b\u0107 \u015bwiata patrzy z oboj\u0119tno\u015bci\u0105 i brakiem zainteresowania \u2013 a w\u0142a\u015bciwie kibicuje mordercom \u2013 wydarzenia Holokaustu nie s\u0105 ju\u017c tak odleg\u0142e od naszego wsp\u00f3\u0142czesnego do\u015bwiadczenia. R\u00f3\u017cnica polega oczywi\u015bcie na tym, \u017ce nar\u00f3d \u017cydowski nie jest ju\u017c bezbronny. W okresie od 1939 do 1945 roku \u017bydzi mieli niewielkie lub \u017cadne mo\u017cliwo\u015bci obrony lub znalezienia bezpiecznego schronienia przed ludob\u00f3jczym wrogiem, gdzie byliby mile widziani. Teraz ca\u0142a si\u0142a opinii mi\u0119dzynarodowej i moda intelektualna zwr\u00f3cona jest przeciwko Pa\u0144stwu Izrael, kt\u00f3rego istnienie jest jedynym prawdziwym pomnikiem 6 milion\u00f3w m\u0119\u017cczyzn, kobiet i dzieci zabitych przez nazist\u00f3w. Samo to gwarantuje, \u017ce dwa tysi\u0105ce lat bezkarnego prze\u015bladowania i\/lub mordowania \u017byd\u00f3w dobieg\u0142o ko\u0144ca.<\/span><\/p>\n<p style=\"text-align: left;\">\n<span style=\"color: #000080;\">Po do\u015bwiadczeniu losu bezsilnych ofiar z r\u0105k nazist\u00f3w, w nast\u0119pstwie 7 pa\u017adziernika, \u017bydzi s\u0105 teraz demonizowani przez tych, kt\u00f3rzy my\u015bl\u0105, \u017ce nie maj\u0105 oni prawa broni\u0107 si\u0119 przed Hamasem i innymi grupami terrorystycznymi, kt\u00f3re chc\u0105 zniszczy\u0107 Izrael i wymordowa\u0107 ludno\u015b\u0107 \u017cydowsk\u0105. Mimo tego, \u017ce Izrael zosta\u0142 zaatakowany i \u017ce wed\u0142ug obiektywnych\u00a0<a style=\"color: #000080;\" href=\"https:\/\/www.newsweek.com\/israel-implemented-more-measures-prevent-civilian-casualties-any-other-nation-history-opinion-1865613\" target=\"_blank\" rel=\"noopener noreferrer\">obserwator\u00f3w wojskowych<\/a>\u00a0podczas prowadzenia walk miejskich zachowuje wi\u0119ksz\u0105 ostro\u017cno\u015b\u0107 w unikaniu ofiar cywilnych ni\u017c jakakolwiek inna wsp\u00f3\u0142czesna armia, izraelska kampania wojskowa maj\u0105ca na celu wyeliminowanie Hamasu jest rutynowo oczerniana jako \u201eludob\u00f3jstwo\u201d.<\/span><\/p>\n<p style=\"text-align: left;\">\n<span style=\"color: #000080;\">Rzeczywi\u015bcie, ca\u0142y aparat mi\u0119dzynarodowego wspierania praw cz\u0142owieka i pomocy, kt\u00f3ry powsta\u0142 w nast\u0119pstwie Holokaustu, jest obecnie u\u017cywany jako bro\u0144 przeciwko \u017cydowskim ofiarom atak\u00f3w islamistycznych.<\/span><\/p>\n<p style=\"text-align: left;\">\n<span style=\"color: #000080;\">Jak to mo\u017cliwe?<\/span><\/p>\n<p style=\"text-align: left;\">\n<span style=\"color: #000080;\">O ile konflikt mi\u0119dzy Izraelem a jego wrogami zawsze by\u0142 z\u0142o\u017conym problemem, fala antysemityzmu po 7 pa\u017adziernika nie ma nic wsp\u00f3lnego z faktycznymi wydarzeniami obecnej wojny z Hamasem. Nale\u017cy powt\u00f3rzy\u0107, \u017ce Gaza nie by\u0142a okupowana 6 pa\u017adziernika i \u017ce niepowodzenie w utworzeniu palesty\u0144skiego pa\u0144stwa arabskiego (poza tym, kt\u00f3re istnia\u0142o w Gazie, z wyj\u0105tkiem nazwy, od wycofania si\u0119 Izraela w 2005 r.) jest wynikiem wielokrotnych odm\u00f3w ze strony zar\u00f3wno Autonomii Palesty\u0144skiej, jak i Hamasu na propozycje zawarcia pokoju lub zaakceptowania prawomocno\u015bci pa\u0144stwa \u017cydowskiego, bez wzgl\u0119du na to, gdzie wytyczone zostan\u0105 jego granice.<\/span><\/p>\n<h5 style=\"text-align: left;\"><span style=\"color: #000080;\"><strong><br \/>\n<span style=\"color: #000000;\">Stare\/nowe obudzi\u0142o propagand\u0119 antysemick\u0105<\/span><\/strong><\/span><\/h5>\n<p style=\"text-align: left;\">\n<span style=\"color: #000080;\">Je\u017celi Izrael jest obecnie rutynowo i fa\u0142szywie oskar\u017cany o bycie \u201epa\u0144stwem apartheidu\u201d lub o pope\u0142nianie \u201eludob\u00f3jstwa\u201d, dzieje si\u0119 tak dzi\u0119ki sukcesowi lewicowo-islamistycznej kampanii propagandowej, kt\u00f3ra przekona\u0142a znaczn\u0105 cz\u0119\u015b\u0107 m\u0142odych Amerykan\u00f3w i innych, \u017ce Izrael nie ma prawa istnie\u0107. Ci, kt\u00f3rzy skanduj\u0105 na rzecz jego zniszczenia lub wiwatuj\u0105 wobec perspektywy wi\u0119kszego terroru wobec \u017byd\u00f3w na kampusach uniwersyteckich, zostali zindoktrynowani toksycznymi mitami krytycznej teorii rasy i intersekcjonalno\u015bci, kt\u00f3re por\u00f3wnuj\u0105 wojn\u0119 maj\u0105c\u0105 na celu zniszczenie jedynego pa\u0144stwa \u017cydowskiego na planecie do walki o prawa obywatelskie w Stanach Zjednoczonych.<\/span><\/p>\n<p style=\"text-align: left;\">\n<span style=\"color: #000080;\">Podczas Holokaustu przesi\u0105kni\u0119ty rasizmem ruch nazistowski przekona\u0142 obywateli najbardziej wykszta\u0142conego narodu na \u015bwiecie do postrzegania \u017byd\u00f3w jako podludzi. Obecnie wielu najbardziej wykszta\u0142conych ludzi w ameryka\u0144skim spo\u0142ecze\u0144stwie da\u0142o si\u0119 uwie\u015b\u0107 ruchowi, kt\u00f3ry nazywa siebie \u201eantyrasistowskim\u201d, ale opiera si\u0119 na za\u0142o\u017ceniu, \u017ce wszyscy jeste\u015bmy uwik\u0142ani w nieustann\u0105 wojn\u0119 rasow\u0105 pomi\u0119dzy bia\u0142ymi prze\u015bladowcami a ofiarami, kt\u00f3rymi s\u0105 ludzie kolorowi. Jak wszystkie odmiany marksizmu, ta \u201eprzebudzona\u201d ideologia wycelowana jest w \u017byd\u00f3w i klasyfikuje ich jako \u201ebia\u0142ych\u201d ciemi\u0119\u017cycieli, mimo \u017ce konflikt z Palesty\u0144czykami nie ma nic wsp\u00f3lnego z ras\u0105, a wi\u0119kszo\u015b\u0107 izraelskich \u017byd\u00f3w to ludzie kolorowi, poniewa\u017c swoje pochodzenie wywodz\u0105 z Bliskiego Wschodu i Afryki P\u00f3\u0142nocnej.<\/span><\/p>\n<p style=\"text-align: left;\">\n<span style=\"color: #000080;\">Fala antysemityzmu po 7 pa\u017adziernika na jest wynikiem sukcesu, jaki odnie\u015bli \u201epost\u0119powcy\u201d w zaprowadzeniu tej nowej \u015bwieckiej religii jako ortodoksji panuj\u0105cej w \u015brodowisku akademickim i wielu innych sektorach ameryka\u0144skiego spo\u0142ecze\u0144stwa. Jak zauwa\u017cy\u0142 historyk Niall Ferguson w swoim prze\u0142omowym\u00a0<a style=\"color: #000080;\" href=\"https:\/\/www.thefp.com\/p\/niall-ferguson-treason-intellectuals-third-reich\" target=\"_blank\" rel=\"noopener noreferrer\">eseju\u00a0<\/a>dla<em>\u00a0Free Press<\/em>\u00a0\u201eThe Treason of the Intellectuals\u201d [Zdrada intelektualist\u00f3w], podobnie jak klasy wykszta\u0142cone umo\u017cliwi\u0142y demonizacj\u0119 \u017byd\u00f3w przed Holokaustem, wsp\u00f3\u0142czesne elity przyj\u0119\u0142y t\u0119 star\u0105\/now\u0105 wiar\u0119, kt\u00f3ra tak\u017ce legitymizuje nienawi\u015b\u0107 do \u017byd\u00f3w.<\/span><\/p>\n<p style=\"text-align: left;\">\n<span style=\"color: #000080;\">\u201ePrzebudzone\u201d k\u0142amstwa nie pozosta\u0142y bez odpowiedzi, a otwarte propagowanie przemocy wobec \u017byd\u00f3w i ekscesy protest\u00f3w studenckich zszokowa\u0142y wielu Amerykan\u00f3w. Jednak nadal s\u0105 one powtarzane codziennie w wi\u0119kszo\u015bci medi\u00f3w liberalnych i przez czo\u0142owe osobisto\u015bci polityczne. Czo\u0142owe serwisy informacyjne, takie jak\u00a0\u201eNew York Times\u201d\u00a0i\u00a0\u201eWashington Post\u201d, oraz nadawcy, tacy jak\u00a0<em>MSNBC<\/em>\u00a0i\u00a0<em>CNN<\/em>, uwa\u017caj\u0105, \u017ce s\u0105 to idee, kt\u00f3re nale\u017cy podda\u0107 debacie i co do kt\u00f3rych rozs\u0105dni ludzie powinni zgodzi\u0107 si\u0119, \u017ce istniej\u0105 r\u00f3\u017cne opinie, zamiast uzna\u0107 je za antysemickie i rasistowskie k\u0142amstwa, kt\u00f3re nale\u017cy pot\u0119pia\u0107.<\/span><\/p>\n<p style=\"text-align: left;\">\n<span style=\"color: #000080;\">Jak zatem powinni\u015bmy pami\u0119ta\u0107 o Szoah w czasie, gdy \u017bydzi po raz kolejny s\u0105 pod obl\u0119\u017ceniem?<\/span><\/p>\n<h5 style=\"text-align: left;\"><span style=\"color: #000080;\"><strong><br \/>\n<span style=\"color: #000000;\">Niebezpiecze\u0144stwa uniwersalizacji Holokaustu<\/span><\/strong><\/span><\/h5>\n<p style=\"text-align: left;\">\n<span style=\"color: #000080;\">Musimy zacz\u0105\u0107 od tego, \u017ce nie pr\u00f3bujemy ju\u017c izolowa\u0107 Holokaustu od reszty \u017cydowskiej historii i wsp\u00f3\u0142czesnych zmaga\u0144. Szoah by\u0142o wyj\u0105tkowym wydarzeniem historycznym, kt\u00f3rego nie nale\u017cy traktowa\u0107 \u2013 jak to robi wielu Amerykan\u00f3w, jako po prostu metafor\u0119 czego\u015b bardzo z\u0142ego \u2013 jako jedynie szczeg\u00f3lnie ra\u017c\u0105cego przyk\u0142adu nieludzko\u015bci cz\u0142owieka wobec cz\u0142owieka. Musi to by\u0107 cz\u0119\u015b\u0107 narracji o historii \u017byd\u00f3w, kt\u00f3ra rozci\u0105ga si\u0119 od zniszczenia wsp\u00f3lnoty \u017cydowskiej przez Rzymian po dzie\u0144 dzisiejszy.<\/span><\/p>\n<p style=\"text-align: left;\">\n<span style=\"color: #000080;\">Niestety, wielu, je\u015bli nie wi\u0119kszo\u015b\u0107 os\u00f3b zajmuj\u0105cych si\u0119 edukacj\u0105 o Holokau\u015bcie, stara\u0142o si\u0119 uniwersalizowa\u0107 t\u0119 lekcj\u0119, by by\u0142a \u0142atwiejsza do zrozumienia dla nie-\u017byd\u00f3w. W rezultacie zamiast rozumie\u0107 antysemityzm jako przyk\u0142ad nienawi\u015bci wykorzystywanej do okre\u015blonych cel\u00f3w politycznych, zacz\u0119to go postrzega\u0107 jedynie jako wynik zwyk\u0142ych uprzedze\u0144.<\/span><\/p>\n<p style=\"text-align: left;\">\n<span style=\"color: #000080;\">To by\u0142o b\u0142\u0119dne samo w sobie. Ale zmniejszy\u0142o to r\u00f3wnie\u017c prawdopodobie\u0144stwo, \u017ce nawet ci, kt\u00f3rzy przeszli jak\u0105\u015b elementarn\u0105 edukacj\u0119 o Holokau\u015bcie \u2013 co dotyczy wielu, je\u015bli nie wi\u0119kszo\u015bci dzisiejszych student\u00f3w \u2013 nie b\u0119d\u0105 w stanie zrozumie\u0107, w jaki spos\u00f3b obecne \u201eprzebudzone\u201d idee daj\u0105 pozwolenie na antysemityzm. Istotnie, j\u0119zyk edukacji o Holokau\u015bcie jest obecnie u\u017cywany przeciwko Izraelowi i \u017bydom, a ich wrogowie nie u\u017cywaj\u0105 ju\u017c wulgarnych, dehumanizuj\u0105cych okre\u015ble\u0144 u\u017cywanych przez nazist\u00f3w, ale zamiast tego oszczerczo oskar\u017caj\u0105 \u017byd\u00f3w o ludob\u00f3jczy rasizm.<\/span><\/p>\n<p style=\"text-align: left;\">\n<span style=\"color: #000080;\">Oznacza to, \u017ce czcz\u0105c pami\u0119\u0107 o Holokau\u015bcie, musimy to teraz robi\u0107, nie zapominaj\u0105c nigdy, \u017ce \u017bydzi s\u0105 dzi\u015b ponownie obl\u0119\u017ceni. I musimy to zrobi\u0107, nie trac\u0105c z pola widzenia krytycznego faktu, \u017ce jedyn\u0105 r\u00f3\u017cnic\u0105 mi\u0119dzy wtedy a teraz jest to, \u017ce nar\u00f3d \u017cydowski nie jest tak bezbronny jak w \u015bwiecie, kt\u00f3ry istnia\u0142 bez \u017cydowskiej suwerenno\u015bci i si\u0142y militarnej.<\/span><\/p>\n<p style=\"text-align: left;\">\n<span style=\"color: #000080;\">Ci\u0105gle nam m\u00f3wi si\u0119, \u017ce wielu z tych, kt\u00f3rzy demonstruj\u0105 na rzecz zako\u0144czenia obecnej wojny, co pozostawi Hamas przy \u017cyciu i zdrowiu \u2013 i b\u0119dzie w stanie dotrzyma\u0107 obietnic dotycz\u0105cych powtarzania okropno\u015bci z 7 pa\u017adziernika \u2013 maj\u0105 dobr\u0105 wol\u0119 i po prostu wsp\u00f3\u0142czuj\u0105 cierpi\u0105cym Palesty\u0144czykom. Jednak celem ruchu, kt\u00f3ry wspieraj\u0105 ci rzekomo maj\u0105cy dobre intencje ludzie, jest pozbawienie \u017byd\u00f3w w Izraelu \u2013 i \u017byd\u00f3w na ca\u0142ym \u015bwiecie \u2013 mo\u017cliwo\u015bci obrony przed islamistami, dla kt\u00f3rych 7 pa\u017adziernika jest tylko zwiastunem tego, co chc\u0105 zrobi\u0107 ka\u017cdemu \u017bydowi na tej planecie.<\/span><\/p>\n<p style=\"text-align: left;\">\n<span style=\"color: #000080;\">M\u00f3wi\u0105c najpro\u015bciej, je\u015bli demonstrujesz na rzecz przetrwania Hamasu, stoisz po stronie grupy, kt\u00f3ra pragnie powt\u00f3rzy\u0107 Holokaust. Bez wzgl\u0119du na to, na jak dobre intencje powo\u0142ujesz si\u0119, nie r\u00f3\u017cnisz si\u0119 od tych, kt\u00f3rzy ze spokojem patrzyli na nazist\u00f3w i ich narracj\u0119 \u017cydowskiej winy.<\/span><\/p>\n<p style=\"text-align: left;\">\n<span style=\"color: #000080;\">Nar\u00f3d niemiecki straszliwie ucierpia\u0142 w wyniku rozpocz\u0119tej przez siebie wojny, jednak dzisiaj ci, kt\u00f3rzy twierdz\u0105, \u017ce opowiadaj\u0105 si\u0119 za warto\u015bciami humanitarnymi, uwa\u017caj\u0105, \u017ce nie mo\u017ce by\u0107 \u017cadnych konsekwencji dla tych, kt\u00f3rzy dopuszczaj\u0105 si\u0119 lub godz\u0105 si\u0119 (co jest prawd\u0105 w przypadku przewa\u017caj\u0105cej wi\u0119kszo\u015bci Palesty\u0144czyk\u00f3w) na masowy mord \u017byd\u00f3w oraz twierdz\u0105, \u017ce \u017bydzi, kt\u00f3rzy broni\u0105 si\u0119 przed ludob\u00f3jstwem, to nazi\u015bci. Czy ci, kt\u00f3rzy demonstruj\u0105 przeciwko \u017cydowskiej samoobronie, zastosowaliby t\u0119 sam\u0105 nauk\u0119 do aliant\u00f3w, kt\u00f3rzy w celu wyzwolenia nazistowskich oboz\u00f3w zag\u0142ady musieli zabi\u0107 wielu ludzi, w tym cywil\u00f3w?<\/span><\/p>\n<p style=\"text-align: left;\">\n<span style=\"color: #000080;\">Z tego samego powodu ci, kt\u00f3rzy chc\u0105, by uniwersytety i inne instytucje stosowa\u0142y dyskryminuj\u0105ce praktyki handlowe i pozby\u0142y si\u0119 wszystkiego, co ma zwi\u0105zek z Izraelem, nie krytykuj\u0105 polityki Izraela ani jego przyw\u00f3dc\u00f3w, ale popieraj\u0105 wsp\u00f3\u0142czesn\u0105 wersj\u0119 nazistowskiego bojkotu \u017byd\u00f3w.<\/span><\/p>\n<p style=\"text-align: left;\">\n<span style=\"color: #000080;\">Jest tak\u017ce r\u00f3wnie jasne, \u017ce lewicowo-islamistyczny atak na Izrael jest r\u00f3wnie\u017c wymierzony w Zach\u00f3d i Stany Zjednoczone. Ta debata na temat wojny z Hamasem nie dotyczy tego, czy Izrael, jego rz\u0105d i wojsko s\u0105 doskona\u0142e, ale walki o przysz\u0142o\u015b\u0107 Zachodu, podobnie jak by\u0142o to prawd\u0105 w przypadku wojny z niemieckimi nazistami. \u017bydzi s\u0105, niczym podczas Holokaustu, kanarkami w kopalni, ostrzegaj\u0105cymi ludzko\u015b\u0107 przed niebezpiecze\u0144stwem tolerowania ludob\u00f3jczej nienawi\u015bci.<\/span><\/p>\n<p style=\"text-align: left;\">\n<span style=\"color: #000080;\">Kiedy wspominamy Szoah, zamiast trzyma\u0107 si\u0119 naszej zwyk\u0142ej rutyny upami\u0119tniania, nadszed\u0142 czas, aby przyzwoici ludzie wszelkiego pochodzenia i wyznania zrozumieli, \u017ce wojna z \u017bydami nie zako\u0144czy\u0142a si\u0119 wraz z pora\u017ck\u0105 nazist\u00f3w. Trwa do dzi\u015b pod nowymi has\u0142ami, flagami i czym\u015b gorszym, a wielu z tych, kt\u00f3rzy twierdz\u0105, \u017ce opowiadaj\u0105 si\u0119 za o\u015bwiecon\u0105 my\u015bl\u0105, pozwala ludziom umo\u017cliwiaj\u0105cym nienawi\u015b\u0107 do \u017byd\u00f3w udawa\u0107 obro\u0144c\u00f3w praw cz\u0142owieka i os\u00f3b uciskanych. Nie mo\u017cna pozwoli\u0107, aby te k\u0142amstwa przetrwa\u0142y.<\/span><\/p>\n<p style=\"text-align: left;\">\n<span style=\"color: #000080;\">Nie powinno by\u0107 obchod\u00f3w Dnia Pami\u0119ci o Holokau\u015bcie bez wyja\u015bnienia, \u017ce nie mo\u017cna odda\u0107 nale\u017cnego honoru sze\u015bciu milionom zabitych przez nazist\u00f3w bez powi\u0105zania tej walki z walk\u0105 przeciwko antysemitom naszych czas\u00f3w. Nie mo\u017cemy tolerowa\u0107 tych, kt\u00f3rzy wylewaj\u0105 krokodyle \u0142zy za \u017byd\u00f3w zamordowanych w przesz\u0142o\u015bci, toleruj\u0105c lub nawet wspieraj\u0105c polityk\u0119, kt\u00f3ra umo\u017cliwia antysemityzm w tera\u017aniejszo\u015bci, planuj\u0105c zniszczenie Izraela i ci\u0105g\u0142\u0105 rze\u017a \u017byd\u00f3w. Je\u015bli nie potrafimy tego zrozumie\u0107, w\u00f3wczas wezwania do pami\u0119tania tego, co si\u0119 wydarzy\u0142o lub zapewniania, \u017ce \u201enigdy wi\u0119cej\u201d nie b\u0119dzie dozwolone na tym \u015bwiecie, b\u0119d\u0105 niczym innym jak bezsensownym i przynosz\u0105cym efekt przeciwny do zamierzonego sygnalizowaniem cn\u00f3t.<\/span><\/p>\n<\/div>\n<hr \/>\n<p style=\"text-align: left;\"><span style=\"color: #808080;\"><em><strong>Jonathan S. Tobin<\/strong> jest redaktorem naczelnym ameryka\u0144skiego magazynu JNS (Jewish News Syndicate).<\/em><\/span><\/p>\n<hr style=\"height: 15px; background: #d0e6fa; width: 100%;\" \/>\n<div id=\"content\" class=\"content-alignment\">\n<div id=\"watch-description\" class=\"yt-uix-button-panel\">\n<div id=\"watch-description-text\" style=\"text-align: center;\">\n<p><em>Zawarto\u015b\u0107 publikowanych artyku\u0142\u00f3w i materia\u0142\u00f3w nie reprezentuje pogl\u0105d\u00f3w ani opinii Reunion&#8217;68,<\/em><em><br \/>\nani te\u017c webmastera Blogu Reunion&#8217;68, chyba ze jest to wyra\u017anie zaznaczone.<br \/>\nTwoje uwagi, linki, w\u0142asne artyku\u0142y lub wiadomo\u015bci prze\u015blij na adres:<br \/>\n<\/em><span style=\"color: #000080;\"><strong><em><a style=\"color: #000080;\" href=\"mailto:webmaster@reunion68.com\"><span style=\"text-decoration: underline;\">webmaster@reunion68.com<\/span><\/a><\/em><\/strong><\/span><\/p>\n<\/div>\n<\/div>\n<\/div>\n<hr style=\"width: 100%;\" \/>\n","protected":false},"excerpt":{"rendered":"<p>P\u0142on\u0105ca \u015bwieca na tle flagi izraelskiej w Jom Haszoah, Dniu Pami\u0119ci o Holokau\u015bcie. Zdj\u0119cie: Melnikov Dmitriy\/Shutterstock Jom Haszoah po 7 pa\u017adziernika: Jak zawiod\u0142a edukacja o Holokau\u015bcie Jonathan S. Tobin T\u0142umaczenie: Ma\u0142gorzata Koraszewska Pokolenie m\u0142odych Amerykan\u00f3w uczono uniwersalizowa\u0107 nazistowsk\u0105 wojn\u0119 z \u017bydami, powoduj\u0105c, \u017ce \u0142atwo by\u0142o ich uwie\u015b\u0107 antysemityzmem i \u201eprzebudzonymi\u201d k\u0142amstwami na temat Izraela. . [&hellip;]<\/p>\n","protected":false},"author":1,"featured_media":0,"comment_status":"closed","ping_status":"closed","sticky":false,"template":"","format":"standard","meta":[],"categories":[6],"tags":[26,24],"_links":{"self":[{"href":"https:\/\/www.reunion68.se\/index.php?rest_route=\/wp\/v2\/posts\/112859"}],"collection":[{"href":"https:\/\/www.reunion68.se\/index.php?rest_route=\/wp\/v2\/posts"}],"about":[{"href":"https:\/\/www.reunion68.se\/index.php?rest_route=\/wp\/v2\/types\/post"}],"author":[{"embeddable":true,"href":"https:\/\/www.reunion68.se\/index.php?rest_route=\/wp\/v2\/users\/1"}],"replies":[{"embeddable":true,"href":"https:\/\/www.reunion68.se\/index.php?rest_route=%2Fwp%2Fv2%2Fcomments&post=112859"}],"version-history":[{"count":5,"href":"https:\/\/www.reunion68.se\/index.php?rest_route=\/wp\/v2\/posts\/112859\/revisions"}],"predecessor-version":[{"id":112893,"href":"https:\/\/www.reunion68.se\/index.php?rest_route=\/wp\/v2\/posts\/112859\/revisions\/112893"}],"wp:attachment":[{"href":"https:\/\/www.reunion68.se\/index.php?rest_route=%2Fwp%2Fv2%2Fmedia&parent=112859"}],"wp:term":[{"taxonomy":"category","embeddable":true,"href":"https:\/\/www.reunion68.se\/index.php?rest_route=%2Fwp%2Fv2%2Fcategories&post=112859"},{"taxonomy":"post_tag","embeddable":true,"href":"https:\/\/www.reunion68.se\/index.php?rest_route=%2Fwp%2Fv2%2Ftags&post=112859"}],"curies":[{"name":"wp","href":"https:\/\/api.w.org\/{rel}","templated":true}]}}