{"id":112863,"date":"2024-05-13T17:05:55","date_gmt":"2024-05-13T15:05:55","guid":{"rendered":"http:\/\/www.reunion68.se\/?p=112863"},"modified":"2024-05-13T15:12:11","modified_gmt":"2024-05-13T13:12:11","slug":"19-05-96","status":"publish","type":"post","link":"https:\/\/www.reunion68.se\/?p=112863","title":{"rendered":"On Memorial Day, Israeli leaders promise brighter future"},"content":{"rendered":"<h5 style=\"text-align: center;\"><a href=\"https:\/\/www.jns.org\/\" target=\"_blank\" rel=\"noopener noreferrer\"><img decoding=\"async\" class=\"center alignleft\" src=\"http:\/\/www.reunion68.com\/Biuletyn\/img\/jns-1.png\" alt=\"\" width=\"35%\"><\/a><span style=\"text-decoration: underline; color: #000080;\"><span><strong><a style=\"color: #000080; text-decoration: underline;\" href=\"https:\/\/www.jns.org\/on-memorial-day-israeli-leaders-promise-brighter-future\/\" target=\"_blank\" rel=\"noopener noreferrer\">On Memorial Day, Israeli leaders promise brighter future<\/a><\/strong><\/span><\/span><\/h5>\n<p style=\"text-align: center;\"><span style=\"color: #000000;\"><strong>TROY OSHER FRITZHAND<\/strong><\/span><\/p>\n<hr style=\"height: 15px; background: #d0e6fa; width: 100%;\">\n<h4 style=\"text-align: center;\"><strong>Our story will have a happy ending, Netanyahu promised.<\/strong><br \/>\n.<\/h4>\n<p style=\"text-align: center;\"><img decoding=\"async\" src=\"https:\/\/cdn.jns.org\/uploads\/2024\/05\/F240513CG13-1320x880.jpg\" width=\"100%\"><span style=\"color: #808080;\"><em>Bereaved families mark Memorial Day at the graves of fallen Israeli soldiers at Mount Herzl Military Cemetery in Jerusalem, May 13, 2022. Photo by Chaim Goldberg\/Flash90.<\/em><\/span><\/p>\n<p class=\"wp-block-paragraph\"><span style=\"color: #000080;\">Israeli Prime Minister Benjamin Netanyahu vowed on Monday that the Israel Defense Forces would \u201ckeep going until the end\u201d to defeat Hamas, as the Jewish state marked its first Memorial Day since the Oct. 7 massacre.<\/span><\/p>\n<p class=\"wp-block-paragraph\"><span style=\"color: #000080;\">\u201cPain is everywhere, but so is light. A fighter whose two legs were amputated told me: \u2018It is important for us to know that we are going to defeat them,\u2019 not to give up\u2026keep going until the end, until victory,\u201d said Netanyahu at the ceremony on Mount Herzl.<\/span><\/p>\n<p class=\"wp-block-paragraph\"><span style=\"color: #000080;\">\u201cThis is a faithful and refined representation of the spirit of our fallen heroes\u2014faith in the rightness of the struggle and adherence to victory. As Sarit Zussman, the mother of the fallen soldier in Gaza, said, our story will have a happy ending,\u201d he added.<\/span><\/p>\n<p class=\"wp-block-paragraph\"><span style=\"color: #000080;\">War Cabinet Minister Benny Gantz addressed bereaved families in Rosh Ha\u2019ayin, promising that the destroyed or abandoned towns in northern Israel and the northwestern Negev would return to life.<\/span><\/p>\n<p class=\"wp-block-paragraph\"><span style=\"color: #000080;\">\u201cWe will return to Be\u2019eri and Metula strong. We will return to quieter and better days. We will return to see our hostages, for whose safety we all pray, and we are committed to working to return them even at very painful prices,\u201d he said.<\/span><\/p>\n<p class=\"wp-block-paragraph\"><span style=\"color: #000080;\">Since the outbreak of the war on Oct. 7, daily rocket fire from Hezbollah has cleared out the northern towns such as Metula\u2014leaving tens of thousands of Israelis living in hotels or temporary homes until it is safe to return.<\/span><\/p>\n<p class=\"wp-block-paragraph\"><span style=\"color: #000080;\">\u201cAs great as the disaster was, so is the greatness of Israeli determination, that our enemies did not know,\u201d added Gantz.<\/span><\/p>\n<p style=\"text-align: center;\"><img decoding=\"async\" class=\"aligncenter\" src=\"https:\/\/cdn.jns.org\/uploads\/2024\/05\/F220310AKPOOL04-1320x880.jpg\" width=\"100%\"><span style=\"color: #808080;\"><em>Israeli Defense Minister Benny Gantz speaks at the annual ceremony for soldiers whose burial places are unknown, at the National Hall of Remembrance, Mount Herzl, Jerusalem, March 10, 2022. Photo by Alex Kolomoisky\/POOL.<\/em><\/span><\/p>\n<p class=\"wp-block-paragraph\"><span style=\"color: #000080;\">Memorial Day began on Sunday evening at 8 p.m., with ceremonies taking place at sites across the country, including at the Western Wall in Jerusalem. The Monday commemorations at Israel\u2019s 53 military cemeteries and memorial sites throughout the country began at 11 a.m.<\/span><\/p>\n<p class=\"wp-block-paragraph\"><span style=\"color: #000080;\">Some chose to use the day for political purposes. Even before Memorial Day, some families of fallen soldiers called on government ministers and Knesset members to avoid giving speeches at the various ceremonies. At the Ashdod military ceremony, attended by Israeli National Security Minister Itamar Ben-Gvir, protesters shouted at him, calling him a criminal and asking why he had come.<\/span><\/p>\n<p style=\"text-align: center;\"><img decoding=\"async\" class=\"aligncenter\" src=\"https:\/\/cdn.jns.org\/uploads\/2024\/05\/F240513AVS03-1320x880.jpg\" width=\"100%\"><span style=\"color: #808080;\"><em>Memorial Day at the Kiryat Shaul Cemetery in Tel Aviv on May 13, 2024. Photo by Avshalom Sassoni\/Flash90.<\/em><\/span><\/p>\n<p><span style=\"color: #000080;\">Israeli Transportation Minister Miri Regev was also targeted by chants, at the Holon military&nbsp;cemetery. She referred to this in her speech, saying, \u201cOn days like this, we need to put aside our differences of opinion. There is a lot of pain and disappointment, but we need to put these things aside, certainly in the cemetery.\u201d<\/span><\/p>\n<p><span style=\"color: #000080;\">Since last Memorial Day (April 25, 2023), 1,594 Israeli soldiers and civilians have died. This figure includes 760 Israel Defense Forces soldiers (61 of whom succumbed to their wounds from previous years) and 834 civilians, of whom 822 were killed on or after the Oct. 7 terrorist attacks by Hamas in southern Israel, according to numbers released by the Israeli Defense Ministry on Thursday.<\/span><\/p>\n<p style=\"text-align: center;\"><img decoding=\"async\" class=\"aligncenter\" src=\"https:\/\/cdn.jns.org\/uploads\/2024\/05\/F240513TN78-1320x880.jpg\" width=\"100%\"><span style=\"color: #808080;\"><em>Israeli Defense Minister Yoav Galant speaks at an official Memorial Day ceremony, at the Kiryat Shaul Cemetery in Tel Aviv on May 13, 2024. Photo by Tomer Neuberg\/Flash90.<\/em><\/span><\/p>\n<p class=\"wp-block-paragraph\"><span style=\"color: #000080;\">Five soldiers were killed in the Gaza Strip over the weekend.<\/span><\/p>\n<p class=\"wp-block-paragraph\"><span style=\"color: #000080;\">A total of 30,139 security personnel and civilians have been killed defending the Land of Israel and in terrorist attacks since 1860, the year in which the first Jews left the walls of Jerusalem to build new Jewish neighborhoods.<\/span><\/p>\n<p class=\"wp-block-paragraph\"><span style=\"color: #000080;\">Due to the war, this year\u2019s Memorial Day was marked with fresh stories of heroism, both from the day of Hamas\u2019s invasion and from the resulting war.<\/span><\/p>\n<p class=\"wp-block-paragraph\"><span style=\"color: #000080;\">\u201cAt the beginning of the current war, which began with the terrible massacre, we [witnessed] countless acts of sacrifice, stories of heroism and displays of mutual commitment that will be remembered for generations in the Israel Defense Forces,\u201d said Netanyahu. \u201cThe emergency units, the Israel Police, the Israel Security Agency, the fire, rescue and medical forces, and ordinary citizens\u2014all came out\u2026to protect our home.\u201d<\/span><\/p>\n<p class=\"wp-block-paragraph\"><span style=\"color: #000080;\">A ceremony was also hosted at the ISA headquarters in Tel Aviv. ISA Chief Ronen Bar told the crowd, \u201cThis is a difficult day for every family, it is a difficult day for every citizen, it is a difficult day for every ISA employee, it is also a difficult day for me personally. This year, unfortunately, [we\u2019ve seen] many pictures of civilians who were slaughtered and of fighters who were killed. Our fighters, of the IDF, of the police, of the rescue forces and of the standby units. Together we fought, together we fell, together we will rise.\u201d<\/span><\/p>\n<p class=\"wp-block-paragraph\"><span style=\"color: #000080;\">He went on to say, \u201cThe ISA\u2019s war is not over yet\u2014we will not rest until we return all 128 abductees home, [as well as] the four who were there [in Gaza] before [Oct. 7]. Those who are among the living and those that are not among the living. Everyone. Because this is the real difference between us and them\u2014we will sacrifice our lives for the sake of the citizens, they will sacrifice the lives of the citizens for their own.\u201d<\/span><\/p>\n<p class=\"wp-block-paragraph\"><span style=\"color: #000080;\">The war in Gaza entered its 220th day on Monday.<\/span><\/p>\n<p class=\"wp-block-paragraph\"><span style=\"color: #000080;\">Israeli Defense Minister Yoav Gallant promised Israelis during his speech that the fight will not let up until victory is achieved. \u201cThis is a war of no choice, a war that will shape our lives for decades to come,\u201d he said.<\/span><\/p>\n<hr style=\"height: 15px; background: #d0e6fa; width: 100%;\">\n<div id=\"content\" class=\"content-alignment\">\n<div id=\"watch-description\" class=\"yt-uix-button-panel\">\n<div id=\"watch-description-text\" style=\"text-align: center;\">\n<p><em>Zawarto\u015b\u0107 publikowanych artyku\u0142\u00f3w i materia\u0142\u00f3w nie reprezentuje pogl\u0105d\u00f3w ani opinii Reunion&#8217;68,<\/em><em><br \/>\nani te\u017c webmastera Blogu Reunion&#8217;68, chyba ze jest to wyra\u017anie zaznaczone.<br \/>\nTwoje uwagi, linki, w\u0142asne artyku\u0142y lub wiadomo\u015bci prze\u015blij na adres:<br \/>\n<\/em><span style=\"color: #000080;\"><strong><em><a style=\"color: #000080;\" href=\"mailto:webmaster@reunion68.com\"><span style=\"text-decoration: underline;\">webmaster@reunion68.com<\/span><\/a><\/em><\/strong><\/span><\/p>\n<\/div>\n<\/div>\n<\/div>\n<hr style=\"width: 100%;\">\n","protected":false},"excerpt":{"rendered":"<p>On Memorial Day, Israeli leaders promise brighter future TROY OSHER FRITZHAND Our story will have a happy ending, Netanyahu promised. . Bereaved families mark Memorial Day at the graves of fallen Israeli soldiers at Mount Herzl Military Cemetery in Jerusalem, May 13, 2022. Photo by Chaim Goldberg\/Flash90. Israeli Prime Minister Benjamin Netanyahu vowed on Monday [&hellip;]<\/p>\n","protected":false},"author":1,"featured_media":0,"comment_status":"closed","ping_status":"closed","sticky":false,"template":"","format":"standard","meta":[],"categories":[6],"tags":[26,24],"_links":{"self":[{"href":"https:\/\/www.reunion68.se\/index.php?rest_route=\/wp\/v2\/posts\/112863"}],"collection":[{"href":"https:\/\/www.reunion68.se\/index.php?rest_route=\/wp\/v2\/posts"}],"about":[{"href":"https:\/\/www.reunion68.se\/index.php?rest_route=\/wp\/v2\/types\/post"}],"author":[{"embeddable":true,"href":"https:\/\/www.reunion68.se\/index.php?rest_route=\/wp\/v2\/users\/1"}],"replies":[{"embeddable":true,"href":"https:\/\/www.reunion68.se\/index.php?rest_route=%2Fwp%2Fv2%2Fcomments&post=112863"}],"version-history":[{"count":13,"href":"https:\/\/www.reunion68.se\/index.php?rest_route=\/wp\/v2\/posts\/112863\/revisions"}],"predecessor-version":[{"id":112905,"href":"https:\/\/www.reunion68.se\/index.php?rest_route=\/wp\/v2\/posts\/112863\/revisions\/112905"}],"wp:attachment":[{"href":"https:\/\/www.reunion68.se\/index.php?rest_route=%2Fwp%2Fv2%2Fmedia&parent=112863"}],"wp:term":[{"taxonomy":"category","embeddable":true,"href":"https:\/\/www.reunion68.se\/index.php?rest_route=%2Fwp%2Fv2%2Fcategories&post=112863"},{"taxonomy":"post_tag","embeddable":true,"href":"https:\/\/www.reunion68.se\/index.php?rest_route=%2Fwp%2Fv2%2Ftags&post=112863"}],"curies":[{"name":"wp","href":"https:\/\/api.w.org\/{rel}","templated":true}]}}