{"id":112909,"date":"2024-05-14T17:09:29","date_gmt":"2024-05-14T15:09:29","guid":{"rendered":"http:\/\/www.reunion68.se\/?p=112909"},"modified":"2024-05-14T08:34:11","modified_gmt":"2024-05-14T06:34:11","slug":"20-09-90","status":"publish","type":"post","link":"https:\/\/www.reunion68.se\/?p=112909","title":{"rendered":"Nagonka narodowc\u00f3w na dzia\u0142aczk\u0119 gmin \u017cydowskich w Polsce. O hejcie powiadomi\u0142a ambasad\u0119"},"content":{"rendered":"<p style=\"text-align: center;\"><img decoding=\"async\" class=\"aligncenter\" src=\"https:\/\/bi.im-g.pl\/im\/44\/88\/1d\/z30967620AMP,-Hila-przepros-za-rodakow--Free-Palestine-----taki.jpg\" width=\"100%\" \/><span style=\"color: #808080;\"><em>Hila przepro\u015b za rodak\u00f3w! Free Palestine!&#8217; &#8211; takie wlepki, atakuj\u0105ce kalisk\u0105 aktywistk\u0119 \u017cydowsk\u0105 pojawi\u0142y si\u0119 w miniony weekend w Kaliszu (fot. Marek Tworek)<\/em><\/span><\/p>\n<hr \/>\n<h5 style=\"text-align: center;\"><a href=\"https:\/\/kalisz.wyborcza.pl\/\" target=\"_blank\" rel=\"noopener noreferrer\"><img decoding=\"async\" class=\"center alignleft\" src=\"http:\/\/www.reunion68.com\/Biuletyn\/img\/wyborcza.png\" alt=\"\" width=\"35%\" \/><\/a><span style=\"text-decoration: underline; color: #000080;\"><strong><a style=\"color: #000080; text-decoration: underline;\" href=\"https:\/\/kalisz.wyborcza.pl\/kalisz\/7,181359,30965803,nagonka-nacjonalistow-na-dzialaczke-gmin-zydowskich-w-polsce.html\" target=\"_blank\" rel=\"noopener noreferrer\">Nagonka narodowc\u00f3w na dzia\u0142aczk\u0119 gmin \u017cydowskich w Polsce. O hejcie powiadomi\u0142a ambasad\u0119<\/a><\/strong><\/span><\/h5>\n<p style=\"text-align: center;\"><span style=\"color: #000000;\"><strong>Janusz Jaros<\/strong><\/span><\/p>\n<hr style=\"height: 15px; background: #d0e6fa; width: 100%;\" \/>\n<div class=\"text--lead \" style=\"text-align: left;\" data-progress-bar-content=\"\"><span style=\"color: #000080;\"><strong>&#8220;Hila przepro\u015b za rodak\u00f3w! Free Palestine!&#8221;<\/strong> &#8211; takie wlepki atakuj\u0105ce aktywistk\u0119 \u017cydowsk\u0105 pojawi\u0142y si\u0119 w miniony weekend w Kaliszu. Hila Marcinkowska o sprawie powiadomi\u0142a ambasad\u0119 Izraela w Warszawie.<\/span><\/div>\n<div style=\"text-align: left;\"><\/div>\n<div class=\"article--underlead\" style=\"text-align: left;\"><span style=\"color: #000080;\">Wlepki z gwiazd\u0105 Dawida na s\u0142owie &#8220;rodak\u00f3w&#8221; oraz z flag\u0105 Palestyny i \u017co\u0142nierzem izraelskim strzelaj\u0105cym do cywila rozlepiono na znakach drogowych i s\u0142upach o\u015bwietleniowych na star\u00f3wce w Kaliszu. Jako pierwszy zauwa\u017cy\u0142 je Marek Tworek, kaliski aktywista antyfaszystowski i pedagog zajmuj\u0105cy si\u0119 edukacj\u0105 dzieci z niepe\u0142nosprawno\u015bci\u0105.\u00a0<\/span><\/div>\n<div class=\"article--content article--content-free  \">\n<p class=\"text--paragraph\" style=\"text-align: left;\"><span style=\"color: #000080;\">&#8211;\u00a0Takie personalne wycieczki w kontek\u015bcie konfliktu Palestyny i Izraela s\u0105 z\u0142e i niebezpieczne. Ten konflikt nie mo\u017cna ocenia\u0107 zero-jedynkowo, bo obie strony robi\u0105 tam z\u0142e rzeczy, ale \u017ceby obarcza\u0107 za to nasz\u0105 kole\u017cank\u0119, to jest bardzo s\u0142abe &#8211; uwa\u017ca antyfaszysta.\u00a0<\/span><\/p>\n<blockquote class=\"text--quote font-quotation-500\"><p><strong>Personalizowanie odpowiedzialno\u015bci za to i wskazywanie jej jako winnej mo\u017ce sko\u0144czy\u0107 si\u0119 tragicznie. Dojdzie do tego, \u017ce nie b\u0119dzie mog\u0142a chodzi\u0107 spokojnie po ulicach<\/strong><\/p><\/blockquote>\n<p class=\"text--paragraph\"><span style=\"color: #000080;\">Tworek wskazuje przyk\u0142ad \u015bmierci prezydenta Gda\u0144ska Paw\u0142a Adamowicza.\u00a0&#8211; Hejt zawsze prowadzi do tragedii &#8211; dodaje.<\/span><\/p>\n<p class=\"text--paragraph\"><span style=\"color: #000080;\">Wed\u0142ug antyfaszysty, autorami antysemickich tre\u015bci s\u0105 kaliscy narodowcy ze \u015brodowiska pseudokibic\u00f3w.\u00a0Na razie znalaz\u0142 niewiele wlepek, ale jego zdaniem b\u0119dzie wi\u0119cej. &#8211; Takich wlepek drukuje si\u0119 minimum kilkaset. One nadal b\u0119d\u0105 si\u0119 pojawia\u0142y w mie\u015bcie &#8211; twierdzi.<\/span><\/p>\n<h4 class=\"text--title font-head-700\"><strong>O hejcie narodowc\u00f3w kaliszanka powiadomi\u0142a ambasad\u0119\u00a0<\/strong><\/h4>\n<p class=\"text--paragraph\"><span style=\"color: #000080;\">W \u015brodowisku pseudokibic\u00f3w autor\u00f3w szuka r\u00f3wnie\u017c Hila Marcinkowska, przewodnicz\u0105ca Rady Religijnej Zwi\u0105zku Gmin Wyznaniowych \u017bydowskich w RP, do kt\u00f3rej adresowane s\u0105 wlepki. &#8211; Oni nie znosz\u0105 Arab\u00f3w, ale jeszcze bardziej nie znosz\u0105 \u017byd\u00f3w &#8211; m\u00f3wi.<\/span><\/p>\n<p class=\"text--paragraph\"><span style=\"color: #000080;\">To nie pierwszy atak na t\u0119 dzia\u0142aczk\u0119 \u015brodowisk \u017cydowskich. W\u00a0Kaliszu na murach pojawia\u0142y si\u0119 szydz\u0105ce z niej napisy.<\/span><\/p>\n<\/div>\n<p class=\"text--paragraph\"><span style=\"color: #000080;\">Przed\u00a0<a id=\"LinkArea:embed_link\" class=\"text--link \" style=\"color: #000080;\" title=\"11 listopada 2021 r.\" href=\"https:\/\/kalisz.wyborcza.pl\/kalisz\/7,181359,27795429,swieto-niepodleglosci-wiec-nacjonalistow-w-kaliszu-tu-jest.html#S.embed_link-K.C-B.1-L.1.zw\" rel=\"dofollow\" data-bd-viewability=\"1\" data-bd-viewability-id=\"embed_link\" data-bd-viewability-href=\"https:\/\/kalisz.wyborcza.pl\/kalisz\/7,181359,27795429,swieto-niepodleglosci-wiec-nacjonalistow-w-kaliszu-tu-jest.html#S.embed_link-K.C-B.1-L.1.zw\">11 listopada 2021 r.<\/a>, kiedy pod ratuszem nacjonali\u015bci spalili Statut kaliski i nawo\u0142ywali do mordowania \u017byd\u00f3w, zdj\u0119cie Hili z Wojciechem Olsza\u0144skim umie\u015bci\u0142 fanpage\u00a0<a id=\"LinkArea:embed_link\" class=\"text--link \" style=\"color: #000080;\" title=\"kaliskich nacjonalist\u00f3w Prawa Strona Kalisza\" href=\"https:\/\/kalisz.wyborcza.pl\/kalisz\/7,181359,27787613,narodowcy-szykuja-sie-na-kalisz-pod-wodza-wojciecha-olszanskiego.html#S.embed_link-K.C-B.1-L.2.zw\" rel=\"dofollow\" data-bd-viewability=\"1\" data-bd-viewability-id=\"embed_link\" data-bd-viewability-href=\"https:\/\/kalisz.wyborcza.pl\/kalisz\/7,181359,27787613,narodowcy-szykuja-sie-na-kalisz-pod-wodza-wojciecha-olszanskiego.html#S.embed_link-K.C-B.1-L.2.zw\">kaliskich nacjonalist\u00f3w Prawa Strona Kalisza<\/a>. Sugerowali, \u017ce 11 listopada dojdzie do konfrontacji z dzia\u0142aczk\u0105 mniejszo\u015bci \u017cydowskiej. Olsza\u0144ski na swoich portalach wzywa\u0142 j\u0105 do debaty, kt\u00f3ra mia\u0142a mie\u0107 form\u0119 po\u0142ajanek z jego strony. Marcinkowska protestowa\u0142a przeciw wykorzystaniu jej wizerunku i sugerowaniu, \u017ce we\u017amie udzia\u0142 w dyspucie z tym skrajnym antysemit\u0105.\u00a0 \u00a0<\/span><\/p>\n<p class=\"text--paragraph\"><span style=\"color: #000080;\">Marcinkowska przyznaje, \u017ce po wybuchu wojny z Hamasem \u017bydzi w wielu miastach Europy nie czuj\u0105 si\u0119 bezpieczni. Cz\u0119sto podczas propalesty\u0144skich demonstracji dochodzi do akt\u00f3w antysemityzmu. Niszczone s\u0105 pomniki ku czci ofiar\u00a0Holokaustu i os\u00f3b ratuj\u0105cych \u017byd\u00f3w.\u00a0W Warszawie\u00a0<a id=\"LinkArea:embed_link\" class=\"text--link \" style=\"color: #000080;\" title=\"pr\u00f3bowano podpali\u0107 Synagog\u0119 No\u017cyk\u00f3w\" href=\"https:\/\/warszawa.wyborcza.pl\/warszawa\/7,54420,30938185,chlopak-zatrzymany-w-sprawie-proby-podpalenia-synagogi-bedzie.html#S.embed_link-K.C-B.1-L.3.zw\" rel=\"dofollow\" data-bd-viewability=\"1\" data-bd-viewability-id=\"embed_link\" data-bd-viewability-href=\"https:\/\/warszawa.wyborcza.pl\/warszawa\/7,54420,30938185,chlopak-zatrzymany-w-sprawie-proby-podpalenia-synagogi-bedzie.html#S.embed_link-K.C-B.1-L.3.zw\">pr\u00f3bowano podpali\u0107 Synagog\u0119 No\u017cyk\u00f3w<\/a>.<\/span><\/p>\n<p class=\"text--paragraph\"><span style=\"color: #000080;\">&#8211; Poinformowa\u0142am o wlepkach w Kaliszu ambasad\u0119 Izraela oraz na grupie spo\u0142eczno\u015bciowej gmin \u017cydowskich, gdzie mo\u017cna zg\u0142asza\u0107 przypadki antysemityzmu w Polsce &#8211; informuje Marcinkowska.<\/span><\/p>\n<p class=\"text--paragraph\"><span style=\"color: #000080;\">Pojawienie si\u0119 wlepek kojarzy z rozgrywanym w ten weekend meczem KKS Kalisz oraz kontrowersjami wok\u00f3\u0142 wyst\u0119pu\u00a0<a id=\"LinkArea:embed_link\" class=\"text--link \" style=\"color: #000080;\" title=\"Eden Golan na festiwalu Eurowizji\" href=\"https:\/\/wyborcza.pl\/7,113768,30955302,nie-chca-udzialu-izraela-w-eurowizji-protesty-przed-drugim.html#S.embed_link-K.C-B.1-L.4.zw\" rel=\"dofollow\" data-bd-viewability=\"1\" data-bd-viewability-id=\"embed_link\" data-bd-viewability-href=\"https:\/\/wyborcza.pl\/7,113768,30955302,nie-chca-udzialu-izraela-w-eurowizji-protesty-przed-drugim.html#S.embed_link-K.C-B.1-L.4.zw\">Eden Golan na festiwalu Eurowizji<\/a>. \u015arodowiska propalesty\u0144skie domaga\u0142y si\u0119 wykluczenia Izraela z konkursu. W Malm\u00f6 dosz\u0142o do protest\u00f3w &#8211; 10 tys. zwolennik\u00f3w Palestyny pr\u00f3bowa\u0142o wedrze\u0107 si\u0119 do wioski fan\u00f3w festiwalu. Zostali odepchni\u0119ci przez policj\u0119.\u00a0<\/span><\/p>\n<p class=\"text--paragraph\"><span style=\"color: #000080;\">&#8211;\u00a0W Malm\u00f6 mieszka ok. 3 tys. \u017byd\u00f3w. Wielu na czas festiwalu\u00a0<a id=\"LinkArea:embed_link\" class=\"text--link \" style=\"color: #000080;\" title=\"wyjecha\u0142o z miasta \" href=\"https:\/\/wyborcza.pl\/magazyn\/7,124059,30954962,znajoma-szwedka-wyjezdzam-z-malmo-nie-wiadomo-co-tu-sie-bedzie.html#S.embed_link-K.C-B.1-L.5.zw\" rel=\"dofollow\" data-bd-viewability=\"1\" data-bd-viewability-id=\"embed_link\" data-bd-viewability-href=\"https:\/\/wyborcza.pl\/magazyn\/7,124059,30954962,znajoma-szwedka-wyjezdzam-z-malmo-nie-wiadomo-co-tu-sie-bedzie.html#S.embed_link-K.C-B.1-L.5.zw\">wyjecha\u0142o z miasta\u00a0<\/a>&#8211; m\u00f3wi Marcinkowska.\u00a0Zwraca uwag\u0119, \u017ce pod ambasad\u0105 Izraela odby\u0142y si\u0119 protesty spo\u0142ecze\u0144stwa palesty\u0144skiego mieszkaj\u0105cego w Polsce, ale w Warszawie by\u0142 te\u017c marsz poparcia \u015brodowisk chrze\u015bcija\u0144skich dla Izraela.\u00a0\u00a0<\/span><\/p>\n<h4 class=\"text--title font-head-700\"><strong>Trudno b\u0119dzie ustali\u0107 sprawc\u00f3w<\/strong><\/h4>\n<p class=\"text--paragraph\"><span style=\"color: #000080;\">Zbigniew Judasz, pe\u0142nomocnik prezydenta Kalisza ds. mniejszo\u015bci po wybuchu wojny w Ukrainie, zajmowa\u0142 si\u0119 pomoc\u0105 w przerzucaniu ukrai\u0144skich \u017byd\u00f3w do Izraela. &#8211; Odbieram telefony z Izraela z pytaniami, co tam zn\u00f3w strasznego dzieje si\u0119 w Kaliszu. To wp\u0142ywa na opini\u0119 o\u00a0naszym wielokulturowym mie\u015bcie, przyjaznym dla innych &#8211; m\u00f3wi. &#8211;\u00a0Wykorzystywanie obecnego konfliktu w Gazie do atak\u00f3w personalnych i przypisywanie\u00a0odpowiedzialno\u015b\u0107 pani Marcinkowskiej za to, co robi izraelski rz\u0105d jest niedopuszczalne &#8211; dodaje.\u00a0Zwraca uwag\u0119, \u017ce tysi\u0105ce mieszka\u0144c\u00f3w Izraela protestuje przeciw polityce premiera Benjamina Netanjahu.\u00a0\u00a0<\/span><\/p>\n<p class=\"text--paragraph\"><span style=\"color: #000080;\">Maciej Antczak, kaliski radny zwi\u0105zany ze Stowarzyszeniem Koliber, kt\u00f3re wspiera Konfederacj\u0119, uwa\u017ca, \u017ce te wlepki s\u0105 &#8220;ironiczn\u0105 form\u0105 manifestacji&#8221;, ale nie pochwala ich tre\u015bci. Zastrzega, \u017ce nie stoi po \u017cadnej ze stron konfliktu palesty\u0144sko-izraelskiego, cho\u0107 rozumie krytyk\u00f3w, zar\u00f3wno Palestyny, jak i pa\u0144stwa Izrael. &#8211; Nie domaga\u0142bym si\u0119 przeprosin od Hili Marcinkowskiej. Zgodnie z fundamentami cywilizacji chrze\u015bcija\u0144skiej, w kt\u00f3rej funkcjonujemy, przeprasza si\u0119 za w\u0142asne grzechy, a nie za cudze &#8211; podkre\u015bla.<\/span><\/p>\n<p class=\"text--paragraph\"><span style=\"color: #000080;\">Agata Dybioch, rzeczniczka kaliskiej stra\u017cy miejskiej przyznaje, \u017ce\u00a0trudno b\u0119dzie ustali\u0107 sprawc\u00f3w. &#8211; Cz\u0119sto s\u0105 zakapturzeni i maj\u0105 zas\u0142oni\u0119te twarze, ale je\u015bli zauwa\u017cymy kogo\u015b, to podejmiemy dzia\u0142ania. Uprzedz\u0119 pracownik\u00f3w monitoringu, by zwr\u00f3cili na to uwag\u0119 &#8211; obiecuje.<\/span><\/p>\n<p class=\"text--paragraph\"><span style=\"color: #000080;\">Przypomina, \u017ce zabronione jest nalepianie czegokolwiek na znakach drogowych i s\u0142upach\u00a0o\u015bwietleniowych. &#8211; Takie wlepki pojawia\u0142y si\u0119 masowo podczas kampanii wyborczej.\u00a0Mamy problem z czyszczeniem tych s\u0142up\u00f3w i znak\u00f3w. To generuje du\u017ce koszty dla miasta &#8211; m\u00f3wi Dybioch. \u00a0<\/span><\/p>\n<h4 class=\"text--title font-head-700\"><strong>Dewastacje cmentarzy i niemoc policji<\/strong><\/h4>\n<p class=\"text--paragraph\"><span style=\"color: #000080;\">Rzeczniczka kaliskiej policji podkom. Anna Jaworska-Wojnicz zapewnia, \u017ce ta zajmie si\u0119 spraw\u0105 po otrzymaniu zg\u0142oszenia, a takie jeszcze nie wp\u0142yn\u0119\u0142o.\u00a0Marcinkowska na razie nie zg\u0142asza sprawy na policj\u0119, bo &#8211; jak m\u00f3wi &#8211; nie wierzy w jej sprawczo\u015b\u0107.\u00a0Do\u015bwiadczenie czerpie ze zg\u0142osze\u0144 w sprawie dewastacji cmentarza.<\/span><\/p>\n<p class=\"text--paragraph\"><span style=\"color: #000080;\">Marcinkowska od wielu lat bada i upowszechnia histori\u0119 kaliskich \u017byd\u00f3w. Organizuje spotkania, wyk\u0142ady, wycieczki po miejscach zwi\u0105zanych z \u017cydowsk\u0105 diaspor\u0105 w Kaliszu. By\u0142a inicjatork\u0105 utworzenia miejsca pami\u0119ci o kaliskich \u017bydach na Rozmarku (plac przed dawn\u0105 synagog\u0105). Jest te\u017c opiekunk\u0105 Cmentarza \u017bydowskiego przy ul. Podmiejskiej, gdzie\u00a0<a id=\"LinkArea:embed_link\" class=\"text--link \" style=\"color: #000080;\" title=\"dochodzi do dewastacji\" href=\"https:\/\/kalisz.wyborcza.pl\/kalisz\/7,181359,28097137,dewastacja-na-cmentarzu-zydowskim-w-kaliszu-policja-szuka-sprawcow.html#S.embed_link-K.C-B.1-L.6.zw\" rel=\"dofollow\" data-bd-viewability=\"1\" data-bd-viewability-id=\"embed_link\" data-bd-viewability-href=\"https:\/\/kalisz.wyborcza.pl\/kalisz\/7,181359,28097137,dewastacja-na-cmentarzu-zydowskim-w-kaliszu-policja-szuka-sprawcow.html#S.embed_link-K.C-B.1-L.6.zw\">dochodzi do dewastacji<\/a>.\u00a0<\/span><\/p>\n<p class=\"text--paragraph\"><span style=\"color: #000080;\">Opiekuje si\u0119 r\u00f3wnie\u017c dawn\u0105 nekropoli\u0105 przy ul. Nowy \u015awiat, kt\u00f3r\u0105\u00a0<a id=\"LinkArea:embed_link\" class=\"text--link \" style=\"color: #000080;\" title=\"dwa lata temu miasto zwr\u00f3ci\u0142o \" href=\"https:\/\/kalisz.wyborcza.pl\/kalisz\/7,181359,28467508,miasto-kalisz-zwraca-gminie-zydowskiej-stary-cmentarz-mieszkancy.html#S.embed_link-K.C-B.1-L.7.zw\" rel=\"dofollow\" data-bd-viewability=\"1\" data-bd-viewability-id=\"embed_link\" data-bd-viewability-href=\"https:\/\/kalisz.wyborcza.pl\/kalisz\/7,181359,28467508,miasto-kalisz-zwraca-gminie-zydowskiej-stary-cmentarz-mieszkancy.html#S.embed_link-K.C-B.1-L.7.zw\">dwa lata temu miasto zwr\u00f3ci\u0142o\u00a0<\/a>cz\u0119\u015bciowo Gminie \u017bydowskiej we Wroc\u0142awiu (pod ni\u0105\u00a0podlega Kalisz) i gdzie ma powsta\u0107 lapidarium. Na p\u0142ocie tego cmentarza w ostatnich wyborach do parlamentu kandydaci prawicy &#8211; m.in. Jan Mosi\u0144ski z PiS i Andrzej Ku\u015bwik z Konfederacji &#8211; wieszali swoje banery wyborcze bez zgody gminy \u017cydowskiej i miasta. Tam tak\u017ce dochodzi do dewastacji. Jak twierdzi Judasz, zrywane s\u0105 tabliczki informacyjne z ogrodzenia terenu, na kt\u00f3rym powstaje lapidarium.\u00a0<\/span><\/p>\n<p class=\"text--paragraph\"><span style=\"color: #000080;\">Marcinkowska utrzymuje \u0142\u0105czno\u015b\u0107 z kaliskimi \u017bydami i ich potomkami w Izraelu, kt\u00f3rzy dzia\u0142aj\u0105 w tamtejszym\u00a0<a id=\"LinkArea:embed_link\" class=\"text--link \" style=\"color: #000080;\" title=\"Zwi\u0105zku Kaliszan\" href=\"https:\/\/kalisz.wyborcza.pl\/kalisz\/7,181359,28487831,zjazd-zwiazku-kaliszan-w-izraelu-radosc-z-odzyskania-cmentarza.html#S.embed_link-K.C-B.1-L.8.zw\" rel=\"dofollow\" data-bd-viewability=\"1\" data-bd-viewability-id=\"embed_link\" data-bd-viewability-href=\"https:\/\/kalisz.wyborcza.pl\/kalisz\/7,181359,28487831,zjazd-zwiazku-kaliszan-w-izraelu-radosc-z-odzyskania-cmentarza.html#S.embed_link-K.C-B.1-L.8.zw\">Zwi\u0105zku Kaliszan<\/a>.<\/span><\/p>\n<hr \/>\n<p class=\"text--paragraph\"><span style=\"color: #808080;\"><i>Redagowa\u0142 <strong>Andrzej Tyczyno<\/strong><\/i><\/span><\/p>\n<hr style=\"height: 15px; background: #d0e6fa; width: 100%;\" \/>\n<div id=\"content\" class=\"content-alignment\">\n<div id=\"watch-description\" class=\"yt-uix-button-panel\">\n<div id=\"watch-description-text\" style=\"text-align: center;\">\n<p><em>Zawarto\u015b\u0107 publikowanych artyku\u0142\u00f3w i materia\u0142\u00f3w nie reprezentuje pogl\u0105d\u00f3w ani opinii Reunion&#8217;68,<\/em><em><br \/>\nani te\u017c webmastera Blogu Reunion&#8217;68, chyba ze jest to wyra\u017anie zaznaczone.<br \/>\nTwoje uwagi, linki, w\u0142asne artyku\u0142y lub wiadomo\u015bci prze\u015blij na adres:<br \/>\n<\/em><span style=\"color: #000080;\"><strong><em><a style=\"color: #000080;\" href=\"mailto:webmaster@reunion68.com\"><span style=\"text-decoration: underline;\">webmaster@reunion68.com<\/span><\/a><\/em><\/strong><\/span><\/p>\n<\/div>\n<\/div>\n<\/div>\n<hr style=\"width: 100%;\" \/>\n","protected":false},"excerpt":{"rendered":"<p>Hila przepro\u015b za rodak\u00f3w! Free Palestine!&#8217; &#8211; takie wlepki, atakuj\u0105ce kalisk\u0105 aktywistk\u0119 \u017cydowsk\u0105 pojawi\u0142y si\u0119 w miniony weekend w Kaliszu (fot. Marek Tworek) Nagonka narodowc\u00f3w na dzia\u0142aczk\u0119 gmin \u017cydowskich w Polsce. O hejcie powiadomi\u0142a ambasad\u0119 Janusz Jaros &#8220;Hila przepro\u015b za rodak\u00f3w! Free Palestine!&#8221; &#8211; takie wlepki atakuj\u0105ce aktywistk\u0119 \u017cydowsk\u0105 pojawi\u0142y si\u0119 w miniony weekend w [&hellip;]<\/p>\n","protected":false},"author":1,"featured_media":0,"comment_status":"closed","ping_status":"closed","sticky":false,"template":"","format":"standard","meta":[],"categories":[6],"tags":[26,24],"_links":{"self":[{"href":"https:\/\/www.reunion68.se\/index.php?rest_route=\/wp\/v2\/posts\/112909"}],"collection":[{"href":"https:\/\/www.reunion68.se\/index.php?rest_route=\/wp\/v2\/posts"}],"about":[{"href":"https:\/\/www.reunion68.se\/index.php?rest_route=\/wp\/v2\/types\/post"}],"author":[{"embeddable":true,"href":"https:\/\/www.reunion68.se\/index.php?rest_route=\/wp\/v2\/users\/1"}],"replies":[{"embeddable":true,"href":"https:\/\/www.reunion68.se\/index.php?rest_route=%2Fwp%2Fv2%2Fcomments&post=112909"}],"version-history":[{"count":6,"href":"https:\/\/www.reunion68.se\/index.php?rest_route=\/wp\/v2\/posts\/112909\/revisions"}],"predecessor-version":[{"id":112919,"href":"https:\/\/www.reunion68.se\/index.php?rest_route=\/wp\/v2\/posts\/112909\/revisions\/112919"}],"wp:attachment":[{"href":"https:\/\/www.reunion68.se\/index.php?rest_route=%2Fwp%2Fv2%2Fmedia&parent=112909"}],"wp:term":[{"taxonomy":"category","embeddable":true,"href":"https:\/\/www.reunion68.se\/index.php?rest_route=%2Fwp%2Fv2%2Fcategories&post=112909"},{"taxonomy":"post_tag","embeddable":true,"href":"https:\/\/www.reunion68.se\/index.php?rest_route=%2Fwp%2Fv2%2Ftags&post=112909"}],"curies":[{"name":"wp","href":"https:\/\/api.w.org\/{rel}","templated":true}]}}